{"id":16986,"date":"2021-01-21T11:33:18","date_gmt":"2021-01-21T10:33:18","guid":{"rendered":"https:\/\/news.save.ch\/?p=6595"},"modified":"2023-08-05T05:40:44","modified_gmt":"2023-08-05T03:40:44","slug":"gefaelschte-ffp2-masken-im-umlauf","status":null,"type":"post","link":"https:\/\/news.save.ch\/de\/gefaelschte-ffp2-masken-im-umlauf\/","title":{"rendered":"Gef\u00e4lschte FFP2-Masken im Umlauf"},"content":{"rendered":"<p>Die Nachfrage nach Schutzmasken ist ungebremst hoch. Leider sind auch vermehrt gef\u00e4lschte, respektive unbrauchbare Schutzmasken im Umlauf. Wie Swiss Safety in einer Mitteilung seine Mitglieder warnt, bestehe eine Gefahr, dass gef\u00e4lschte Zertifikate zur Anwendung gelangen. Waren es anfangs der Pandemie vor allem noch die KN-95-Masken, sind es mittlerweile vor allem die gefragten FFP2-Masken, die beispielsweise in Bayern schon an der Tagesordnung sind.<\/p>\n<p>Auch im Schweizer Markt sei inzwischen ein solches gef\u00e4lschtes Zertifikat aufgetaucht: Falsch ist beispielsweise die Auff\u00fchrung eines gewissen \u00abCertificate of Conformance\u00bb, das in dem gef\u00e4lschten G\u00fctesiegel auftaucht.<\/p>\n<figure id=\"attachment_6599\" aria-describedby=\"caption-attachment-6599\" style=\"width: 1400px\" class=\"wp-caption alignnone\"><a href=\"http:\/\/develop.safety-plus.ch\/wp-content\/uploads\/2021\/01\/FFP_falsch_richtig.jpg\" target=\"_blank\" rel=\"https:\/\/www.linkedin.com\/posts\/thomas-vierhaus-vth-fsa_ffp2-atemschutz-masken-activity-6750059297599696896-ksBB noopener\"><img loading=\"lazy\" decoding=\"async\" class=\"wp-image-6599 size-full\" src=\"https:\/\/news.save.ch\/wp-content\/uploads\/2018\/07\/Haenggi_Martin-01a-scaled-1-scaled.jpg\" alt=\"FFP2-Masken\" width=\"1400\" height=\"1400\" srcset=\"https:\/\/news.save.ch\/wp-content\/uploads\/2018\/07\/Haenggi_Martin-01a-scaled-1-scaled.jpg 1400w, https:\/\/news.save.ch\/wp-content\/uploads\/2018\/07\/Haenggi_Martin-01a-scaled-1-300x300.jpg 300w\" sizes=\"auto, (max-width: 1400px) 100vw, 1400px\" \/><\/a><figcaption id=\"caption-attachment-6599\" class=\"wp-caption-text\">Screenshot Linkedin (Thomas Vierhaus)<\/figcaption><\/figure>\n<p>Richtig w\u00e4re die korrekte Bezeichnung \u00ab<strong>EU Type Examination Certificate<\/strong>\u00bb.<\/p>\n<p>Swiss Safey r\u00e4t, beim Einkauf von FFP-Masken unbedingt die Zertifikate genau zu pr\u00fcfen und darauf zu achten, dass ein \u00abEU Type Examination Certificate\u00bb mit entsprechender Baumusterpr\u00fcfung gegeben ist.<\/p>\n<div class=\"mceTemp\"><\/div>\n","protected":false},"excerpt":{"rendered":"<p>Die Nachfrage nach Schutzmasken ist ungebremst hoch. Leider sind auch vermehrt gef\u00e4lschte, respektive unbrauchbare Schutzmasken im Umlauf. Wie Swiss Safety in einer Mitteilung seine Mitglieder warnt, bestehe eine Gefahr, dass gef\u00e4lschte Zertifikate zur Anwendung gelangen. Waren es anfangs der Pandemie vor allem noch die KN-95-Masken, sind es mittlerweile vor allem die gefragten FFP2-Masken, die beispielsweise [&hellip;]<\/p>\n","protected":false},"author":9,"featured_media":16412,"comment_status":"closed","ping_status":"closed","sticky":false,"template":"","format":"standard","meta":{"_acf_changed":false,"pgc_sgb_lightbox_settings":"","footnotes":""},"categories":[1,3314],"tags":[1692,5830,2060,2061,5090,5829,3052,5831],"class_list":["post-16986","post","type-post","status-publish","format-standard","has-post-thumbnail","hentry","category-allgemein","category-health-safety","tag-atemschutzmasken","tag-faelschungen","tag-ffp","tag-ffp2","tag-ffp2-masken","tag-schutzmasken","tag-swiss-safety","tag-zertifikate"],"acf":[],"hkrextid":null,"publication":null,"issue":null,"workflow":null,"startPage":null,"spitzmarke":null,"_posts_by_tag_page_fields":{"widget_title":"","widget_tags":""},"_at_widget":"1","_yoast_wpseo_primary_category":"1","_yoast_wpseo_focuskw_text_input":null,"_yoast_wpseo_opengraph-image":null,"_yoast_wpseo_opengraph-description":null,"_yoast_wpseo_opengraph-title":null,"enclosure":null,"_yoast_wpseo_twitter-title":null,"_yoast_wpseo_twitter-description":null,"_yoast_wpseo_twitter-image":null,"_wp_old_slug":null,"_yoast_wpseo_title":null,"_yoast_wpseo_canonical":null,"yoast_head":"<!-- This site is optimized with the Yoast SEO plugin v27.4 - https:\/\/yoast.com\/product\/yoast-seo-wordpress\/ -->\n<title>Gef\u00e4lschte FFP2-Masken im Umlauf - Save<\/title>\n<meta name=\"description\" content=\"Aufgrund der hohen Nachfrage nach Schutzmasken sind auch vermehrt rechtswidrige Zertifikate im Zusammenhang mit Schutzmasken im Umlauf. Waren anfangs noch F\u00e4lschungen zu KN-95-Masken verbreitet, sind mittlerweile insbesondere die FFP2-Masken betroffen.\" \/>\n<meta name=\"robots\" content=\"index, follow, max-snippet:-1, max-image-preview:large, max-video-preview:-1\" \/>\n<link rel=\"canonical\" href=\"https:\/\/news.save.ch\/de\/gefaelschte-ffp2-masken-im-umlauf\/\" \/>\n<meta property=\"og:locale\" content=\"de_DE\" \/>\n<meta property=\"og:type\" content=\"article\" \/>\n<meta property=\"og:title\" content=\"Gef\u00e4lschte FFP2-Masken im Umlauf - Save\" \/>\n<meta property=\"og:description\" content=\"Aufgrund der hohen Nachfrage nach Schutzmasken sind auch vermehrt rechtswidrige Zertifikate im Zusammenhang mit Schutzmasken im Umlauf. Waren anfangs noch F\u00e4lschungen zu KN-95-Masken verbreitet, sind mittlerweile insbesondere die FFP2-Masken betroffen.\" \/>\n<meta property=\"og:url\" content=\"https:\/\/news.save.ch\/de\/gefaelschte-ffp2-masken-im-umlauf\/\" \/>\n<meta property=\"og:site_name\" content=\"Save\" \/>\n<meta property=\"article:published_time\" content=\"2021-01-21T10:33:18+00:00\" \/>\n<meta property=\"article:modified_time\" content=\"2023-08-05T03:40:44+00:00\" \/>\n<meta property=\"og:image\" content=\"https:\/\/news.save.ch\/wp-content\/uploads\/2021\/01\/FFP_falsch_richtig.jpg\" \/>\n\t<meta property=\"og:image:width\" content=\"561\" \/>\n\t<meta property=\"og:image:height\" content=\"287\" \/>\n\t<meta property=\"og:image:type\" content=\"image\/jpeg\" \/>\n<meta name=\"author\" content=\"Simon Gr\u00f6flin\" \/>\n<meta name=\"twitter:card\" content=\"summary_large_image\" \/>\n<meta name=\"twitter:label1\" content=\"Geschrieben von\" \/>\n\t<meta name=\"twitter:data1\" content=\"Simon Gr\u00f6flin\" \/>\n\t<meta name=\"twitter:label2\" content=\"Gesch\u00e4tzte Lesezeit\" \/>\n\t<meta name=\"twitter:data2\" content=\"1\u00a0Minute\" \/>\n<script type=\"application\/ld+json\" class=\"yoast-schema-graph\">{\"@context\":\"https:\\\/\\\/schema.org\",\"@graph\":[{\"@type\":\"Article\",\"@id\":\"https:\\\/\\\/news.save.ch\\\/gefaelschte-ffp2-masken-im-umlauf\\\/#article\",\"isPartOf\":{\"@id\":\"https:\\\/\\\/news.save.ch\\\/gefaelschte-ffp2-masken-im-umlauf\\\/\"},\"author\":{\"name\":\"Simon Gr\u00f6flin\",\"@id\":\"https:\\\/\\\/news.save.ch\\\/de\\\/#\\\/schema\\\/person\\\/ad4ef21102fd6125312409ac57d5296d\"},\"headline\":\"Gef\u00e4lschte FFP2-Masken im Umlauf\",\"datePublished\":\"2021-01-21T10:33:18+00:00\",\"dateModified\":\"2023-08-05T03:40:44+00:00\",\"mainEntityOfPage\":{\"@id\":\"https:\\\/\\\/news.save.ch\\\/gefaelschte-ffp2-masken-im-umlauf\\\/\"},\"wordCount\":155,\"publisher\":{\"@id\":\"https:\\\/\\\/news.save.ch\\\/de\\\/#organization\"},\"image\":{\"@id\":\"https:\\\/\\\/news.save.ch\\\/gefaelschte-ffp2-masken-im-umlauf\\\/#primaryimage\"},\"thumbnailUrl\":\"https:\\\/\\\/news.save.ch\\\/wp-content\\\/uploads\\\/2021\\\/01\\\/FFP_falsch_richtig.jpg\",\"keywords\":[\"Atemschutzmasken\",\"F\u00e4lschungen\",\"FFP\",\"FFP2\",\"FFP2-Masken\",\"Schutzmasken\",\"Swiss Safety\",\"Zertifikate\"],\"articleSection\":[\"ALLGEMEIN\",\"HEALTH &amp; SAFETY\"],\"inLanguage\":\"de\"},{\"@type\":\"WebPage\",\"@id\":\"https:\\\/\\\/news.save.ch\\\/gefaelschte-ffp2-masken-im-umlauf\\\/\",\"url\":\"https:\\\/\\\/news.save.ch\\\/gefaelschte-ffp2-masken-im-umlauf\\\/\",\"name\":\"Gef\u00e4lschte FFP2-Masken im Umlauf - Save\",\"isPartOf\":{\"@id\":\"https:\\\/\\\/news.save.ch\\\/de\\\/#website\"},\"primaryImageOfPage\":{\"@id\":\"https:\\\/\\\/news.save.ch\\\/gefaelschte-ffp2-masken-im-umlauf\\\/#primaryimage\"},\"image\":{\"@id\":\"https:\\\/\\\/news.save.ch\\\/gefaelschte-ffp2-masken-im-umlauf\\\/#primaryimage\"},\"thumbnailUrl\":\"https:\\\/\\\/news.save.ch\\\/wp-content\\\/uploads\\\/2021\\\/01\\\/FFP_falsch_richtig.jpg\",\"datePublished\":\"2021-01-21T10:33:18+00:00\",\"dateModified\":\"2023-08-05T03:40:44+00:00\",\"description\":\"Aufgrund der hohen Nachfrage nach Schutzmasken sind auch vermehrt rechtswidrige Zertifikate im Zusammenhang mit Schutzmasken im Umlauf. Waren anfangs noch F\u00e4lschungen zu KN-95-Masken verbreitet, sind mittlerweile insbesondere die FFP2-Masken betroffen.\",\"breadcrumb\":{\"@id\":\"https:\\\/\\\/news.save.ch\\\/gefaelschte-ffp2-masken-im-umlauf\\\/#breadcrumb\"},\"inLanguage\":\"de\",\"potentialAction\":[{\"@type\":\"ReadAction\",\"target\":[\"https:\\\/\\\/news.save.ch\\\/gefaelschte-ffp2-masken-im-umlauf\\\/\"]}]},{\"@type\":\"ImageObject\",\"inLanguage\":\"de\",\"@id\":\"https:\\\/\\\/news.save.ch\\\/gefaelschte-ffp2-masken-im-umlauf\\\/#primaryimage\",\"url\":\"https:\\\/\\\/news.save.ch\\\/wp-content\\\/uploads\\\/2021\\\/01\\\/FFP_falsch_richtig.jpg\",\"contentUrl\":\"https:\\\/\\\/news.save.ch\\\/wp-content\\\/uploads\\\/2021\\\/01\\\/FFP_falsch_richtig.jpg\",\"width\":561,\"height\":287},{\"@type\":\"BreadcrumbList\",\"@id\":\"https:\\\/\\\/news.save.ch\\\/gefaelschte-ffp2-masken-im-umlauf\\\/#breadcrumb\",\"itemListElement\":[{\"@type\":\"ListItem\",\"position\":1,\"name\":\"Home\",\"item\":\"https:\\\/\\\/news.save.ch\\\/de\\\/\"},{\"@type\":\"ListItem\",\"position\":2,\"name\":\"Gef\u00e4lschte FFP2-Masken im Umlauf\"}]},{\"@type\":\"WebSite\",\"@id\":\"https:\\\/\\\/news.save.ch\\\/de\\\/#website\",\"url\":\"https:\\\/\\\/news.save.ch\\\/de\\\/\",\"name\":\"Save\",\"description\":\"Schweizer Fachzeitschrift f\u00fcr Sicherheit\",\"publisher\":{\"@id\":\"https:\\\/\\\/news.save.ch\\\/de\\\/#organization\"},\"potentialAction\":[{\"@type\":\"SearchAction\",\"target\":{\"@type\":\"EntryPoint\",\"urlTemplate\":\"https:\\\/\\\/news.save.ch\\\/de\\\/?s={search_term_string}\"},\"query-input\":{\"@type\":\"PropertyValueSpecification\",\"valueRequired\":true,\"valueName\":\"search_term_string\"}}],\"inLanguage\":\"de\"},{\"@type\":\"Organization\",\"@id\":\"https:\\\/\\\/news.save.ch\\\/de\\\/#organization\",\"name\":\"Sicherheitsforum\",\"url\":\"https:\\\/\\\/news.save.ch\\\/de\\\/\",\"logo\":{\"@type\":\"ImageObject\",\"inLanguage\":\"de\",\"@id\":\"https:\\\/\\\/news.save.ch\\\/de\\\/#\\\/schema\\\/logo\\\/image\\\/\",\"url\":\"https:\\\/\\\/news.save.ch\\\/wp-content\\\/uploads\\\/2022\\\/06\\\/Logo_SF_2012.png\",\"contentUrl\":\"https:\\\/\\\/news.save.ch\\\/wp-content\\\/uploads\\\/2022\\\/06\\\/Logo_SF_2012.png\",\"width\":1100,\"height\":91,\"caption\":\"Sicherheitsforum\"},\"image\":{\"@id\":\"https:\\\/\\\/news.save.ch\\\/de\\\/#\\\/schema\\\/logo\\\/image\\\/\"}},{\"@type\":\"Person\",\"@id\":\"https:\\\/\\\/news.save.ch\\\/de\\\/#\\\/schema\\\/person\\\/ad4ef21102fd6125312409ac57d5296d\",\"name\":\"Simon Gr\u00f6flin\",\"image\":{\"@type\":\"ImageObject\",\"inLanguage\":\"de\",\"@id\":\"https:\\\/\\\/secure.gravatar.com\\\/avatar\\\/6ddceb80eb734354635539e0ea5140bb7c41e42de7c45c9a2ab9921b5d5c9a83?s=96&d=mm&r=g\",\"url\":\"https:\\\/\\\/secure.gravatar.com\\\/avatar\\\/6ddceb80eb734354635539e0ea5140bb7c41e42de7c45c9a2ab9921b5d5c9a83?s=96&d=mm&r=g\",\"contentUrl\":\"https:\\\/\\\/secure.gravatar.com\\\/avatar\\\/6ddceb80eb734354635539e0ea5140bb7c41e42de7c45c9a2ab9921b5d5c9a83?s=96&d=mm&r=g\",\"caption\":\"Simon Gr\u00f6flin\"},\"url\":\"https:\\\/\\\/news.save.ch\\\/de\\\/author\\\/simon-groeflin\\\/\"}]}<\/script>\n<!-- \/ Yoast SEO plugin. -->","yoast_head_json":{"title":"Gef\u00e4lschte FFP2-Masken im Umlauf - Save","description":"Aufgrund der hohen Nachfrage nach Schutzmasken sind auch vermehrt rechtswidrige Zertifikate im Zusammenhang mit Schutzmasken im Umlauf. Waren anfangs noch F\u00e4lschungen zu KN-95-Masken verbreitet, sind mittlerweile insbesondere die FFP2-Masken betroffen.","robots":{"index":"index","follow":"follow","max-snippet":"max-snippet:-1","max-image-preview":"max-image-preview:large","max-video-preview":"max-video-preview:-1"},"canonical":"https:\/\/news.save.ch\/de\/gefaelschte-ffp2-masken-im-umlauf\/","og_locale":"de_DE","og_type":"article","og_title":"Gef\u00e4lschte FFP2-Masken im Umlauf - Save","og_description":"Aufgrund der hohen Nachfrage nach Schutzmasken sind auch vermehrt rechtswidrige Zertifikate im Zusammenhang mit Schutzmasken im Umlauf. Waren anfangs noch F\u00e4lschungen zu KN-95-Masken verbreitet, sind mittlerweile insbesondere die FFP2-Masken betroffen.","og_url":"https:\/\/news.save.ch\/de\/gefaelschte-ffp2-masken-im-umlauf\/","og_site_name":"Save","article_published_time":"2021-01-21T10:33:18+00:00","article_modified_time":"2023-08-05T03:40:44+00:00","og_image":[{"width":561,"height":287,"url":"https:\/\/news.save.ch\/wp-content\/uploads\/2021\/01\/FFP_falsch_richtig.jpg","type":"image\/jpeg"}],"author":"Simon Gr\u00f6flin","twitter_card":"summary_large_image","twitter_misc":{"Geschrieben von":"Simon Gr\u00f6flin","Gesch\u00e4tzte Lesezeit":"1\u00a0Minute"},"schema":{"@context":"https:\/\/schema.org","@graph":[{"@type":"Article","@id":"https:\/\/news.save.ch\/gefaelschte-ffp2-masken-im-umlauf\/#article","isPartOf":{"@id":"https:\/\/news.save.ch\/gefaelschte-ffp2-masken-im-umlauf\/"},"author":{"name":"Simon Gr\u00f6flin","@id":"https:\/\/news.save.ch\/de\/#\/schema\/person\/ad4ef21102fd6125312409ac57d5296d"},"headline":"Gef\u00e4lschte FFP2-Masken im Umlauf","datePublished":"2021-01-21T10:33:18+00:00","dateModified":"2023-08-05T03:40:44+00:00","mainEntityOfPage":{"@id":"https:\/\/news.save.ch\/gefaelschte-ffp2-masken-im-umlauf\/"},"wordCount":155,"publisher":{"@id":"https:\/\/news.save.ch\/de\/#organization"},"image":{"@id":"https:\/\/news.save.ch\/gefaelschte-ffp2-masken-im-umlauf\/#primaryimage"},"thumbnailUrl":"https:\/\/news.save.ch\/wp-content\/uploads\/2021\/01\/FFP_falsch_richtig.jpg","keywords":["Atemschutzmasken","F\u00e4lschungen","FFP","FFP2","FFP2-Masken","Schutzmasken","Swiss Safety","Zertifikate"],"articleSection":["ALLGEMEIN","HEALTH &amp; SAFETY"],"inLanguage":"de"},{"@type":"WebPage","@id":"https:\/\/news.save.ch\/gefaelschte-ffp2-masken-im-umlauf\/","url":"https:\/\/news.save.ch\/gefaelschte-ffp2-masken-im-umlauf\/","name":"Gef\u00e4lschte FFP2-Masken im Umlauf - Save","isPartOf":{"@id":"https:\/\/news.save.ch\/de\/#website"},"primaryImageOfPage":{"@id":"https:\/\/news.save.ch\/gefaelschte-ffp2-masken-im-umlauf\/#primaryimage"},"image":{"@id":"https:\/\/news.save.ch\/gefaelschte-ffp2-masken-im-umlauf\/#primaryimage"},"thumbnailUrl":"https:\/\/news.save.ch\/wp-content\/uploads\/2021\/01\/FFP_falsch_richtig.jpg","datePublished":"2021-01-21T10:33:18+00:00","dateModified":"2023-08-05T03:40:44+00:00","description":"Aufgrund der hohen Nachfrage nach Schutzmasken sind auch vermehrt rechtswidrige Zertifikate im Zusammenhang mit Schutzmasken im Umlauf. Waren anfangs noch F\u00e4lschungen zu KN-95-Masken verbreitet, sind mittlerweile insbesondere die FFP2-Masken betroffen.","breadcrumb":{"@id":"https:\/\/news.save.ch\/gefaelschte-ffp2-masken-im-umlauf\/#breadcrumb"},"inLanguage":"de","potentialAction":[{"@type":"ReadAction","target":["https:\/\/news.save.ch\/gefaelschte-ffp2-masken-im-umlauf\/"]}]},{"@type":"ImageObject","inLanguage":"de","@id":"https:\/\/news.save.ch\/gefaelschte-ffp2-masken-im-umlauf\/#primaryimage","url":"https:\/\/news.save.ch\/wp-content\/uploads\/2021\/01\/FFP_falsch_richtig.jpg","contentUrl":"https:\/\/news.save.ch\/wp-content\/uploads\/2021\/01\/FFP_falsch_richtig.jpg","width":561,"height":287},{"@type":"BreadcrumbList","@id":"https:\/\/news.save.ch\/gefaelschte-ffp2-masken-im-umlauf\/#breadcrumb","itemListElement":[{"@type":"ListItem","position":1,"name":"Home","item":"https:\/\/news.save.ch\/de\/"},{"@type":"ListItem","position":2,"name":"Gef\u00e4lschte FFP2-Masken im Umlauf"}]},{"@type":"WebSite","@id":"https:\/\/news.save.ch\/de\/#website","url":"https:\/\/news.save.ch\/de\/","name":"Save","description":"Schweizer Fachzeitschrift f\u00fcr Sicherheit","publisher":{"@id":"https:\/\/news.save.ch\/de\/#organization"},"potentialAction":[{"@type":"SearchAction","target":{"@type":"EntryPoint","urlTemplate":"https:\/\/news.save.ch\/de\/?s={search_term_string}"},"query-input":{"@type":"PropertyValueSpecification","valueRequired":true,"valueName":"search_term_string"}}],"inLanguage":"de"},{"@type":"Organization","@id":"https:\/\/news.save.ch\/de\/#organization","name":"Sicherheitsforum","url":"https:\/\/news.save.ch\/de\/","logo":{"@type":"ImageObject","inLanguage":"de","@id":"https:\/\/news.save.ch\/de\/#\/schema\/logo\/image\/","url":"https:\/\/news.save.ch\/wp-content\/uploads\/2022\/06\/Logo_SF_2012.png","contentUrl":"https:\/\/news.save.ch\/wp-content\/uploads\/2022\/06\/Logo_SF_2012.png","width":1100,"height":91,"caption":"Sicherheitsforum"},"image":{"@id":"https:\/\/news.save.ch\/de\/#\/schema\/logo\/image\/"}},{"@type":"Person","@id":"https:\/\/news.save.ch\/de\/#\/schema\/person\/ad4ef21102fd6125312409ac57d5296d","name":"Simon Gr\u00f6flin","image":{"@type":"ImageObject","inLanguage":"de","@id":"https:\/\/secure.gravatar.com\/avatar\/6ddceb80eb734354635539e0ea5140bb7c41e42de7c45c9a2ab9921b5d5c9a83?s=96&d=mm&r=g","url":"https:\/\/secure.gravatar.com\/avatar\/6ddceb80eb734354635539e0ea5140bb7c41e42de7c45c9a2ab9921b5d5c9a83?s=96&d=mm&r=g","contentUrl":"https:\/\/secure.gravatar.com\/avatar\/6ddceb80eb734354635539e0ea5140bb7c41e42de7c45c9a2ab9921b5d5c9a83?s=96&d=mm&r=g","caption":"Simon Gr\u00f6flin"},"url":"https:\/\/news.save.ch\/de\/author\/simon-groeflin\/"}]}},"_links":{"self":[{"href":"https:\/\/news.save.ch\/de\/wp-json\/wp\/v2\/posts\/16986","targetHints":{"allow":["GET"]}}],"collection":[{"href":"https:\/\/news.save.ch\/de\/wp-json\/wp\/v2\/posts"}],"about":[{"href":"https:\/\/news.save.ch\/de\/wp-json\/wp\/v2\/types\/post"}],"author":[{"embeddable":true,"href":"https:\/\/news.save.ch\/de\/wp-json\/wp\/v2\/users\/9"}],"replies":[{"embeddable":true,"href":"https:\/\/news.save.ch\/de\/wp-json\/wp\/v2\/comments?post=16986"}],"version-history":[{"count":4,"href":"https:\/\/news.save.ch\/de\/wp-json\/wp\/v2\/posts\/16986\/revisions"}],"predecessor-version":[{"id":21534,"href":"https:\/\/news.save.ch\/de\/wp-json\/wp\/v2\/posts\/16986\/revisions\/21534"}],"wp:featuredmedia":[{"embeddable":true,"href":"https:\/\/news.save.ch\/de\/wp-json\/wp\/v2\/media\/16412"}],"wp:attachment":[{"href":"https:\/\/news.save.ch\/de\/wp-json\/wp\/v2\/media?parent=16986"}],"wp:term":[{"taxonomy":"category","embeddable":true,"href":"https:\/\/news.save.ch\/de\/wp-json\/wp\/v2\/categories?post=16986"},{"taxonomy":"post_tag","embeddable":true,"href":"https:\/\/news.save.ch\/de\/wp-json\/wp\/v2\/tags?post=16986"}],"curies":[{"name":"wp","href":"https:\/\/api.w.org\/{rel}","templated":true}]}}