{"id":16995,"date":"2021-03-09T08:08:33","date_gmt":"2021-03-09T07:08:33","guid":{"rendered":"https:\/\/news.save.ch\/?p=6897"},"modified":"2023-08-09T01:57:50","modified_gmt":"2023-08-08T23:57:50","slug":"rekord-bei-der-photovoltaik","status":null,"type":"post","link":"https:\/\/news.save.ch\/de\/rekord-bei-der-photovoltaik\/","title":{"rendered":"Rekord bei der Photovoltaik"},"content":{"rendered":"<figure id=\"attachment_6898\" aria-describedby=\"caption-attachment-6898\" style=\"width: 680px\" class=\"wp-caption alignnone\"><img loading=\"lazy\" decoding=\"async\" class=\"wp-image-6898 size-medium\" src=\"https:\/\/news.save.ch\/wp-content\/uploads\/2021\/03\/Photovoltaik_teaser-680x453.jpg\" alt=\"Photovoltaik\" width=\"680\" height=\"453\" srcset=\"https:\/\/news.save.ch\/wp-content\/uploads\/2021\/03\/Photovoltaik_teaser-680x453.jpg 680w, https:\/\/news.save.ch\/wp-content\/uploads\/2021\/03\/Photovoltaik_teaser-768x512.jpg 768w, https:\/\/news.save.ch\/wp-content\/uploads\/2021\/03\/Photovoltaik_teaser-18x12.jpg 18w, https:\/\/news.save.ch\/wp-content\/uploads\/2021\/03\/Photovoltaik_teaser-375x250.jpg 375w, https:\/\/news.save.ch\/wp-content\/uploads\/2021\/03\/Photovoltaik_teaser-525x350.jpg 525w, https:\/\/news.save.ch\/wp-content\/uploads\/2021\/03\/Photovoltaik_teaser.jpg 960w\" sizes=\"auto, (max-width: 680px) 100vw, 680px\" \/><figcaption id=\"caption-attachment-6898\" class=\"wp-caption-text\">Pixabay<\/figcaption><\/figure>\n<p>Gegen\u00fcber dem Vorjahr habe das Wachstum bei mindestens 30 Prozent gelegen, wie Swissolar, der Fachverband der Sonnenenergie,\u00a0<a href=\"https:\/\/www.swissolar.ch\/services\/medien\/news\/detail\/n-n\/rekordzubau-bei-der-schweizer-photovoltaik-2020\/\" target=\"_blank\" rel=\"noopener\">mitteilt<\/a>. Die offiziellen Zahlen liegen erst im Juli vor. Laut Verband ist die k\u00fcrzere Wartefrist bei der Einmalverg\u00fctung hauptverantwortlich f\u00fcr den Anstieg. Hinzu komme die 2019 st\u00e4rker ins Zentrum ger\u00fcckte Klimakrise sowie 2020 pandemiebedingt mehr Zeit und freies Kapital f\u00fcr Bauvorhaben und ein gr\u00f6sserer Wunsch nach Autarkie.<\/p>\n<p>Um die klima- und energiepolitischen Ziele der Schweiz zu f\u00f6rdern, m\u00fcsse der Zubau in den n\u00e4chsten Jahren aber um Faktor 4 gesteigert werden, so Swissolar. \u00a0Es brauche deshalb politische Massnahmen. Der Solarenergie-Verband verlangt unter anderem eine st\u00e4rkere F\u00f6rderung von Anlagen ohne Eigenverbrauch, zum Beispiel auf D\u00e4chern von St\u00e4llen oder Lagerh\u00e4usern. Auch sollen H\u00fcrden beim Bau vom Freifl\u00e4chenanlagen abgebaut werden.<\/p>\n<p><em>Quelle: LID<\/em><\/p>\n<p>&nbsp;<\/p>\n","protected":false},"excerpt":{"rendered":"<p>Gegen\u00fcber dem Vorjahr habe das Wachstum bei mindestens 30 Prozent gelegen, wie Swissolar, der Fachverband der Sonnenenergie,\u00a0mitteilt. Die offiziellen Zahlen liegen erst im Juli vor. Laut Verband ist die k\u00fcrzere Wartefrist bei der Einmalverg\u00fctung hauptverantwortlich f\u00fcr den Anstieg. Hinzu komme die 2019 st\u00e4rker ins Zentrum ger\u00fcckte Klimakrise sowie 2020 pandemiebedingt mehr Zeit und freies Kapital [&hellip;]<\/p>\n","protected":false},"author":9,"featured_media":6898,"comment_status":"closed","ping_status":"closed","sticky":false,"template":"","format":"standard","meta":{"_acf_changed":false,"pgc_sgb_lightbox_settings":"","footnotes":""},"categories":[1],"tags":[5700,5698,5699,2690,5697,608],"class_list":["post-16995","post","type-post","status-publish","format-standard","has-post-thumbnail","hentry","category-allgemein","tag-autarkie","tag-einmalverguetung","tag-klimakrise","tag-photovoltaik","tag-sonnenenergie","tag-swissolar"],"acf":[],"hkrextid":null,"publication":null,"issue":null,"workflow":null,"startPage":null,"spitzmarke":null,"_posts_by_tag_page_fields":{"widget_title":"","widget_tags":""},"_at_widget":"1","_yoast_wpseo_primary_category":"1","_yoast_wpseo_focuskw_text_input":null,"_yoast_wpseo_opengraph-image":null,"_yoast_wpseo_opengraph-description":null,"_yoast_wpseo_opengraph-title":null,"enclosure":null,"_yoast_wpseo_twitter-title":null,"_yoast_wpseo_twitter-description":null,"_yoast_wpseo_twitter-image":null,"_wp_old_slug":null,"_yoast_wpseo_title":null,"_yoast_wpseo_canonical":null,"yoast_head":"<!-- This site is optimized with the Yoast SEO plugin v27.5 - https:\/\/yoast.com\/product\/yoast-seo-wordpress\/ -->\n<title>Rekord bei der Photovoltaik - Save<\/title>\n<meta name=\"description\" content=\"Letztes Jahr ist es zu einem Rekordzubau von Photovoltaik-Anlagen in der Schweiz gekommen. Es brauche aber viermal so viel, sagt Swissolar.\" \/>\n<meta name=\"robots\" content=\"index, follow, max-snippet:-1, max-image-preview:large, max-video-preview:-1\" \/>\n<link rel=\"canonical\" href=\"https:\/\/news.save.ch\/de\/rekord-bei-der-photovoltaik\/\" \/>\n<meta property=\"og:locale\" content=\"de_DE\" \/>\n<meta property=\"og:type\" content=\"article\" \/>\n<meta property=\"og:title\" content=\"Rekord bei der Photovoltaik - Save\" \/>\n<meta property=\"og:description\" content=\"Letztes Jahr ist es zu einem Rekordzubau von Photovoltaik-Anlagen in der Schweiz gekommen. Es brauche aber viermal so viel, sagt Swissolar.\" \/>\n<meta property=\"og:url\" content=\"https:\/\/news.save.ch\/de\/rekord-bei-der-photovoltaik\/\" \/>\n<meta property=\"og:site_name\" content=\"Save\" \/>\n<meta property=\"article:published_time\" content=\"2021-03-09T07:08:33+00:00\" \/>\n<meta property=\"article:modified_time\" content=\"2023-08-08T23:57:50+00:00\" \/>\n<meta property=\"og:image\" content=\"https:\/\/news.save.ch\/wp-content\/uploads\/2021\/03\/Photovoltaik_teaser.jpg\" \/>\n\t<meta property=\"og:image:width\" content=\"960\" \/>\n\t<meta property=\"og:image:height\" content=\"640\" \/>\n\t<meta property=\"og:image:type\" content=\"image\/jpeg\" \/>\n<meta name=\"author\" content=\"Simon Gr\u00f6flin\" \/>\n<meta name=\"twitter:card\" content=\"summary_large_image\" \/>\n<meta name=\"twitter:label1\" content=\"Geschrieben von\" \/>\n\t<meta name=\"twitter:data1\" content=\"Simon Gr\u00f6flin\" \/>\n\t<meta name=\"twitter:label2\" content=\"Gesch\u00e4tzte Lesezeit\" \/>\n\t<meta name=\"twitter:data2\" content=\"1\u00a0Minute\" \/>\n<script type=\"application\/ld+json\" class=\"yoast-schema-graph\">{\"@context\":\"https:\\\/\\\/schema.org\",\"@graph\":[{\"@type\":\"Article\",\"@id\":\"https:\\\/\\\/news.save.ch\\\/rekord-bei-der-photovoltaik\\\/#article\",\"isPartOf\":{\"@id\":\"https:\\\/\\\/news.save.ch\\\/rekord-bei-der-photovoltaik\\\/\"},\"author\":{\"name\":\"Simon Gr\u00f6flin\",\"@id\":\"https:\\\/\\\/news.save.ch\\\/de\\\/#\\\/schema\\\/person\\\/ad4ef21102fd6125312409ac57d5296d\"},\"headline\":\"Rekord bei der Photovoltaik\",\"datePublished\":\"2021-03-09T07:08:33+00:00\",\"dateModified\":\"2023-08-08T23:57:50+00:00\",\"mainEntityOfPage\":{\"@id\":\"https:\\\/\\\/news.save.ch\\\/rekord-bei-der-photovoltaik\\\/\"},\"wordCount\":152,\"publisher\":{\"@id\":\"https:\\\/\\\/news.save.ch\\\/de\\\/#organization\"},\"image\":{\"@id\":\"https:\\\/\\\/news.save.ch\\\/rekord-bei-der-photovoltaik\\\/#primaryimage\"},\"thumbnailUrl\":\"https:\\\/\\\/news.save.ch\\\/wp-content\\\/uploads\\\/2021\\\/03\\\/Photovoltaik_teaser.jpg\",\"keywords\":[\"Autarkie\",\"Einmalverg\u00fctung\",\"Klimakrise\",\"Photovoltaik\",\"Sonnenenergie\",\"Swissolar\"],\"articleSection\":[\"ALLGEMEIN\"],\"inLanguage\":\"de\"},{\"@type\":\"WebPage\",\"@id\":\"https:\\\/\\\/news.save.ch\\\/rekord-bei-der-photovoltaik\\\/\",\"url\":\"https:\\\/\\\/news.save.ch\\\/rekord-bei-der-photovoltaik\\\/\",\"name\":\"Rekord bei der Photovoltaik - Save\",\"isPartOf\":{\"@id\":\"https:\\\/\\\/news.save.ch\\\/de\\\/#website\"},\"primaryImageOfPage\":{\"@id\":\"https:\\\/\\\/news.save.ch\\\/rekord-bei-der-photovoltaik\\\/#primaryimage\"},\"image\":{\"@id\":\"https:\\\/\\\/news.save.ch\\\/rekord-bei-der-photovoltaik\\\/#primaryimage\"},\"thumbnailUrl\":\"https:\\\/\\\/news.save.ch\\\/wp-content\\\/uploads\\\/2021\\\/03\\\/Photovoltaik_teaser.jpg\",\"datePublished\":\"2021-03-09T07:08:33+00:00\",\"dateModified\":\"2023-08-08T23:57:50+00:00\",\"description\":\"Letztes Jahr ist es zu einem Rekordzubau von Photovoltaik-Anlagen in der Schweiz gekommen. Es brauche aber viermal so viel, sagt Swissolar.\",\"breadcrumb\":{\"@id\":\"https:\\\/\\\/news.save.ch\\\/rekord-bei-der-photovoltaik\\\/#breadcrumb\"},\"inLanguage\":\"de\",\"potentialAction\":[{\"@type\":\"ReadAction\",\"target\":[\"https:\\\/\\\/news.save.ch\\\/rekord-bei-der-photovoltaik\\\/\"]}]},{\"@type\":\"ImageObject\",\"inLanguage\":\"de\",\"@id\":\"https:\\\/\\\/news.save.ch\\\/rekord-bei-der-photovoltaik\\\/#primaryimage\",\"url\":\"https:\\\/\\\/news.save.ch\\\/wp-content\\\/uploads\\\/2021\\\/03\\\/Photovoltaik_teaser.jpg\",\"contentUrl\":\"https:\\\/\\\/news.save.ch\\\/wp-content\\\/uploads\\\/2021\\\/03\\\/Photovoltaik_teaser.jpg\",\"width\":960,\"height\":640,\"caption\":\"Pixabay\"},{\"@type\":\"BreadcrumbList\",\"@id\":\"https:\\\/\\\/news.save.ch\\\/rekord-bei-der-photovoltaik\\\/#breadcrumb\",\"itemListElement\":[{\"@type\":\"ListItem\",\"position\":1,\"name\":\"Home\",\"item\":\"https:\\\/\\\/news.save.ch\\\/de\\\/\"},{\"@type\":\"ListItem\",\"position\":2,\"name\":\"Rekord bei der Photovoltaik\"}]},{\"@type\":\"WebSite\",\"@id\":\"https:\\\/\\\/news.save.ch\\\/de\\\/#website\",\"url\":\"https:\\\/\\\/news.save.ch\\\/de\\\/\",\"name\":\"Save\",\"description\":\"Schweizer Fachzeitschrift f\u00fcr Sicherheit\",\"publisher\":{\"@id\":\"https:\\\/\\\/news.save.ch\\\/de\\\/#organization\"},\"potentialAction\":[{\"@type\":\"SearchAction\",\"target\":{\"@type\":\"EntryPoint\",\"urlTemplate\":\"https:\\\/\\\/news.save.ch\\\/de\\\/?s={search_term_string}\"},\"query-input\":{\"@type\":\"PropertyValueSpecification\",\"valueRequired\":true,\"valueName\":\"search_term_string\"}}],\"inLanguage\":\"de\"},{\"@type\":\"Organization\",\"@id\":\"https:\\\/\\\/news.save.ch\\\/de\\\/#organization\",\"name\":\"Sicherheitsforum\",\"url\":\"https:\\\/\\\/news.save.ch\\\/de\\\/\",\"logo\":{\"@type\":\"ImageObject\",\"inLanguage\":\"de\",\"@id\":\"https:\\\/\\\/news.save.ch\\\/de\\\/#\\\/schema\\\/logo\\\/image\\\/\",\"url\":\"https:\\\/\\\/news.save.ch\\\/wp-content\\\/uploads\\\/2022\\\/06\\\/Logo_SF_2012.png\",\"contentUrl\":\"https:\\\/\\\/news.save.ch\\\/wp-content\\\/uploads\\\/2022\\\/06\\\/Logo_SF_2012.png\",\"width\":1100,\"height\":91,\"caption\":\"Sicherheitsforum\"},\"image\":{\"@id\":\"https:\\\/\\\/news.save.ch\\\/de\\\/#\\\/schema\\\/logo\\\/image\\\/\"}},{\"@type\":\"Person\",\"@id\":\"https:\\\/\\\/news.save.ch\\\/de\\\/#\\\/schema\\\/person\\\/ad4ef21102fd6125312409ac57d5296d\",\"name\":\"Simon Gr\u00f6flin\",\"image\":{\"@type\":\"ImageObject\",\"inLanguage\":\"de\",\"@id\":\"https:\\\/\\\/secure.gravatar.com\\\/avatar\\\/6ddceb80eb734354635539e0ea5140bb7c41e42de7c45c9a2ab9921b5d5c9a83?s=96&d=mm&r=g\",\"url\":\"https:\\\/\\\/secure.gravatar.com\\\/avatar\\\/6ddceb80eb734354635539e0ea5140bb7c41e42de7c45c9a2ab9921b5d5c9a83?s=96&d=mm&r=g\",\"contentUrl\":\"https:\\\/\\\/secure.gravatar.com\\\/avatar\\\/6ddceb80eb734354635539e0ea5140bb7c41e42de7c45c9a2ab9921b5d5c9a83?s=96&d=mm&r=g\",\"caption\":\"Simon Gr\u00f6flin\"},\"url\":\"https:\\\/\\\/news.save.ch\\\/de\\\/author\\\/simon-groeflin\\\/\"}]}<\/script>\n<!-- \/ Yoast SEO plugin. -->","yoast_head_json":{"title":"Rekord bei der Photovoltaik - Save","description":"Letztes Jahr ist es zu einem Rekordzubau von Photovoltaik-Anlagen in der Schweiz gekommen. Es brauche aber viermal so viel, sagt Swissolar.","robots":{"index":"index","follow":"follow","max-snippet":"max-snippet:-1","max-image-preview":"max-image-preview:large","max-video-preview":"max-video-preview:-1"},"canonical":"https:\/\/news.save.ch\/de\/rekord-bei-der-photovoltaik\/","og_locale":"de_DE","og_type":"article","og_title":"Rekord bei der Photovoltaik - Save","og_description":"Letztes Jahr ist es zu einem Rekordzubau von Photovoltaik-Anlagen in der Schweiz gekommen. Es brauche aber viermal so viel, sagt Swissolar.","og_url":"https:\/\/news.save.ch\/de\/rekord-bei-der-photovoltaik\/","og_site_name":"Save","article_published_time":"2021-03-09T07:08:33+00:00","article_modified_time":"2023-08-08T23:57:50+00:00","og_image":[{"width":960,"height":640,"url":"https:\/\/news.save.ch\/wp-content\/uploads\/2021\/03\/Photovoltaik_teaser.jpg","type":"image\/jpeg"}],"author":"Simon Gr\u00f6flin","twitter_card":"summary_large_image","twitter_misc":{"Geschrieben von":"Simon Gr\u00f6flin","Gesch\u00e4tzte Lesezeit":"1\u00a0Minute"},"schema":{"@context":"https:\/\/schema.org","@graph":[{"@type":"Article","@id":"https:\/\/news.save.ch\/rekord-bei-der-photovoltaik\/#article","isPartOf":{"@id":"https:\/\/news.save.ch\/rekord-bei-der-photovoltaik\/"},"author":{"name":"Simon Gr\u00f6flin","@id":"https:\/\/news.save.ch\/de\/#\/schema\/person\/ad4ef21102fd6125312409ac57d5296d"},"headline":"Rekord bei der Photovoltaik","datePublished":"2021-03-09T07:08:33+00:00","dateModified":"2023-08-08T23:57:50+00:00","mainEntityOfPage":{"@id":"https:\/\/news.save.ch\/rekord-bei-der-photovoltaik\/"},"wordCount":152,"publisher":{"@id":"https:\/\/news.save.ch\/de\/#organization"},"image":{"@id":"https:\/\/news.save.ch\/rekord-bei-der-photovoltaik\/#primaryimage"},"thumbnailUrl":"https:\/\/news.save.ch\/wp-content\/uploads\/2021\/03\/Photovoltaik_teaser.jpg","keywords":["Autarkie","Einmalverg\u00fctung","Klimakrise","Photovoltaik","Sonnenenergie","Swissolar"],"articleSection":["ALLGEMEIN"],"inLanguage":"de"},{"@type":"WebPage","@id":"https:\/\/news.save.ch\/rekord-bei-der-photovoltaik\/","url":"https:\/\/news.save.ch\/rekord-bei-der-photovoltaik\/","name":"Rekord bei der Photovoltaik - Save","isPartOf":{"@id":"https:\/\/news.save.ch\/de\/#website"},"primaryImageOfPage":{"@id":"https:\/\/news.save.ch\/rekord-bei-der-photovoltaik\/#primaryimage"},"image":{"@id":"https:\/\/news.save.ch\/rekord-bei-der-photovoltaik\/#primaryimage"},"thumbnailUrl":"https:\/\/news.save.ch\/wp-content\/uploads\/2021\/03\/Photovoltaik_teaser.jpg","datePublished":"2021-03-09T07:08:33+00:00","dateModified":"2023-08-08T23:57:50+00:00","description":"Letztes Jahr ist es zu einem Rekordzubau von Photovoltaik-Anlagen in der Schweiz gekommen. Es brauche aber viermal so viel, sagt Swissolar.","breadcrumb":{"@id":"https:\/\/news.save.ch\/rekord-bei-der-photovoltaik\/#breadcrumb"},"inLanguage":"de","potentialAction":[{"@type":"ReadAction","target":["https:\/\/news.save.ch\/rekord-bei-der-photovoltaik\/"]}]},{"@type":"ImageObject","inLanguage":"de","@id":"https:\/\/news.save.ch\/rekord-bei-der-photovoltaik\/#primaryimage","url":"https:\/\/news.save.ch\/wp-content\/uploads\/2021\/03\/Photovoltaik_teaser.jpg","contentUrl":"https:\/\/news.save.ch\/wp-content\/uploads\/2021\/03\/Photovoltaik_teaser.jpg","width":960,"height":640,"caption":"Pixabay"},{"@type":"BreadcrumbList","@id":"https:\/\/news.save.ch\/rekord-bei-der-photovoltaik\/#breadcrumb","itemListElement":[{"@type":"ListItem","position":1,"name":"Home","item":"https:\/\/news.save.ch\/de\/"},{"@type":"ListItem","position":2,"name":"Rekord bei der Photovoltaik"}]},{"@type":"WebSite","@id":"https:\/\/news.save.ch\/de\/#website","url":"https:\/\/news.save.ch\/de\/","name":"Save","description":"Schweizer Fachzeitschrift f\u00fcr Sicherheit","publisher":{"@id":"https:\/\/news.save.ch\/de\/#organization"},"potentialAction":[{"@type":"SearchAction","target":{"@type":"EntryPoint","urlTemplate":"https:\/\/news.save.ch\/de\/?s={search_term_string}"},"query-input":{"@type":"PropertyValueSpecification","valueRequired":true,"valueName":"search_term_string"}}],"inLanguage":"de"},{"@type":"Organization","@id":"https:\/\/news.save.ch\/de\/#organization","name":"Sicherheitsforum","url":"https:\/\/news.save.ch\/de\/","logo":{"@type":"ImageObject","inLanguage":"de","@id":"https:\/\/news.save.ch\/de\/#\/schema\/logo\/image\/","url":"https:\/\/news.save.ch\/wp-content\/uploads\/2022\/06\/Logo_SF_2012.png","contentUrl":"https:\/\/news.save.ch\/wp-content\/uploads\/2022\/06\/Logo_SF_2012.png","width":1100,"height":91,"caption":"Sicherheitsforum"},"image":{"@id":"https:\/\/news.save.ch\/de\/#\/schema\/logo\/image\/"}},{"@type":"Person","@id":"https:\/\/news.save.ch\/de\/#\/schema\/person\/ad4ef21102fd6125312409ac57d5296d","name":"Simon Gr\u00f6flin","image":{"@type":"ImageObject","inLanguage":"de","@id":"https:\/\/secure.gravatar.com\/avatar\/6ddceb80eb734354635539e0ea5140bb7c41e42de7c45c9a2ab9921b5d5c9a83?s=96&d=mm&r=g","url":"https:\/\/secure.gravatar.com\/avatar\/6ddceb80eb734354635539e0ea5140bb7c41e42de7c45c9a2ab9921b5d5c9a83?s=96&d=mm&r=g","contentUrl":"https:\/\/secure.gravatar.com\/avatar\/6ddceb80eb734354635539e0ea5140bb7c41e42de7c45c9a2ab9921b5d5c9a83?s=96&d=mm&r=g","caption":"Simon Gr\u00f6flin"},"url":"https:\/\/news.save.ch\/de\/author\/simon-groeflin\/"}]}},"_links":{"self":[{"href":"https:\/\/news.save.ch\/de\/wp-json\/wp\/v2\/posts\/16995","targetHints":{"allow":["GET"]}}],"collection":[{"href":"https:\/\/news.save.ch\/de\/wp-json\/wp\/v2\/posts"}],"about":[{"href":"https:\/\/news.save.ch\/de\/wp-json\/wp\/v2\/types\/post"}],"author":[{"embeddable":true,"href":"https:\/\/news.save.ch\/de\/wp-json\/wp\/v2\/users\/9"}],"replies":[{"embeddable":true,"href":"https:\/\/news.save.ch\/de\/wp-json\/wp\/v2\/comments?post=16995"}],"version-history":[{"count":3,"href":"https:\/\/news.save.ch\/de\/wp-json\/wp\/v2\/posts\/16995\/revisions"}],"predecessor-version":[{"id":21625,"href":"https:\/\/news.save.ch\/de\/wp-json\/wp\/v2\/posts\/16995\/revisions\/21625"}],"wp:featuredmedia":[{"embeddable":true,"href":"https:\/\/news.save.ch\/de\/wp-json\/wp\/v2\/media\/6898"}],"wp:attachment":[{"href":"https:\/\/news.save.ch\/de\/wp-json\/wp\/v2\/media?parent=16995"}],"wp:term":[{"taxonomy":"category","embeddable":true,"href":"https:\/\/news.save.ch\/de\/wp-json\/wp\/v2\/categories?post=16995"},{"taxonomy":"post_tag","embeddable":true,"href":"https:\/\/news.save.ch\/de\/wp-json\/wp\/v2\/tags?post=16995"}],"curies":[{"name":"wp","href":"https:\/\/api.w.org\/{rel}","templated":true}]}}