{"id":17024,"date":"2021-10-07T07:38:06","date_gmt":"2021-10-07T05:38:06","guid":{"rendered":"https:\/\/news.save.ch\/?p=7789"},"modified":"2023-08-05T01:00:22","modified_gmt":"2023-08-04T23:00:22","slug":"rueckruf-atemschutzmaske-kn95","status":null,"type":"post","link":"https:\/\/news.save.ch\/de\/rueckruf-atemschutzmaske-kn95\/","title":{"rendered":"R\u00fcckruf: Atemschutzmaske KN95"},"content":{"rendered":"<figure id=\"attachment_7791\" aria-describedby=\"caption-attachment-7791\" style=\"width: 1095px\" class=\"wp-caption alignnone\"><img loading=\"lazy\" decoding=\"async\" class=\"wp-image-7791 size-full\" src=\"https:\/\/news.save.ch\/wp-content\/uploads\/2019\/03\/Radar-1.jpg\" alt=\"KN95\" width=\"1095\" height=\"796\" srcset=\"https:\/\/news.save.ch\/wp-content\/uploads\/2019\/03\/Radar-1.jpg 1095w, https:\/\/news.save.ch\/wp-content\/uploads\/2019\/03\/Radar-1-375x273.jpg 375w\" sizes=\"auto, (max-width: 1095px) 100vw, 1095px\" \/><figcaption id=\"caption-attachment-7791\" class=\"wp-caption-text\">Bild des betroffenen Produkts.<\/figcaption><\/figure>\n<p>Die Inspectron Cleaning Systems GmbH ruft die Atemschutzmaske KN95 wegen ungen\u00fcgender Schutzwirkung zur\u00fcck. Aufgrund einer ungen\u00fcgenden Schutzwirkung bestehe f\u00fcr Anwenderinnen und Anwender das Risiko, gegen irreversible Gesundheitssch\u00e4den ungen\u00fcgend gesch\u00fctzt zu sein. Ein kostenloser Umtausch wird angeboten.<\/p>\n<p><strong>Welche Produkte sind betroffen?<\/strong><\/p>\n<p>Vom Produktr\u00fcckruf betroffen sind Atemschutzmasken gekennzeichnet mit KN95, welche unter der Bezeichnung \u00abNEUTRAL Atemschutzmaske FFP2 \/ N95 \/ KN95 33055 weiss (1 Stk)\u00bb verkauft wurden (siehe Abbildung).<\/p>\n<p>Die betroffenen Masken wurden von den Onlineshops <a href=\"http:\/\/www.cleanswiss.ch\">www.cleanswiss.ch<\/a>, <a href=\"http:\/\/www.superstore.foletti.com\" target=\"_blank\" rel=\"noopener\">www.superstore.foletti.com<\/a> und von der Firma Martec Handels AG in 8045 Z\u00fcrich angeboten.<\/p>\n<p>Betroffene Kunden werden gebeten, die beschriebene Atemschutzmaske KN95 nicht mehr zu verwenden und mit der Inspectron Cleaning Systems GmbH f\u00fcr einen Austausch mit einem Ersatzprodukt Kontakt aufzunehmen:<\/p>\n<p>Telefon: +41 44 722 72 72<\/p>\n<p>E-Mail: cleanswiss@inspectron.ch<\/p>\n<p><a href=\"http:\/\/www.cleanswiss.ch\">www.cleanswiss.ch<\/a><\/p>\n","protected":false},"excerpt":{"rendered":"<p>Die Inspectron Cleaning Systems GmbH ruft die Atemschutzmaske KN95 wegen ungen\u00fcgender Schutzwirkung zur\u00fcck. Aufgrund einer ungen\u00fcgenden Schutzwirkung bestehe f\u00fcr Anwenderinnen und Anwender das Risiko, gegen irreversible Gesundheitssch\u00e4den ungen\u00fcgend gesch\u00fctzt zu sein. Ein kostenloser Umtausch wird angeboten. Welche Produkte sind betroffen? Vom Produktr\u00fcckruf betroffen sind Atemschutzmasken gekennzeichnet mit KN95, welche unter der Bezeichnung \u00abNEUTRAL Atemschutzmaske FFP2 [&hellip;]<\/p>\n","protected":false},"author":9,"featured_media":16496,"comment_status":"closed","ping_status":"closed","sticky":false,"template":"","format":"standard","meta":{"_acf_changed":false,"pgc_sgb_lightbox_settings":"","footnotes":""},"categories":[1,3314],"tags":[1692,1858,6219,6220,6217,3574,6218],"class_list":["post-17024","post","type-post","status-publish","format-standard","has-post-thumbnail","hentry","category-allgemein","category-health-safety","tag-atemschutzmasken","tag-cleaning-systems","tag-gmbh","tag-inspectron","tag-kn95","tag-schutzwirkung","tag-umtausch"],"acf":[],"hkrextid":null,"publication":null,"issue":null,"workflow":null,"startPage":null,"spitzmarke":null,"_posts_by_tag_page_fields":{"widget_title":"","widget_tags":""},"_at_widget":"1","_yoast_wpseo_primary_category":"1","_yoast_wpseo_focuskw_text_input":null,"_yoast_wpseo_opengraph-image":null,"_yoast_wpseo_opengraph-description":null,"_yoast_wpseo_opengraph-title":null,"enclosure":null,"_yoast_wpseo_twitter-title":null,"_yoast_wpseo_twitter-description":null,"_yoast_wpseo_twitter-image":null,"_wp_old_slug":null,"_yoast_wpseo_title":null,"_yoast_wpseo_canonical":null,"yoast_head":"<!-- This site is optimized with the Yoast SEO plugin v27.5 - https:\/\/yoast.com\/product\/yoast-seo-wordpress\/ -->\n<title>R\u00fcckruf: Atemschutzmaske KN95 - Save<\/title>\n<meta name=\"description\" content=\"Die Inspectron Cleaning Systems GmbH ruft die Atemschutzmaske KN95 wegen ungen\u00fcgender Schutzwirkung zur\u00fcck.\" \/>\n<meta name=\"robots\" content=\"index, follow, max-snippet:-1, max-image-preview:large, max-video-preview:-1\" \/>\n<link rel=\"canonical\" href=\"https:\/\/news.save.ch\/de\/rueckruf-atemschutzmaske-kn95\/\" \/>\n<meta property=\"og:locale\" content=\"de_DE\" \/>\n<meta property=\"og:type\" content=\"article\" \/>\n<meta property=\"og:title\" content=\"R\u00fcckruf: Atemschutzmaske KN95 - Save\" \/>\n<meta property=\"og:description\" content=\"Die Inspectron Cleaning Systems GmbH ruft die Atemschutzmaske KN95 wegen ungen\u00fcgender Schutzwirkung zur\u00fcck.\" \/>\n<meta property=\"og:url\" content=\"https:\/\/news.save.ch\/de\/rueckruf-atemschutzmaske-kn95\/\" \/>\n<meta property=\"og:site_name\" content=\"Save\" \/>\n<meta property=\"article:published_time\" content=\"2021-10-07T05:38:06+00:00\" \/>\n<meta property=\"article:modified_time\" content=\"2023-08-04T23:00:22+00:00\" \/>\n<meta property=\"og:image\" content=\"https:\/\/news.save.ch\/wp-content\/uploads\/2021\/10\/Cleaning_Maske.jpg\" \/>\n\t<meta property=\"og:image:width\" content=\"714\" \/>\n\t<meta property=\"og:image:height\" content=\"656\" \/>\n\t<meta property=\"og:image:type\" content=\"image\/jpeg\" \/>\n<meta name=\"author\" content=\"Simon Gr\u00f6flin\" \/>\n<meta name=\"twitter:card\" content=\"summary_large_image\" \/>\n<meta name=\"twitter:label1\" content=\"Geschrieben von\" \/>\n\t<meta name=\"twitter:data1\" content=\"Simon Gr\u00f6flin\" \/>\n\t<meta name=\"twitter:label2\" content=\"Gesch\u00e4tzte Lesezeit\" \/>\n\t<meta name=\"twitter:data2\" content=\"1\u00a0Minute\" \/>\n<script type=\"application\/ld+json\" class=\"yoast-schema-graph\">{\"@context\":\"https:\\\/\\\/schema.org\",\"@graph\":[{\"@type\":\"Article\",\"@id\":\"https:\\\/\\\/news.save.ch\\\/rueckruf-atemschutzmaske-kn95\\\/#article\",\"isPartOf\":{\"@id\":\"https:\\\/\\\/news.save.ch\\\/rueckruf-atemschutzmaske-kn95\\\/\"},\"author\":{\"name\":\"Simon Gr\u00f6flin\",\"@id\":\"https:\\\/\\\/news.save.ch\\\/de\\\/#\\\/schema\\\/person\\\/ad4ef21102fd6125312409ac57d5296d\"},\"headline\":\"R\u00fcckruf: Atemschutzmaske KN95\",\"datePublished\":\"2021-10-07T05:38:06+00:00\",\"dateModified\":\"2023-08-04T23:00:22+00:00\",\"mainEntityOfPage\":{\"@id\":\"https:\\\/\\\/news.save.ch\\\/rueckruf-atemschutzmaske-kn95\\\/\"},\"wordCount\":147,\"publisher\":{\"@id\":\"https:\\\/\\\/news.save.ch\\\/de\\\/#organization\"},\"image\":{\"@id\":\"https:\\\/\\\/news.save.ch\\\/rueckruf-atemschutzmaske-kn95\\\/#primaryimage\"},\"thumbnailUrl\":\"https:\\\/\\\/news.save.ch\\\/wp-content\\\/uploads\\\/2021\\\/10\\\/Cleaning_Maske.jpg\",\"keywords\":[\"Atemschutzmasken\",\"Cleaning Systems\",\"GmbH\",\"Inspectron\",\"KN95\",\"Schutzwirkung\",\"Umtausch\"],\"articleSection\":[\"ALLGEMEIN\",\"HEALTH &amp; SAFETY\"],\"inLanguage\":\"de\"},{\"@type\":\"WebPage\",\"@id\":\"https:\\\/\\\/news.save.ch\\\/rueckruf-atemschutzmaske-kn95\\\/\",\"url\":\"https:\\\/\\\/news.save.ch\\\/rueckruf-atemschutzmaske-kn95\\\/\",\"name\":\"R\u00fcckruf: Atemschutzmaske KN95 - Save\",\"isPartOf\":{\"@id\":\"https:\\\/\\\/news.save.ch\\\/de\\\/#website\"},\"primaryImageOfPage\":{\"@id\":\"https:\\\/\\\/news.save.ch\\\/rueckruf-atemschutzmaske-kn95\\\/#primaryimage\"},\"image\":{\"@id\":\"https:\\\/\\\/news.save.ch\\\/rueckruf-atemschutzmaske-kn95\\\/#primaryimage\"},\"thumbnailUrl\":\"https:\\\/\\\/news.save.ch\\\/wp-content\\\/uploads\\\/2021\\\/10\\\/Cleaning_Maske.jpg\",\"datePublished\":\"2021-10-07T05:38:06+00:00\",\"dateModified\":\"2023-08-04T23:00:22+00:00\",\"description\":\"Die Inspectron Cleaning Systems GmbH ruft die Atemschutzmaske KN95 wegen ungen\u00fcgender Schutzwirkung zur\u00fcck.\",\"breadcrumb\":{\"@id\":\"https:\\\/\\\/news.save.ch\\\/rueckruf-atemschutzmaske-kn95\\\/#breadcrumb\"},\"inLanguage\":\"de\",\"potentialAction\":[{\"@type\":\"ReadAction\",\"target\":[\"https:\\\/\\\/news.save.ch\\\/rueckruf-atemschutzmaske-kn95\\\/\"]}]},{\"@type\":\"ImageObject\",\"inLanguage\":\"de\",\"@id\":\"https:\\\/\\\/news.save.ch\\\/rueckruf-atemschutzmaske-kn95\\\/#primaryimage\",\"url\":\"https:\\\/\\\/news.save.ch\\\/wp-content\\\/uploads\\\/2021\\\/10\\\/Cleaning_Maske.jpg\",\"contentUrl\":\"https:\\\/\\\/news.save.ch\\\/wp-content\\\/uploads\\\/2021\\\/10\\\/Cleaning_Maske.jpg\",\"width\":714,\"height\":656,\"caption\":\"Bild des betroffenen Produkts.\"},{\"@type\":\"BreadcrumbList\",\"@id\":\"https:\\\/\\\/news.save.ch\\\/rueckruf-atemschutzmaske-kn95\\\/#breadcrumb\",\"itemListElement\":[{\"@type\":\"ListItem\",\"position\":1,\"name\":\"Home\",\"item\":\"https:\\\/\\\/news.save.ch\\\/de\\\/\"},{\"@type\":\"ListItem\",\"position\":2,\"name\":\"R\u00fcckruf: Atemschutzmaske KN95\"}]},{\"@type\":\"WebSite\",\"@id\":\"https:\\\/\\\/news.save.ch\\\/de\\\/#website\",\"url\":\"https:\\\/\\\/news.save.ch\\\/de\\\/\",\"name\":\"Save\",\"description\":\"Schweizer Fachzeitschrift f\u00fcr Sicherheit\",\"publisher\":{\"@id\":\"https:\\\/\\\/news.save.ch\\\/de\\\/#organization\"},\"potentialAction\":[{\"@type\":\"SearchAction\",\"target\":{\"@type\":\"EntryPoint\",\"urlTemplate\":\"https:\\\/\\\/news.save.ch\\\/de\\\/?s={search_term_string}\"},\"query-input\":{\"@type\":\"PropertyValueSpecification\",\"valueRequired\":true,\"valueName\":\"search_term_string\"}}],\"inLanguage\":\"de\"},{\"@type\":\"Organization\",\"@id\":\"https:\\\/\\\/news.save.ch\\\/de\\\/#organization\",\"name\":\"Sicherheitsforum\",\"url\":\"https:\\\/\\\/news.save.ch\\\/de\\\/\",\"logo\":{\"@type\":\"ImageObject\",\"inLanguage\":\"de\",\"@id\":\"https:\\\/\\\/news.save.ch\\\/de\\\/#\\\/schema\\\/logo\\\/image\\\/\",\"url\":\"https:\\\/\\\/news.save.ch\\\/wp-content\\\/uploads\\\/2022\\\/06\\\/Logo_SF_2012.png\",\"contentUrl\":\"https:\\\/\\\/news.save.ch\\\/wp-content\\\/uploads\\\/2022\\\/06\\\/Logo_SF_2012.png\",\"width\":1100,\"height\":91,\"caption\":\"Sicherheitsforum\"},\"image\":{\"@id\":\"https:\\\/\\\/news.save.ch\\\/de\\\/#\\\/schema\\\/logo\\\/image\\\/\"}},{\"@type\":\"Person\",\"@id\":\"https:\\\/\\\/news.save.ch\\\/de\\\/#\\\/schema\\\/person\\\/ad4ef21102fd6125312409ac57d5296d\",\"name\":\"Simon Gr\u00f6flin\",\"image\":{\"@type\":\"ImageObject\",\"inLanguage\":\"de\",\"@id\":\"https:\\\/\\\/secure.gravatar.com\\\/avatar\\\/6ddceb80eb734354635539e0ea5140bb7c41e42de7c45c9a2ab9921b5d5c9a83?s=96&d=mm&r=g\",\"url\":\"https:\\\/\\\/secure.gravatar.com\\\/avatar\\\/6ddceb80eb734354635539e0ea5140bb7c41e42de7c45c9a2ab9921b5d5c9a83?s=96&d=mm&r=g\",\"contentUrl\":\"https:\\\/\\\/secure.gravatar.com\\\/avatar\\\/6ddceb80eb734354635539e0ea5140bb7c41e42de7c45c9a2ab9921b5d5c9a83?s=96&d=mm&r=g\",\"caption\":\"Simon Gr\u00f6flin\"},\"url\":\"https:\\\/\\\/news.save.ch\\\/de\\\/author\\\/simon-groeflin\\\/\"}]}<\/script>\n<!-- \/ Yoast SEO plugin. -->","yoast_head_json":{"title":"R\u00fcckruf: Atemschutzmaske KN95 - Save","description":"Die Inspectron Cleaning Systems GmbH ruft die Atemschutzmaske KN95 wegen ungen\u00fcgender Schutzwirkung zur\u00fcck.","robots":{"index":"index","follow":"follow","max-snippet":"max-snippet:-1","max-image-preview":"max-image-preview:large","max-video-preview":"max-video-preview:-1"},"canonical":"https:\/\/news.save.ch\/de\/rueckruf-atemschutzmaske-kn95\/","og_locale":"de_DE","og_type":"article","og_title":"R\u00fcckruf: Atemschutzmaske KN95 - Save","og_description":"Die Inspectron Cleaning Systems GmbH ruft die Atemschutzmaske KN95 wegen ungen\u00fcgender Schutzwirkung zur\u00fcck.","og_url":"https:\/\/news.save.ch\/de\/rueckruf-atemschutzmaske-kn95\/","og_site_name":"Save","article_published_time":"2021-10-07T05:38:06+00:00","article_modified_time":"2023-08-04T23:00:22+00:00","og_image":[{"width":714,"height":656,"url":"https:\/\/news.save.ch\/wp-content\/uploads\/2021\/10\/Cleaning_Maske.jpg","type":"image\/jpeg"}],"author":"Simon Gr\u00f6flin","twitter_card":"summary_large_image","twitter_misc":{"Geschrieben von":"Simon Gr\u00f6flin","Gesch\u00e4tzte Lesezeit":"1\u00a0Minute"},"schema":{"@context":"https:\/\/schema.org","@graph":[{"@type":"Article","@id":"https:\/\/news.save.ch\/rueckruf-atemschutzmaske-kn95\/#article","isPartOf":{"@id":"https:\/\/news.save.ch\/rueckruf-atemschutzmaske-kn95\/"},"author":{"name":"Simon Gr\u00f6flin","@id":"https:\/\/news.save.ch\/de\/#\/schema\/person\/ad4ef21102fd6125312409ac57d5296d"},"headline":"R\u00fcckruf: Atemschutzmaske KN95","datePublished":"2021-10-07T05:38:06+00:00","dateModified":"2023-08-04T23:00:22+00:00","mainEntityOfPage":{"@id":"https:\/\/news.save.ch\/rueckruf-atemschutzmaske-kn95\/"},"wordCount":147,"publisher":{"@id":"https:\/\/news.save.ch\/de\/#organization"},"image":{"@id":"https:\/\/news.save.ch\/rueckruf-atemschutzmaske-kn95\/#primaryimage"},"thumbnailUrl":"https:\/\/news.save.ch\/wp-content\/uploads\/2021\/10\/Cleaning_Maske.jpg","keywords":["Atemschutzmasken","Cleaning Systems","GmbH","Inspectron","KN95","Schutzwirkung","Umtausch"],"articleSection":["ALLGEMEIN","HEALTH &amp; SAFETY"],"inLanguage":"de"},{"@type":"WebPage","@id":"https:\/\/news.save.ch\/rueckruf-atemschutzmaske-kn95\/","url":"https:\/\/news.save.ch\/rueckruf-atemschutzmaske-kn95\/","name":"R\u00fcckruf: Atemschutzmaske KN95 - Save","isPartOf":{"@id":"https:\/\/news.save.ch\/de\/#website"},"primaryImageOfPage":{"@id":"https:\/\/news.save.ch\/rueckruf-atemschutzmaske-kn95\/#primaryimage"},"image":{"@id":"https:\/\/news.save.ch\/rueckruf-atemschutzmaske-kn95\/#primaryimage"},"thumbnailUrl":"https:\/\/news.save.ch\/wp-content\/uploads\/2021\/10\/Cleaning_Maske.jpg","datePublished":"2021-10-07T05:38:06+00:00","dateModified":"2023-08-04T23:00:22+00:00","description":"Die Inspectron Cleaning Systems GmbH ruft die Atemschutzmaske KN95 wegen ungen\u00fcgender Schutzwirkung zur\u00fcck.","breadcrumb":{"@id":"https:\/\/news.save.ch\/rueckruf-atemschutzmaske-kn95\/#breadcrumb"},"inLanguage":"de","potentialAction":[{"@type":"ReadAction","target":["https:\/\/news.save.ch\/rueckruf-atemschutzmaske-kn95\/"]}]},{"@type":"ImageObject","inLanguage":"de","@id":"https:\/\/news.save.ch\/rueckruf-atemschutzmaske-kn95\/#primaryimage","url":"https:\/\/news.save.ch\/wp-content\/uploads\/2021\/10\/Cleaning_Maske.jpg","contentUrl":"https:\/\/news.save.ch\/wp-content\/uploads\/2021\/10\/Cleaning_Maske.jpg","width":714,"height":656,"caption":"Bild des betroffenen Produkts."},{"@type":"BreadcrumbList","@id":"https:\/\/news.save.ch\/rueckruf-atemschutzmaske-kn95\/#breadcrumb","itemListElement":[{"@type":"ListItem","position":1,"name":"Home","item":"https:\/\/news.save.ch\/de\/"},{"@type":"ListItem","position":2,"name":"R\u00fcckruf: Atemschutzmaske KN95"}]},{"@type":"WebSite","@id":"https:\/\/news.save.ch\/de\/#website","url":"https:\/\/news.save.ch\/de\/","name":"Save","description":"Schweizer Fachzeitschrift f\u00fcr Sicherheit","publisher":{"@id":"https:\/\/news.save.ch\/de\/#organization"},"potentialAction":[{"@type":"SearchAction","target":{"@type":"EntryPoint","urlTemplate":"https:\/\/news.save.ch\/de\/?s={search_term_string}"},"query-input":{"@type":"PropertyValueSpecification","valueRequired":true,"valueName":"search_term_string"}}],"inLanguage":"de"},{"@type":"Organization","@id":"https:\/\/news.save.ch\/de\/#organization","name":"Sicherheitsforum","url":"https:\/\/news.save.ch\/de\/","logo":{"@type":"ImageObject","inLanguage":"de","@id":"https:\/\/news.save.ch\/de\/#\/schema\/logo\/image\/","url":"https:\/\/news.save.ch\/wp-content\/uploads\/2022\/06\/Logo_SF_2012.png","contentUrl":"https:\/\/news.save.ch\/wp-content\/uploads\/2022\/06\/Logo_SF_2012.png","width":1100,"height":91,"caption":"Sicherheitsforum"},"image":{"@id":"https:\/\/news.save.ch\/de\/#\/schema\/logo\/image\/"}},{"@type":"Person","@id":"https:\/\/news.save.ch\/de\/#\/schema\/person\/ad4ef21102fd6125312409ac57d5296d","name":"Simon Gr\u00f6flin","image":{"@type":"ImageObject","inLanguage":"de","@id":"https:\/\/secure.gravatar.com\/avatar\/6ddceb80eb734354635539e0ea5140bb7c41e42de7c45c9a2ab9921b5d5c9a83?s=96&d=mm&r=g","url":"https:\/\/secure.gravatar.com\/avatar\/6ddceb80eb734354635539e0ea5140bb7c41e42de7c45c9a2ab9921b5d5c9a83?s=96&d=mm&r=g","contentUrl":"https:\/\/secure.gravatar.com\/avatar\/6ddceb80eb734354635539e0ea5140bb7c41e42de7c45c9a2ab9921b5d5c9a83?s=96&d=mm&r=g","caption":"Simon Gr\u00f6flin"},"url":"https:\/\/news.save.ch\/de\/author\/simon-groeflin\/"}]}},"_links":{"self":[{"href":"https:\/\/news.save.ch\/de\/wp-json\/wp\/v2\/posts\/17024","targetHints":{"allow":["GET"]}}],"collection":[{"href":"https:\/\/news.save.ch\/de\/wp-json\/wp\/v2\/posts"}],"about":[{"href":"https:\/\/news.save.ch\/de\/wp-json\/wp\/v2\/types\/post"}],"author":[{"embeddable":true,"href":"https:\/\/news.save.ch\/de\/wp-json\/wp\/v2\/users\/9"}],"replies":[{"embeddable":true,"href":"https:\/\/news.save.ch\/de\/wp-json\/wp\/v2\/comments?post=17024"}],"version-history":[{"count":3,"href":"https:\/\/news.save.ch\/de\/wp-json\/wp\/v2\/posts\/17024\/revisions"}],"predecessor-version":[{"id":21485,"href":"https:\/\/news.save.ch\/de\/wp-json\/wp\/v2\/posts\/17024\/revisions\/21485"}],"wp:featuredmedia":[{"embeddable":true,"href":"https:\/\/news.save.ch\/de\/wp-json\/wp\/v2\/media\/16496"}],"wp:attachment":[{"href":"https:\/\/news.save.ch\/de\/wp-json\/wp\/v2\/media?parent=17024"}],"wp:term":[{"taxonomy":"category","embeddable":true,"href":"https:\/\/news.save.ch\/de\/wp-json\/wp\/v2\/categories?post=17024"},{"taxonomy":"post_tag","embeddable":true,"href":"https:\/\/news.save.ch\/de\/wp-json\/wp\/v2\/tags?post=17024"}],"curies":[{"name":"wp","href":"https:\/\/api.w.org\/{rel}","templated":true}]}}