{"id":17040,"date":"2022-01-05T10:33:06","date_gmt":"2022-01-05T09:33:06","guid":{"rendered":"https:\/\/news.save.ch\/?p=8299"},"modified":"2024-11-11T16:55:29","modified_gmt":"2024-11-11T15:55:29","slug":"bundesrat-will-mehr-sicherheit-fuer-e-biker","status":null,"type":"post","link":"https:\/\/news.save.ch\/de\/bundesrat-will-mehr-sicherheit-fuer-e-biker\/","title":{"rendered":"Bundesrat will mehr Sicherheit f\u00fcr E-Biker"},"content":{"rendered":"<figure id=\"attachment_16509\" aria-describedby=\"caption-attachment-16509\" style=\"width: 680px\" class=\"wp-caption alignnone\"><img loading=\"lazy\" decoding=\"async\" class=\"wp-image-16509 size-medium\" src=\"https:\/\/news.save.ch\/wp-content\/uploads\/2022\/01\/Ebike_teaser-680x453.jpg\" alt=\"E-Bike Verkehrsregeln 2024\" width=\"680\" height=\"453\" srcset=\"https:\/\/news.save.ch\/wp-content\/uploads\/2022\/01\/Ebike_teaser-680x453.jpg 680w, https:\/\/news.save.ch\/wp-content\/uploads\/2022\/01\/Ebike_teaser-768x512.jpg 768w, https:\/\/news.save.ch\/wp-content\/uploads\/2022\/01\/Ebike_teaser-18x12.jpg 18w, https:\/\/news.save.ch\/wp-content\/uploads\/2022\/01\/Ebike_teaser-375x250.jpg 375w, https:\/\/news.save.ch\/wp-content\/uploads\/2022\/01\/Ebike_teaser-525x350.jpg 525w, https:\/\/news.save.ch\/wp-content\/uploads\/2022\/01\/Ebike_teaser.jpg 960w\" sizes=\"auto, (max-width: 680px) 100vw, 680px\" \/><figcaption id=\"caption-attachment-16509\" class=\"wp-caption-text\">\u00a9Pixabay<\/figcaption><\/figure>\n<p>Kurz vor Weihnachten hat der Bundesrat eine neue Verordnung zu E-Bike-Verkehrsregeln verabschiedet. Bis April 2024 sollen alle E-Biker einer Tachopflicht unterstellt sein.\u00a0Die Fahrzeuge, welche die E-Biker bereits besitzen, m\u00fcssen bis am April 2027 nachger\u00fcstet werden.\u00a0Ausserdem wird eine Lichtpflicht bei Tag eingef\u00fchrt.<\/p>\n<p>Nach wie vor ereignen sich die meisten Schleuder- oder Selbstunf\u00e4lle im Zusammenhang mit E-Bike-Fahrenden. Bei h\u00f6heren Tempi verl\u00e4ngert sich der Bremsweg und es bleibt wenige Zeit, richtig zu reagieren. Die Zahl der Schwerverletzten stieg seit 2016 von 201 auf 521 Unf\u00e4lle (2020).<\/p>\n<p><em>Quelle: SDA, Blick\/Tagesanzeiger<\/em><\/p>\n","protected":false},"excerpt":{"rendered":"<p>Kurz vor Weihnachten hat der Bundesrat eine neue Verordnung zu E-Bike-Verkehrsregeln verabschiedet. Bis April 2024 sollen alle E-Biker einer Tachopflicht unterstellt sein.\u00a0Die Fahrzeuge, welche die E-Biker bereits besitzen, m\u00fcssen bis am April 2027 nachger\u00fcstet werden.\u00a0Ausserdem wird eine Lichtpflicht bei Tag eingef\u00fchrt. Nach wie vor ereignen sich die meisten Schleuder- oder Selbstunf\u00e4lle im Zusammenhang mit E-Bike-Fahrenden. [&hellip;]<\/p>\n","protected":false},"author":9,"featured_media":16509,"comment_status":"closed","ping_status":"closed","sticky":false,"template":"","format":"standard","meta":{"_acf_changed":false,"pgc_sgb_lightbox_settings":"","footnotes":""},"categories":[3314],"tags":[168,752,4995,754,310,3010,4994,874],"class_list":["post-17040","post","type-post","status-publish","format-standard","has-post-thumbnail","hentry","category-health-safety","tag-bundesrat","tag-e-bike","tag-lichtpflicht","tag-schwerverletzte","tag-sicherheit","tag-strassensicherheit","tag-tachopflicht","tag-verkehrsregeln"],"acf":[],"hkrextid":null,"publication":null,"issue":null,"workflow":null,"startPage":null,"spitzmarke":null,"_posts_by_tag_page_fields":{"widget_title":"","widget_tags":""},"_at_widget":"1","_yoast_wpseo_primary_category":"","_yoast_wpseo_focuskw_text_input":null,"_yoast_wpseo_opengraph-image":null,"_yoast_wpseo_opengraph-description":null,"_yoast_wpseo_opengraph-title":null,"enclosure":null,"_yoast_wpseo_twitter-title":null,"_yoast_wpseo_twitter-description":null,"_yoast_wpseo_twitter-image":null,"_wp_old_slug":null,"_yoast_wpseo_title":null,"_yoast_wpseo_canonical":null,"yoast_head":"<!-- This site is optimized with the Yoast SEO plugin v27.4 - https:\/\/yoast.com\/product\/yoast-seo-wordpress\/ -->\n<title>Bundesrat will mehr Sicherheit f\u00fcr E-Biker - Save<\/title>\n<meta name=\"description\" content=\"Neue E-Bike-Verkehrsregeln in der Schweiz: Tachopflicht ab April 2024, Lichtpflicht bei Tag. Ziel: Weniger Unf\u00e4lle.\" \/>\n<meta name=\"robots\" content=\"index, follow, max-snippet:-1, max-image-preview:large, max-video-preview:-1\" \/>\n<link rel=\"canonical\" href=\"https:\/\/news.save.ch\/de\/bundesrat-will-mehr-sicherheit-fuer-e-biker\/\" \/>\n<meta property=\"og:locale\" content=\"de_DE\" \/>\n<meta property=\"og:type\" content=\"article\" \/>\n<meta property=\"og:title\" content=\"Bundesrat will mehr Sicherheit f\u00fcr E-Biker - Save\" \/>\n<meta property=\"og:description\" content=\"Neue E-Bike-Verkehrsregeln in der Schweiz: Tachopflicht ab April 2024, Lichtpflicht bei Tag. Ziel: Weniger Unf\u00e4lle.\" \/>\n<meta property=\"og:url\" content=\"https:\/\/news.save.ch\/de\/bundesrat-will-mehr-sicherheit-fuer-e-biker\/\" \/>\n<meta property=\"og:site_name\" content=\"Save\" \/>\n<meta property=\"article:published_time\" content=\"2022-01-05T09:33:06+00:00\" \/>\n<meta property=\"article:modified_time\" content=\"2024-11-11T15:55:29+00:00\" \/>\n<meta property=\"og:image\" content=\"https:\/\/news.save.ch\/wp-content\/uploads\/2022\/01\/Ebike_teaser.jpg\" \/>\n\t<meta property=\"og:image:width\" content=\"960\" \/>\n\t<meta property=\"og:image:height\" content=\"640\" \/>\n\t<meta property=\"og:image:type\" content=\"image\/jpeg\" \/>\n<meta name=\"author\" content=\"Simon Gr\u00f6flin\" \/>\n<meta name=\"twitter:card\" content=\"summary_large_image\" \/>\n<meta name=\"twitter:label1\" content=\"Geschrieben von\" \/>\n\t<meta name=\"twitter:data1\" content=\"Simon Gr\u00f6flin\" \/>\n\t<meta name=\"twitter:label2\" content=\"Gesch\u00e4tzte Lesezeit\" \/>\n\t<meta name=\"twitter:data2\" content=\"1\u00a0Minute\" \/>\n<script type=\"application\/ld+json\" class=\"yoast-schema-graph\">{\"@context\":\"https:\\\/\\\/schema.org\",\"@graph\":[{\"@type\":\"Article\",\"@id\":\"https:\\\/\\\/news.save.ch\\\/bundesrat-will-mehr-sicherheit-fuer-e-biker\\\/#article\",\"isPartOf\":{\"@id\":\"https:\\\/\\\/news.save.ch\\\/bundesrat-will-mehr-sicherheit-fuer-e-biker\\\/\"},\"author\":{\"name\":\"Simon Gr\u00f6flin\",\"@id\":\"https:\\\/\\\/news.save.ch\\\/de\\\/#\\\/schema\\\/person\\\/ad4ef21102fd6125312409ac57d5296d\"},\"headline\":\"Bundesrat will mehr Sicherheit f\u00fcr E-Biker\",\"datePublished\":\"2022-01-05T09:33:06+00:00\",\"dateModified\":\"2024-11-11T15:55:29+00:00\",\"mainEntityOfPage\":{\"@id\":\"https:\\\/\\\/news.save.ch\\\/bundesrat-will-mehr-sicherheit-fuer-e-biker\\\/\"},\"wordCount\":105,\"publisher\":{\"@id\":\"https:\\\/\\\/news.save.ch\\\/de\\\/#organization\"},\"image\":{\"@id\":\"https:\\\/\\\/news.save.ch\\\/bundesrat-will-mehr-sicherheit-fuer-e-biker\\\/#primaryimage\"},\"thumbnailUrl\":\"https:\\\/\\\/news.save.ch\\\/wp-content\\\/uploads\\\/2022\\\/01\\\/Ebike_teaser.jpg\",\"keywords\":[\"Bundesrat\",\"E-Bike\",\"Lichtpflicht\",\"Schwerverletzte\",\"Sicherheit\",\"Strassensicherheit\",\"Tachopflicht\",\"Verkehrsregeln\"],\"articleSection\":[\"HEALTH &amp; SAFETY\"],\"inLanguage\":\"de\"},{\"@type\":\"WebPage\",\"@id\":\"https:\\\/\\\/news.save.ch\\\/bundesrat-will-mehr-sicherheit-fuer-e-biker\\\/\",\"url\":\"https:\\\/\\\/news.save.ch\\\/bundesrat-will-mehr-sicherheit-fuer-e-biker\\\/\",\"name\":\"Bundesrat will mehr Sicherheit f\u00fcr E-Biker - Save\",\"isPartOf\":{\"@id\":\"https:\\\/\\\/news.save.ch\\\/de\\\/#website\"},\"primaryImageOfPage\":{\"@id\":\"https:\\\/\\\/news.save.ch\\\/bundesrat-will-mehr-sicherheit-fuer-e-biker\\\/#primaryimage\"},\"image\":{\"@id\":\"https:\\\/\\\/news.save.ch\\\/bundesrat-will-mehr-sicherheit-fuer-e-biker\\\/#primaryimage\"},\"thumbnailUrl\":\"https:\\\/\\\/news.save.ch\\\/wp-content\\\/uploads\\\/2022\\\/01\\\/Ebike_teaser.jpg\",\"datePublished\":\"2022-01-05T09:33:06+00:00\",\"dateModified\":\"2024-11-11T15:55:29+00:00\",\"description\":\"Neue E-Bike-Verkehrsregeln in der Schweiz: Tachopflicht ab April 2024, Lichtpflicht bei Tag. Ziel: Weniger Unf\u00e4lle.\",\"breadcrumb\":{\"@id\":\"https:\\\/\\\/news.save.ch\\\/bundesrat-will-mehr-sicherheit-fuer-e-biker\\\/#breadcrumb\"},\"inLanguage\":\"de\",\"potentialAction\":[{\"@type\":\"ReadAction\",\"target\":[\"https:\\\/\\\/news.save.ch\\\/bundesrat-will-mehr-sicherheit-fuer-e-biker\\\/\"]}]},{\"@type\":\"ImageObject\",\"inLanguage\":\"de\",\"@id\":\"https:\\\/\\\/news.save.ch\\\/bundesrat-will-mehr-sicherheit-fuer-e-biker\\\/#primaryimage\",\"url\":\"https:\\\/\\\/news.save.ch\\\/wp-content\\\/uploads\\\/2022\\\/01\\\/Ebike_teaser.jpg\",\"contentUrl\":\"https:\\\/\\\/news.save.ch\\\/wp-content\\\/uploads\\\/2022\\\/01\\\/Ebike_teaser.jpg\",\"width\":960,\"height\":640,\"caption\":\"\u00a9Pixabay\"},{\"@type\":\"BreadcrumbList\",\"@id\":\"https:\\\/\\\/news.save.ch\\\/bundesrat-will-mehr-sicherheit-fuer-e-biker\\\/#breadcrumb\",\"itemListElement\":[{\"@type\":\"ListItem\",\"position\":1,\"name\":\"Home\",\"item\":\"https:\\\/\\\/news.save.ch\\\/de\\\/\"},{\"@type\":\"ListItem\",\"position\":2,\"name\":\"Bundesrat will mehr Sicherheit f\u00fcr E-Biker\"}]},{\"@type\":\"WebSite\",\"@id\":\"https:\\\/\\\/news.save.ch\\\/de\\\/#website\",\"url\":\"https:\\\/\\\/news.save.ch\\\/de\\\/\",\"name\":\"Save\",\"description\":\"Schweizer Fachzeitschrift f\u00fcr Sicherheit\",\"publisher\":{\"@id\":\"https:\\\/\\\/news.save.ch\\\/de\\\/#organization\"},\"potentialAction\":[{\"@type\":\"SearchAction\",\"target\":{\"@type\":\"EntryPoint\",\"urlTemplate\":\"https:\\\/\\\/news.save.ch\\\/de\\\/?s={search_term_string}\"},\"query-input\":{\"@type\":\"PropertyValueSpecification\",\"valueRequired\":true,\"valueName\":\"search_term_string\"}}],\"inLanguage\":\"de\"},{\"@type\":\"Organization\",\"@id\":\"https:\\\/\\\/news.save.ch\\\/de\\\/#organization\",\"name\":\"Sicherheitsforum\",\"url\":\"https:\\\/\\\/news.save.ch\\\/de\\\/\",\"logo\":{\"@type\":\"ImageObject\",\"inLanguage\":\"de\",\"@id\":\"https:\\\/\\\/news.save.ch\\\/de\\\/#\\\/schema\\\/logo\\\/image\\\/\",\"url\":\"https:\\\/\\\/news.save.ch\\\/wp-content\\\/uploads\\\/2022\\\/06\\\/Logo_SF_2012.png\",\"contentUrl\":\"https:\\\/\\\/news.save.ch\\\/wp-content\\\/uploads\\\/2022\\\/06\\\/Logo_SF_2012.png\",\"width\":1100,\"height\":91,\"caption\":\"Sicherheitsforum\"},\"image\":{\"@id\":\"https:\\\/\\\/news.save.ch\\\/de\\\/#\\\/schema\\\/logo\\\/image\\\/\"}},{\"@type\":\"Person\",\"@id\":\"https:\\\/\\\/news.save.ch\\\/de\\\/#\\\/schema\\\/person\\\/ad4ef21102fd6125312409ac57d5296d\",\"name\":\"Simon Gr\u00f6flin\",\"image\":{\"@type\":\"ImageObject\",\"inLanguage\":\"de\",\"@id\":\"https:\\\/\\\/secure.gravatar.com\\\/avatar\\\/6ddceb80eb734354635539e0ea5140bb7c41e42de7c45c9a2ab9921b5d5c9a83?s=96&d=mm&r=g\",\"url\":\"https:\\\/\\\/secure.gravatar.com\\\/avatar\\\/6ddceb80eb734354635539e0ea5140bb7c41e42de7c45c9a2ab9921b5d5c9a83?s=96&d=mm&r=g\",\"contentUrl\":\"https:\\\/\\\/secure.gravatar.com\\\/avatar\\\/6ddceb80eb734354635539e0ea5140bb7c41e42de7c45c9a2ab9921b5d5c9a83?s=96&d=mm&r=g\",\"caption\":\"Simon Gr\u00f6flin\"},\"url\":\"https:\\\/\\\/news.save.ch\\\/de\\\/author\\\/simon-groeflin\\\/\"}]}<\/script>\n<!-- \/ Yoast SEO plugin. -->","yoast_head_json":{"title":"Bundesrat will mehr Sicherheit f\u00fcr E-Biker - Save","description":"Neue E-Bike-Verkehrsregeln in der Schweiz: Tachopflicht ab April 2024, Lichtpflicht bei Tag. Ziel: Weniger Unf\u00e4lle.","robots":{"index":"index","follow":"follow","max-snippet":"max-snippet:-1","max-image-preview":"max-image-preview:large","max-video-preview":"max-video-preview:-1"},"canonical":"https:\/\/news.save.ch\/de\/bundesrat-will-mehr-sicherheit-fuer-e-biker\/","og_locale":"de_DE","og_type":"article","og_title":"Bundesrat will mehr Sicherheit f\u00fcr E-Biker - Save","og_description":"Neue E-Bike-Verkehrsregeln in der Schweiz: Tachopflicht ab April 2024, Lichtpflicht bei Tag. Ziel: Weniger Unf\u00e4lle.","og_url":"https:\/\/news.save.ch\/de\/bundesrat-will-mehr-sicherheit-fuer-e-biker\/","og_site_name":"Save","article_published_time":"2022-01-05T09:33:06+00:00","article_modified_time":"2024-11-11T15:55:29+00:00","og_image":[{"width":960,"height":640,"url":"https:\/\/news.save.ch\/wp-content\/uploads\/2022\/01\/Ebike_teaser.jpg","type":"image\/jpeg"}],"author":"Simon Gr\u00f6flin","twitter_card":"summary_large_image","twitter_misc":{"Geschrieben von":"Simon Gr\u00f6flin","Gesch\u00e4tzte Lesezeit":"1\u00a0Minute"},"schema":{"@context":"https:\/\/schema.org","@graph":[{"@type":"Article","@id":"https:\/\/news.save.ch\/bundesrat-will-mehr-sicherheit-fuer-e-biker\/#article","isPartOf":{"@id":"https:\/\/news.save.ch\/bundesrat-will-mehr-sicherheit-fuer-e-biker\/"},"author":{"name":"Simon Gr\u00f6flin","@id":"https:\/\/news.save.ch\/de\/#\/schema\/person\/ad4ef21102fd6125312409ac57d5296d"},"headline":"Bundesrat will mehr Sicherheit f\u00fcr E-Biker","datePublished":"2022-01-05T09:33:06+00:00","dateModified":"2024-11-11T15:55:29+00:00","mainEntityOfPage":{"@id":"https:\/\/news.save.ch\/bundesrat-will-mehr-sicherheit-fuer-e-biker\/"},"wordCount":105,"publisher":{"@id":"https:\/\/news.save.ch\/de\/#organization"},"image":{"@id":"https:\/\/news.save.ch\/bundesrat-will-mehr-sicherheit-fuer-e-biker\/#primaryimage"},"thumbnailUrl":"https:\/\/news.save.ch\/wp-content\/uploads\/2022\/01\/Ebike_teaser.jpg","keywords":["Bundesrat","E-Bike","Lichtpflicht","Schwerverletzte","Sicherheit","Strassensicherheit","Tachopflicht","Verkehrsregeln"],"articleSection":["HEALTH &amp; SAFETY"],"inLanguage":"de"},{"@type":"WebPage","@id":"https:\/\/news.save.ch\/bundesrat-will-mehr-sicherheit-fuer-e-biker\/","url":"https:\/\/news.save.ch\/bundesrat-will-mehr-sicherheit-fuer-e-biker\/","name":"Bundesrat will mehr Sicherheit f\u00fcr E-Biker - Save","isPartOf":{"@id":"https:\/\/news.save.ch\/de\/#website"},"primaryImageOfPage":{"@id":"https:\/\/news.save.ch\/bundesrat-will-mehr-sicherheit-fuer-e-biker\/#primaryimage"},"image":{"@id":"https:\/\/news.save.ch\/bundesrat-will-mehr-sicherheit-fuer-e-biker\/#primaryimage"},"thumbnailUrl":"https:\/\/news.save.ch\/wp-content\/uploads\/2022\/01\/Ebike_teaser.jpg","datePublished":"2022-01-05T09:33:06+00:00","dateModified":"2024-11-11T15:55:29+00:00","description":"Neue E-Bike-Verkehrsregeln in der Schweiz: Tachopflicht ab April 2024, Lichtpflicht bei Tag. Ziel: Weniger Unf\u00e4lle.","breadcrumb":{"@id":"https:\/\/news.save.ch\/bundesrat-will-mehr-sicherheit-fuer-e-biker\/#breadcrumb"},"inLanguage":"de","potentialAction":[{"@type":"ReadAction","target":["https:\/\/news.save.ch\/bundesrat-will-mehr-sicherheit-fuer-e-biker\/"]}]},{"@type":"ImageObject","inLanguage":"de","@id":"https:\/\/news.save.ch\/bundesrat-will-mehr-sicherheit-fuer-e-biker\/#primaryimage","url":"https:\/\/news.save.ch\/wp-content\/uploads\/2022\/01\/Ebike_teaser.jpg","contentUrl":"https:\/\/news.save.ch\/wp-content\/uploads\/2022\/01\/Ebike_teaser.jpg","width":960,"height":640,"caption":"\u00a9Pixabay"},{"@type":"BreadcrumbList","@id":"https:\/\/news.save.ch\/bundesrat-will-mehr-sicherheit-fuer-e-biker\/#breadcrumb","itemListElement":[{"@type":"ListItem","position":1,"name":"Home","item":"https:\/\/news.save.ch\/de\/"},{"@type":"ListItem","position":2,"name":"Bundesrat will mehr Sicherheit f\u00fcr E-Biker"}]},{"@type":"WebSite","@id":"https:\/\/news.save.ch\/de\/#website","url":"https:\/\/news.save.ch\/de\/","name":"Save","description":"Schweizer Fachzeitschrift f\u00fcr Sicherheit","publisher":{"@id":"https:\/\/news.save.ch\/de\/#organization"},"potentialAction":[{"@type":"SearchAction","target":{"@type":"EntryPoint","urlTemplate":"https:\/\/news.save.ch\/de\/?s={search_term_string}"},"query-input":{"@type":"PropertyValueSpecification","valueRequired":true,"valueName":"search_term_string"}}],"inLanguage":"de"},{"@type":"Organization","@id":"https:\/\/news.save.ch\/de\/#organization","name":"Sicherheitsforum","url":"https:\/\/news.save.ch\/de\/","logo":{"@type":"ImageObject","inLanguage":"de","@id":"https:\/\/news.save.ch\/de\/#\/schema\/logo\/image\/","url":"https:\/\/news.save.ch\/wp-content\/uploads\/2022\/06\/Logo_SF_2012.png","contentUrl":"https:\/\/news.save.ch\/wp-content\/uploads\/2022\/06\/Logo_SF_2012.png","width":1100,"height":91,"caption":"Sicherheitsforum"},"image":{"@id":"https:\/\/news.save.ch\/de\/#\/schema\/logo\/image\/"}},{"@type":"Person","@id":"https:\/\/news.save.ch\/de\/#\/schema\/person\/ad4ef21102fd6125312409ac57d5296d","name":"Simon Gr\u00f6flin","image":{"@type":"ImageObject","inLanguage":"de","@id":"https:\/\/secure.gravatar.com\/avatar\/6ddceb80eb734354635539e0ea5140bb7c41e42de7c45c9a2ab9921b5d5c9a83?s=96&d=mm&r=g","url":"https:\/\/secure.gravatar.com\/avatar\/6ddceb80eb734354635539e0ea5140bb7c41e42de7c45c9a2ab9921b5d5c9a83?s=96&d=mm&r=g","contentUrl":"https:\/\/secure.gravatar.com\/avatar\/6ddceb80eb734354635539e0ea5140bb7c41e42de7c45c9a2ab9921b5d5c9a83?s=96&d=mm&r=g","caption":"Simon Gr\u00f6flin"},"url":"https:\/\/news.save.ch\/de\/author\/simon-groeflin\/"}]}},"_links":{"self":[{"href":"https:\/\/news.save.ch\/de\/wp-json\/wp\/v2\/posts\/17040","targetHints":{"allow":["GET"]}}],"collection":[{"href":"https:\/\/news.save.ch\/de\/wp-json\/wp\/v2\/posts"}],"about":[{"href":"https:\/\/news.save.ch\/de\/wp-json\/wp\/v2\/types\/post"}],"author":[{"embeddable":true,"href":"https:\/\/news.save.ch\/de\/wp-json\/wp\/v2\/users\/9"}],"replies":[{"embeddable":true,"href":"https:\/\/news.save.ch\/de\/wp-json\/wp\/v2\/comments?post=17040"}],"version-history":[{"count":8,"href":"https:\/\/news.save.ch\/de\/wp-json\/wp\/v2\/posts\/17040\/revisions"}],"predecessor-version":[{"id":23694,"href":"https:\/\/news.save.ch\/de\/wp-json\/wp\/v2\/posts\/17040\/revisions\/23694"}],"wp:featuredmedia":[{"embeddable":true,"href":"https:\/\/news.save.ch\/de\/wp-json\/wp\/v2\/media\/16509"}],"wp:attachment":[{"href":"https:\/\/news.save.ch\/de\/wp-json\/wp\/v2\/media?parent=17040"}],"wp:term":[{"taxonomy":"category","embeddable":true,"href":"https:\/\/news.save.ch\/de\/wp-json\/wp\/v2\/categories?post=17040"},{"taxonomy":"post_tag","embeddable":true,"href":"https:\/\/news.save.ch\/de\/wp-json\/wp\/v2\/tags?post=17040"}],"curies":[{"name":"wp","href":"https:\/\/api.w.org\/{rel}","templated":true}]}}