{"id":17088,"date":"2023-01-23T08:52:00","date_gmt":"2023-01-23T07:52:00","guid":{"rendered":"https:\/\/news.save.ch\/?p=10304"},"modified":"2023-07-26T05:09:01","modified_gmt":"2023-07-26T03:09:01","slug":"die-suva-empfiehlt-ffp-masken-mit-kopfbaendern","status":null,"type":"post","link":"https:\/\/news.save.ch\/de\/die-suva-empfiehlt-ffp-masken-mit-kopfbaendern\/","title":{"rendered":"Die Suva empfiehlt FFP-Masken mit Kopfb\u00e4ndern"},"content":{"rendered":"<figure id=\"attachment_10306\" aria-describedby=\"caption-attachment-10306\" style=\"width: 768px\" class=\"wp-caption alignnone\"><img loading=\"lazy\" decoding=\"async\" class=\"wp-image-10306 size-large\" src=\"https:\/\/news.save.ch\/wp-content\/uploads\/2023\/01\/FFP_teaser-1024x698.jpg\" alt=\"Kopfb\u00e4ndermasken\" width=\"768\" height=\"524\" srcset=\"https:\/\/news.save.ch\/wp-content\/uploads\/2023\/01\/FFP_teaser-1024x698.jpg 1024w, https:\/\/news.save.ch\/wp-content\/uploads\/2023\/01\/FFP_teaser-680x463.jpg 680w, https:\/\/news.save.ch\/wp-content\/uploads\/2023\/01\/FFP_teaser-768x523.jpg 768w, https:\/\/news.save.ch\/wp-content\/uploads\/2023\/01\/FFP_teaser-18x12.jpg 18w, https:\/\/news.save.ch\/wp-content\/uploads\/2023\/01\/FFP_teaser-375x255.jpg 375w, https:\/\/news.save.ch\/wp-content\/uploads\/2023\/01\/FFP_teaser-514x350.jpg 514w, https:\/\/news.save.ch\/wp-content\/uploads\/2023\/01\/FFP_teaser-1000x681.jpg 1000w, https:\/\/news.save.ch\/wp-content\/uploads\/2023\/01\/FFP_teaser.jpg 1095w\" sizes=\"auto, (max-width: 768px) 100vw, 768px\" \/><figcaption id=\"caption-attachment-10306\" class=\"wp-caption-text\">Bild: Suva<\/figcaption><\/figure>\n<p>Als Folge der Coronapandemie und der massiv gestiegenen Nachfrage nach FFP2-Masken kamen im Fr\u00fchjahr 2020 diverse neue Maskenhersteller auf den Markt. Neben den bereits etablierten FFP2-Masken mit Kopfb\u00e4ndern werden neu auch FFP2-Masken mit Ohrenschlaufen angeboten. Trotzdem empfiehlt die Suva den Betrieben, ihren Mitarbeitenden, wie bereits vor der Pandemie, weiterhin nur FFP2- und FFP3-Masken mit Kopfb\u00e4ndern zur Verf\u00fcgung zu stellen. Diese sind in der Anwendung weniger fehleranf\u00e4llig und sitzen in der Regel dichter am Gesicht.<\/p>\n<h3>Testergebnisse sprechen f\u00fcr Kopfb\u00e4ndermasken<\/h3>\n<p>Als Marktaufsichtsbeh\u00f6rde von FFP-Masken, die im beruflichen Kontext verwendet werden, hat die Suva ihre Kon\u00adtrollt\u00e4tigkeit seit dem Ausbruch der Coronapandemie intensiviert und FFP2-Masken mit Ohrenschlaufen und mit Kopfb\u00e4ndern gepr\u00fcft. Die Auswertung unserer umfangreichen Tests von \u00fcber 100 FFP2-Masken hat gezeigt, dass Kopfb\u00e4ndermasken gegen\u00fcber Ohrenschlaufenmasken in der Regel einen besseren Schutz bieten.<\/p>\n<h3>Ohrenschlaufenmasken sind fehleranf\u00e4lliger in der Anwendung<\/h3>\n<p>Grund daf\u00fcr ist nicht eine geminderte Qualit\u00e4t des Filtermaterials bei Ohrenschlaufenmasken, sondern dass diese schwieriger in der Handhabung und dadurch fehleranf\u00e4lliger sind in der Anwendung als Kopfb\u00e4ndermasken. Eine FFP-Maske kann ihre Schutzwirkung nur dann entfalten, wenn sie dicht am Gesicht sitzt. Gleichzeitig sind die Gesichtsformen sehr unterschiedlich.<\/p>\n<p>Bei Labortests mit verschiedenen Testpersonen hat sich gezeigt, dass Ohrenschlaufenmasken je nach Gesichtsform zu sehr unterschiedlichen und teils ungen\u00fcgenden Resultaten f\u00fchren \u2013 obschon die Testpersonen Ohrenschlaufenmasken aus derselben Produktionscharge trugen.<\/p>\n<p>Auf der anderen Seite stellte die Suva fest, dass die getesteten FFP2-Masken mit Kopfb\u00e4ndern unabh\u00e4ngig von den verschiedenen Gesichtsformen wesentlich konstantere Testresultate ergaben: Mit Kopfb\u00e4ndern sitzen die Masken dichter am Gesicht und sch\u00fctzen so besser als Masken mit Ohrenschlaufen.<\/p>\n<h3>Wie mache ich eine Dichtsitz\u00adkontrolle?<\/h3>\n<p>Bei der Dichtsitzkontrolle soll man w\u00e4hrend des Tragens der Maske stark aus\u00adatmen, den Luftzug vor allem an Nase und Kinn beobachten und so verschiedene Modelle vergleichen. Achten Sie auch darauf, bei Kopfb\u00e4ndermasken bei Bedarf die B\u00e4nder nachzuziehen.<\/p>\n<p>Ob nun FFP-Masken mit Kopfb\u00e4ndern oder Ohrenschlaufen verwendet werden \u2013 in jedem Fall ist die Bedienungsanleitung des Herstellers zu beachten.<\/p>\n<h3>Tipps f\u00fcr bestm\u00f6glichen Atemschutz<\/h3>\n<ul>\n<li>Nicht jede Atemschutzmaske passt auf jedes Gesicht. Bestellen Sie\u00a0Muster und lassen Sie Ihre Mitarbeitenden Dichtsitzkontrollen ausf\u00fchren, um herauszufinden, welche Produkte zu den Gesichtsformen Ihrer\u00a0Mitarbeitenden passen.<\/li>\n<li>Die Bauform der FFP-Maske (Vertikalfaltenmaske, Horizontalfaltenmaske, K\u00f6rbchenform etc.) hat ebenfalls Einfluss darauf, wie dicht die Maske am Gesicht sitzt.<\/li>\n<li>Formen Sie den Nasenb\u00fcgel so, dass die Maske gut abdichtet.<\/li>\n<\/ul>\n<p>&nbsp;<\/p>\n<p><strong>Weitere Informationen<\/strong><\/p>\n<p>So erkennen Sie richtige <a href=\"https:\/\/www.suva.ch\/de-ch\/praevention\/lebenswichtige-regeln-und-bestimmungen\/gut-geschuetzt-mit-persoenlicher-schutzausruestung\/atemschutzmasken-bei-der-arbeit\/richtige-ffp2-und-ffp3-atemschutzmasken-erkennen?sc_lang=de-CH\" target=\"_blank\" rel=\"noopener\">FFP2- oder FFP3-Atemschutzmasken<\/a>.<\/p>\n","protected":false},"excerpt":{"rendered":"<p>Als Folge der Coronapandemie und der massiv gestiegenen Nachfrage nach FFP2-Masken kamen im Fr\u00fchjahr 2020 diverse neue Maskenhersteller auf den Markt. Neben den bereits etablierten FFP2-Masken mit Kopfb\u00e4ndern werden neu auch FFP2-Masken mit Ohrenschlaufen angeboten. Trotzdem empfiehlt die Suva den Betrieben, ihren Mitarbeitenden, wie bereits vor der Pandemie, weiterhin nur FFP2- und FFP3-Masken mit Kopfb\u00e4ndern [&hellip;]<\/p>\n","protected":false},"author":9,"featured_media":10306,"comment_status":"closed","ping_status":"closed","sticky":false,"template":"","format":"standard","meta":{"_acf_changed":false,"pgc_sgb_lightbox_settings":"","footnotes":""},"categories":[1,3314],"tags":[3571,3575,2061,5090,2062,6129,3572,6130,3573,3574,167],"class_list":["post-17088","post","type-post","status-publish","format-standard","has-post-thumbnail","hentry","category-allgemein","category-health-safety","tag-coronapandemie","tag-dichtsitzkontrolle","tag-ffp2","tag-ffp2-masken","tag-ffp3","tag-kopfbaender","tag-kopfbaendermasken","tag-ohrenschlaufen","tag-ohrenschlaufenmasken","tag-schutzwirkung","tag-suva"],"acf":[],"hkrextid":null,"publication":null,"issue":null,"workflow":null,"startPage":null,"spitzmarke":null,"_posts_by_tag_page_fields":null,"_at_widget":null,"_yoast_wpseo_primary_category":"1","_yoast_wpseo_focuskw_text_input":null,"_yoast_wpseo_opengraph-image":null,"_yoast_wpseo_opengraph-description":null,"_yoast_wpseo_opengraph-title":null,"enclosure":null,"_yoast_wpseo_twitter-title":null,"_yoast_wpseo_twitter-description":null,"_yoast_wpseo_twitter-image":null,"_wp_old_slug":null,"_yoast_wpseo_title":null,"_yoast_wpseo_canonical":null,"yoast_head":"<!-- This site is optimized with the Yoast SEO plugin v27.5 - https:\/\/yoast.com\/product\/yoast-seo-wordpress\/ -->\n<title>Die Suva empfiehlt FFP-Masken mit Kopfb\u00e4ndern - Save<\/title>\n<meta name=\"description\" content=\"Neben FFP2- und FFP3-Masken mit Kopfb\u00e4ndern werden heute auch solche mit Ohrenschlaufen angeboten. Die Suva empfiehlt f\u00fcr die Arbeit weiterhin Masken mit Kopfb\u00e4ndern, weil sie weniger fehleranf\u00e4llig beim Anwenden sind.\" \/>\n<meta name=\"robots\" content=\"index, follow, max-snippet:-1, max-image-preview:large, max-video-preview:-1\" \/>\n<link rel=\"canonical\" href=\"https:\/\/news.save.ch\/de\/die-suva-empfiehlt-ffp-masken-mit-kopfbaendern\/\" \/>\n<meta property=\"og:locale\" content=\"de_DE\" \/>\n<meta property=\"og:type\" content=\"article\" \/>\n<meta property=\"og:title\" content=\"Die Suva empfiehlt FFP-Masken mit Kopfb\u00e4ndern - Save\" \/>\n<meta property=\"og:description\" content=\"Neben FFP2- und FFP3-Masken mit Kopfb\u00e4ndern werden heute auch solche mit Ohrenschlaufen angeboten. Die Suva empfiehlt f\u00fcr die Arbeit weiterhin Masken mit Kopfb\u00e4ndern, weil sie weniger fehleranf\u00e4llig beim Anwenden sind.\" \/>\n<meta property=\"og:url\" content=\"https:\/\/news.save.ch\/de\/die-suva-empfiehlt-ffp-masken-mit-kopfbaendern\/\" \/>\n<meta property=\"og:site_name\" content=\"Save\" \/>\n<meta property=\"article:published_time\" content=\"2023-01-23T07:52:00+00:00\" \/>\n<meta property=\"article:modified_time\" content=\"2023-07-26T03:09:01+00:00\" \/>\n<meta property=\"og:image\" content=\"https:\/\/news.save.ch\/wp-content\/uploads\/2023\/01\/FFP_teaser.jpg\" \/>\n\t<meta property=\"og:image:width\" content=\"1095\" \/>\n\t<meta property=\"og:image:height\" content=\"746\" \/>\n\t<meta property=\"og:image:type\" content=\"image\/jpeg\" \/>\n<meta name=\"author\" content=\"Simon Gr\u00f6flin\" \/>\n<meta name=\"twitter:card\" content=\"summary_large_image\" \/>\n<meta name=\"twitter:label1\" content=\"Geschrieben von\" \/>\n\t<meta name=\"twitter:data1\" content=\"Simon Gr\u00f6flin\" \/>\n\t<meta name=\"twitter:label2\" content=\"Gesch\u00e4tzte Lesezeit\" \/>\n\t<meta name=\"twitter:data2\" content=\"3\u00a0Minuten\" \/>\n<script type=\"application\/ld+json\" class=\"yoast-schema-graph\">{\"@context\":\"https:\\\/\\\/schema.org\",\"@graph\":[{\"@type\":\"Article\",\"@id\":\"https:\\\/\\\/news.save.ch\\\/die-suva-empfiehlt-ffp-masken-mit-kopfbaendern\\\/#article\",\"isPartOf\":{\"@id\":\"https:\\\/\\\/news.save.ch\\\/die-suva-empfiehlt-ffp-masken-mit-kopfbaendern\\\/\"},\"author\":{\"name\":\"Simon Gr\u00f6flin\",\"@id\":\"https:\\\/\\\/news.save.ch\\\/de\\\/#\\\/schema\\\/person\\\/ad4ef21102fd6125312409ac57d5296d\"},\"headline\":\"Die Suva empfiehlt FFP-Masken mit Kopfb\u00e4ndern\",\"datePublished\":\"2023-01-23T07:52:00+00:00\",\"dateModified\":\"2023-07-26T03:09:01+00:00\",\"mainEntityOfPage\":{\"@id\":\"https:\\\/\\\/news.save.ch\\\/die-suva-empfiehlt-ffp-masken-mit-kopfbaendern\\\/\"},\"wordCount\":441,\"publisher\":{\"@id\":\"https:\\\/\\\/news.save.ch\\\/de\\\/#organization\"},\"image\":{\"@id\":\"https:\\\/\\\/news.save.ch\\\/die-suva-empfiehlt-ffp-masken-mit-kopfbaendern\\\/#primaryimage\"},\"thumbnailUrl\":\"https:\\\/\\\/news.save.ch\\\/wp-content\\\/uploads\\\/2023\\\/01\\\/FFP_teaser.jpg\",\"keywords\":[\"Coronapandemie\",\"Dichtsitzkontrolle\",\"FFP2\",\"FFP2-Masken\",\"FFP3\",\"Kopfb\u00e4nder\",\"Kopfb\u00e4ndermasken\",\"Ohrenschlaufen\",\"Ohrenschlaufenmasken\",\"Schutzwirkung\",\"SUVA\"],\"articleSection\":[\"ALLGEMEIN\",\"HEALTH &amp; SAFETY\"],\"inLanguage\":\"de\"},{\"@type\":\"WebPage\",\"@id\":\"https:\\\/\\\/news.save.ch\\\/die-suva-empfiehlt-ffp-masken-mit-kopfbaendern\\\/\",\"url\":\"https:\\\/\\\/news.save.ch\\\/die-suva-empfiehlt-ffp-masken-mit-kopfbaendern\\\/\",\"name\":\"Die Suva empfiehlt FFP-Masken mit Kopfb\u00e4ndern - Save\",\"isPartOf\":{\"@id\":\"https:\\\/\\\/news.save.ch\\\/de\\\/#website\"},\"primaryImageOfPage\":{\"@id\":\"https:\\\/\\\/news.save.ch\\\/die-suva-empfiehlt-ffp-masken-mit-kopfbaendern\\\/#primaryimage\"},\"image\":{\"@id\":\"https:\\\/\\\/news.save.ch\\\/die-suva-empfiehlt-ffp-masken-mit-kopfbaendern\\\/#primaryimage\"},\"thumbnailUrl\":\"https:\\\/\\\/news.save.ch\\\/wp-content\\\/uploads\\\/2023\\\/01\\\/FFP_teaser.jpg\",\"datePublished\":\"2023-01-23T07:52:00+00:00\",\"dateModified\":\"2023-07-26T03:09:01+00:00\",\"description\":\"Neben FFP2- und FFP3-Masken mit Kopfb\u00e4ndern werden heute auch solche mit Ohrenschlaufen angeboten. Die Suva empfiehlt f\u00fcr die Arbeit weiterhin Masken mit Kopfb\u00e4ndern, weil sie weniger fehleranf\u00e4llig beim Anwenden sind.\",\"breadcrumb\":{\"@id\":\"https:\\\/\\\/news.save.ch\\\/die-suva-empfiehlt-ffp-masken-mit-kopfbaendern\\\/#breadcrumb\"},\"inLanguage\":\"de\",\"potentialAction\":[{\"@type\":\"ReadAction\",\"target\":[\"https:\\\/\\\/news.save.ch\\\/die-suva-empfiehlt-ffp-masken-mit-kopfbaendern\\\/\"]}]},{\"@type\":\"ImageObject\",\"inLanguage\":\"de\",\"@id\":\"https:\\\/\\\/news.save.ch\\\/die-suva-empfiehlt-ffp-masken-mit-kopfbaendern\\\/#primaryimage\",\"url\":\"https:\\\/\\\/news.save.ch\\\/wp-content\\\/uploads\\\/2023\\\/01\\\/FFP_teaser.jpg\",\"contentUrl\":\"https:\\\/\\\/news.save.ch\\\/wp-content\\\/uploads\\\/2023\\\/01\\\/FFP_teaser.jpg\",\"width\":1095,\"height\":746},{\"@type\":\"BreadcrumbList\",\"@id\":\"https:\\\/\\\/news.save.ch\\\/die-suva-empfiehlt-ffp-masken-mit-kopfbaendern\\\/#breadcrumb\",\"itemListElement\":[{\"@type\":\"ListItem\",\"position\":1,\"name\":\"Home\",\"item\":\"https:\\\/\\\/news.save.ch\\\/de\\\/\"},{\"@type\":\"ListItem\",\"position\":2,\"name\":\"Die Suva empfiehlt FFP-Masken mit Kopfb\u00e4ndern\"}]},{\"@type\":\"WebSite\",\"@id\":\"https:\\\/\\\/news.save.ch\\\/de\\\/#website\",\"url\":\"https:\\\/\\\/news.save.ch\\\/de\\\/\",\"name\":\"Save\",\"description\":\"Schweizer Fachzeitschrift f\u00fcr Sicherheit\",\"publisher\":{\"@id\":\"https:\\\/\\\/news.save.ch\\\/de\\\/#organization\"},\"potentialAction\":[{\"@type\":\"SearchAction\",\"target\":{\"@type\":\"EntryPoint\",\"urlTemplate\":\"https:\\\/\\\/news.save.ch\\\/de\\\/?s={search_term_string}\"},\"query-input\":{\"@type\":\"PropertyValueSpecification\",\"valueRequired\":true,\"valueName\":\"search_term_string\"}}],\"inLanguage\":\"de\"},{\"@type\":\"Organization\",\"@id\":\"https:\\\/\\\/news.save.ch\\\/de\\\/#organization\",\"name\":\"Sicherheitsforum\",\"url\":\"https:\\\/\\\/news.save.ch\\\/de\\\/\",\"logo\":{\"@type\":\"ImageObject\",\"inLanguage\":\"de\",\"@id\":\"https:\\\/\\\/news.save.ch\\\/de\\\/#\\\/schema\\\/logo\\\/image\\\/\",\"url\":\"https:\\\/\\\/news.save.ch\\\/wp-content\\\/uploads\\\/2022\\\/06\\\/Logo_SF_2012.png\",\"contentUrl\":\"https:\\\/\\\/news.save.ch\\\/wp-content\\\/uploads\\\/2022\\\/06\\\/Logo_SF_2012.png\",\"width\":1100,\"height\":91,\"caption\":\"Sicherheitsforum\"},\"image\":{\"@id\":\"https:\\\/\\\/news.save.ch\\\/de\\\/#\\\/schema\\\/logo\\\/image\\\/\"}},{\"@type\":\"Person\",\"@id\":\"https:\\\/\\\/news.save.ch\\\/de\\\/#\\\/schema\\\/person\\\/ad4ef21102fd6125312409ac57d5296d\",\"name\":\"Simon Gr\u00f6flin\",\"image\":{\"@type\":\"ImageObject\",\"inLanguage\":\"de\",\"@id\":\"https:\\\/\\\/secure.gravatar.com\\\/avatar\\\/6ddceb80eb734354635539e0ea5140bb7c41e42de7c45c9a2ab9921b5d5c9a83?s=96&d=mm&r=g\",\"url\":\"https:\\\/\\\/secure.gravatar.com\\\/avatar\\\/6ddceb80eb734354635539e0ea5140bb7c41e42de7c45c9a2ab9921b5d5c9a83?s=96&d=mm&r=g\",\"contentUrl\":\"https:\\\/\\\/secure.gravatar.com\\\/avatar\\\/6ddceb80eb734354635539e0ea5140bb7c41e42de7c45c9a2ab9921b5d5c9a83?s=96&d=mm&r=g\",\"caption\":\"Simon Gr\u00f6flin\"},\"url\":\"https:\\\/\\\/news.save.ch\\\/de\\\/author\\\/simon-groeflin\\\/\"}]}<\/script>\n<!-- \/ Yoast SEO plugin. -->","yoast_head_json":{"title":"Die Suva empfiehlt FFP-Masken mit Kopfb\u00e4ndern - Save","description":"Neben FFP2- und FFP3-Masken mit Kopfb\u00e4ndern werden heute auch solche mit Ohrenschlaufen angeboten. Die Suva empfiehlt f\u00fcr die Arbeit weiterhin Masken mit Kopfb\u00e4ndern, weil sie weniger fehleranf\u00e4llig beim Anwenden sind.","robots":{"index":"index","follow":"follow","max-snippet":"max-snippet:-1","max-image-preview":"max-image-preview:large","max-video-preview":"max-video-preview:-1"},"canonical":"https:\/\/news.save.ch\/de\/die-suva-empfiehlt-ffp-masken-mit-kopfbaendern\/","og_locale":"de_DE","og_type":"article","og_title":"Die Suva empfiehlt FFP-Masken mit Kopfb\u00e4ndern - Save","og_description":"Neben FFP2- und FFP3-Masken mit Kopfb\u00e4ndern werden heute auch solche mit Ohrenschlaufen angeboten. Die Suva empfiehlt f\u00fcr die Arbeit weiterhin Masken mit Kopfb\u00e4ndern, weil sie weniger fehleranf\u00e4llig beim Anwenden sind.","og_url":"https:\/\/news.save.ch\/de\/die-suva-empfiehlt-ffp-masken-mit-kopfbaendern\/","og_site_name":"Save","article_published_time":"2023-01-23T07:52:00+00:00","article_modified_time":"2023-07-26T03:09:01+00:00","og_image":[{"width":1095,"height":746,"url":"https:\/\/news.save.ch\/wp-content\/uploads\/2023\/01\/FFP_teaser.jpg","type":"image\/jpeg"}],"author":"Simon Gr\u00f6flin","twitter_card":"summary_large_image","twitter_misc":{"Geschrieben von":"Simon Gr\u00f6flin","Gesch\u00e4tzte Lesezeit":"3\u00a0Minuten"},"schema":{"@context":"https:\/\/schema.org","@graph":[{"@type":"Article","@id":"https:\/\/news.save.ch\/die-suva-empfiehlt-ffp-masken-mit-kopfbaendern\/#article","isPartOf":{"@id":"https:\/\/news.save.ch\/die-suva-empfiehlt-ffp-masken-mit-kopfbaendern\/"},"author":{"name":"Simon Gr\u00f6flin","@id":"https:\/\/news.save.ch\/de\/#\/schema\/person\/ad4ef21102fd6125312409ac57d5296d"},"headline":"Die Suva empfiehlt FFP-Masken mit Kopfb\u00e4ndern","datePublished":"2023-01-23T07:52:00+00:00","dateModified":"2023-07-26T03:09:01+00:00","mainEntityOfPage":{"@id":"https:\/\/news.save.ch\/die-suva-empfiehlt-ffp-masken-mit-kopfbaendern\/"},"wordCount":441,"publisher":{"@id":"https:\/\/news.save.ch\/de\/#organization"},"image":{"@id":"https:\/\/news.save.ch\/die-suva-empfiehlt-ffp-masken-mit-kopfbaendern\/#primaryimage"},"thumbnailUrl":"https:\/\/news.save.ch\/wp-content\/uploads\/2023\/01\/FFP_teaser.jpg","keywords":["Coronapandemie","Dichtsitzkontrolle","FFP2","FFP2-Masken","FFP3","Kopfb\u00e4nder","Kopfb\u00e4ndermasken","Ohrenschlaufen","Ohrenschlaufenmasken","Schutzwirkung","SUVA"],"articleSection":["ALLGEMEIN","HEALTH &amp; SAFETY"],"inLanguage":"de"},{"@type":"WebPage","@id":"https:\/\/news.save.ch\/die-suva-empfiehlt-ffp-masken-mit-kopfbaendern\/","url":"https:\/\/news.save.ch\/die-suva-empfiehlt-ffp-masken-mit-kopfbaendern\/","name":"Die Suva empfiehlt FFP-Masken mit Kopfb\u00e4ndern - Save","isPartOf":{"@id":"https:\/\/news.save.ch\/de\/#website"},"primaryImageOfPage":{"@id":"https:\/\/news.save.ch\/die-suva-empfiehlt-ffp-masken-mit-kopfbaendern\/#primaryimage"},"image":{"@id":"https:\/\/news.save.ch\/die-suva-empfiehlt-ffp-masken-mit-kopfbaendern\/#primaryimage"},"thumbnailUrl":"https:\/\/news.save.ch\/wp-content\/uploads\/2023\/01\/FFP_teaser.jpg","datePublished":"2023-01-23T07:52:00+00:00","dateModified":"2023-07-26T03:09:01+00:00","description":"Neben FFP2- und FFP3-Masken mit Kopfb\u00e4ndern werden heute auch solche mit Ohrenschlaufen angeboten. Die Suva empfiehlt f\u00fcr die Arbeit weiterhin Masken mit Kopfb\u00e4ndern, weil sie weniger fehleranf\u00e4llig beim Anwenden sind.","breadcrumb":{"@id":"https:\/\/news.save.ch\/die-suva-empfiehlt-ffp-masken-mit-kopfbaendern\/#breadcrumb"},"inLanguage":"de","potentialAction":[{"@type":"ReadAction","target":["https:\/\/news.save.ch\/die-suva-empfiehlt-ffp-masken-mit-kopfbaendern\/"]}]},{"@type":"ImageObject","inLanguage":"de","@id":"https:\/\/news.save.ch\/die-suva-empfiehlt-ffp-masken-mit-kopfbaendern\/#primaryimage","url":"https:\/\/news.save.ch\/wp-content\/uploads\/2023\/01\/FFP_teaser.jpg","contentUrl":"https:\/\/news.save.ch\/wp-content\/uploads\/2023\/01\/FFP_teaser.jpg","width":1095,"height":746},{"@type":"BreadcrumbList","@id":"https:\/\/news.save.ch\/die-suva-empfiehlt-ffp-masken-mit-kopfbaendern\/#breadcrumb","itemListElement":[{"@type":"ListItem","position":1,"name":"Home","item":"https:\/\/news.save.ch\/de\/"},{"@type":"ListItem","position":2,"name":"Die Suva empfiehlt FFP-Masken mit Kopfb\u00e4ndern"}]},{"@type":"WebSite","@id":"https:\/\/news.save.ch\/de\/#website","url":"https:\/\/news.save.ch\/de\/","name":"Save","description":"Schweizer Fachzeitschrift f\u00fcr Sicherheit","publisher":{"@id":"https:\/\/news.save.ch\/de\/#organization"},"potentialAction":[{"@type":"SearchAction","target":{"@type":"EntryPoint","urlTemplate":"https:\/\/news.save.ch\/de\/?s={search_term_string}"},"query-input":{"@type":"PropertyValueSpecification","valueRequired":true,"valueName":"search_term_string"}}],"inLanguage":"de"},{"@type":"Organization","@id":"https:\/\/news.save.ch\/de\/#organization","name":"Sicherheitsforum","url":"https:\/\/news.save.ch\/de\/","logo":{"@type":"ImageObject","inLanguage":"de","@id":"https:\/\/news.save.ch\/de\/#\/schema\/logo\/image\/","url":"https:\/\/news.save.ch\/wp-content\/uploads\/2022\/06\/Logo_SF_2012.png","contentUrl":"https:\/\/news.save.ch\/wp-content\/uploads\/2022\/06\/Logo_SF_2012.png","width":1100,"height":91,"caption":"Sicherheitsforum"},"image":{"@id":"https:\/\/news.save.ch\/de\/#\/schema\/logo\/image\/"}},{"@type":"Person","@id":"https:\/\/news.save.ch\/de\/#\/schema\/person\/ad4ef21102fd6125312409ac57d5296d","name":"Simon Gr\u00f6flin","image":{"@type":"ImageObject","inLanguage":"de","@id":"https:\/\/secure.gravatar.com\/avatar\/6ddceb80eb734354635539e0ea5140bb7c41e42de7c45c9a2ab9921b5d5c9a83?s=96&d=mm&r=g","url":"https:\/\/secure.gravatar.com\/avatar\/6ddceb80eb734354635539e0ea5140bb7c41e42de7c45c9a2ab9921b5d5c9a83?s=96&d=mm&r=g","contentUrl":"https:\/\/secure.gravatar.com\/avatar\/6ddceb80eb734354635539e0ea5140bb7c41e42de7c45c9a2ab9921b5d5c9a83?s=96&d=mm&r=g","caption":"Simon Gr\u00f6flin"},"url":"https:\/\/news.save.ch\/de\/author\/simon-groeflin\/"}]}},"_links":{"self":[{"href":"https:\/\/news.save.ch\/de\/wp-json\/wp\/v2\/posts\/17088","targetHints":{"allow":["GET"]}}],"collection":[{"href":"https:\/\/news.save.ch\/de\/wp-json\/wp\/v2\/posts"}],"about":[{"href":"https:\/\/news.save.ch\/de\/wp-json\/wp\/v2\/types\/post"}],"author":[{"embeddable":true,"href":"https:\/\/news.save.ch\/de\/wp-json\/wp\/v2\/users\/9"}],"replies":[{"embeddable":true,"href":"https:\/\/news.save.ch\/de\/wp-json\/wp\/v2\/comments?post=17088"}],"version-history":[{"count":3,"href":"https:\/\/news.save.ch\/de\/wp-json\/wp\/v2\/posts\/17088\/revisions"}],"predecessor-version":[{"id":19625,"href":"https:\/\/news.save.ch\/de\/wp-json\/wp\/v2\/posts\/17088\/revisions\/19625"}],"wp:featuredmedia":[{"embeddable":true,"href":"https:\/\/news.save.ch\/de\/wp-json\/wp\/v2\/media\/10306"}],"wp:attachment":[{"href":"https:\/\/news.save.ch\/de\/wp-json\/wp\/v2\/media?parent=17088"}],"wp:term":[{"taxonomy":"category","embeddable":true,"href":"https:\/\/news.save.ch\/de\/wp-json\/wp\/v2\/categories?post=17088"},{"taxonomy":"post_tag","embeddable":true,"href":"https:\/\/news.save.ch\/de\/wp-json\/wp\/v2\/tags?post=17088"}],"curies":[{"name":"wp","href":"https:\/\/api.w.org\/{rel}","templated":true}]}}