{"id":17096,"date":"2023-02-20T07:28:31","date_gmt":"2023-02-20T06:28:31","guid":{"rendered":"https:\/\/news.save.ch\/?p=10411"},"modified":"2023-07-26T03:41:42","modified_gmt":"2023-07-26T01:41:42","slug":"airbag-hose-soll-beine-von-zweiradfahrern-schuetzen","status":null,"type":"post","link":"https:\/\/news.save.ch\/de\/airbag-hose-soll-beine-von-zweiradfahrern-schuetzen\/","title":{"rendered":"Airbag-Hose soll Beine von Zweiradfahrern sch\u00fctzen"},"content":{"rendered":"<figure id=\"attachment_10413\" aria-describedby=\"caption-attachment-10413\" style=\"width: 777px\" class=\"wp-caption alignnone\"><img loading=\"lazy\" decoding=\"async\" class=\"wp-image-10413 size-full\" src=\"https:\/\/news.save.ch\/wp-content\/uploads\/2023\/02\/Hosen_Airbag_teaser.jpg\" alt=\"Airbag-Hose\" width=\"777\" height=\"557\" srcset=\"https:\/\/news.save.ch\/wp-content\/uploads\/2023\/02\/Hosen_Airbag_teaser.jpg 777w, https:\/\/news.save.ch\/wp-content\/uploads\/2023\/02\/Hosen_Airbag_teaser-680x487.jpg 680w, https:\/\/news.save.ch\/wp-content\/uploads\/2023\/02\/Hosen_Airbag_teaser-768x551.jpg 768w, https:\/\/news.save.ch\/wp-content\/uploads\/2023\/02\/Hosen_Airbag_teaser-18x12.jpg 18w, https:\/\/news.save.ch\/wp-content\/uploads\/2023\/02\/Hosen_Airbag_teaser-375x269.jpg 375w, https:\/\/news.save.ch\/wp-content\/uploads\/2023\/02\/Hosen_Airbag_teaser-488x350.jpg 488w\" sizes=\"auto, (max-width: 777px) 100vw, 777px\" \/><figcaption id=\"caption-attachment-10413\" class=\"wp-caption-text\">Airbag-Hose im Normalzustand (links) und aufgeblasen (Bild: cxairdynamics.com)<\/figcaption><\/figure>\n<p>Motorrad-, Roller- und E-Scooter-Fahrer k\u00f6nnen sich k\u00fcnftig auch an Beinen und H\u00fcfte vor Verletzungen durch Unf\u00e4lle sch\u00fctzen.\u00a0<a href=\"https:\/\/cxairdynamics.com\/en\" target=\"_blank\" rel=\"noopener\">CX Air Dynamics<\/a>, Hersteller von Schutzkleidung f\u00fcr Zweiradfahrer, verkauft nun mit einem Airbag ausgestattete Hosen. Sie sind wasserabweisend und atmungsaktiv, wie normale Hosen dieser Art. Doch drinnen steckt eine Art Ballon, der von einer Druckluftkartusche innerhalb von weniger als 200 Millisekunden aufgeblasen wird, wenn der Fahrer von seinem Zweirad geschleudert wird, etwa nach einer Kollision.<\/p>\n<h3>Beine und H\u00fcfte stark gef\u00e4hrdet<\/h3>\n<p>Mit der Innovation lassen sich viele Verletzungen vermeiden, so das Unternehmen. Immerhin betreffen 63 Prozent aller Verletzungen von Zweiradfahrern die unteren Extremit\u00e4ten. Anders als bei Airbags in Autos, die nach einem Unfall ausgetauscht werden m\u00fcssen, sind die Prallkissen in Hosen wieder einsatzf\u00e4hig, wenn sie mit einer neuen Kartusche ausgestattet werden.<\/p>\n<p>Die neuen Hosen sind mit einem flexiblen, stossabsorbierenden Schutz aus Poron XRD an Knien und H\u00fcfte versehen. Das ist ein Schaum auf der Basis des Kunststoffs Polyurethan. Der Airbag reicht von der H\u00fcfte bis zu den Fussgelenken. In Knieh\u00f6he ist er unterbrochen, damit sich das Gelenk bewegen kann. Die Hose kostet im Online-Shop des Herstellers 600 Franken.<\/p>\n<p><iframe loading=\"lazy\" title=\"CX Air Dynamics   Cascades airbag\" width=\"768\" height=\"432\" src=\"https:\/\/www.youtube.com\/embed\/UNYBCX7zhb0?feature=oembed\" frameborder=\"0\" allow=\"accelerometer; autoplay; clipboard-write; encrypted-media; gyroscope; picture-in-picture; web-share\" allowfullscreen><\/iframe><\/p>\n<h3>Schweden mit eigener Entwicklung<\/h3>\n<p>Das schwedische Unternehmen\u00a0<a href=\"https:\/\/www.mocycle.com\/\" target=\"_blank\" rel=\"noopener\">Mo&#8217;Cycle<\/a>\u00a0will den Franzosen Paroli bieten. In K\u00fcrze soll dessen Airbag-Hose auf den Markt kommen, die im Jeans-Look daherkommt. Der aufblasbare Schutzmechanismus reicht hier nur bis zum Knie. Dieses wird durch einen Polster gesch\u00fctzt, ebenso das Schienbein. Das Unternehmen ist allerdings noch auf der Suche nach Geldgebern.<\/p>\n<p>In einer Crowdfunding-Kampagne will es die f\u00fcr den Produktionsbeginn n\u00f6tigen Mittel einsammeln. Die Hose kann jetzt schon zu einem Startpreis gegen 410 Franken bei einer Einlage von f\u00fcnf Dollar (4,65 Franken) geordert werden. Westen mit integriertem Airbag sind f\u00fcr Motorradrennfahrer schon seit vielen Jahren in Gebrauch. Auch f\u00fcr private Nutzer werden sie angeboten. Bei den Hosen aber gab es Konstruktionsprobleme, die erst jetzt gel\u00f6st worden sind.<\/p>\n<p>Quelle: <a href=\"https:\/\/www.pressetext.com\/news\/airbag-hose-schuetzt-beine-von-zweiradfahrern.html\" target=\"_blank\" rel=\"noopener\">Pressetext.com<\/a><\/p>\n","protected":false},"excerpt":{"rendered":"<p>Motorrad-, Roller- und E-Scooter-Fahrer k\u00f6nnen sich k\u00fcnftig auch an Beinen und H\u00fcfte vor Verletzungen durch Unf\u00e4lle sch\u00fctzen.\u00a0CX Air Dynamics, Hersteller von Schutzkleidung f\u00fcr Zweiradfahrer, verkauft nun mit einem Airbag ausgestattete Hosen. Sie sind wasserabweisend und atmungsaktiv, wie normale Hosen dieser Art. Doch drinnen steckt eine Art Ballon, der von einer Druckluftkartusche innerhalb von weniger als [&hellip;]<\/p>\n","protected":false},"author":9,"featured_media":10413,"comment_status":"closed","ping_status":"closed","sticky":false,"template":"","format":"standard","meta":{"_acf_changed":false,"pgc_sgb_lightbox_settings":"","footnotes":""},"categories":[3314],"tags":[1604,6113,3534,2267,6115,6116,2869,310,327,3187,6114,3533],"class_list":["post-17096","post","type-post","status-publish","format-standard","has-post-thumbnail","hentry","category-health-safety","tag-airbag","tag-airbag-hosen","tag-druckluftkartusche","tag-hosen","tag-poron-xrd","tag-preis","tag-schutzkleidung","tag-sicherheit","tag-strassenverkehr","tag-verletzungen","tag-wiederverwendbarkeit","tag-zweiradfahrer"],"acf":[],"hkrextid":null,"publication":null,"issue":null,"workflow":null,"startPage":null,"spitzmarke":null,"_posts_by_tag_page_fields":null,"_at_widget":null,"_yoast_wpseo_primary_category":"","_yoast_wpseo_focuskw_text_input":null,"_yoast_wpseo_opengraph-image":null,"_yoast_wpseo_opengraph-description":null,"_yoast_wpseo_opengraph-title":null,"enclosure":null,"_yoast_wpseo_twitter-title":null,"_yoast_wpseo_twitter-description":null,"_yoast_wpseo_twitter-image":null,"_wp_old_slug":null,"_yoast_wpseo_title":null,"_yoast_wpseo_canonical":null,"yoast_head":"<!-- This site is optimized with the Yoast SEO plugin v27.4 - https:\/\/yoast.com\/product\/yoast-seo-wordpress\/ -->\n<title>Airbag-Hose soll Beine von Zweiradfahrern sch\u00fctzen - Save<\/title>\n<meta name=\"description\" content=\"Das schwedische Unternehmen Mo&#039;Cycle bringt eine Jeans mit integriertem Airbag f\u00fcr auf den Markt bringen, die sich im Ernstfall in weniger als 200 Millisekunden aufbl\u00e4st.\" \/>\n<meta name=\"robots\" content=\"index, follow, max-snippet:-1, max-image-preview:large, max-video-preview:-1\" \/>\n<link rel=\"canonical\" href=\"https:\/\/news.save.ch\/de\/airbag-hose-soll-beine-von-zweiradfahrern-schuetzen\/\" \/>\n<meta property=\"og:locale\" content=\"de_DE\" \/>\n<meta property=\"og:type\" content=\"article\" \/>\n<meta property=\"og:title\" content=\"Airbag-Hose soll Beine von Zweiradfahrern sch\u00fctzen - Save\" \/>\n<meta property=\"og:description\" content=\"Das schwedische Unternehmen Mo&#039;Cycle bringt eine Jeans mit integriertem Airbag f\u00fcr auf den Markt bringen, die sich im Ernstfall in weniger als 200 Millisekunden aufbl\u00e4st.\" \/>\n<meta property=\"og:url\" content=\"https:\/\/news.save.ch\/de\/airbag-hose-soll-beine-von-zweiradfahrern-schuetzen\/\" \/>\n<meta property=\"og:site_name\" content=\"Save\" \/>\n<meta property=\"article:published_time\" content=\"2023-02-20T06:28:31+00:00\" \/>\n<meta property=\"article:modified_time\" content=\"2023-07-26T01:41:42+00:00\" \/>\n<meta property=\"og:image\" content=\"https:\/\/news.save.ch\/wp-content\/uploads\/2023\/02\/Hosen_Airbag_teaser.jpg\" \/>\n\t<meta property=\"og:image:width\" content=\"777\" \/>\n\t<meta property=\"og:image:height\" content=\"557\" \/>\n\t<meta property=\"og:image:type\" content=\"image\/jpeg\" \/>\n<meta name=\"author\" content=\"Simon Gr\u00f6flin\" \/>\n<meta name=\"twitter:card\" content=\"summary_large_image\" \/>\n<meta name=\"twitter:label1\" content=\"Geschrieben von\" \/>\n\t<meta name=\"twitter:data1\" content=\"Simon Gr\u00f6flin\" \/>\n\t<meta name=\"twitter:label2\" content=\"Gesch\u00e4tzte Lesezeit\" \/>\n\t<meta name=\"twitter:data2\" content=\"2\u00a0Minuten\" \/>\n<script type=\"application\/ld+json\" class=\"yoast-schema-graph\">{\"@context\":\"https:\\\/\\\/schema.org\",\"@graph\":[{\"@type\":\"Article\",\"@id\":\"https:\\\/\\\/news.save.ch\\\/airbag-hose-soll-beine-von-zweiradfahrern-schuetzen\\\/#article\",\"isPartOf\":{\"@id\":\"https:\\\/\\\/news.save.ch\\\/airbag-hose-soll-beine-von-zweiradfahrern-schuetzen\\\/\"},\"author\":{\"name\":\"Simon Gr\u00f6flin\",\"@id\":\"https:\\\/\\\/news.save.ch\\\/de\\\/#\\\/schema\\\/person\\\/ad4ef21102fd6125312409ac57d5296d\"},\"headline\":\"Airbag-Hose soll Beine von Zweiradfahrern sch\u00fctzen\",\"datePublished\":\"2023-02-20T06:28:31+00:00\",\"dateModified\":\"2023-07-26T01:41:42+00:00\",\"mainEntityOfPage\":{\"@id\":\"https:\\\/\\\/news.save.ch\\\/airbag-hose-soll-beine-von-zweiradfahrern-schuetzen\\\/\"},\"wordCount\":355,\"publisher\":{\"@id\":\"https:\\\/\\\/news.save.ch\\\/de\\\/#organization\"},\"image\":{\"@id\":\"https:\\\/\\\/news.save.ch\\\/airbag-hose-soll-beine-von-zweiradfahrern-schuetzen\\\/#primaryimage\"},\"thumbnailUrl\":\"https:\\\/\\\/news.save.ch\\\/wp-content\\\/uploads\\\/2023\\\/02\\\/Hosen_Airbag_teaser.jpg\",\"keywords\":[\"Airbag\",\"Airbag-Hosen\",\"Druckluftkartusche\",\"Hosen\",\"Poron XRD\",\"Preis\",\"Schutzkleidung\",\"Sicherheit\",\"Strassenverkehr\",\"Verletzungen\",\"Wiederverwendbarkeit\",\"Zweiradfahrer\"],\"articleSection\":[\"HEALTH &amp; SAFETY\"],\"inLanguage\":\"de\"},{\"@type\":\"WebPage\",\"@id\":\"https:\\\/\\\/news.save.ch\\\/airbag-hose-soll-beine-von-zweiradfahrern-schuetzen\\\/\",\"url\":\"https:\\\/\\\/news.save.ch\\\/airbag-hose-soll-beine-von-zweiradfahrern-schuetzen\\\/\",\"name\":\"Airbag-Hose soll Beine von Zweiradfahrern sch\u00fctzen - Save\",\"isPartOf\":{\"@id\":\"https:\\\/\\\/news.save.ch\\\/de\\\/#website\"},\"primaryImageOfPage\":{\"@id\":\"https:\\\/\\\/news.save.ch\\\/airbag-hose-soll-beine-von-zweiradfahrern-schuetzen\\\/#primaryimage\"},\"image\":{\"@id\":\"https:\\\/\\\/news.save.ch\\\/airbag-hose-soll-beine-von-zweiradfahrern-schuetzen\\\/#primaryimage\"},\"thumbnailUrl\":\"https:\\\/\\\/news.save.ch\\\/wp-content\\\/uploads\\\/2023\\\/02\\\/Hosen_Airbag_teaser.jpg\",\"datePublished\":\"2023-02-20T06:28:31+00:00\",\"dateModified\":\"2023-07-26T01:41:42+00:00\",\"description\":\"Das schwedische Unternehmen Mo'Cycle bringt eine Jeans mit integriertem Airbag f\u00fcr auf den Markt bringen, die sich im Ernstfall in weniger als 200 Millisekunden aufbl\u00e4st.\",\"breadcrumb\":{\"@id\":\"https:\\\/\\\/news.save.ch\\\/airbag-hose-soll-beine-von-zweiradfahrern-schuetzen\\\/#breadcrumb\"},\"inLanguage\":\"de\",\"potentialAction\":[{\"@type\":\"ReadAction\",\"target\":[\"https:\\\/\\\/news.save.ch\\\/airbag-hose-soll-beine-von-zweiradfahrern-schuetzen\\\/\"]}]},{\"@type\":\"ImageObject\",\"inLanguage\":\"de\",\"@id\":\"https:\\\/\\\/news.save.ch\\\/airbag-hose-soll-beine-von-zweiradfahrern-schuetzen\\\/#primaryimage\",\"url\":\"https:\\\/\\\/news.save.ch\\\/wp-content\\\/uploads\\\/2023\\\/02\\\/Hosen_Airbag_teaser.jpg\",\"contentUrl\":\"https:\\\/\\\/news.save.ch\\\/wp-content\\\/uploads\\\/2023\\\/02\\\/Hosen_Airbag_teaser.jpg\",\"width\":777,\"height\":557},{\"@type\":\"BreadcrumbList\",\"@id\":\"https:\\\/\\\/news.save.ch\\\/airbag-hose-soll-beine-von-zweiradfahrern-schuetzen\\\/#breadcrumb\",\"itemListElement\":[{\"@type\":\"ListItem\",\"position\":1,\"name\":\"Home\",\"item\":\"https:\\\/\\\/news.save.ch\\\/de\\\/\"},{\"@type\":\"ListItem\",\"position\":2,\"name\":\"Airbag-Hose soll Beine von Zweiradfahrern sch\u00fctzen\"}]},{\"@type\":\"WebSite\",\"@id\":\"https:\\\/\\\/news.save.ch\\\/de\\\/#website\",\"url\":\"https:\\\/\\\/news.save.ch\\\/de\\\/\",\"name\":\"Save\",\"description\":\"Schweizer Fachzeitschrift f\u00fcr Sicherheit\",\"publisher\":{\"@id\":\"https:\\\/\\\/news.save.ch\\\/de\\\/#organization\"},\"potentialAction\":[{\"@type\":\"SearchAction\",\"target\":{\"@type\":\"EntryPoint\",\"urlTemplate\":\"https:\\\/\\\/news.save.ch\\\/de\\\/?s={search_term_string}\"},\"query-input\":{\"@type\":\"PropertyValueSpecification\",\"valueRequired\":true,\"valueName\":\"search_term_string\"}}],\"inLanguage\":\"de\"},{\"@type\":\"Organization\",\"@id\":\"https:\\\/\\\/news.save.ch\\\/de\\\/#organization\",\"name\":\"Sicherheitsforum\",\"url\":\"https:\\\/\\\/news.save.ch\\\/de\\\/\",\"logo\":{\"@type\":\"ImageObject\",\"inLanguage\":\"de\",\"@id\":\"https:\\\/\\\/news.save.ch\\\/de\\\/#\\\/schema\\\/logo\\\/image\\\/\",\"url\":\"https:\\\/\\\/news.save.ch\\\/wp-content\\\/uploads\\\/2022\\\/06\\\/Logo_SF_2012.png\",\"contentUrl\":\"https:\\\/\\\/news.save.ch\\\/wp-content\\\/uploads\\\/2022\\\/06\\\/Logo_SF_2012.png\",\"width\":1100,\"height\":91,\"caption\":\"Sicherheitsforum\"},\"image\":{\"@id\":\"https:\\\/\\\/news.save.ch\\\/de\\\/#\\\/schema\\\/logo\\\/image\\\/\"}},{\"@type\":\"Person\",\"@id\":\"https:\\\/\\\/news.save.ch\\\/de\\\/#\\\/schema\\\/person\\\/ad4ef21102fd6125312409ac57d5296d\",\"name\":\"Simon Gr\u00f6flin\",\"image\":{\"@type\":\"ImageObject\",\"inLanguage\":\"de\",\"@id\":\"https:\\\/\\\/secure.gravatar.com\\\/avatar\\\/6ddceb80eb734354635539e0ea5140bb7c41e42de7c45c9a2ab9921b5d5c9a83?s=96&d=mm&r=g\",\"url\":\"https:\\\/\\\/secure.gravatar.com\\\/avatar\\\/6ddceb80eb734354635539e0ea5140bb7c41e42de7c45c9a2ab9921b5d5c9a83?s=96&d=mm&r=g\",\"contentUrl\":\"https:\\\/\\\/secure.gravatar.com\\\/avatar\\\/6ddceb80eb734354635539e0ea5140bb7c41e42de7c45c9a2ab9921b5d5c9a83?s=96&d=mm&r=g\",\"caption\":\"Simon Gr\u00f6flin\"},\"url\":\"https:\\\/\\\/news.save.ch\\\/de\\\/author\\\/simon-groeflin\\\/\"}]}<\/script>\n<!-- \/ Yoast SEO plugin. -->","yoast_head_json":{"title":"Airbag-Hose soll Beine von Zweiradfahrern sch\u00fctzen - Save","description":"Das schwedische Unternehmen Mo'Cycle bringt eine Jeans mit integriertem Airbag f\u00fcr auf den Markt bringen, die sich im Ernstfall in weniger als 200 Millisekunden aufbl\u00e4st.","robots":{"index":"index","follow":"follow","max-snippet":"max-snippet:-1","max-image-preview":"max-image-preview:large","max-video-preview":"max-video-preview:-1"},"canonical":"https:\/\/news.save.ch\/de\/airbag-hose-soll-beine-von-zweiradfahrern-schuetzen\/","og_locale":"de_DE","og_type":"article","og_title":"Airbag-Hose soll Beine von Zweiradfahrern sch\u00fctzen - Save","og_description":"Das schwedische Unternehmen Mo'Cycle bringt eine Jeans mit integriertem Airbag f\u00fcr auf den Markt bringen, die sich im Ernstfall in weniger als 200 Millisekunden aufbl\u00e4st.","og_url":"https:\/\/news.save.ch\/de\/airbag-hose-soll-beine-von-zweiradfahrern-schuetzen\/","og_site_name":"Save","article_published_time":"2023-02-20T06:28:31+00:00","article_modified_time":"2023-07-26T01:41:42+00:00","og_image":[{"width":777,"height":557,"url":"https:\/\/news.save.ch\/wp-content\/uploads\/2023\/02\/Hosen_Airbag_teaser.jpg","type":"image\/jpeg"}],"author":"Simon Gr\u00f6flin","twitter_card":"summary_large_image","twitter_misc":{"Geschrieben von":"Simon Gr\u00f6flin","Gesch\u00e4tzte Lesezeit":"2\u00a0Minuten"},"schema":{"@context":"https:\/\/schema.org","@graph":[{"@type":"Article","@id":"https:\/\/news.save.ch\/airbag-hose-soll-beine-von-zweiradfahrern-schuetzen\/#article","isPartOf":{"@id":"https:\/\/news.save.ch\/airbag-hose-soll-beine-von-zweiradfahrern-schuetzen\/"},"author":{"name":"Simon Gr\u00f6flin","@id":"https:\/\/news.save.ch\/de\/#\/schema\/person\/ad4ef21102fd6125312409ac57d5296d"},"headline":"Airbag-Hose soll Beine von Zweiradfahrern sch\u00fctzen","datePublished":"2023-02-20T06:28:31+00:00","dateModified":"2023-07-26T01:41:42+00:00","mainEntityOfPage":{"@id":"https:\/\/news.save.ch\/airbag-hose-soll-beine-von-zweiradfahrern-schuetzen\/"},"wordCount":355,"publisher":{"@id":"https:\/\/news.save.ch\/de\/#organization"},"image":{"@id":"https:\/\/news.save.ch\/airbag-hose-soll-beine-von-zweiradfahrern-schuetzen\/#primaryimage"},"thumbnailUrl":"https:\/\/news.save.ch\/wp-content\/uploads\/2023\/02\/Hosen_Airbag_teaser.jpg","keywords":["Airbag","Airbag-Hosen","Druckluftkartusche","Hosen","Poron XRD","Preis","Schutzkleidung","Sicherheit","Strassenverkehr","Verletzungen","Wiederverwendbarkeit","Zweiradfahrer"],"articleSection":["HEALTH &amp; SAFETY"],"inLanguage":"de"},{"@type":"WebPage","@id":"https:\/\/news.save.ch\/airbag-hose-soll-beine-von-zweiradfahrern-schuetzen\/","url":"https:\/\/news.save.ch\/airbag-hose-soll-beine-von-zweiradfahrern-schuetzen\/","name":"Airbag-Hose soll Beine von Zweiradfahrern sch\u00fctzen - Save","isPartOf":{"@id":"https:\/\/news.save.ch\/de\/#website"},"primaryImageOfPage":{"@id":"https:\/\/news.save.ch\/airbag-hose-soll-beine-von-zweiradfahrern-schuetzen\/#primaryimage"},"image":{"@id":"https:\/\/news.save.ch\/airbag-hose-soll-beine-von-zweiradfahrern-schuetzen\/#primaryimage"},"thumbnailUrl":"https:\/\/news.save.ch\/wp-content\/uploads\/2023\/02\/Hosen_Airbag_teaser.jpg","datePublished":"2023-02-20T06:28:31+00:00","dateModified":"2023-07-26T01:41:42+00:00","description":"Das schwedische Unternehmen Mo'Cycle bringt eine Jeans mit integriertem Airbag f\u00fcr auf den Markt bringen, die sich im Ernstfall in weniger als 200 Millisekunden aufbl\u00e4st.","breadcrumb":{"@id":"https:\/\/news.save.ch\/airbag-hose-soll-beine-von-zweiradfahrern-schuetzen\/#breadcrumb"},"inLanguage":"de","potentialAction":[{"@type":"ReadAction","target":["https:\/\/news.save.ch\/airbag-hose-soll-beine-von-zweiradfahrern-schuetzen\/"]}]},{"@type":"ImageObject","inLanguage":"de","@id":"https:\/\/news.save.ch\/airbag-hose-soll-beine-von-zweiradfahrern-schuetzen\/#primaryimage","url":"https:\/\/news.save.ch\/wp-content\/uploads\/2023\/02\/Hosen_Airbag_teaser.jpg","contentUrl":"https:\/\/news.save.ch\/wp-content\/uploads\/2023\/02\/Hosen_Airbag_teaser.jpg","width":777,"height":557},{"@type":"BreadcrumbList","@id":"https:\/\/news.save.ch\/airbag-hose-soll-beine-von-zweiradfahrern-schuetzen\/#breadcrumb","itemListElement":[{"@type":"ListItem","position":1,"name":"Home","item":"https:\/\/news.save.ch\/de\/"},{"@type":"ListItem","position":2,"name":"Airbag-Hose soll Beine von Zweiradfahrern sch\u00fctzen"}]},{"@type":"WebSite","@id":"https:\/\/news.save.ch\/de\/#website","url":"https:\/\/news.save.ch\/de\/","name":"Save","description":"Schweizer Fachzeitschrift f\u00fcr Sicherheit","publisher":{"@id":"https:\/\/news.save.ch\/de\/#organization"},"potentialAction":[{"@type":"SearchAction","target":{"@type":"EntryPoint","urlTemplate":"https:\/\/news.save.ch\/de\/?s={search_term_string}"},"query-input":{"@type":"PropertyValueSpecification","valueRequired":true,"valueName":"search_term_string"}}],"inLanguage":"de"},{"@type":"Organization","@id":"https:\/\/news.save.ch\/de\/#organization","name":"Sicherheitsforum","url":"https:\/\/news.save.ch\/de\/","logo":{"@type":"ImageObject","inLanguage":"de","@id":"https:\/\/news.save.ch\/de\/#\/schema\/logo\/image\/","url":"https:\/\/news.save.ch\/wp-content\/uploads\/2022\/06\/Logo_SF_2012.png","contentUrl":"https:\/\/news.save.ch\/wp-content\/uploads\/2022\/06\/Logo_SF_2012.png","width":1100,"height":91,"caption":"Sicherheitsforum"},"image":{"@id":"https:\/\/news.save.ch\/de\/#\/schema\/logo\/image\/"}},{"@type":"Person","@id":"https:\/\/news.save.ch\/de\/#\/schema\/person\/ad4ef21102fd6125312409ac57d5296d","name":"Simon Gr\u00f6flin","image":{"@type":"ImageObject","inLanguage":"de","@id":"https:\/\/secure.gravatar.com\/avatar\/6ddceb80eb734354635539e0ea5140bb7c41e42de7c45c9a2ab9921b5d5c9a83?s=96&d=mm&r=g","url":"https:\/\/secure.gravatar.com\/avatar\/6ddceb80eb734354635539e0ea5140bb7c41e42de7c45c9a2ab9921b5d5c9a83?s=96&d=mm&r=g","contentUrl":"https:\/\/secure.gravatar.com\/avatar\/6ddceb80eb734354635539e0ea5140bb7c41e42de7c45c9a2ab9921b5d5c9a83?s=96&d=mm&r=g","caption":"Simon Gr\u00f6flin"},"url":"https:\/\/news.save.ch\/de\/author\/simon-groeflin\/"}]}},"_links":{"self":[{"href":"https:\/\/news.save.ch\/de\/wp-json\/wp\/v2\/posts\/17096","targetHints":{"allow":["GET"]}}],"collection":[{"href":"https:\/\/news.save.ch\/de\/wp-json\/wp\/v2\/posts"}],"about":[{"href":"https:\/\/news.save.ch\/de\/wp-json\/wp\/v2\/types\/post"}],"author":[{"embeddable":true,"href":"https:\/\/news.save.ch\/de\/wp-json\/wp\/v2\/users\/9"}],"replies":[{"embeddable":true,"href":"https:\/\/news.save.ch\/de\/wp-json\/wp\/v2\/comments?post=17096"}],"version-history":[{"count":3,"href":"https:\/\/news.save.ch\/de\/wp-json\/wp\/v2\/posts\/17096\/revisions"}],"predecessor-version":[{"id":19606,"href":"https:\/\/news.save.ch\/de\/wp-json\/wp\/v2\/posts\/17096\/revisions\/19606"}],"wp:featuredmedia":[{"embeddable":true,"href":"https:\/\/news.save.ch\/de\/wp-json\/wp\/v2\/media\/10413"}],"wp:attachment":[{"href":"https:\/\/news.save.ch\/de\/wp-json\/wp\/v2\/media?parent=17096"}],"wp:term":[{"taxonomy":"category","embeddable":true,"href":"https:\/\/news.save.ch\/de\/wp-json\/wp\/v2\/categories?post=17096"},{"taxonomy":"post_tag","embeddable":true,"href":"https:\/\/news.save.ch\/de\/wp-json\/wp\/v2\/tags?post=17096"}],"curies":[{"name":"wp","href":"https:\/\/api.w.org\/{rel}","templated":true}]}}