{"id":17097,"date":"2023-02-27T09:57:03","date_gmt":"2023-02-27T08:57:03","guid":{"rendered":"https:\/\/news.save.ch\/?p=10431"},"modified":"2023-07-25T06:19:39","modified_gmt":"2023-07-25T04:19:39","slug":"usz-klinik-am-flughafen-zuerich-waechst-stark","status":null,"type":"post","link":"https:\/\/news.save.ch\/de\/usz-klinik-am-flughafen-zuerich-waechst-stark\/","title":{"rendered":"USZ-Klinik am Flughafen Z\u00fcrich w\u00e4chst stark"},"content":{"rendered":"<figure id=\"attachment_10434\" aria-describedby=\"caption-attachment-10434\" style=\"width: 768px\" class=\"wp-caption alignnone\"><img loading=\"lazy\" decoding=\"async\" class=\"wp-image-10434 size-large\" src=\"https:\/\/news.save.ch\/wp-content\/uploads\/2023\/02\/Thomas-Egli-USZ-Flughafen-Ambulantes-Operieren-scaled-1-scaled-1-1024x684.jpg\" alt=\"USZ-Klinik\" width=\"768\" height=\"513\" srcset=\"https:\/\/news.save.ch\/wp-content\/uploads\/2023\/02\/Thomas-Egli-USZ-Flughafen-Ambulantes-Operieren-scaled-1-scaled-1-1024x684.jpg 1024w, https:\/\/news.save.ch\/wp-content\/uploads\/2023\/02\/Thomas-Egli-USZ-Flughafen-Ambulantes-Operieren-scaled-1-scaled-1-680x454.jpg 680w, https:\/\/news.save.ch\/wp-content\/uploads\/2023\/02\/Thomas-Egli-USZ-Flughafen-Ambulantes-Operieren-scaled-1-scaled-1-768x513.jpg 768w, https:\/\/news.save.ch\/wp-content\/uploads\/2023\/02\/Thomas-Egli-USZ-Flughafen-Ambulantes-Operieren-scaled-1-scaled-1-18x12.jpg 18w, https:\/\/news.save.ch\/wp-content\/uploads\/2023\/02\/Thomas-Egli-USZ-Flughafen-Ambulantes-Operieren-scaled-1-scaled-1-375x250.jpg 375w, https:\/\/news.save.ch\/wp-content\/uploads\/2023\/02\/Thomas-Egli-USZ-Flughafen-Ambulantes-Operieren-scaled-1-scaled-1-524x350.jpg 524w, https:\/\/news.save.ch\/wp-content\/uploads\/2023\/02\/Thomas-Egli-USZ-Flughafen-Ambulantes-Operieren-scaled-1-scaled-1-1000x668.jpg 1000w, https:\/\/news.save.ch\/wp-content\/uploads\/2023\/02\/Thomas-Egli-USZ-Flughafen-Ambulantes-Operieren-scaled-1-scaled-1.jpg 1200w\" sizes=\"auto, (max-width: 768px) 100vw, 768px\" \/><figcaption id=\"caption-attachment-10434\" class=\"wp-caption-text\">Bild: Thomas Egli<\/figcaption><\/figure>\n<p>Laut einer Hausmitteilung des Universit\u00e4tsspitals Z\u00fcrich w\u00e4chst das ambulante Gesundheitszentrum nahe Flughafen beim Circle stark. Dieses ist seit Herbst 2020 in Betrieb. Seit Anfang Februar hat die Einrichtung nun laut eigenen Angaben die Marke von 1000 Patientinnen und Patienten pro Tag erreicht. Unter dem Gesundheitszentrum sind 20 Fachrichtungen f\u00fcr ambulante Operationen vereint. Nebst Sprechstunden sind in der modernen Infrastruktur Bestrahlungen, Dialysen, Endoskopien und Behandlungen in der Tagesklinik m\u00f6glich.<\/p>\n<p>Die modernen Operationsmethoden und Einrichtungen sollen es m\u00f6glich machen, f\u00fcr bestimmte Operationen nur einen Tag einzuplanen. In den drei Operationss\u00e4len im USZ-Flughafen werden pro Jahr rund 3600 Eingriffe durchgef\u00fchrt. Zu den h\u00e4ufigsten ambulanten Operationen z\u00e4hlen unter anderem die Entfernung des grauen Stars und Metallentfernungen. Das Angebot und die Auslastung konnten laut Angaben des USZ seit der Er\u00f6ffnung stufenweise wie geplant erh\u00f6ht werden. Anfang Februar 2023 verlegten die Kardiologie, die Nephrologie und die Rheumatologie weitere Sprechstunden zum USZ beim Flughafen.<\/p>\n<p>Quelle: USZ<\/p>\n","protected":false},"excerpt":{"rendered":"<p>Laut einer Hausmitteilung des Universit\u00e4tsspitals Z\u00fcrich w\u00e4chst das ambulante Gesundheitszentrum nahe Flughafen beim Circle stark. Dieses ist seit Herbst 2020 in Betrieb. Seit Anfang Februar hat die Einrichtung nun laut eigenen Angaben die Marke von 1000 Patientinnen und Patienten pro Tag erreicht. Unter dem Gesundheitszentrum sind 20 Fachrichtungen f\u00fcr ambulante Operationen vereint. Nebst Sprechstunden sind [&hellip;]<\/p>\n","protected":false},"author":9,"featured_media":10434,"comment_status":"closed","ping_status":"closed","sticky":false,"template":"","format":"standard","meta":{"_acf_changed":false,"pgc_sgb_lightbox_settings":"","footnotes":""},"categories":[1],"tags":[6095,3499,3501,56,3502,3503,3500,2969,333,6096],"class_list":["post-17097","post","type-post","status-publish","format-standard","has-post-thumbnail","hentry","category-allgemein","tag-ambulante-operationen","tag-ambulantes-gesundheitszentrum","tag-fachrichtungen","tag-flughafen","tag-metallentfernungen","tag-operationsmethoden","tag-patientinnen","tag-spitaeler","tag-universitaetsspital-zuerich","tag-usz-flughafen"],"acf":[],"hkrextid":null,"publication":null,"issue":null,"workflow":null,"startPage":null,"spitzmarke":null,"_posts_by_tag_page_fields":null,"_at_widget":null,"_yoast_wpseo_primary_category":"","_yoast_wpseo_focuskw_text_input":null,"_yoast_wpseo_opengraph-image":null,"_yoast_wpseo_opengraph-description":null,"_yoast_wpseo_opengraph-title":null,"enclosure":null,"_yoast_wpseo_twitter-title":null,"_yoast_wpseo_twitter-description":null,"_yoast_wpseo_twitter-image":null,"_wp_old_slug":null,"_yoast_wpseo_title":null,"_yoast_wpseo_canonical":null,"yoast_head":"<!-- This site is optimized with the Yoast SEO plugin v27.4 - https:\/\/yoast.com\/product\/yoast-seo-wordpress\/ -->\n<title>USZ-Klinik am Flughafen Z\u00fcrich w\u00e4chst stark - Save<\/title>\n<meta name=\"description\" content=\"Seit Herbst 2020 existiert beim Quartier \u00abThe Circle\u00bb am Flughafen ein ambulantes Gesundheitszentrum des Universit\u00e4tsspitals (USZ) Z\u00fcrich. Mittlerweile liegt die Aufnahmekapazit\u00e4t laut eigenen Angaben bei rund 1000 Patientinnen und Patienten pro Tag.\" \/>\n<meta name=\"robots\" content=\"index, follow, max-snippet:-1, max-image-preview:large, max-video-preview:-1\" \/>\n<link rel=\"canonical\" href=\"https:\/\/news.save.ch\/de\/usz-klinik-am-flughafen-zuerich-waechst-stark\/\" \/>\n<meta property=\"og:locale\" content=\"de_DE\" \/>\n<meta property=\"og:type\" content=\"article\" \/>\n<meta property=\"og:title\" content=\"USZ-Klinik am Flughafen Z\u00fcrich w\u00e4chst stark - Save\" \/>\n<meta property=\"og:description\" content=\"Seit Herbst 2020 existiert beim Quartier \u00abThe Circle\u00bb am Flughafen ein ambulantes Gesundheitszentrum des Universit\u00e4tsspitals (USZ) Z\u00fcrich. Mittlerweile liegt die Aufnahmekapazit\u00e4t laut eigenen Angaben bei rund 1000 Patientinnen und Patienten pro Tag.\" \/>\n<meta property=\"og:url\" content=\"https:\/\/news.save.ch\/de\/usz-klinik-am-flughafen-zuerich-waechst-stark\/\" \/>\n<meta property=\"og:site_name\" content=\"Save\" \/>\n<meta property=\"article:published_time\" content=\"2023-02-27T08:57:03+00:00\" \/>\n<meta property=\"article:modified_time\" content=\"2023-07-25T04:19:39+00:00\" \/>\n<meta property=\"og:image\" content=\"https:\/\/news.save.ch\/wp-content\/uploads\/2023\/02\/Thomas-Egli-USZ-Flughafen-Ambulantes-Operieren-scaled-1-scaled-1.jpg\" \/>\n\t<meta property=\"og:image:width\" content=\"1200\" \/>\n\t<meta property=\"og:image:height\" content=\"801\" \/>\n\t<meta property=\"og:image:type\" content=\"image\/jpeg\" \/>\n<meta name=\"author\" content=\"Simon Gr\u00f6flin\" \/>\n<meta name=\"twitter:card\" content=\"summary_large_image\" \/>\n<meta name=\"twitter:label1\" content=\"Geschrieben von\" \/>\n\t<meta name=\"twitter:data1\" content=\"Simon Gr\u00f6flin\" \/>\n\t<meta name=\"twitter:label2\" content=\"Gesch\u00e4tzte Lesezeit\" \/>\n\t<meta name=\"twitter:data2\" content=\"2\u00a0Minuten\" \/>\n<script type=\"application\/ld+json\" class=\"yoast-schema-graph\">{\"@context\":\"https:\\\/\\\/schema.org\",\"@graph\":[{\"@type\":\"Article\",\"@id\":\"https:\\\/\\\/news.save.ch\\\/usz-klinik-am-flughafen-zuerich-waechst-stark\\\/#article\",\"isPartOf\":{\"@id\":\"https:\\\/\\\/news.save.ch\\\/usz-klinik-am-flughafen-zuerich-waechst-stark\\\/\"},\"author\":{\"name\":\"Simon Gr\u00f6flin\",\"@id\":\"https:\\\/\\\/news.save.ch\\\/de\\\/#\\\/schema\\\/person\\\/ad4ef21102fd6125312409ac57d5296d\"},\"headline\":\"USZ-Klinik am Flughafen Z\u00fcrich w\u00e4chst stark\",\"datePublished\":\"2023-02-27T08:57:03+00:00\",\"dateModified\":\"2023-07-25T04:19:39+00:00\",\"mainEntityOfPage\":{\"@id\":\"https:\\\/\\\/news.save.ch\\\/usz-klinik-am-flughafen-zuerich-waechst-stark\\\/\"},\"wordCount\":175,\"publisher\":{\"@id\":\"https:\\\/\\\/news.save.ch\\\/de\\\/#organization\"},\"image\":{\"@id\":\"https:\\\/\\\/news.save.ch\\\/usz-klinik-am-flughafen-zuerich-waechst-stark\\\/#primaryimage\"},\"thumbnailUrl\":\"https:\\\/\\\/news.save.ch\\\/wp-content\\\/uploads\\\/2023\\\/02\\\/Thomas-Egli-USZ-Flughafen-Ambulantes-Operieren-scaled-1-scaled-1.jpg\",\"keywords\":[\"ambulante Operationen\",\"ambulantes Gesundheitszentrum\",\"Fachrichtungen\",\"Flughafen\",\"Metallentfernungen\",\"Operationsmethoden\",\"Patientinnen\",\"Spit\u00e4ler\",\"Universit\u00e4tsspital Z\u00fcrich\",\"USZ-Flughafen\"],\"articleSection\":[\"ALLGEMEIN\"],\"inLanguage\":\"de\"},{\"@type\":\"WebPage\",\"@id\":\"https:\\\/\\\/news.save.ch\\\/usz-klinik-am-flughafen-zuerich-waechst-stark\\\/\",\"url\":\"https:\\\/\\\/news.save.ch\\\/usz-klinik-am-flughafen-zuerich-waechst-stark\\\/\",\"name\":\"USZ-Klinik am Flughafen Z\u00fcrich w\u00e4chst stark - Save\",\"isPartOf\":{\"@id\":\"https:\\\/\\\/news.save.ch\\\/de\\\/#website\"},\"primaryImageOfPage\":{\"@id\":\"https:\\\/\\\/news.save.ch\\\/usz-klinik-am-flughafen-zuerich-waechst-stark\\\/#primaryimage\"},\"image\":{\"@id\":\"https:\\\/\\\/news.save.ch\\\/usz-klinik-am-flughafen-zuerich-waechst-stark\\\/#primaryimage\"},\"thumbnailUrl\":\"https:\\\/\\\/news.save.ch\\\/wp-content\\\/uploads\\\/2023\\\/02\\\/Thomas-Egli-USZ-Flughafen-Ambulantes-Operieren-scaled-1-scaled-1.jpg\",\"datePublished\":\"2023-02-27T08:57:03+00:00\",\"dateModified\":\"2023-07-25T04:19:39+00:00\",\"description\":\"Seit Herbst 2020 existiert beim Quartier \u00abThe Circle\u00bb am Flughafen ein ambulantes Gesundheitszentrum des Universit\u00e4tsspitals (USZ) Z\u00fcrich. Mittlerweile liegt die Aufnahmekapazit\u00e4t laut eigenen Angaben bei rund 1000 Patientinnen und Patienten pro Tag.\",\"breadcrumb\":{\"@id\":\"https:\\\/\\\/news.save.ch\\\/usz-klinik-am-flughafen-zuerich-waechst-stark\\\/#breadcrumb\"},\"inLanguage\":\"de\",\"potentialAction\":[{\"@type\":\"ReadAction\",\"target\":[\"https:\\\/\\\/news.save.ch\\\/usz-klinik-am-flughafen-zuerich-waechst-stark\\\/\"]}]},{\"@type\":\"ImageObject\",\"inLanguage\":\"de\",\"@id\":\"https:\\\/\\\/news.save.ch\\\/usz-klinik-am-flughafen-zuerich-waechst-stark\\\/#primaryimage\",\"url\":\"https:\\\/\\\/news.save.ch\\\/wp-content\\\/uploads\\\/2023\\\/02\\\/Thomas-Egli-USZ-Flughafen-Ambulantes-Operieren-scaled-1-scaled-1.jpg\",\"contentUrl\":\"https:\\\/\\\/news.save.ch\\\/wp-content\\\/uploads\\\/2023\\\/02\\\/Thomas-Egli-USZ-Flughafen-Ambulantes-Operieren-scaled-1-scaled-1.jpg\",\"width\":1200,\"height\":801,\"caption\":\"USZ-Klinik am Flughafen Z\u00fcrich w\u00e4chst stark\"},{\"@type\":\"BreadcrumbList\",\"@id\":\"https:\\\/\\\/news.save.ch\\\/usz-klinik-am-flughafen-zuerich-waechst-stark\\\/#breadcrumb\",\"itemListElement\":[{\"@type\":\"ListItem\",\"position\":1,\"name\":\"Home\",\"item\":\"https:\\\/\\\/news.save.ch\\\/de\\\/\"},{\"@type\":\"ListItem\",\"position\":2,\"name\":\"USZ-Klinik am Flughafen Z\u00fcrich w\u00e4chst stark\"}]},{\"@type\":\"WebSite\",\"@id\":\"https:\\\/\\\/news.save.ch\\\/de\\\/#website\",\"url\":\"https:\\\/\\\/news.save.ch\\\/de\\\/\",\"name\":\"Save\",\"description\":\"Schweizer Fachzeitschrift f\u00fcr Sicherheit\",\"publisher\":{\"@id\":\"https:\\\/\\\/news.save.ch\\\/de\\\/#organization\"},\"potentialAction\":[{\"@type\":\"SearchAction\",\"target\":{\"@type\":\"EntryPoint\",\"urlTemplate\":\"https:\\\/\\\/news.save.ch\\\/de\\\/?s={search_term_string}\"},\"query-input\":{\"@type\":\"PropertyValueSpecification\",\"valueRequired\":true,\"valueName\":\"search_term_string\"}}],\"inLanguage\":\"de\"},{\"@type\":\"Organization\",\"@id\":\"https:\\\/\\\/news.save.ch\\\/de\\\/#organization\",\"name\":\"Sicherheitsforum\",\"url\":\"https:\\\/\\\/news.save.ch\\\/de\\\/\",\"logo\":{\"@type\":\"ImageObject\",\"inLanguage\":\"de\",\"@id\":\"https:\\\/\\\/news.save.ch\\\/de\\\/#\\\/schema\\\/logo\\\/image\\\/\",\"url\":\"https:\\\/\\\/news.save.ch\\\/wp-content\\\/uploads\\\/2022\\\/06\\\/Logo_SF_2012.png\",\"contentUrl\":\"https:\\\/\\\/news.save.ch\\\/wp-content\\\/uploads\\\/2022\\\/06\\\/Logo_SF_2012.png\",\"width\":1100,\"height\":91,\"caption\":\"Sicherheitsforum\"},\"image\":{\"@id\":\"https:\\\/\\\/news.save.ch\\\/de\\\/#\\\/schema\\\/logo\\\/image\\\/\"}},{\"@type\":\"Person\",\"@id\":\"https:\\\/\\\/news.save.ch\\\/de\\\/#\\\/schema\\\/person\\\/ad4ef21102fd6125312409ac57d5296d\",\"name\":\"Simon Gr\u00f6flin\",\"image\":{\"@type\":\"ImageObject\",\"inLanguage\":\"de\",\"@id\":\"https:\\\/\\\/secure.gravatar.com\\\/avatar\\\/6ddceb80eb734354635539e0ea5140bb7c41e42de7c45c9a2ab9921b5d5c9a83?s=96&d=mm&r=g\",\"url\":\"https:\\\/\\\/secure.gravatar.com\\\/avatar\\\/6ddceb80eb734354635539e0ea5140bb7c41e42de7c45c9a2ab9921b5d5c9a83?s=96&d=mm&r=g\",\"contentUrl\":\"https:\\\/\\\/secure.gravatar.com\\\/avatar\\\/6ddceb80eb734354635539e0ea5140bb7c41e42de7c45c9a2ab9921b5d5c9a83?s=96&d=mm&r=g\",\"caption\":\"Simon Gr\u00f6flin\"},\"url\":\"https:\\\/\\\/news.save.ch\\\/de\\\/author\\\/simon-groeflin\\\/\"}]}<\/script>\n<!-- \/ Yoast SEO plugin. -->","yoast_head_json":{"title":"USZ-Klinik am Flughafen Z\u00fcrich w\u00e4chst stark - Save","description":"Seit Herbst 2020 existiert beim Quartier \u00abThe Circle\u00bb am Flughafen ein ambulantes Gesundheitszentrum des Universit\u00e4tsspitals (USZ) Z\u00fcrich. Mittlerweile liegt die Aufnahmekapazit\u00e4t laut eigenen Angaben bei rund 1000 Patientinnen und Patienten pro Tag.","robots":{"index":"index","follow":"follow","max-snippet":"max-snippet:-1","max-image-preview":"max-image-preview:large","max-video-preview":"max-video-preview:-1"},"canonical":"https:\/\/news.save.ch\/de\/usz-klinik-am-flughafen-zuerich-waechst-stark\/","og_locale":"de_DE","og_type":"article","og_title":"USZ-Klinik am Flughafen Z\u00fcrich w\u00e4chst stark - Save","og_description":"Seit Herbst 2020 existiert beim Quartier \u00abThe Circle\u00bb am Flughafen ein ambulantes Gesundheitszentrum des Universit\u00e4tsspitals (USZ) Z\u00fcrich. Mittlerweile liegt die Aufnahmekapazit\u00e4t laut eigenen Angaben bei rund 1000 Patientinnen und Patienten pro Tag.","og_url":"https:\/\/news.save.ch\/de\/usz-klinik-am-flughafen-zuerich-waechst-stark\/","og_site_name":"Save","article_published_time":"2023-02-27T08:57:03+00:00","article_modified_time":"2023-07-25T04:19:39+00:00","og_image":[{"width":1200,"height":801,"url":"https:\/\/news.save.ch\/wp-content\/uploads\/2023\/02\/Thomas-Egli-USZ-Flughafen-Ambulantes-Operieren-scaled-1-scaled-1.jpg","type":"image\/jpeg"}],"author":"Simon Gr\u00f6flin","twitter_card":"summary_large_image","twitter_misc":{"Geschrieben von":"Simon Gr\u00f6flin","Gesch\u00e4tzte Lesezeit":"2\u00a0Minuten"},"schema":{"@context":"https:\/\/schema.org","@graph":[{"@type":"Article","@id":"https:\/\/news.save.ch\/usz-klinik-am-flughafen-zuerich-waechst-stark\/#article","isPartOf":{"@id":"https:\/\/news.save.ch\/usz-klinik-am-flughafen-zuerich-waechst-stark\/"},"author":{"name":"Simon Gr\u00f6flin","@id":"https:\/\/news.save.ch\/de\/#\/schema\/person\/ad4ef21102fd6125312409ac57d5296d"},"headline":"USZ-Klinik am Flughafen Z\u00fcrich w\u00e4chst stark","datePublished":"2023-02-27T08:57:03+00:00","dateModified":"2023-07-25T04:19:39+00:00","mainEntityOfPage":{"@id":"https:\/\/news.save.ch\/usz-klinik-am-flughafen-zuerich-waechst-stark\/"},"wordCount":175,"publisher":{"@id":"https:\/\/news.save.ch\/de\/#organization"},"image":{"@id":"https:\/\/news.save.ch\/usz-klinik-am-flughafen-zuerich-waechst-stark\/#primaryimage"},"thumbnailUrl":"https:\/\/news.save.ch\/wp-content\/uploads\/2023\/02\/Thomas-Egli-USZ-Flughafen-Ambulantes-Operieren-scaled-1-scaled-1.jpg","keywords":["ambulante Operationen","ambulantes Gesundheitszentrum","Fachrichtungen","Flughafen","Metallentfernungen","Operationsmethoden","Patientinnen","Spit\u00e4ler","Universit\u00e4tsspital Z\u00fcrich","USZ-Flughafen"],"articleSection":["ALLGEMEIN"],"inLanguage":"de"},{"@type":"WebPage","@id":"https:\/\/news.save.ch\/usz-klinik-am-flughafen-zuerich-waechst-stark\/","url":"https:\/\/news.save.ch\/usz-klinik-am-flughafen-zuerich-waechst-stark\/","name":"USZ-Klinik am Flughafen Z\u00fcrich w\u00e4chst stark - Save","isPartOf":{"@id":"https:\/\/news.save.ch\/de\/#website"},"primaryImageOfPage":{"@id":"https:\/\/news.save.ch\/usz-klinik-am-flughafen-zuerich-waechst-stark\/#primaryimage"},"image":{"@id":"https:\/\/news.save.ch\/usz-klinik-am-flughafen-zuerich-waechst-stark\/#primaryimage"},"thumbnailUrl":"https:\/\/news.save.ch\/wp-content\/uploads\/2023\/02\/Thomas-Egli-USZ-Flughafen-Ambulantes-Operieren-scaled-1-scaled-1.jpg","datePublished":"2023-02-27T08:57:03+00:00","dateModified":"2023-07-25T04:19:39+00:00","description":"Seit Herbst 2020 existiert beim Quartier \u00abThe Circle\u00bb am Flughafen ein ambulantes Gesundheitszentrum des Universit\u00e4tsspitals (USZ) Z\u00fcrich. Mittlerweile liegt die Aufnahmekapazit\u00e4t laut eigenen Angaben bei rund 1000 Patientinnen und Patienten pro Tag.","breadcrumb":{"@id":"https:\/\/news.save.ch\/usz-klinik-am-flughafen-zuerich-waechst-stark\/#breadcrumb"},"inLanguage":"de","potentialAction":[{"@type":"ReadAction","target":["https:\/\/news.save.ch\/usz-klinik-am-flughafen-zuerich-waechst-stark\/"]}]},{"@type":"ImageObject","inLanguage":"de","@id":"https:\/\/news.save.ch\/usz-klinik-am-flughafen-zuerich-waechst-stark\/#primaryimage","url":"https:\/\/news.save.ch\/wp-content\/uploads\/2023\/02\/Thomas-Egli-USZ-Flughafen-Ambulantes-Operieren-scaled-1-scaled-1.jpg","contentUrl":"https:\/\/news.save.ch\/wp-content\/uploads\/2023\/02\/Thomas-Egli-USZ-Flughafen-Ambulantes-Operieren-scaled-1-scaled-1.jpg","width":1200,"height":801,"caption":"USZ-Klinik am Flughafen Z\u00fcrich w\u00e4chst stark"},{"@type":"BreadcrumbList","@id":"https:\/\/news.save.ch\/usz-klinik-am-flughafen-zuerich-waechst-stark\/#breadcrumb","itemListElement":[{"@type":"ListItem","position":1,"name":"Home","item":"https:\/\/news.save.ch\/de\/"},{"@type":"ListItem","position":2,"name":"USZ-Klinik am Flughafen Z\u00fcrich w\u00e4chst stark"}]},{"@type":"WebSite","@id":"https:\/\/news.save.ch\/de\/#website","url":"https:\/\/news.save.ch\/de\/","name":"Save","description":"Schweizer Fachzeitschrift f\u00fcr Sicherheit","publisher":{"@id":"https:\/\/news.save.ch\/de\/#organization"},"potentialAction":[{"@type":"SearchAction","target":{"@type":"EntryPoint","urlTemplate":"https:\/\/news.save.ch\/de\/?s={search_term_string}"},"query-input":{"@type":"PropertyValueSpecification","valueRequired":true,"valueName":"search_term_string"}}],"inLanguage":"de"},{"@type":"Organization","@id":"https:\/\/news.save.ch\/de\/#organization","name":"Sicherheitsforum","url":"https:\/\/news.save.ch\/de\/","logo":{"@type":"ImageObject","inLanguage":"de","@id":"https:\/\/news.save.ch\/de\/#\/schema\/logo\/image\/","url":"https:\/\/news.save.ch\/wp-content\/uploads\/2022\/06\/Logo_SF_2012.png","contentUrl":"https:\/\/news.save.ch\/wp-content\/uploads\/2022\/06\/Logo_SF_2012.png","width":1100,"height":91,"caption":"Sicherheitsforum"},"image":{"@id":"https:\/\/news.save.ch\/de\/#\/schema\/logo\/image\/"}},{"@type":"Person","@id":"https:\/\/news.save.ch\/de\/#\/schema\/person\/ad4ef21102fd6125312409ac57d5296d","name":"Simon Gr\u00f6flin","image":{"@type":"ImageObject","inLanguage":"de","@id":"https:\/\/secure.gravatar.com\/avatar\/6ddceb80eb734354635539e0ea5140bb7c41e42de7c45c9a2ab9921b5d5c9a83?s=96&d=mm&r=g","url":"https:\/\/secure.gravatar.com\/avatar\/6ddceb80eb734354635539e0ea5140bb7c41e42de7c45c9a2ab9921b5d5c9a83?s=96&d=mm&r=g","contentUrl":"https:\/\/secure.gravatar.com\/avatar\/6ddceb80eb734354635539e0ea5140bb7c41e42de7c45c9a2ab9921b5d5c9a83?s=96&d=mm&r=g","caption":"Simon Gr\u00f6flin"},"url":"https:\/\/news.save.ch\/de\/author\/simon-groeflin\/"}]}},"_links":{"self":[{"href":"https:\/\/news.save.ch\/de\/wp-json\/wp\/v2\/posts\/17097","targetHints":{"allow":["GET"]}}],"collection":[{"href":"https:\/\/news.save.ch\/de\/wp-json\/wp\/v2\/posts"}],"about":[{"href":"https:\/\/news.save.ch\/de\/wp-json\/wp\/v2\/types\/post"}],"author":[{"embeddable":true,"href":"https:\/\/news.save.ch\/de\/wp-json\/wp\/v2\/users\/9"}],"replies":[{"embeddable":true,"href":"https:\/\/news.save.ch\/de\/wp-json\/wp\/v2\/comments?post=17097"}],"version-history":[{"count":2,"href":"https:\/\/news.save.ch\/de\/wp-json\/wp\/v2\/posts\/17097\/revisions"}],"predecessor-version":[{"id":19588,"href":"https:\/\/news.save.ch\/de\/wp-json\/wp\/v2\/posts\/17097\/revisions\/19588"}],"wp:featuredmedia":[{"embeddable":true,"href":"https:\/\/news.save.ch\/de\/wp-json\/wp\/v2\/media\/10434"}],"wp:attachment":[{"href":"https:\/\/news.save.ch\/de\/wp-json\/wp\/v2\/media?parent=17097"}],"wp:term":[{"taxonomy":"category","embeddable":true,"href":"https:\/\/news.save.ch\/de\/wp-json\/wp\/v2\/categories?post=17097"},{"taxonomy":"post_tag","embeddable":true,"href":"https:\/\/news.save.ch\/de\/wp-json\/wp\/v2\/tags?post=17097"}],"curies":[{"name":"wp","href":"https:\/\/api.w.org\/{rel}","templated":true}]}}