{"id":1732,"date":"2015-05-08T14:56:17","date_gmt":"2015-05-08T12:56:17","guid":{"rendered":"https:\/\/dev.sicherheitsforum.ch\/?p=1732"},"modified":"2015-05-08T14:56:17","modified_gmt":"2015-05-08T12:56:17","slug":"achtung-gefahrguttag","status":null,"type":"post","link":"https:\/\/news.save.ch\/de\/achtung-gefahrguttag\/","title":{"rendered":"Achtung Gefahrguttag"},"content":{"rendered":"<figure id=\"attachment_1734\" aria-describedby=\"caption-attachment-1734\" style=\"width: 680px\" class=\"wp-caption alignnone\"><img loading=\"lazy\" decoding=\"async\" class=\"size-medium wp-image-1734\" src=\"https:\/\/sicherheitsforum.ch\/wp-content\/uploads\/2016\/12\/554cb4979c140_Gefahrgut-1_Sicherheitsforum.jpg\" alt=\"\" width=\"680\" height=\"510\" \/><figcaption id=\"caption-attachment-1734\" class=\"wp-caption-text\">Bef\u00f6rderung gef\u00e4hrlicher G\u00fcter<\/figcaption><\/figure>\n<p>Am 10. Juni 2015 geht der <a href=\"https:\/\/www.swissts.ch\/fileadmin\/swissts\/EXS-US\/Fotos\/Programm_Gefahrguttag_2015.pdf\" target=\"_blank\" data-cke-saved-href=\"https:\/\/www.swissts.ch\/fileadmin\/swissts\/EXS-US\/Fotos\/Programm_Gefahrguttag_2015.pdf\" rel=\"noopener\">17. Gefahrguttag Schweiz <\/a>im Swiss Conference Center in Basel \u00fcber die B\u00fchne. Im Vordergrund steht die Zukunft der Gefahrgutbef\u00f6rderung. Aufgegriffen wird der aktuelle Stand der zuk\u00fcnftigen Telematik-Anwendungen im Zusammenhang mit der Bef\u00f6rderung gef\u00e4hrlicher G\u00fcter.<\/p>\n<p>Die Teilnehmenden k\u00f6nnen an diesem traditionellen Anlass wie immer ihr pers\u00f6nliches Programm zusammenstellen. Zur Auswahl stehen zwei Gefahrgut-Parcours sowie Fachmodule zu den Schwerpunkten<\/p>\n<ul>\n<li>Be-\/Entladung sowie Handhabung<\/li>\n<li>Umsetzung der Neuerungen 2015<\/li>\n<li>Lithium-Batterien und den Neuerungen des IMDG-Codes<\/li>\n<\/ul>\n<p>Die Tagungsteilnahme gilt \u00fcbrigens als Nachweis der Weiterbildung gem\u00e4ss Kapitel 1.3 RID\/ADR und ist als SGAS-Weiterbildungsveranstaltung anerkannt.<\/p>\n<p>Organisiert wird der Anlass von Swiss TS und GeFaSuisse.<\/p>\n","protected":false},"excerpt":{"rendered":"<p>Am 10. Juni 2015 geht der 17. Gefahrguttag Schweiz im Swiss Conference Center in Basel \u00fcber die B\u00fchne. Im Vordergrund steht die Zukunft der Gefahrgutbef\u00f6rderung. Aufgegriffen wird der aktuelle Stand der zuk\u00fcnftigen Telematik-Anwendungen im Zusammenhang mit der Bef\u00f6rderung gef\u00e4hrlicher G\u00fcter. Die Teilnehmenden k\u00f6nnen an diesem traditionellen Anlass wie immer ihr pers\u00f6nliches Programm zusammenstellen. Zur Auswahl [&hellip;]<\/p>\n","protected":false},"author":1,"featured_media":1734,"comment_status":"open","ping_status":"open","sticky":false,"template":"","format":"standard","meta":{"_acf_changed":false,"pgc_sgb_lightbox_settings":"","footnotes":""},"categories":[1],"tags":[84,187,188],"class_list":["post-1732","post","type-post","status-publish","format-standard","has-post-thumbnail","hentry","category-allgemein","tag-fachkongressfachmesse","tag-gefahrguttag","tag-gefahrguttransport"],"acf":[],"hkrextid":null,"publication":null,"issue":null,"workflow":null,"startPage":null,"spitzmarke":null,"_posts_by_tag_page_fields":{"widget_title":"","widget_tags":""},"_at_widget":"1","_yoast_wpseo_primary_category":"","_yoast_wpseo_focuskw_text_input":"Gefahrguttag","_yoast_wpseo_opengraph-image":"https:\/\/news.save.ch\/wp-content\/uploads\/2016\/12\/554cb4979c140_Gefahrgut-1_Sicherheitsforum.jpg","_yoast_wpseo_opengraph-description":"Im Juni findet in Basel der Gefahrgut Schweiz statt.","_yoast_wpseo_opengraph-title":"Gefahrguttag","enclosure":null,"_yoast_wpseo_twitter-title":null,"_yoast_wpseo_twitter-description":null,"_yoast_wpseo_twitter-image":null,"_wp_old_slug":null,"_yoast_wpseo_title":null,"_yoast_wpseo_canonical":null,"yoast_head":"<!-- This site is optimized with the Yoast SEO plugin v27.4 - https:\/\/yoast.com\/product\/yoast-seo-wordpress\/ -->\n<title>Achtung Gefahrguttag - Save<\/title>\n<meta name=\"description\" content=\"Gefahrguttag: Im Juni findet in Basel der Gefahrgut Schweiz statt.\" \/>\n<meta name=\"robots\" content=\"index, follow, max-snippet:-1, max-image-preview:large, max-video-preview:-1\" \/>\n<link rel=\"canonical\" href=\"https:\/\/news.save.ch\/de\/achtung-gefahrguttag\/\" \/>\n<meta property=\"og:locale\" content=\"de_DE\" \/>\n<meta property=\"og:type\" content=\"article\" \/>\n<meta property=\"og:title\" content=\"Gefahrguttag\" \/>\n<meta property=\"og:description\" content=\"Im Juni findet in Basel der Gefahrgut Schweiz statt.\" \/>\n<meta property=\"og:url\" content=\"https:\/\/news.save.ch\/de\/achtung-gefahrguttag\/\" \/>\n<meta property=\"og:site_name\" content=\"Save\" \/>\n<meta property=\"article:published_time\" content=\"2015-05-08T12:56:17+00:00\" \/>\n<meta property=\"og:image\" content=\"https:\/\/news.save.ch\/wp-content\/uploads\/2016\/12\/554cb4979c140_Gefahrgut-1_Sicherheitsforum.jpg\" \/>\n<meta name=\"author\" content=\"admin\" \/>\n<meta name=\"twitter:card\" content=\"summary_large_image\" \/>\n<meta name=\"twitter:label1\" content=\"Geschrieben von\" \/>\n\t<meta name=\"twitter:data1\" content=\"admin\" \/>\n\t<meta name=\"twitter:label2\" content=\"Gesch\u00e4tzte Lesezeit\" \/>\n\t<meta name=\"twitter:data2\" content=\"1\u00a0Minute\" \/>\n<script type=\"application\/ld+json\" class=\"yoast-schema-graph\">{\"@context\":\"https:\\\/\\\/schema.org\",\"@graph\":[{\"@type\":\"Article\",\"@id\":\"https:\\\/\\\/news.save.ch\\\/achtung-gefahrguttag\\\/#article\",\"isPartOf\":{\"@id\":\"https:\\\/\\\/news.save.ch\\\/achtung-gefahrguttag\\\/\"},\"author\":{\"name\":\"admin\",\"@id\":\"https:\\\/\\\/news.save.ch\\\/de\\\/#\\\/schema\\\/person\\\/d49e199490bad7c70d64b9ab51142f2b\"},\"headline\":\"Achtung Gefahrguttag\",\"datePublished\":\"2015-05-08T12:56:17+00:00\",\"mainEntityOfPage\":{\"@id\":\"https:\\\/\\\/news.save.ch\\\/achtung-gefahrguttag\\\/\"},\"wordCount\":123,\"commentCount\":0,\"publisher\":{\"@id\":\"https:\\\/\\\/news.save.ch\\\/de\\\/#organization\"},\"image\":{\"@id\":\"https:\\\/\\\/news.save.ch\\\/achtung-gefahrguttag\\\/#primaryimage\"},\"thumbnailUrl\":\"https:\\\/\\\/news.save.ch\\\/wp-content\\\/uploads\\\/2016\\\/12\\\/554cb4979c140_Gefahrgut-1_Sicherheitsforum-scaled-1-scaled.jpg\",\"keywords\":[\"Fachkongress\\\/Fachmesse\",\"Gefahrguttag\",\"Gefahrguttransport\"],\"articleSection\":[\"ALLGEMEIN\"],\"inLanguage\":\"de\"},{\"@type\":\"WebPage\",\"@id\":\"https:\\\/\\\/news.save.ch\\\/achtung-gefahrguttag\\\/\",\"url\":\"https:\\\/\\\/news.save.ch\\\/achtung-gefahrguttag\\\/\",\"name\":\"Achtung Gefahrguttag - Save\",\"isPartOf\":{\"@id\":\"https:\\\/\\\/news.save.ch\\\/de\\\/#website\"},\"primaryImageOfPage\":{\"@id\":\"https:\\\/\\\/news.save.ch\\\/achtung-gefahrguttag\\\/#primaryimage\"},\"image\":{\"@id\":\"https:\\\/\\\/news.save.ch\\\/achtung-gefahrguttag\\\/#primaryimage\"},\"thumbnailUrl\":\"https:\\\/\\\/news.save.ch\\\/wp-content\\\/uploads\\\/2016\\\/12\\\/554cb4979c140_Gefahrgut-1_Sicherheitsforum-scaled-1-scaled.jpg\",\"datePublished\":\"2015-05-08T12:56:17+00:00\",\"description\":\"Gefahrguttag: Im Juni findet in Basel der Gefahrgut Schweiz statt.\",\"breadcrumb\":{\"@id\":\"https:\\\/\\\/news.save.ch\\\/achtung-gefahrguttag\\\/#breadcrumb\"},\"inLanguage\":\"de\",\"potentialAction\":[{\"@type\":\"ReadAction\",\"target\":[\"https:\\\/\\\/news.save.ch\\\/achtung-gefahrguttag\\\/\"]}]},{\"@type\":\"ImageObject\",\"inLanguage\":\"de\",\"@id\":\"https:\\\/\\\/news.save.ch\\\/achtung-gefahrguttag\\\/#primaryimage\",\"url\":\"https:\\\/\\\/news.save.ch\\\/wp-content\\\/uploads\\\/2016\\\/12\\\/554cb4979c140_Gefahrgut-1_Sicherheitsforum-scaled-1-scaled.jpg\",\"contentUrl\":\"https:\\\/\\\/news.save.ch\\\/wp-content\\\/uploads\\\/2016\\\/12\\\/554cb4979c140_Gefahrgut-1_Sicherheitsforum-scaled-1-scaled.jpg\",\"width\":1400,\"height\":1050,\"caption\":\"Bef\u00f6rderung gef\u00e4hrlicher G\u00fcter\"},{\"@type\":\"BreadcrumbList\",\"@id\":\"https:\\\/\\\/news.save.ch\\\/achtung-gefahrguttag\\\/#breadcrumb\",\"itemListElement\":[{\"@type\":\"ListItem\",\"position\":1,\"name\":\"Home\",\"item\":\"https:\\\/\\\/news.save.ch\\\/de\\\/\"},{\"@type\":\"ListItem\",\"position\":2,\"name\":\"Achtung Gefahrguttag\"}]},{\"@type\":\"WebSite\",\"@id\":\"https:\\\/\\\/news.save.ch\\\/de\\\/#website\",\"url\":\"https:\\\/\\\/news.save.ch\\\/de\\\/\",\"name\":\"Save\",\"description\":\"Schweizer Fachzeitschrift f\u00fcr Sicherheit\",\"publisher\":{\"@id\":\"https:\\\/\\\/news.save.ch\\\/de\\\/#organization\"},\"potentialAction\":[{\"@type\":\"SearchAction\",\"target\":{\"@type\":\"EntryPoint\",\"urlTemplate\":\"https:\\\/\\\/news.save.ch\\\/de\\\/?s={search_term_string}\"},\"query-input\":{\"@type\":\"PropertyValueSpecification\",\"valueRequired\":true,\"valueName\":\"search_term_string\"}}],\"inLanguage\":\"de\"},{\"@type\":\"Organization\",\"@id\":\"https:\\\/\\\/news.save.ch\\\/de\\\/#organization\",\"name\":\"Sicherheitsforum\",\"url\":\"https:\\\/\\\/news.save.ch\\\/de\\\/\",\"logo\":{\"@type\":\"ImageObject\",\"inLanguage\":\"de\",\"@id\":\"https:\\\/\\\/news.save.ch\\\/de\\\/#\\\/schema\\\/logo\\\/image\\\/\",\"url\":\"https:\\\/\\\/news.save.ch\\\/wp-content\\\/uploads\\\/2022\\\/06\\\/Logo_SF_2012.png\",\"contentUrl\":\"https:\\\/\\\/news.save.ch\\\/wp-content\\\/uploads\\\/2022\\\/06\\\/Logo_SF_2012.png\",\"width\":1100,\"height\":91,\"caption\":\"Sicherheitsforum\"},\"image\":{\"@id\":\"https:\\\/\\\/news.save.ch\\\/de\\\/#\\\/schema\\\/logo\\\/image\\\/\"}},{\"@type\":\"Person\",\"@id\":\"https:\\\/\\\/news.save.ch\\\/de\\\/#\\\/schema\\\/person\\\/d49e199490bad7c70d64b9ab51142f2b\",\"name\":\"admin\",\"image\":{\"@type\":\"ImageObject\",\"inLanguage\":\"de\",\"@id\":\"https:\\\/\\\/secure.gravatar.com\\\/avatar\\\/ae2f4d718e6c49043e314ce431e7e645d646302a24a5ef5a8bc8e3f5a032e319?s=96&d=mm&r=g\",\"url\":\"https:\\\/\\\/secure.gravatar.com\\\/avatar\\\/ae2f4d718e6c49043e314ce431e7e645d646302a24a5ef5a8bc8e3f5a032e319?s=96&d=mm&r=g\",\"contentUrl\":\"https:\\\/\\\/secure.gravatar.com\\\/avatar\\\/ae2f4d718e6c49043e314ce431e7e645d646302a24a5ef5a8bc8e3f5a032e319?s=96&d=mm&r=g\",\"caption\":\"admin\"},\"sameAs\":[\"https:\\\/\\\/develop.organisator.galledia.ch\"],\"url\":\"https:\\\/\\\/news.save.ch\\\/de\\\/author\\\/admin\\\/\"}]}<\/script>\n<!-- \/ Yoast SEO plugin. -->","yoast_head_json":{"title":"Achtung Gefahrguttag - Save","description":"Gefahrguttag: Im Juni findet in Basel der Gefahrgut Schweiz statt.","robots":{"index":"index","follow":"follow","max-snippet":"max-snippet:-1","max-image-preview":"max-image-preview:large","max-video-preview":"max-video-preview:-1"},"canonical":"https:\/\/news.save.ch\/de\/achtung-gefahrguttag\/","og_locale":"de_DE","og_type":"article","og_title":"Gefahrguttag","og_description":"Im Juni findet in Basel der Gefahrgut Schweiz statt.","og_url":"https:\/\/news.save.ch\/de\/achtung-gefahrguttag\/","og_site_name":"Save","article_published_time":"2015-05-08T12:56:17+00:00","og_image":[{"url":"https:\/\/news.save.ch\/wp-content\/uploads\/2016\/12\/554cb4979c140_Gefahrgut-1_Sicherheitsforum.jpg","type":"","width":"","height":""}],"author":"admin","twitter_card":"summary_large_image","twitter_misc":{"Geschrieben von":"admin","Gesch\u00e4tzte Lesezeit":"1\u00a0Minute"},"schema":{"@context":"https:\/\/schema.org","@graph":[{"@type":"Article","@id":"https:\/\/news.save.ch\/achtung-gefahrguttag\/#article","isPartOf":{"@id":"https:\/\/news.save.ch\/achtung-gefahrguttag\/"},"author":{"name":"admin","@id":"https:\/\/news.save.ch\/de\/#\/schema\/person\/d49e199490bad7c70d64b9ab51142f2b"},"headline":"Achtung Gefahrguttag","datePublished":"2015-05-08T12:56:17+00:00","mainEntityOfPage":{"@id":"https:\/\/news.save.ch\/achtung-gefahrguttag\/"},"wordCount":123,"commentCount":0,"publisher":{"@id":"https:\/\/news.save.ch\/de\/#organization"},"image":{"@id":"https:\/\/news.save.ch\/achtung-gefahrguttag\/#primaryimage"},"thumbnailUrl":"https:\/\/news.save.ch\/wp-content\/uploads\/2016\/12\/554cb4979c140_Gefahrgut-1_Sicherheitsforum-scaled-1-scaled.jpg","keywords":["Fachkongress\/Fachmesse","Gefahrguttag","Gefahrguttransport"],"articleSection":["ALLGEMEIN"],"inLanguage":"de"},{"@type":"WebPage","@id":"https:\/\/news.save.ch\/achtung-gefahrguttag\/","url":"https:\/\/news.save.ch\/achtung-gefahrguttag\/","name":"Achtung Gefahrguttag - Save","isPartOf":{"@id":"https:\/\/news.save.ch\/de\/#website"},"primaryImageOfPage":{"@id":"https:\/\/news.save.ch\/achtung-gefahrguttag\/#primaryimage"},"image":{"@id":"https:\/\/news.save.ch\/achtung-gefahrguttag\/#primaryimage"},"thumbnailUrl":"https:\/\/news.save.ch\/wp-content\/uploads\/2016\/12\/554cb4979c140_Gefahrgut-1_Sicherheitsforum-scaled-1-scaled.jpg","datePublished":"2015-05-08T12:56:17+00:00","description":"Gefahrguttag: Im Juni findet in Basel der Gefahrgut Schweiz statt.","breadcrumb":{"@id":"https:\/\/news.save.ch\/achtung-gefahrguttag\/#breadcrumb"},"inLanguage":"de","potentialAction":[{"@type":"ReadAction","target":["https:\/\/news.save.ch\/achtung-gefahrguttag\/"]}]},{"@type":"ImageObject","inLanguage":"de","@id":"https:\/\/news.save.ch\/achtung-gefahrguttag\/#primaryimage","url":"https:\/\/news.save.ch\/wp-content\/uploads\/2016\/12\/554cb4979c140_Gefahrgut-1_Sicherheitsforum-scaled-1-scaled.jpg","contentUrl":"https:\/\/news.save.ch\/wp-content\/uploads\/2016\/12\/554cb4979c140_Gefahrgut-1_Sicherheitsforum-scaled-1-scaled.jpg","width":1400,"height":1050,"caption":"Bef\u00f6rderung gef\u00e4hrlicher G\u00fcter"},{"@type":"BreadcrumbList","@id":"https:\/\/news.save.ch\/achtung-gefahrguttag\/#breadcrumb","itemListElement":[{"@type":"ListItem","position":1,"name":"Home","item":"https:\/\/news.save.ch\/de\/"},{"@type":"ListItem","position":2,"name":"Achtung Gefahrguttag"}]},{"@type":"WebSite","@id":"https:\/\/news.save.ch\/de\/#website","url":"https:\/\/news.save.ch\/de\/","name":"Save","description":"Schweizer Fachzeitschrift f\u00fcr Sicherheit","publisher":{"@id":"https:\/\/news.save.ch\/de\/#organization"},"potentialAction":[{"@type":"SearchAction","target":{"@type":"EntryPoint","urlTemplate":"https:\/\/news.save.ch\/de\/?s={search_term_string}"},"query-input":{"@type":"PropertyValueSpecification","valueRequired":true,"valueName":"search_term_string"}}],"inLanguage":"de"},{"@type":"Organization","@id":"https:\/\/news.save.ch\/de\/#organization","name":"Sicherheitsforum","url":"https:\/\/news.save.ch\/de\/","logo":{"@type":"ImageObject","inLanguage":"de","@id":"https:\/\/news.save.ch\/de\/#\/schema\/logo\/image\/","url":"https:\/\/news.save.ch\/wp-content\/uploads\/2022\/06\/Logo_SF_2012.png","contentUrl":"https:\/\/news.save.ch\/wp-content\/uploads\/2022\/06\/Logo_SF_2012.png","width":1100,"height":91,"caption":"Sicherheitsforum"},"image":{"@id":"https:\/\/news.save.ch\/de\/#\/schema\/logo\/image\/"}},{"@type":"Person","@id":"https:\/\/news.save.ch\/de\/#\/schema\/person\/d49e199490bad7c70d64b9ab51142f2b","name":"admin","image":{"@type":"ImageObject","inLanguage":"de","@id":"https:\/\/secure.gravatar.com\/avatar\/ae2f4d718e6c49043e314ce431e7e645d646302a24a5ef5a8bc8e3f5a032e319?s=96&d=mm&r=g","url":"https:\/\/secure.gravatar.com\/avatar\/ae2f4d718e6c49043e314ce431e7e645d646302a24a5ef5a8bc8e3f5a032e319?s=96&d=mm&r=g","contentUrl":"https:\/\/secure.gravatar.com\/avatar\/ae2f4d718e6c49043e314ce431e7e645d646302a24a5ef5a8bc8e3f5a032e319?s=96&d=mm&r=g","caption":"admin"},"sameAs":["https:\/\/develop.organisator.galledia.ch"],"url":"https:\/\/news.save.ch\/de\/author\/admin\/"}]}},"_links":{"self":[{"href":"https:\/\/news.save.ch\/de\/wp-json\/wp\/v2\/posts\/1732","targetHints":{"allow":["GET"]}}],"collection":[{"href":"https:\/\/news.save.ch\/de\/wp-json\/wp\/v2\/posts"}],"about":[{"href":"https:\/\/news.save.ch\/de\/wp-json\/wp\/v2\/types\/post"}],"author":[{"embeddable":true,"href":"https:\/\/news.save.ch\/de\/wp-json\/wp\/v2\/users\/1"}],"replies":[{"embeddable":true,"href":"https:\/\/news.save.ch\/de\/wp-json\/wp\/v2\/comments?post=1732"}],"version-history":[{"count":0,"href":"https:\/\/news.save.ch\/de\/wp-json\/wp\/v2\/posts\/1732\/revisions"}],"wp:featuredmedia":[{"embeddable":true,"href":"https:\/\/news.save.ch\/de\/wp-json\/wp\/v2\/media\/1734"}],"wp:attachment":[{"href":"https:\/\/news.save.ch\/de\/wp-json\/wp\/v2\/media?parent=1732"}],"wp:term":[{"taxonomy":"category","embeddable":true,"href":"https:\/\/news.save.ch\/de\/wp-json\/wp\/v2\/categories?post=1732"},{"taxonomy":"post_tag","embeddable":true,"href":"https:\/\/news.save.ch\/de\/wp-json\/wp\/v2\/tags?post=1732"}],"curies":[{"name":"wp","href":"https:\/\/api.w.org\/{rel}","templated":true}]}}