{"id":1741,"date":"2015-10-02T13:39:13","date_gmt":"2015-10-02T11:39:13","guid":{"rendered":"https:\/\/dev.sicherheitsforum.ch\/?p=1741"},"modified":"2015-10-02T13:39:13","modified_gmt":"2015-10-02T11:39:13","slug":"seetec-mit-neuer-struktur-auf-wachstumskurs","status":null,"type":"post","link":"https:\/\/news.save.ch\/de\/seetec-mit-neuer-struktur-auf-wachstumskurs\/","title":{"rendered":"SeeTec mit neuer Struktur auf Wachstumskurs"},"content":{"rendered":"<figure id=\"attachment_1743\" aria-describedby=\"caption-attachment-1743\" style=\"width: 667px\" class=\"wp-caption alignnone\"><img loading=\"lazy\" decoding=\"async\" class=\"wp-image-1743 size-medium\" src=\"https:\/\/news.save.ch\/wp-content\/uploads\/2016\/12\/SeeTec-mit-neuer-Struktur-auf-Wachstumskurs-sicherheitsforum.jpg\" width=\"667\" height=\"1000\" \/><figcaption id=\"caption-attachment-1743\" class=\"wp-caption-text\">Das SeeTec-Gesch\u00e4ftsf\u00fchrerteam Stephan Rasp<\/figcaption><\/figure>\n<figure id=\"attachment_1746\" aria-describedby=\"caption-attachment-1746\" style=\"width: 680px\" class=\"wp-caption alignnone\"><img loading=\"lazy\" decoding=\"async\" class=\"wp-image-1746 size-medium\" src=\"https:\/\/news.save.ch\/wp-content\/uploads\/2016\/12\/SeeTec-mit-neuer-Struktur-auf-Wachstumskurs2-sicherheitsforum.jpg\" width=\"680\" height=\"907\" \/><figcaption id=\"caption-attachment-1746\" class=\"wp-caption-text\">und Andreas Beerbaum<\/figcaption><\/figure>\n<p>Durch die Nutzung von Synergien im Bereich Technologie und die M\u00f6glichkeit, internationale Kunden und Partner noch besser zu betreuen, habe der Zusammenschluss die Basis f\u00fcr zuk\u00fcnftiges gemeinsames Wachstum geschaffen. Beschleunigt werde diese positive Entwicklung nun durch zus\u00e4tzliche Finanzmittel von 2 Mio. Euro.\u00a0Das erm\u00f6glicht weitere Investitionen, insbesondere im Bereich Technologie, die sich auf die Produkte und L\u00f6sungen gleichermassen auswirken und somit den Erfolg der Gruppe auf globaler Ebene f\u00f6rdern, wie die zwei Anbieter res\u00fcmieren.<\/p>\n<p>Als Teil der <a href=\"https:\/\/onssi.com\/\" target=\"_blank\" data-cke-saved-href=\"https:\/\/onssi.com\/\" rel=\"noopener\">OnSSI<\/a>-Gruppe hat die <a href=\"https:\/\/www.seetec.de\" target=\"_blank\" data-cke-saved-href=\"https:\/\/www.seetec.de\" rel=\"noopener\">SeeTec <\/a>in Deutschland ihre Rechtsform Anfang September von einer Aktiengesellschaft in eine\u00a0GmbH ge\u00e4ndert. Innerhalb der Gruppe f\u00fchre dieser Schritt zu vereinfachten Strukturen und erm\u00f6gliche eine noch effizientere Zusammenarbeit.<\/p>\n<p>Die SeeTec GmbH wird von Stephan Rasp und Andreas Beerbaum als Gesch\u00e4ftsf\u00fchrer geleitet.\u00a0Mit diesen Massnahmen, so Rasp, sei die SeeTec f\u00fcr die Herausforderungen im globalen Markt gut aufgestellt: &#8222;Das zus\u00e4tzliche Engagement unseres Finanzpartners, der uns seit Jahren begleitet, erm\u00f6glicht es uns, wichtige Schritte schneller zu tun und damit die Grundlage f\u00fcr weiteres Wachstum zu legen. So k\u00f6nnen wir insbesondere durch den bereits begonnenen Personalaufbau in der Software-Entwicklung unsere Produkte z\u00fcgig voran bringen, um als Technologiezentrum der OnSSI-Gruppe unseren Kunden auch in Zukunft wegweisende L\u00f6sungen in professioneller Qualit\u00e4t bieten zu k\u00f6nnen.&#8220;<\/p>\n","protected":false},"excerpt":{"rendered":"<p>Durch die Nutzung von Synergien im Bereich Technologie und die M\u00f6glichkeit, internationale Kunden und Partner noch besser zu betreuen, habe der Zusammenschluss die Basis f\u00fcr zuk\u00fcnftiges gemeinsames Wachstum geschaffen. Beschleunigt werde diese positive Entwicklung nun durch zus\u00e4tzliche Finanzmittel von 2 Mio. Euro.\u00a0Das erm\u00f6glicht weitere Investitionen, insbesondere im Bereich Technologie, die sich auf die Produkte und [&hellip;]<\/p>\n","protected":false},"author":1,"featured_media":1743,"comment_status":"open","ping_status":"open","sticky":false,"template":"","format":"standard","meta":{"_acf_changed":false,"pgc_sgb_lightbox_settings":"","footnotes":""},"categories":[1],"tags":[65,78],"class_list":["post-1741","post","type-post","status-publish","format-standard","has-post-thumbnail","hentry","category-allgemein","tag-unternehmen","tag-videoueberwachung"],"acf":[],"hkrextid":null,"publication":null,"issue":null,"workflow":null,"startPage":null,"spitzmarke":null,"_posts_by_tag_page_fields":{"widget_title":"","widget_tags":""},"_at_widget":"1","_yoast_wpseo_primary_category":"1","_yoast_wpseo_focuskw_text_input":"SeeTec","_yoast_wpseo_opengraph-image":"https:\/\/news.save.ch\/wp-content\/uploads\/2016\/12\/SeeTec-mit-neuer-Struktur-auf-Wachstumskurs-sicherheitsforum.jpg","_yoast_wpseo_opengraph-description":"Mit der \u00dcbernahme der Mehrheit an SeeTec durch On-Net Surveillance Systems (OnSSI) hat sich im April dieses Jahres ein neuer Global Player im Bereich Videomanagement-Software formiert. Jetzt sei man auf Wachstumskurs, lassen die zwei Unternehmen wissen.","_yoast_wpseo_opengraph-title":"SeeTec mit neuer Struktur auf Wachstumskurs","enclosure":null,"_yoast_wpseo_twitter-title":null,"_yoast_wpseo_twitter-description":null,"_yoast_wpseo_twitter-image":null,"_wp_old_slug":null,"_yoast_wpseo_title":null,"_yoast_wpseo_canonical":null,"yoast_head":"<!-- This site is optimized with the Yoast SEO plugin v27.5 - https:\/\/yoast.com\/product\/yoast-seo-wordpress\/ -->\n<title>SeeTec mit neuer Struktur auf Wachstumskurs - Save<\/title>\n<meta name=\"description\" content=\"Mit der \u00dcbernahme der Mehrheit an SeeTec durch OnSSI hat sich ein neuer Global Player im Bereich Videomanagement-Software formiert.\" \/>\n<meta name=\"robots\" content=\"index, follow, max-snippet:-1, max-image-preview:large, max-video-preview:-1\" \/>\n<link rel=\"canonical\" href=\"https:\/\/news.save.ch\/de\/seetec-mit-neuer-struktur-auf-wachstumskurs\/\" \/>\n<meta property=\"og:locale\" content=\"de_DE\" \/>\n<meta property=\"og:type\" content=\"article\" \/>\n<meta property=\"og:title\" content=\"SeeTec mit neuer Struktur auf Wachstumskurs\" \/>\n<meta property=\"og:description\" content=\"Mit der \u00dcbernahme der Mehrheit an SeeTec durch On-Net Surveillance Systems (OnSSI) hat sich im April dieses Jahres ein neuer Global Player im Bereich Videomanagement-Software formiert. Jetzt sei man auf Wachstumskurs, lassen die zwei Unternehmen wissen.\" \/>\n<meta property=\"og:url\" content=\"https:\/\/news.save.ch\/de\/seetec-mit-neuer-struktur-auf-wachstumskurs\/\" \/>\n<meta property=\"og:site_name\" content=\"Save\" \/>\n<meta property=\"article:published_time\" content=\"2015-10-02T11:39:13+00:00\" \/>\n<meta property=\"og:image\" content=\"https:\/\/news.save.ch\/wp-content\/uploads\/2016\/12\/SeeTec-mit-neuer-Struktur-auf-Wachstumskurs-sicherheitsforum.jpg\" \/>\n<meta name=\"author\" content=\"admin\" \/>\n<meta name=\"twitter:card\" content=\"summary_large_image\" \/>\n<meta name=\"twitter:label1\" content=\"Geschrieben von\" \/>\n\t<meta name=\"twitter:data1\" content=\"admin\" \/>\n\t<meta name=\"twitter:label2\" content=\"Gesch\u00e4tzte Lesezeit\" \/>\n\t<meta name=\"twitter:data2\" content=\"1\u00a0Minute\" \/>\n<script type=\"application\/ld+json\" class=\"yoast-schema-graph\">{\"@context\":\"https:\\\/\\\/schema.org\",\"@graph\":[{\"@type\":\"Article\",\"@id\":\"https:\\\/\\\/news.save.ch\\\/seetec-mit-neuer-struktur-auf-wachstumskurs\\\/#article\",\"isPartOf\":{\"@id\":\"https:\\\/\\\/news.save.ch\\\/seetec-mit-neuer-struktur-auf-wachstumskurs\\\/\"},\"author\":{\"name\":\"admin\",\"@id\":\"https:\\\/\\\/news.save.ch\\\/de\\\/#\\\/schema\\\/person\\\/d49e199490bad7c70d64b9ab51142f2b\"},\"headline\":\"SeeTec mit neuer Struktur auf Wachstumskurs\",\"datePublished\":\"2015-10-02T11:39:13+00:00\",\"mainEntityOfPage\":{\"@id\":\"https:\\\/\\\/news.save.ch\\\/seetec-mit-neuer-struktur-auf-wachstumskurs\\\/\"},\"wordCount\":250,\"commentCount\":0,\"publisher\":{\"@id\":\"https:\\\/\\\/news.save.ch\\\/de\\\/#organization\"},\"image\":{\"@id\":\"https:\\\/\\\/news.save.ch\\\/seetec-mit-neuer-struktur-auf-wachstumskurs\\\/#primaryimage\"},\"thumbnailUrl\":\"https:\\\/\\\/news.save.ch\\\/wp-content\\\/uploads\\\/2016\\\/12\\\/SeeTec-mit-neuer-Struktur-auf-Wachstumskurs-sicherheitsforum-scaled-1-scaled.jpg\",\"keywords\":[\"Unternehmen\",\"Video\u00fcberwachung\"],\"articleSection\":[\"ALLGEMEIN\"],\"inLanguage\":\"de\"},{\"@type\":\"WebPage\",\"@id\":\"https:\\\/\\\/news.save.ch\\\/seetec-mit-neuer-struktur-auf-wachstumskurs\\\/\",\"url\":\"https:\\\/\\\/news.save.ch\\\/seetec-mit-neuer-struktur-auf-wachstumskurs\\\/\",\"name\":\"SeeTec mit neuer Struktur auf Wachstumskurs - Save\",\"isPartOf\":{\"@id\":\"https:\\\/\\\/news.save.ch\\\/de\\\/#website\"},\"primaryImageOfPage\":{\"@id\":\"https:\\\/\\\/news.save.ch\\\/seetec-mit-neuer-struktur-auf-wachstumskurs\\\/#primaryimage\"},\"image\":{\"@id\":\"https:\\\/\\\/news.save.ch\\\/seetec-mit-neuer-struktur-auf-wachstumskurs\\\/#primaryimage\"},\"thumbnailUrl\":\"https:\\\/\\\/news.save.ch\\\/wp-content\\\/uploads\\\/2016\\\/12\\\/SeeTec-mit-neuer-Struktur-auf-Wachstumskurs-sicherheitsforum-scaled-1-scaled.jpg\",\"datePublished\":\"2015-10-02T11:39:13+00:00\",\"description\":\"Mit der \u00dcbernahme der Mehrheit an SeeTec durch OnSSI hat sich ein neuer Global Player im Bereich Videomanagement-Software formiert.\",\"breadcrumb\":{\"@id\":\"https:\\\/\\\/news.save.ch\\\/seetec-mit-neuer-struktur-auf-wachstumskurs\\\/#breadcrumb\"},\"inLanguage\":\"de\",\"potentialAction\":[{\"@type\":\"ReadAction\",\"target\":[\"https:\\\/\\\/news.save.ch\\\/seetec-mit-neuer-struktur-auf-wachstumskurs\\\/\"]}]},{\"@type\":\"ImageObject\",\"inLanguage\":\"de\",\"@id\":\"https:\\\/\\\/news.save.ch\\\/seetec-mit-neuer-struktur-auf-wachstumskurs\\\/#primaryimage\",\"url\":\"https:\\\/\\\/news.save.ch\\\/wp-content\\\/uploads\\\/2016\\\/12\\\/SeeTec-mit-neuer-Struktur-auf-Wachstumskurs-sicherheitsforum-scaled-1-scaled.jpg\",\"contentUrl\":\"https:\\\/\\\/news.save.ch\\\/wp-content\\\/uploads\\\/2016\\\/12\\\/SeeTec-mit-neuer-Struktur-auf-Wachstumskurs-sicherheitsforum-scaled-1-scaled.jpg\",\"width\":933,\"height\":1400,\"caption\":\"Das SeeTec-Gesch\u00e4ftsf\u00fchrerteam Stephan Rasp\"},{\"@type\":\"BreadcrumbList\",\"@id\":\"https:\\\/\\\/news.save.ch\\\/seetec-mit-neuer-struktur-auf-wachstumskurs\\\/#breadcrumb\",\"itemListElement\":[{\"@type\":\"ListItem\",\"position\":1,\"name\":\"Home\",\"item\":\"https:\\\/\\\/news.save.ch\\\/de\\\/\"},{\"@type\":\"ListItem\",\"position\":2,\"name\":\"SeeTec mit neuer Struktur auf Wachstumskurs\"}]},{\"@type\":\"WebSite\",\"@id\":\"https:\\\/\\\/news.save.ch\\\/de\\\/#website\",\"url\":\"https:\\\/\\\/news.save.ch\\\/de\\\/\",\"name\":\"Save\",\"description\":\"Schweizer Fachzeitschrift f\u00fcr Sicherheit\",\"publisher\":{\"@id\":\"https:\\\/\\\/news.save.ch\\\/de\\\/#organization\"},\"potentialAction\":[{\"@type\":\"SearchAction\",\"target\":{\"@type\":\"EntryPoint\",\"urlTemplate\":\"https:\\\/\\\/news.save.ch\\\/de\\\/?s={search_term_string}\"},\"query-input\":{\"@type\":\"PropertyValueSpecification\",\"valueRequired\":true,\"valueName\":\"search_term_string\"}}],\"inLanguage\":\"de\"},{\"@type\":\"Organization\",\"@id\":\"https:\\\/\\\/news.save.ch\\\/de\\\/#organization\",\"name\":\"Sicherheitsforum\",\"url\":\"https:\\\/\\\/news.save.ch\\\/de\\\/\",\"logo\":{\"@type\":\"ImageObject\",\"inLanguage\":\"de\",\"@id\":\"https:\\\/\\\/news.save.ch\\\/de\\\/#\\\/schema\\\/logo\\\/image\\\/\",\"url\":\"https:\\\/\\\/news.save.ch\\\/wp-content\\\/uploads\\\/2022\\\/06\\\/Logo_SF_2012.png\",\"contentUrl\":\"https:\\\/\\\/news.save.ch\\\/wp-content\\\/uploads\\\/2022\\\/06\\\/Logo_SF_2012.png\",\"width\":1100,\"height\":91,\"caption\":\"Sicherheitsforum\"},\"image\":{\"@id\":\"https:\\\/\\\/news.save.ch\\\/de\\\/#\\\/schema\\\/logo\\\/image\\\/\"}},{\"@type\":\"Person\",\"@id\":\"https:\\\/\\\/news.save.ch\\\/de\\\/#\\\/schema\\\/person\\\/d49e199490bad7c70d64b9ab51142f2b\",\"name\":\"admin\",\"image\":{\"@type\":\"ImageObject\",\"inLanguage\":\"de\",\"@id\":\"https:\\\/\\\/secure.gravatar.com\\\/avatar\\\/ae2f4d718e6c49043e314ce431e7e645d646302a24a5ef5a8bc8e3f5a032e319?s=96&d=mm&r=g\",\"url\":\"https:\\\/\\\/secure.gravatar.com\\\/avatar\\\/ae2f4d718e6c49043e314ce431e7e645d646302a24a5ef5a8bc8e3f5a032e319?s=96&d=mm&r=g\",\"contentUrl\":\"https:\\\/\\\/secure.gravatar.com\\\/avatar\\\/ae2f4d718e6c49043e314ce431e7e645d646302a24a5ef5a8bc8e3f5a032e319?s=96&d=mm&r=g\",\"caption\":\"admin\"},\"sameAs\":[\"https:\\\/\\\/develop.organisator.galledia.ch\"],\"url\":\"https:\\\/\\\/news.save.ch\\\/de\\\/author\\\/admin\\\/\"}]}<\/script>\n<!-- \/ Yoast SEO plugin. -->","yoast_head_json":{"title":"SeeTec mit neuer Struktur auf Wachstumskurs - Save","description":"Mit der \u00dcbernahme der Mehrheit an SeeTec durch OnSSI hat sich ein neuer Global Player im Bereich Videomanagement-Software formiert.","robots":{"index":"index","follow":"follow","max-snippet":"max-snippet:-1","max-image-preview":"max-image-preview:large","max-video-preview":"max-video-preview:-1"},"canonical":"https:\/\/news.save.ch\/de\/seetec-mit-neuer-struktur-auf-wachstumskurs\/","og_locale":"de_DE","og_type":"article","og_title":"SeeTec mit neuer Struktur auf Wachstumskurs","og_description":"Mit der \u00dcbernahme der Mehrheit an SeeTec durch On-Net Surveillance Systems (OnSSI) hat sich im April dieses Jahres ein neuer Global Player im Bereich Videomanagement-Software formiert. Jetzt sei man auf Wachstumskurs, lassen die zwei Unternehmen wissen.","og_url":"https:\/\/news.save.ch\/de\/seetec-mit-neuer-struktur-auf-wachstumskurs\/","og_site_name":"Save","article_published_time":"2015-10-02T11:39:13+00:00","og_image":[{"url":"https:\/\/news.save.ch\/wp-content\/uploads\/2016\/12\/SeeTec-mit-neuer-Struktur-auf-Wachstumskurs-sicherheitsforum.jpg","type":"","width":"","height":""}],"author":"admin","twitter_card":"summary_large_image","twitter_misc":{"Geschrieben von":"admin","Gesch\u00e4tzte Lesezeit":"1\u00a0Minute"},"schema":{"@context":"https:\/\/schema.org","@graph":[{"@type":"Article","@id":"https:\/\/news.save.ch\/seetec-mit-neuer-struktur-auf-wachstumskurs\/#article","isPartOf":{"@id":"https:\/\/news.save.ch\/seetec-mit-neuer-struktur-auf-wachstumskurs\/"},"author":{"name":"admin","@id":"https:\/\/news.save.ch\/de\/#\/schema\/person\/d49e199490bad7c70d64b9ab51142f2b"},"headline":"SeeTec mit neuer Struktur auf Wachstumskurs","datePublished":"2015-10-02T11:39:13+00:00","mainEntityOfPage":{"@id":"https:\/\/news.save.ch\/seetec-mit-neuer-struktur-auf-wachstumskurs\/"},"wordCount":250,"commentCount":0,"publisher":{"@id":"https:\/\/news.save.ch\/de\/#organization"},"image":{"@id":"https:\/\/news.save.ch\/seetec-mit-neuer-struktur-auf-wachstumskurs\/#primaryimage"},"thumbnailUrl":"https:\/\/news.save.ch\/wp-content\/uploads\/2016\/12\/SeeTec-mit-neuer-Struktur-auf-Wachstumskurs-sicherheitsforum-scaled-1-scaled.jpg","keywords":["Unternehmen","Video\u00fcberwachung"],"articleSection":["ALLGEMEIN"],"inLanguage":"de"},{"@type":"WebPage","@id":"https:\/\/news.save.ch\/seetec-mit-neuer-struktur-auf-wachstumskurs\/","url":"https:\/\/news.save.ch\/seetec-mit-neuer-struktur-auf-wachstumskurs\/","name":"SeeTec mit neuer Struktur auf Wachstumskurs - Save","isPartOf":{"@id":"https:\/\/news.save.ch\/de\/#website"},"primaryImageOfPage":{"@id":"https:\/\/news.save.ch\/seetec-mit-neuer-struktur-auf-wachstumskurs\/#primaryimage"},"image":{"@id":"https:\/\/news.save.ch\/seetec-mit-neuer-struktur-auf-wachstumskurs\/#primaryimage"},"thumbnailUrl":"https:\/\/news.save.ch\/wp-content\/uploads\/2016\/12\/SeeTec-mit-neuer-Struktur-auf-Wachstumskurs-sicherheitsforum-scaled-1-scaled.jpg","datePublished":"2015-10-02T11:39:13+00:00","description":"Mit der \u00dcbernahme der Mehrheit an SeeTec durch OnSSI hat sich ein neuer Global Player im Bereich Videomanagement-Software formiert.","breadcrumb":{"@id":"https:\/\/news.save.ch\/seetec-mit-neuer-struktur-auf-wachstumskurs\/#breadcrumb"},"inLanguage":"de","potentialAction":[{"@type":"ReadAction","target":["https:\/\/news.save.ch\/seetec-mit-neuer-struktur-auf-wachstumskurs\/"]}]},{"@type":"ImageObject","inLanguage":"de","@id":"https:\/\/news.save.ch\/seetec-mit-neuer-struktur-auf-wachstumskurs\/#primaryimage","url":"https:\/\/news.save.ch\/wp-content\/uploads\/2016\/12\/SeeTec-mit-neuer-Struktur-auf-Wachstumskurs-sicherheitsforum-scaled-1-scaled.jpg","contentUrl":"https:\/\/news.save.ch\/wp-content\/uploads\/2016\/12\/SeeTec-mit-neuer-Struktur-auf-Wachstumskurs-sicherheitsforum-scaled-1-scaled.jpg","width":933,"height":1400,"caption":"Das SeeTec-Gesch\u00e4ftsf\u00fchrerteam Stephan Rasp"},{"@type":"BreadcrumbList","@id":"https:\/\/news.save.ch\/seetec-mit-neuer-struktur-auf-wachstumskurs\/#breadcrumb","itemListElement":[{"@type":"ListItem","position":1,"name":"Home","item":"https:\/\/news.save.ch\/de\/"},{"@type":"ListItem","position":2,"name":"SeeTec mit neuer Struktur auf Wachstumskurs"}]},{"@type":"WebSite","@id":"https:\/\/news.save.ch\/de\/#website","url":"https:\/\/news.save.ch\/de\/","name":"Save","description":"Schweizer Fachzeitschrift f\u00fcr Sicherheit","publisher":{"@id":"https:\/\/news.save.ch\/de\/#organization"},"potentialAction":[{"@type":"SearchAction","target":{"@type":"EntryPoint","urlTemplate":"https:\/\/news.save.ch\/de\/?s={search_term_string}"},"query-input":{"@type":"PropertyValueSpecification","valueRequired":true,"valueName":"search_term_string"}}],"inLanguage":"de"},{"@type":"Organization","@id":"https:\/\/news.save.ch\/de\/#organization","name":"Sicherheitsforum","url":"https:\/\/news.save.ch\/de\/","logo":{"@type":"ImageObject","inLanguage":"de","@id":"https:\/\/news.save.ch\/de\/#\/schema\/logo\/image\/","url":"https:\/\/news.save.ch\/wp-content\/uploads\/2022\/06\/Logo_SF_2012.png","contentUrl":"https:\/\/news.save.ch\/wp-content\/uploads\/2022\/06\/Logo_SF_2012.png","width":1100,"height":91,"caption":"Sicherheitsforum"},"image":{"@id":"https:\/\/news.save.ch\/de\/#\/schema\/logo\/image\/"}},{"@type":"Person","@id":"https:\/\/news.save.ch\/de\/#\/schema\/person\/d49e199490bad7c70d64b9ab51142f2b","name":"admin","image":{"@type":"ImageObject","inLanguage":"de","@id":"https:\/\/secure.gravatar.com\/avatar\/ae2f4d718e6c49043e314ce431e7e645d646302a24a5ef5a8bc8e3f5a032e319?s=96&d=mm&r=g","url":"https:\/\/secure.gravatar.com\/avatar\/ae2f4d718e6c49043e314ce431e7e645d646302a24a5ef5a8bc8e3f5a032e319?s=96&d=mm&r=g","contentUrl":"https:\/\/secure.gravatar.com\/avatar\/ae2f4d718e6c49043e314ce431e7e645d646302a24a5ef5a8bc8e3f5a032e319?s=96&d=mm&r=g","caption":"admin"},"sameAs":["https:\/\/develop.organisator.galledia.ch"],"url":"https:\/\/news.save.ch\/de\/author\/admin\/"}]}},"_links":{"self":[{"href":"https:\/\/news.save.ch\/de\/wp-json\/wp\/v2\/posts\/1741","targetHints":{"allow":["GET"]}}],"collection":[{"href":"https:\/\/news.save.ch\/de\/wp-json\/wp\/v2\/posts"}],"about":[{"href":"https:\/\/news.save.ch\/de\/wp-json\/wp\/v2\/types\/post"}],"author":[{"embeddable":true,"href":"https:\/\/news.save.ch\/de\/wp-json\/wp\/v2\/users\/1"}],"replies":[{"embeddable":true,"href":"https:\/\/news.save.ch\/de\/wp-json\/wp\/v2\/comments?post=1741"}],"version-history":[{"count":0,"href":"https:\/\/news.save.ch\/de\/wp-json\/wp\/v2\/posts\/1741\/revisions"}],"wp:featuredmedia":[{"embeddable":true,"href":"https:\/\/news.save.ch\/de\/wp-json\/wp\/v2\/media\/1743"}],"wp:attachment":[{"href":"https:\/\/news.save.ch\/de\/wp-json\/wp\/v2\/media?parent=1741"}],"wp:term":[{"taxonomy":"category","embeddable":true,"href":"https:\/\/news.save.ch\/de\/wp-json\/wp\/v2\/categories?post=1741"},{"taxonomy":"post_tag","embeddable":true,"href":"https:\/\/news.save.ch\/de\/wp-json\/wp\/v2\/tags?post=1741"}],"curies":[{"name":"wp","href":"https:\/\/api.w.org\/{rel}","templated":true}]}}