{"id":1742,"date":"2016-09-30T13:49:17","date_gmt":"2016-09-30T11:49:17","guid":{"rendered":"https:\/\/dev.sicherheitsforum.ch\/?p=1742"},"modified":"2016-09-30T13:49:17","modified_gmt":"2016-09-30T11:49:17","slug":"security-ist-internationaler-geworden","status":null,"type":"post","link":"https:\/\/news.save.ch\/de\/security-ist-internationaler-geworden\/","title":{"rendered":"Security ist internationaler geworden"},"content":{"rendered":"<figure id=\"attachment_1773\" aria-describedby=\"caption-attachment-1773\" style=\"width: 677px\" class=\"wp-caption alignnone\"><img loading=\"lazy\" decoding=\"async\" class=\"size-medium wp-image-1773\" src=\"https:\/\/sicherheitsforum.ch\/wp-content\/uploads\/2016\/12\/Security-ist-internationaler-geworden_sicherheitsforum.jpg\" alt=\"\" width=\"677\" height=\"1000\" \/><figcaption id=\"caption-attachment-1773\" class=\"wp-caption-text\">Foto: Security Essen<\/figcaption><\/figure>\n<p>Wie sieht\u00a0die Weltleitmesse <a href=\"https:\/\/www.security-essen.de\/impulsgeber\/\" target=\"_blank\" rel=\"noreferrer noopener\" data-cke-saved-href=\"https:\/\/www.security-essen.de\/impulsgeber\/\">Security Essen <\/a>2016 bez\u00fcglich Zahlen aus: 1&#8217;040 (2014: 1&#8217;045) Aussteller aus 45 (40) Nationen haben ihre Produkte und Dienstleistungen rund um die zivile Sicherheit pr\u00e4sentiert. Laut\u00a0Angaben kamen \u00fcber 40&#8217;000 Fachbesuchende, etwa gleich viele wie vor zwei Jahren.<\/p>\n<p>Jeder vierte Besucher habe seine Bestellung direkt auf der Messe platzierte (+8% im Vergleich zu 2014). Die Aussteller berichteten von guten Gesch\u00e4ften, rund 60 Prozent rechnen zudem mit einem guten bis sehr guten Nachmessegesch\u00e4ft (+5%). Die Fachmesse bewegte sich in einem starken wirtschaftlichen Umfeld: Allein in Deutschland betrage der Umsatz der Sicherheitsbranche rund 14,5 Milliarden Euro (plus rund 17% im \u00a0Zweijahres-Vergleich).<\/p>\n<p>Erfreut ist die Messeleitung auch, was die Internationalit\u00e4t anbelangt. Jeder dritte Fachbesuchende ist aus dem Ausland anreist, ein besonders starkes Plus verzeichneten dabei Grossbritannien sowie Afrika und Asien, wie es heisst. Die Besucher kamen insgesamt aus 119 (110) Nationen.<\/p>\n<p>S<strong>icherheit wird digitaler und vernetzter<\/strong><\/p>\n<p>Welche Trends waren auszumachen? Die Sicherheitstechnik werde vernetzter und digitaler. Ob das per Smartphone steuerbare Vorh\u00e4ngeschloss, hochaufl\u00f6sende und mobile 4K-Videokameras, mit der Geb\u00e4udeautomation verbundene Alarmtechnik oder vielseitig einsetzbare Drohnen mit angeschlossener Leitstelle \u2013 die Aussteller demonstrierten den State-of-the-Art der modernen Sicherheit. Was intelligente Bauten schon heute k\u00f6nnen, zeigte das Smart-Security-Mustergeb\u00e4ude des BHE Bundesverband Sicherheitstechnik und der Messe Essen. Aufgeteilt in die Bereiche B\u00fcrogeb\u00e4ude und Privatr\u00e4ume waren Produkte, L\u00f6sungen und komplette Szenarien zu sehen, wie smarte H\u00e4user G\u00e4ste empfangen und im Einbruchsfall oder bei Br\u00e4nden reagieren.<\/p>\n<p>Besonders innovative L\u00f6sungen zeichnete die Messe Essen am ersten Messetag mit dem <a href=\"\/die-gewinner-des-innovation-award\" target=\"_blank\" rel=\"noreferrer noopener\" data-cke-saved-href=\"https:\/\/sicherheitsforum.hamster.ch\/security-essen-die-gewinner-stehen-fest\">Security Innovation Award<\/a> aus.<\/p>\n<p><strong>Vielseitiges Rahmenprogramm <\/strong><\/p>\n<p>Mit einem umfangreichen Rahmenprogramm bot die Security Essen Ausstellern und Besuchern zahlreiche M\u00f6glichkeiten zum informativen Austausch, zu Wissensvermittlung und Networking. Im traditionellen Security Forum gaben an allen Messetagen Verb\u00e4nde, Hersteller und Praktiker in Vortr\u00e4gen, Live-Demonstrationen und Roundtables Antworten auf aktuelle Sicherheitsfragen.<\/p>\n<p><strong>Hohe Wiederbesuchsabsichten bei Ausstellern und Besuchern <\/strong><\/p>\n<p>Die Fachbesucher lobten das Angebot der Security Essen, die Internationalit\u00e4t der Messe und die gezeigten Neuheiten, wie die Veranstalter in ihrem Abschlussbericht schreiben. Bereits h\u00e4tten 89 Prozent von ihnen und 91 Prozent der Aussteller zugesagt, dass sie bei der n\u00e4chsten Security Essen dabei sein w\u00fcrden. Diese findet vom 25. bis 28. September 2018 in der Messe Essen stattfindet. Das neu eingef\u00fchrte Pre-Booking hat schon jetzt zu einem hohen Interesse gef\u00fchrt: 74 Prozent der Aussteller haben bereits vor Ort ihre erneute Teilnahme best\u00e4tigt, wie die Veranstalter wissen lassen.<\/p>\n","protected":false},"excerpt":{"rendered":"<p>Wie sieht\u00a0die Weltleitmesse Security Essen 2016 bez\u00fcglich Zahlen aus: 1&#8217;040 (2014: 1&#8217;045) Aussteller aus 45 (40) Nationen haben ihre Produkte und Dienstleistungen rund um die zivile Sicherheit pr\u00e4sentiert. Laut\u00a0Angaben kamen \u00fcber 40&#8217;000 Fachbesuchende, etwa gleich viele wie vor zwei Jahren. Jeder vierte Besucher habe seine Bestellung direkt auf der Messe platzierte (+8% im Vergleich zu [&hellip;]<\/p>\n","protected":false},"author":1,"featured_media":1773,"comment_status":"open","ping_status":"open","sticky":false,"template":"","format":"standard","meta":{"_acf_changed":false,"pgc_sgb_lightbox_settings":"","footnotes":""},"categories":[1],"tags":[84,191],"class_list":["post-1742","post","type-post","status-publish","format-standard","has-post-thumbnail","hentry","category-allgemein","tag-fachkongressfachmesse","tag-sicherheitsmesse"],"acf":[],"hkrextid":null,"publication":null,"issue":null,"workflow":null,"startPage":null,"spitzmarke":null,"_posts_by_tag_page_fields":{"widget_title":"","widget_tags":""},"_at_widget":"1","_yoast_wpseo_primary_category":"","_yoast_wpseo_focuskw_text_input":"Security Essen","_yoast_wpseo_opengraph-image":null,"_yoast_wpseo_opengraph-description":null,"_yoast_wpseo_opengraph-title":null,"enclosure":null,"_yoast_wpseo_twitter-title":null,"_yoast_wpseo_twitter-description":null,"_yoast_wpseo_twitter-image":null,"_wp_old_slug":null,"_yoast_wpseo_title":null,"_yoast_wpseo_canonical":null,"yoast_head":"<!-- This site is optimized with the Yoast SEO plugin v27.4 - https:\/\/yoast.com\/product\/yoast-seo-wordpress\/ -->\n<title>Security ist internationaler geworden - Save<\/title>\n<meta name=\"robots\" content=\"index, follow, max-snippet:-1, max-image-preview:large, max-video-preview:-1\" \/>\n<link rel=\"canonical\" href=\"https:\/\/news.save.ch\/de\/security-ist-internationaler-geworden\/\" \/>\n<meta property=\"og:locale\" content=\"de_DE\" \/>\n<meta property=\"og:type\" content=\"article\" \/>\n<meta property=\"og:title\" content=\"Security ist internationaler geworden - Save\" \/>\n<meta property=\"og:description\" content=\"Wie sieht\u00a0die Weltleitmesse Security Essen 2016 bez\u00fcglich Zahlen aus: 1&#8217;040 (2014: 1&#8217;045) Aussteller aus 45 (40) Nationen haben ihre Produkte und Dienstleistungen rund um die zivile Sicherheit pr\u00e4sentiert. Laut\u00a0Angaben kamen \u00fcber 40&#8217;000 Fachbesuchende, etwa gleich viele wie vor zwei Jahren. Jeder vierte Besucher habe seine Bestellung direkt auf der Messe platzierte (+8% im Vergleich zu [&hellip;]\" \/>\n<meta property=\"og:url\" content=\"https:\/\/news.save.ch\/de\/security-ist-internationaler-geworden\/\" \/>\n<meta property=\"og:site_name\" content=\"Save\" \/>\n<meta property=\"article:published_time\" content=\"2016-09-30T11:49:17+00:00\" \/>\n<meta property=\"og:image\" content=\"https:\/\/news.save.ch\/wp-content\/uploads\/2016\/12\/Security-ist-internationaler-geworden_sicherheitsforum-scaled.jpg\" \/>\n\t<meta property=\"og:image:width\" content=\"947\" \/>\n\t<meta property=\"og:image:height\" content=\"1400\" \/>\n\t<meta property=\"og:image:type\" content=\"image\/jpeg\" \/>\n<meta name=\"author\" content=\"admin\" \/>\n<meta name=\"twitter:card\" content=\"summary_large_image\" \/>\n<meta name=\"twitter:label1\" content=\"Geschrieben von\" \/>\n\t<meta name=\"twitter:data1\" content=\"admin\" \/>\n\t<meta name=\"twitter:label2\" content=\"Gesch\u00e4tzte Lesezeit\" \/>\n\t<meta name=\"twitter:data2\" content=\"2\u00a0Minuten\" \/>\n<script type=\"application\/ld+json\" class=\"yoast-schema-graph\">{\"@context\":\"https:\\\/\\\/schema.org\",\"@graph\":[{\"@type\":\"Article\",\"@id\":\"https:\\\/\\\/news.save.ch\\\/security-ist-internationaler-geworden\\\/#article\",\"isPartOf\":{\"@id\":\"https:\\\/\\\/news.save.ch\\\/security-ist-internationaler-geworden\\\/\"},\"author\":{\"name\":\"admin\",\"@id\":\"https:\\\/\\\/news.save.ch\\\/de\\\/#\\\/schema\\\/person\\\/d49e199490bad7c70d64b9ab51142f2b\"},\"headline\":\"Security ist internationaler geworden\",\"datePublished\":\"2016-09-30T11:49:17+00:00\",\"mainEntityOfPage\":{\"@id\":\"https:\\\/\\\/news.save.ch\\\/security-ist-internationaler-geworden\\\/\"},\"wordCount\":404,\"commentCount\":0,\"publisher\":{\"@id\":\"https:\\\/\\\/news.save.ch\\\/de\\\/#organization\"},\"image\":{\"@id\":\"https:\\\/\\\/news.save.ch\\\/security-ist-internationaler-geworden\\\/#primaryimage\"},\"thumbnailUrl\":\"https:\\\/\\\/news.save.ch\\\/wp-content\\\/uploads\\\/2016\\\/12\\\/Security-ist-internationaler-geworden_sicherheitsforum-scaled.jpg\",\"keywords\":[\"Fachkongress\\\/Fachmesse\",\"Sicherheitsmesse\"],\"articleSection\":[\"ALLGEMEIN\"],\"inLanguage\":\"de\"},{\"@type\":\"WebPage\",\"@id\":\"https:\\\/\\\/news.save.ch\\\/security-ist-internationaler-geworden\\\/\",\"url\":\"https:\\\/\\\/news.save.ch\\\/security-ist-internationaler-geworden\\\/\",\"name\":\"Security ist internationaler geworden - Save\",\"isPartOf\":{\"@id\":\"https:\\\/\\\/news.save.ch\\\/de\\\/#website\"},\"primaryImageOfPage\":{\"@id\":\"https:\\\/\\\/news.save.ch\\\/security-ist-internationaler-geworden\\\/#primaryimage\"},\"image\":{\"@id\":\"https:\\\/\\\/news.save.ch\\\/security-ist-internationaler-geworden\\\/#primaryimage\"},\"thumbnailUrl\":\"https:\\\/\\\/news.save.ch\\\/wp-content\\\/uploads\\\/2016\\\/12\\\/Security-ist-internationaler-geworden_sicherheitsforum-scaled.jpg\",\"datePublished\":\"2016-09-30T11:49:17+00:00\",\"breadcrumb\":{\"@id\":\"https:\\\/\\\/news.save.ch\\\/security-ist-internationaler-geworden\\\/#breadcrumb\"},\"inLanguage\":\"de\",\"potentialAction\":[{\"@type\":\"ReadAction\",\"target\":[\"https:\\\/\\\/news.save.ch\\\/security-ist-internationaler-geworden\\\/\"]}]},{\"@type\":\"ImageObject\",\"inLanguage\":\"de\",\"@id\":\"https:\\\/\\\/news.save.ch\\\/security-ist-internationaler-geworden\\\/#primaryimage\",\"url\":\"https:\\\/\\\/news.save.ch\\\/wp-content\\\/uploads\\\/2016\\\/12\\\/Security-ist-internationaler-geworden_sicherheitsforum-scaled.jpg\",\"contentUrl\":\"https:\\\/\\\/news.save.ch\\\/wp-content\\\/uploads\\\/2016\\\/12\\\/Security-ist-internationaler-geworden_sicherheitsforum-scaled.jpg\",\"width\":947,\"height\":1400,\"caption\":\"Foto: Security Essen\"},{\"@type\":\"BreadcrumbList\",\"@id\":\"https:\\\/\\\/news.save.ch\\\/security-ist-internationaler-geworden\\\/#breadcrumb\",\"itemListElement\":[{\"@type\":\"ListItem\",\"position\":1,\"name\":\"Home\",\"item\":\"https:\\\/\\\/news.save.ch\\\/de\\\/\"},{\"@type\":\"ListItem\",\"position\":2,\"name\":\"Security ist internationaler geworden\"}]},{\"@type\":\"WebSite\",\"@id\":\"https:\\\/\\\/news.save.ch\\\/de\\\/#website\",\"url\":\"https:\\\/\\\/news.save.ch\\\/de\\\/\",\"name\":\"Save\",\"description\":\"Schweizer Fachzeitschrift f\u00fcr Sicherheit\",\"publisher\":{\"@id\":\"https:\\\/\\\/news.save.ch\\\/de\\\/#organization\"},\"potentialAction\":[{\"@type\":\"SearchAction\",\"target\":{\"@type\":\"EntryPoint\",\"urlTemplate\":\"https:\\\/\\\/news.save.ch\\\/de\\\/?s={search_term_string}\"},\"query-input\":{\"@type\":\"PropertyValueSpecification\",\"valueRequired\":true,\"valueName\":\"search_term_string\"}}],\"inLanguage\":\"de\"},{\"@type\":\"Organization\",\"@id\":\"https:\\\/\\\/news.save.ch\\\/de\\\/#organization\",\"name\":\"Sicherheitsforum\",\"url\":\"https:\\\/\\\/news.save.ch\\\/de\\\/\",\"logo\":{\"@type\":\"ImageObject\",\"inLanguage\":\"de\",\"@id\":\"https:\\\/\\\/news.save.ch\\\/de\\\/#\\\/schema\\\/logo\\\/image\\\/\",\"url\":\"https:\\\/\\\/news.save.ch\\\/wp-content\\\/uploads\\\/2022\\\/06\\\/Logo_SF_2012.png\",\"contentUrl\":\"https:\\\/\\\/news.save.ch\\\/wp-content\\\/uploads\\\/2022\\\/06\\\/Logo_SF_2012.png\",\"width\":1100,\"height\":91,\"caption\":\"Sicherheitsforum\"},\"image\":{\"@id\":\"https:\\\/\\\/news.save.ch\\\/de\\\/#\\\/schema\\\/logo\\\/image\\\/\"}},{\"@type\":\"Person\",\"@id\":\"https:\\\/\\\/news.save.ch\\\/de\\\/#\\\/schema\\\/person\\\/d49e199490bad7c70d64b9ab51142f2b\",\"name\":\"admin\",\"image\":{\"@type\":\"ImageObject\",\"inLanguage\":\"de\",\"@id\":\"https:\\\/\\\/secure.gravatar.com\\\/avatar\\\/ae2f4d718e6c49043e314ce431e7e645d646302a24a5ef5a8bc8e3f5a032e319?s=96&d=mm&r=g\",\"url\":\"https:\\\/\\\/secure.gravatar.com\\\/avatar\\\/ae2f4d718e6c49043e314ce431e7e645d646302a24a5ef5a8bc8e3f5a032e319?s=96&d=mm&r=g\",\"contentUrl\":\"https:\\\/\\\/secure.gravatar.com\\\/avatar\\\/ae2f4d718e6c49043e314ce431e7e645d646302a24a5ef5a8bc8e3f5a032e319?s=96&d=mm&r=g\",\"caption\":\"admin\"},\"sameAs\":[\"https:\\\/\\\/develop.organisator.galledia.ch\"],\"url\":\"https:\\\/\\\/news.save.ch\\\/de\\\/author\\\/admin\\\/\"}]}<\/script>\n<!-- \/ Yoast SEO plugin. -->","yoast_head_json":{"title":"Security ist internationaler geworden - Save","robots":{"index":"index","follow":"follow","max-snippet":"max-snippet:-1","max-image-preview":"max-image-preview:large","max-video-preview":"max-video-preview:-1"},"canonical":"https:\/\/news.save.ch\/de\/security-ist-internationaler-geworden\/","og_locale":"de_DE","og_type":"article","og_title":"Security ist internationaler geworden - Save","og_description":"Wie sieht\u00a0die Weltleitmesse Security Essen 2016 bez\u00fcglich Zahlen aus: 1&#8217;040 (2014: 1&#8217;045) Aussteller aus 45 (40) Nationen haben ihre Produkte und Dienstleistungen rund um die zivile Sicherheit pr\u00e4sentiert. Laut\u00a0Angaben kamen \u00fcber 40&#8217;000 Fachbesuchende, etwa gleich viele wie vor zwei Jahren. Jeder vierte Besucher habe seine Bestellung direkt auf der Messe platzierte (+8% im Vergleich zu [&hellip;]","og_url":"https:\/\/news.save.ch\/de\/security-ist-internationaler-geworden\/","og_site_name":"Save","article_published_time":"2016-09-30T11:49:17+00:00","og_image":[{"width":947,"height":1400,"url":"https:\/\/news.save.ch\/wp-content\/uploads\/2016\/12\/Security-ist-internationaler-geworden_sicherheitsforum-scaled.jpg","type":"image\/jpeg"}],"author":"admin","twitter_card":"summary_large_image","twitter_misc":{"Geschrieben von":"admin","Gesch\u00e4tzte Lesezeit":"2\u00a0Minuten"},"schema":{"@context":"https:\/\/schema.org","@graph":[{"@type":"Article","@id":"https:\/\/news.save.ch\/security-ist-internationaler-geworden\/#article","isPartOf":{"@id":"https:\/\/news.save.ch\/security-ist-internationaler-geworden\/"},"author":{"name":"admin","@id":"https:\/\/news.save.ch\/de\/#\/schema\/person\/d49e199490bad7c70d64b9ab51142f2b"},"headline":"Security ist internationaler geworden","datePublished":"2016-09-30T11:49:17+00:00","mainEntityOfPage":{"@id":"https:\/\/news.save.ch\/security-ist-internationaler-geworden\/"},"wordCount":404,"commentCount":0,"publisher":{"@id":"https:\/\/news.save.ch\/de\/#organization"},"image":{"@id":"https:\/\/news.save.ch\/security-ist-internationaler-geworden\/#primaryimage"},"thumbnailUrl":"https:\/\/news.save.ch\/wp-content\/uploads\/2016\/12\/Security-ist-internationaler-geworden_sicherheitsforum-scaled.jpg","keywords":["Fachkongress\/Fachmesse","Sicherheitsmesse"],"articleSection":["ALLGEMEIN"],"inLanguage":"de"},{"@type":"WebPage","@id":"https:\/\/news.save.ch\/security-ist-internationaler-geworden\/","url":"https:\/\/news.save.ch\/security-ist-internationaler-geworden\/","name":"Security ist internationaler geworden - Save","isPartOf":{"@id":"https:\/\/news.save.ch\/de\/#website"},"primaryImageOfPage":{"@id":"https:\/\/news.save.ch\/security-ist-internationaler-geworden\/#primaryimage"},"image":{"@id":"https:\/\/news.save.ch\/security-ist-internationaler-geworden\/#primaryimage"},"thumbnailUrl":"https:\/\/news.save.ch\/wp-content\/uploads\/2016\/12\/Security-ist-internationaler-geworden_sicherheitsforum-scaled.jpg","datePublished":"2016-09-30T11:49:17+00:00","breadcrumb":{"@id":"https:\/\/news.save.ch\/security-ist-internationaler-geworden\/#breadcrumb"},"inLanguage":"de","potentialAction":[{"@type":"ReadAction","target":["https:\/\/news.save.ch\/security-ist-internationaler-geworden\/"]}]},{"@type":"ImageObject","inLanguage":"de","@id":"https:\/\/news.save.ch\/security-ist-internationaler-geworden\/#primaryimage","url":"https:\/\/news.save.ch\/wp-content\/uploads\/2016\/12\/Security-ist-internationaler-geworden_sicherheitsforum-scaled.jpg","contentUrl":"https:\/\/news.save.ch\/wp-content\/uploads\/2016\/12\/Security-ist-internationaler-geworden_sicherheitsforum-scaled.jpg","width":947,"height":1400,"caption":"Foto: Security Essen"},{"@type":"BreadcrumbList","@id":"https:\/\/news.save.ch\/security-ist-internationaler-geworden\/#breadcrumb","itemListElement":[{"@type":"ListItem","position":1,"name":"Home","item":"https:\/\/news.save.ch\/de\/"},{"@type":"ListItem","position":2,"name":"Security ist internationaler geworden"}]},{"@type":"WebSite","@id":"https:\/\/news.save.ch\/de\/#website","url":"https:\/\/news.save.ch\/de\/","name":"Save","description":"Schweizer Fachzeitschrift f\u00fcr Sicherheit","publisher":{"@id":"https:\/\/news.save.ch\/de\/#organization"},"potentialAction":[{"@type":"SearchAction","target":{"@type":"EntryPoint","urlTemplate":"https:\/\/news.save.ch\/de\/?s={search_term_string}"},"query-input":{"@type":"PropertyValueSpecification","valueRequired":true,"valueName":"search_term_string"}}],"inLanguage":"de"},{"@type":"Organization","@id":"https:\/\/news.save.ch\/de\/#organization","name":"Sicherheitsforum","url":"https:\/\/news.save.ch\/de\/","logo":{"@type":"ImageObject","inLanguage":"de","@id":"https:\/\/news.save.ch\/de\/#\/schema\/logo\/image\/","url":"https:\/\/news.save.ch\/wp-content\/uploads\/2022\/06\/Logo_SF_2012.png","contentUrl":"https:\/\/news.save.ch\/wp-content\/uploads\/2022\/06\/Logo_SF_2012.png","width":1100,"height":91,"caption":"Sicherheitsforum"},"image":{"@id":"https:\/\/news.save.ch\/de\/#\/schema\/logo\/image\/"}},{"@type":"Person","@id":"https:\/\/news.save.ch\/de\/#\/schema\/person\/d49e199490bad7c70d64b9ab51142f2b","name":"admin","image":{"@type":"ImageObject","inLanguage":"de","@id":"https:\/\/secure.gravatar.com\/avatar\/ae2f4d718e6c49043e314ce431e7e645d646302a24a5ef5a8bc8e3f5a032e319?s=96&d=mm&r=g","url":"https:\/\/secure.gravatar.com\/avatar\/ae2f4d718e6c49043e314ce431e7e645d646302a24a5ef5a8bc8e3f5a032e319?s=96&d=mm&r=g","contentUrl":"https:\/\/secure.gravatar.com\/avatar\/ae2f4d718e6c49043e314ce431e7e645d646302a24a5ef5a8bc8e3f5a032e319?s=96&d=mm&r=g","caption":"admin"},"sameAs":["https:\/\/develop.organisator.galledia.ch"],"url":"https:\/\/news.save.ch\/de\/author\/admin\/"}]}},"_links":{"self":[{"href":"https:\/\/news.save.ch\/de\/wp-json\/wp\/v2\/posts\/1742","targetHints":{"allow":["GET"]}}],"collection":[{"href":"https:\/\/news.save.ch\/de\/wp-json\/wp\/v2\/posts"}],"about":[{"href":"https:\/\/news.save.ch\/de\/wp-json\/wp\/v2\/types\/post"}],"author":[{"embeddable":true,"href":"https:\/\/news.save.ch\/de\/wp-json\/wp\/v2\/users\/1"}],"replies":[{"embeddable":true,"href":"https:\/\/news.save.ch\/de\/wp-json\/wp\/v2\/comments?post=1742"}],"version-history":[{"count":0,"href":"https:\/\/news.save.ch\/de\/wp-json\/wp\/v2\/posts\/1742\/revisions"}],"wp:featuredmedia":[{"embeddable":true,"href":"https:\/\/news.save.ch\/de\/wp-json\/wp\/v2\/media\/1773"}],"wp:attachment":[{"href":"https:\/\/news.save.ch\/de\/wp-json\/wp\/v2\/media?parent=1742"}],"wp:term":[{"taxonomy":"category","embeddable":true,"href":"https:\/\/news.save.ch\/de\/wp-json\/wp\/v2\/categories?post=1742"},{"taxonomy":"post_tag","embeddable":true,"href":"https:\/\/news.save.ch\/de\/wp-json\/wp\/v2\/tags?post=1742"}],"curies":[{"name":"wp","href":"https:\/\/api.w.org\/{rel}","templated":true}]}}