{"id":1766,"date":"2015-10-06T13:49:47","date_gmt":"2015-10-06T11:49:47","guid":{"rendered":"https:\/\/dev.sicherheitsforum.ch\/?p=1766"},"modified":"2015-10-06T13:49:47","modified_gmt":"2015-10-06T11:49:47","slug":"die-sicurezza-vermeldet-erfolgszahlen","status":null,"type":"post","link":"https:\/\/news.save.ch\/de\/die-sicurezza-vermeldet-erfolgszahlen\/","title":{"rendered":"Die Sicurezza vermeldet Erfolgszahlen"},"content":{"rendered":"<p><img loading=\"lazy\" decoding=\"async\" class=\"alignnone wp-image-1771 size-medium\" src=\"https:\/\/news.save.ch\/wp-content\/uploads\/2016\/12\/Die-Sicurezza-vermeldet-Erfolgszahlen-sicherheitsforum.jpg\" width=\"680\" height=\"452\" srcset=\"https:\/\/news.save.ch\/wp-content\/uploads\/2016\/12\/Die-Sicurezza-vermeldet-Erfolgszahlen-sicherheitsforum.jpg 851w, https:\/\/news.save.ch\/wp-content\/uploads\/2016\/12\/Die-Sicurezza-vermeldet-Erfolgszahlen-sicherheitsforum-375x249.jpg 375w\" sizes=\"auto, (max-width: 680px) 100vw, 680px\" \/><\/p>\n<p><img loading=\"lazy\" decoding=\"async\" class=\"alignnone wp-image-1774 size-medium\" src=\"https:\/\/news.save.ch\/wp-content\/uploads\/2016\/12\/Die-Sicurezza-vermeldet-Erfolgszahlen2-sicherheitsforum.jpg\" width=\"680\" height=\"607\" \/><\/p>\n<p>Die \u00a0Sicherheits- und Brandschutzmesse (3. bis 5. November 2015) in Mailand, die<a href=\"https:\/\/www.sicurezza.it\" target=\"_blank\" data-cke-saved-href=\"https:\/\/www.sicurezza.it\" rel=\"noopener\"> Sicurezza<\/a>, vermeldet erste Erfolgszahlen: Die Ausstellungsfl\u00e4che habe um zehn Prozent gegen\u00fcber dem Jahr 2014 zugenommen. Zudem verzeichne man f\u00fcr den kommenden Event 27 Prozent mehr internationale Aussteller. An dieser Sicherheitsmesse im s\u00fcdlichen Nachbarland waren gem\u00e4ss Angaben im vergangenen Jahr 512 Aussteller aus 28 L\u00e4ndern vor Ort, die ihre Produkte und Dienstleistungen auf einer Fl\u00e4che von 29\u2018000 Quadratmetern den \u00fcber 20\u2018000 Besuchenden pr\u00e4sentiert haben.<\/p>\n<p>Nebst dem Kernbereich Security (CCTV, Einbruch- und Diebstahlsicherung, Brandschutz, Geb\u00e4udeautomation, Kriminaltechnik usw.) wird diesmal das Spektrum erweitert: Verkehrssicherheit und Cyber Security (inkl. Internet der Dinge) sind gem\u00e4ss Organisatoren ebenfalls auf dem Programm. Auch das Thema \u201eDrohnen\u201c hat Italien l\u00e4ngst erreicht und die Messe wartet mit einer \u201eDrohnen Expo\u201c aus dem Security- und Safety-Bereich auf.<\/p>\n","protected":false},"excerpt":{"rendered":"<p>Die \u00a0Sicherheits- und Brandschutzmesse (3. bis 5. November 2015) in Mailand, die Sicurezza, vermeldet erste Erfolgszahlen: Die Ausstellungsfl\u00e4che habe um zehn Prozent gegen\u00fcber dem Jahr 2014 zugenommen. Zudem verzeichne man f\u00fcr den kommenden Event 27 Prozent mehr internationale Aussteller. An dieser Sicherheitsmesse im s\u00fcdlichen Nachbarland waren gem\u00e4ss Angaben im vergangenen Jahr 512 Aussteller aus 28 [&hellip;]<\/p>\n","protected":false},"author":1,"featured_media":1771,"comment_status":"open","ping_status":"open","sticky":false,"template":"","format":"standard","meta":{"_acf_changed":false,"pgc_sgb_lightbox_settings":"","footnotes":""},"categories":[1],"tags":[84,198],"class_list":["post-1766","post","type-post","status-publish","format-standard","has-post-thumbnail","hentry","category-allgemein","tag-fachkongressfachmesse","tag-maerkte"],"acf":[],"hkrextid":null,"publication":null,"issue":null,"workflow":null,"startPage":null,"spitzmarke":null,"_posts_by_tag_page_fields":{"widget_title":"","widget_tags":""},"_at_widget":"1","_yoast_wpseo_primary_category":"1","_yoast_wpseo_focuskw_text_input":"Sicurezza","_yoast_wpseo_opengraph-image":"https:\/\/news.save.ch\/wp-content\/uploads\/2016\/12\/Die-Sicurezza-vermeldet-Erfolgszahlen-sicherheitsforum.jpg","_yoast_wpseo_opengraph-description":"In knapp einem Monat findet in Mailand die Sicurezza statt.","_yoast_wpseo_opengraph-title":"Die Sicurezza vermeldet Erfolgszahlen","enclosure":null,"_yoast_wpseo_twitter-title":null,"_yoast_wpseo_twitter-description":null,"_yoast_wpseo_twitter-image":null,"_wp_old_slug":null,"_yoast_wpseo_title":null,"_yoast_wpseo_canonical":null,"yoast_head":"<!-- This site is optimized with the Yoast SEO plugin v27.5 - https:\/\/yoast.com\/product\/yoast-seo-wordpress\/ -->\n<title>Die Sicurezza vermeldet Erfolgszahlen - Save<\/title>\n<meta name=\"description\" content=\"In knapp einem Monat findet in Mailand die Sicurezza statt.\" \/>\n<meta name=\"robots\" content=\"index, follow, max-snippet:-1, max-image-preview:large, max-video-preview:-1\" \/>\n<link rel=\"canonical\" href=\"https:\/\/news.save.ch\/de\/die-sicurezza-vermeldet-erfolgszahlen\/\" \/>\n<meta property=\"og:locale\" content=\"de_DE\" \/>\n<meta property=\"og:type\" content=\"article\" \/>\n<meta property=\"og:title\" content=\"Die Sicurezza vermeldet Erfolgszahlen\" \/>\n<meta property=\"og:description\" content=\"In knapp einem Monat findet in Mailand die Sicurezza statt.\" \/>\n<meta property=\"og:url\" content=\"https:\/\/news.save.ch\/de\/die-sicurezza-vermeldet-erfolgszahlen\/\" \/>\n<meta property=\"og:site_name\" content=\"Save\" \/>\n<meta property=\"article:published_time\" content=\"2015-10-06T11:49:47+00:00\" \/>\n<meta property=\"og:image\" content=\"https:\/\/news.save.ch\/wp-content\/uploads\/2016\/12\/Die-Sicurezza-vermeldet-Erfolgszahlen-sicherheitsforum.jpg\" \/>\n<meta name=\"author\" content=\"admin\" \/>\n<meta name=\"twitter:card\" content=\"summary_large_image\" \/>\n<meta name=\"twitter:label1\" content=\"Geschrieben von\" \/>\n\t<meta name=\"twitter:data1\" content=\"admin\" \/>\n\t<meta name=\"twitter:label2\" content=\"Gesch\u00e4tzte Lesezeit\" \/>\n\t<meta name=\"twitter:data2\" content=\"1\u00a0Minute\" \/>\n<script type=\"application\/ld+json\" class=\"yoast-schema-graph\">{\"@context\":\"https:\\\/\\\/schema.org\",\"@graph\":[{\"@type\":\"Article\",\"@id\":\"https:\\\/\\\/news.save.ch\\\/die-sicurezza-vermeldet-erfolgszahlen\\\/#article\",\"isPartOf\":{\"@id\":\"https:\\\/\\\/news.save.ch\\\/die-sicurezza-vermeldet-erfolgszahlen\\\/\"},\"author\":{\"name\":\"admin\",\"@id\":\"https:\\\/\\\/news.save.ch\\\/de\\\/#\\\/schema\\\/person\\\/d49e199490bad7c70d64b9ab51142f2b\"},\"headline\":\"Die Sicurezza vermeldet Erfolgszahlen\",\"datePublished\":\"2015-10-06T11:49:47+00:00\",\"mainEntityOfPage\":{\"@id\":\"https:\\\/\\\/news.save.ch\\\/die-sicurezza-vermeldet-erfolgszahlen\\\/\"},\"wordCount\":135,\"commentCount\":0,\"publisher\":{\"@id\":\"https:\\\/\\\/news.save.ch\\\/de\\\/#organization\"},\"image\":{\"@id\":\"https:\\\/\\\/news.save.ch\\\/die-sicurezza-vermeldet-erfolgszahlen\\\/#primaryimage\"},\"thumbnailUrl\":\"https:\\\/\\\/news.save.ch\\\/wp-content\\\/uploads\\\/2016\\\/12\\\/Die-Sicurezza-vermeldet-Erfolgszahlen-sicherheitsforum.jpg\",\"keywords\":[\"Fachkongress\\\/Fachmesse\",\"M\u00e4rkte\"],\"articleSection\":[\"ALLGEMEIN\"],\"inLanguage\":\"de\"},{\"@type\":\"WebPage\",\"@id\":\"https:\\\/\\\/news.save.ch\\\/die-sicurezza-vermeldet-erfolgszahlen\\\/\",\"url\":\"https:\\\/\\\/news.save.ch\\\/die-sicurezza-vermeldet-erfolgszahlen\\\/\",\"name\":\"Die Sicurezza vermeldet Erfolgszahlen - Save\",\"isPartOf\":{\"@id\":\"https:\\\/\\\/news.save.ch\\\/de\\\/#website\"},\"primaryImageOfPage\":{\"@id\":\"https:\\\/\\\/news.save.ch\\\/die-sicurezza-vermeldet-erfolgszahlen\\\/#primaryimage\"},\"image\":{\"@id\":\"https:\\\/\\\/news.save.ch\\\/die-sicurezza-vermeldet-erfolgszahlen\\\/#primaryimage\"},\"thumbnailUrl\":\"https:\\\/\\\/news.save.ch\\\/wp-content\\\/uploads\\\/2016\\\/12\\\/Die-Sicurezza-vermeldet-Erfolgszahlen-sicherheitsforum.jpg\",\"datePublished\":\"2015-10-06T11:49:47+00:00\",\"description\":\"In knapp einem Monat findet in Mailand die Sicurezza statt.\",\"breadcrumb\":{\"@id\":\"https:\\\/\\\/news.save.ch\\\/die-sicurezza-vermeldet-erfolgszahlen\\\/#breadcrumb\"},\"inLanguage\":\"de\",\"potentialAction\":[{\"@type\":\"ReadAction\",\"target\":[\"https:\\\/\\\/news.save.ch\\\/die-sicurezza-vermeldet-erfolgszahlen\\\/\"]}]},{\"@type\":\"ImageObject\",\"inLanguage\":\"de\",\"@id\":\"https:\\\/\\\/news.save.ch\\\/die-sicurezza-vermeldet-erfolgszahlen\\\/#primaryimage\",\"url\":\"https:\\\/\\\/news.save.ch\\\/wp-content\\\/uploads\\\/2016\\\/12\\\/Die-Sicurezza-vermeldet-Erfolgszahlen-sicherheitsforum.jpg\",\"contentUrl\":\"https:\\\/\\\/news.save.ch\\\/wp-content\\\/uploads\\\/2016\\\/12\\\/Die-Sicurezza-vermeldet-Erfolgszahlen-sicherheitsforum.jpg\",\"width\":851,\"height\":566},{\"@type\":\"BreadcrumbList\",\"@id\":\"https:\\\/\\\/news.save.ch\\\/die-sicurezza-vermeldet-erfolgszahlen\\\/#breadcrumb\",\"itemListElement\":[{\"@type\":\"ListItem\",\"position\":1,\"name\":\"Home\",\"item\":\"https:\\\/\\\/news.save.ch\\\/de\\\/\"},{\"@type\":\"ListItem\",\"position\":2,\"name\":\"Die Sicurezza vermeldet Erfolgszahlen\"}]},{\"@type\":\"WebSite\",\"@id\":\"https:\\\/\\\/news.save.ch\\\/de\\\/#website\",\"url\":\"https:\\\/\\\/news.save.ch\\\/de\\\/\",\"name\":\"Save\",\"description\":\"Schweizer Fachzeitschrift f\u00fcr Sicherheit\",\"publisher\":{\"@id\":\"https:\\\/\\\/news.save.ch\\\/de\\\/#organization\"},\"potentialAction\":[{\"@type\":\"SearchAction\",\"target\":{\"@type\":\"EntryPoint\",\"urlTemplate\":\"https:\\\/\\\/news.save.ch\\\/de\\\/?s={search_term_string}\"},\"query-input\":{\"@type\":\"PropertyValueSpecification\",\"valueRequired\":true,\"valueName\":\"search_term_string\"}}],\"inLanguage\":\"de\"},{\"@type\":\"Organization\",\"@id\":\"https:\\\/\\\/news.save.ch\\\/de\\\/#organization\",\"name\":\"Sicherheitsforum\",\"url\":\"https:\\\/\\\/news.save.ch\\\/de\\\/\",\"logo\":{\"@type\":\"ImageObject\",\"inLanguage\":\"de\",\"@id\":\"https:\\\/\\\/news.save.ch\\\/de\\\/#\\\/schema\\\/logo\\\/image\\\/\",\"url\":\"https:\\\/\\\/news.save.ch\\\/wp-content\\\/uploads\\\/2022\\\/06\\\/Logo_SF_2012.png\",\"contentUrl\":\"https:\\\/\\\/news.save.ch\\\/wp-content\\\/uploads\\\/2022\\\/06\\\/Logo_SF_2012.png\",\"width\":1100,\"height\":91,\"caption\":\"Sicherheitsforum\"},\"image\":{\"@id\":\"https:\\\/\\\/news.save.ch\\\/de\\\/#\\\/schema\\\/logo\\\/image\\\/\"}},{\"@type\":\"Person\",\"@id\":\"https:\\\/\\\/news.save.ch\\\/de\\\/#\\\/schema\\\/person\\\/d49e199490bad7c70d64b9ab51142f2b\",\"name\":\"admin\",\"image\":{\"@type\":\"ImageObject\",\"inLanguage\":\"de\",\"@id\":\"https:\\\/\\\/secure.gravatar.com\\\/avatar\\\/ae2f4d718e6c49043e314ce431e7e645d646302a24a5ef5a8bc8e3f5a032e319?s=96&d=mm&r=g\",\"url\":\"https:\\\/\\\/secure.gravatar.com\\\/avatar\\\/ae2f4d718e6c49043e314ce431e7e645d646302a24a5ef5a8bc8e3f5a032e319?s=96&d=mm&r=g\",\"contentUrl\":\"https:\\\/\\\/secure.gravatar.com\\\/avatar\\\/ae2f4d718e6c49043e314ce431e7e645d646302a24a5ef5a8bc8e3f5a032e319?s=96&d=mm&r=g\",\"caption\":\"admin\"},\"sameAs\":[\"https:\\\/\\\/develop.organisator.galledia.ch\"],\"url\":\"https:\\\/\\\/news.save.ch\\\/de\\\/author\\\/admin\\\/\"}]}<\/script>\n<!-- \/ Yoast SEO plugin. -->","yoast_head_json":{"title":"Die Sicurezza vermeldet Erfolgszahlen - Save","description":"In knapp einem Monat findet in Mailand die Sicurezza statt.","robots":{"index":"index","follow":"follow","max-snippet":"max-snippet:-1","max-image-preview":"max-image-preview:large","max-video-preview":"max-video-preview:-1"},"canonical":"https:\/\/news.save.ch\/de\/die-sicurezza-vermeldet-erfolgszahlen\/","og_locale":"de_DE","og_type":"article","og_title":"Die Sicurezza vermeldet Erfolgszahlen","og_description":"In knapp einem Monat findet in Mailand die Sicurezza statt.","og_url":"https:\/\/news.save.ch\/de\/die-sicurezza-vermeldet-erfolgszahlen\/","og_site_name":"Save","article_published_time":"2015-10-06T11:49:47+00:00","og_image":[{"url":"https:\/\/news.save.ch\/wp-content\/uploads\/2016\/12\/Die-Sicurezza-vermeldet-Erfolgszahlen-sicherheitsforum.jpg","type":"","width":"","height":""}],"author":"admin","twitter_card":"summary_large_image","twitter_misc":{"Geschrieben von":"admin","Gesch\u00e4tzte Lesezeit":"1\u00a0Minute"},"schema":{"@context":"https:\/\/schema.org","@graph":[{"@type":"Article","@id":"https:\/\/news.save.ch\/die-sicurezza-vermeldet-erfolgszahlen\/#article","isPartOf":{"@id":"https:\/\/news.save.ch\/die-sicurezza-vermeldet-erfolgszahlen\/"},"author":{"name":"admin","@id":"https:\/\/news.save.ch\/de\/#\/schema\/person\/d49e199490bad7c70d64b9ab51142f2b"},"headline":"Die Sicurezza vermeldet Erfolgszahlen","datePublished":"2015-10-06T11:49:47+00:00","mainEntityOfPage":{"@id":"https:\/\/news.save.ch\/die-sicurezza-vermeldet-erfolgszahlen\/"},"wordCount":135,"commentCount":0,"publisher":{"@id":"https:\/\/news.save.ch\/de\/#organization"},"image":{"@id":"https:\/\/news.save.ch\/die-sicurezza-vermeldet-erfolgszahlen\/#primaryimage"},"thumbnailUrl":"https:\/\/news.save.ch\/wp-content\/uploads\/2016\/12\/Die-Sicurezza-vermeldet-Erfolgszahlen-sicherheitsforum.jpg","keywords":["Fachkongress\/Fachmesse","M\u00e4rkte"],"articleSection":["ALLGEMEIN"],"inLanguage":"de"},{"@type":"WebPage","@id":"https:\/\/news.save.ch\/die-sicurezza-vermeldet-erfolgszahlen\/","url":"https:\/\/news.save.ch\/die-sicurezza-vermeldet-erfolgszahlen\/","name":"Die Sicurezza vermeldet Erfolgszahlen - Save","isPartOf":{"@id":"https:\/\/news.save.ch\/de\/#website"},"primaryImageOfPage":{"@id":"https:\/\/news.save.ch\/die-sicurezza-vermeldet-erfolgszahlen\/#primaryimage"},"image":{"@id":"https:\/\/news.save.ch\/die-sicurezza-vermeldet-erfolgszahlen\/#primaryimage"},"thumbnailUrl":"https:\/\/news.save.ch\/wp-content\/uploads\/2016\/12\/Die-Sicurezza-vermeldet-Erfolgszahlen-sicherheitsforum.jpg","datePublished":"2015-10-06T11:49:47+00:00","description":"In knapp einem Monat findet in Mailand die Sicurezza statt.","breadcrumb":{"@id":"https:\/\/news.save.ch\/die-sicurezza-vermeldet-erfolgszahlen\/#breadcrumb"},"inLanguage":"de","potentialAction":[{"@type":"ReadAction","target":["https:\/\/news.save.ch\/die-sicurezza-vermeldet-erfolgszahlen\/"]}]},{"@type":"ImageObject","inLanguage":"de","@id":"https:\/\/news.save.ch\/die-sicurezza-vermeldet-erfolgszahlen\/#primaryimage","url":"https:\/\/news.save.ch\/wp-content\/uploads\/2016\/12\/Die-Sicurezza-vermeldet-Erfolgszahlen-sicherheitsforum.jpg","contentUrl":"https:\/\/news.save.ch\/wp-content\/uploads\/2016\/12\/Die-Sicurezza-vermeldet-Erfolgszahlen-sicherheitsforum.jpg","width":851,"height":566},{"@type":"BreadcrumbList","@id":"https:\/\/news.save.ch\/die-sicurezza-vermeldet-erfolgszahlen\/#breadcrumb","itemListElement":[{"@type":"ListItem","position":1,"name":"Home","item":"https:\/\/news.save.ch\/de\/"},{"@type":"ListItem","position":2,"name":"Die Sicurezza vermeldet Erfolgszahlen"}]},{"@type":"WebSite","@id":"https:\/\/news.save.ch\/de\/#website","url":"https:\/\/news.save.ch\/de\/","name":"Save","description":"Schweizer Fachzeitschrift f\u00fcr Sicherheit","publisher":{"@id":"https:\/\/news.save.ch\/de\/#organization"},"potentialAction":[{"@type":"SearchAction","target":{"@type":"EntryPoint","urlTemplate":"https:\/\/news.save.ch\/de\/?s={search_term_string}"},"query-input":{"@type":"PropertyValueSpecification","valueRequired":true,"valueName":"search_term_string"}}],"inLanguage":"de"},{"@type":"Organization","@id":"https:\/\/news.save.ch\/de\/#organization","name":"Sicherheitsforum","url":"https:\/\/news.save.ch\/de\/","logo":{"@type":"ImageObject","inLanguage":"de","@id":"https:\/\/news.save.ch\/de\/#\/schema\/logo\/image\/","url":"https:\/\/news.save.ch\/wp-content\/uploads\/2022\/06\/Logo_SF_2012.png","contentUrl":"https:\/\/news.save.ch\/wp-content\/uploads\/2022\/06\/Logo_SF_2012.png","width":1100,"height":91,"caption":"Sicherheitsforum"},"image":{"@id":"https:\/\/news.save.ch\/de\/#\/schema\/logo\/image\/"}},{"@type":"Person","@id":"https:\/\/news.save.ch\/de\/#\/schema\/person\/d49e199490bad7c70d64b9ab51142f2b","name":"admin","image":{"@type":"ImageObject","inLanguage":"de","@id":"https:\/\/secure.gravatar.com\/avatar\/ae2f4d718e6c49043e314ce431e7e645d646302a24a5ef5a8bc8e3f5a032e319?s=96&d=mm&r=g","url":"https:\/\/secure.gravatar.com\/avatar\/ae2f4d718e6c49043e314ce431e7e645d646302a24a5ef5a8bc8e3f5a032e319?s=96&d=mm&r=g","contentUrl":"https:\/\/secure.gravatar.com\/avatar\/ae2f4d718e6c49043e314ce431e7e645d646302a24a5ef5a8bc8e3f5a032e319?s=96&d=mm&r=g","caption":"admin"},"sameAs":["https:\/\/develop.organisator.galledia.ch"],"url":"https:\/\/news.save.ch\/de\/author\/admin\/"}]}},"_links":{"self":[{"href":"https:\/\/news.save.ch\/de\/wp-json\/wp\/v2\/posts\/1766","targetHints":{"allow":["GET"]}}],"collection":[{"href":"https:\/\/news.save.ch\/de\/wp-json\/wp\/v2\/posts"}],"about":[{"href":"https:\/\/news.save.ch\/de\/wp-json\/wp\/v2\/types\/post"}],"author":[{"embeddable":true,"href":"https:\/\/news.save.ch\/de\/wp-json\/wp\/v2\/users\/1"}],"replies":[{"embeddable":true,"href":"https:\/\/news.save.ch\/de\/wp-json\/wp\/v2\/comments?post=1766"}],"version-history":[{"count":0,"href":"https:\/\/news.save.ch\/de\/wp-json\/wp\/v2\/posts\/1766\/revisions"}],"wp:featuredmedia":[{"embeddable":true,"href":"https:\/\/news.save.ch\/de\/wp-json\/wp\/v2\/media\/1771"}],"wp:attachment":[{"href":"https:\/\/news.save.ch\/de\/wp-json\/wp\/v2\/media?parent=1766"}],"wp:term":[{"taxonomy":"category","embeddable":true,"href":"https:\/\/news.save.ch\/de\/wp-json\/wp\/v2\/categories?post=1766"},{"taxonomy":"post_tag","embeddable":true,"href":"https:\/\/news.save.ch\/de\/wp-json\/wp\/v2\/tags?post=1766"}],"curies":[{"name":"wp","href":"https:\/\/api.w.org\/{rel}","templated":true}]}}