{"id":177,"date":"2015-04-30T15:42:20","date_gmt":"2015-04-30T13:42:20","guid":{"rendered":"https:\/\/dev.sicherheitsforum.ch\/?p=177"},"modified":"2015-04-30T15:42:20","modified_gmt":"2015-04-30T13:42:20","slug":"drittens-transaktionsstruktur-und-bewertung-von-dormakaba","status":null,"type":"post","link":"https:\/\/news.save.ch\/de\/drittens-transaktionsstruktur-und-bewertung-von-dormakaba\/","title":{"rendered":"Drittens: Transaktionsstruktur und Bewertung von Dorma+Kaba"},"content":{"rendered":"<figure id=\"attachment_179\" aria-describedby=\"caption-attachment-179\" style=\"width: 667px\" class=\"wp-caption alignnone\"><img loading=\"lazy\" decoding=\"async\" class=\"size-medium wp-image-179\" src=\"https:\/\/sicherheitsforum.ch\/wp-content\/uploads\/2016\/12\/Drittens-Transaktionsstruktur-und-Bewertung-von-DormaKaba_sicherheitsforum.jpg\" alt=\"Christine Mankel, Dorma-Familienaktion\u00e4rin\" width=\"667\" height=\"1000\" \/><figcaption id=\"caption-attachment-179\" class=\"wp-caption-text\">Christine Mankel, Dorma-Familienaktion\u00e4rin<\/figcaption><\/figure>\n<figure id=\"attachment_183\" aria-describedby=\"caption-attachment-183\" style=\"width: 680px\" class=\"wp-caption alignnone\"><img loading=\"lazy\" decoding=\"async\" class=\"size-medium wp-image-183\" src=\"https:\/\/sicherheitsforum.ch\/wp-content\/uploads\/2016\/12\/Stephanie_Brecht_Bergen_sicherheitsforum.jpg\" alt=\"Christine Mankel, Dorma-Familienaktion\u00e4rin\" width=\"680\" height=\"456\" \/><figcaption id=\"caption-attachment-183\" class=\"wp-caption-text\">Christine Mankel, Dorma-Familienaktion\u00e4rin<\/figcaption><\/figure>\n<blockquote>\n<p>Beteiligungsverh\u00e4ltnisse:<\/p>\n<p>Kaba mit 52,5% und Dorma (Familie Mankel\/Brecht-Bergen) mit 47,5%<\/p>\n<\/blockquote>\n<p>Nach Genehmigung des Zusammenschlusses durch die Kaba-Aktion\u00e4re \u2013 die <a href=\"https:\/\/hamster.ch\/magazine\/sicherheitsforum\/ausserordentliche-gv-von-kaba\" target=\"_blank\" data-cke-saved-href=\"https:\/\/hamster.ch\/magazine\/sicherheitsforum\/ausserordentliche-gv-von-kaba\" rel=\"noopener\">ausserordentliche Generalversammlung<\/a> findet am 22. Mai statt \u2013 zeichnet die Eigent\u00fcmer\u00adfami\u00adlie von Dorma, die Familie Mankel\/Brecht-Bergen, 380\u2018000 Namen\u00adaktien im Nenn\u00adwert von je 0,10 Fr. aus dem ge\u00adnehmigten Kapital von Kaba. Der Preis be\u00adtr\u00e4gt gem\u00e4ss Angaben 178,4 Mio. Fr., ent\u00adspre\u00adchend dem durchschnitt\u00adli\u00ad\u00adchen volu\u00admen\u00adge\u00adwich\u00adteten Kurs der Kaba Aktie von 519,45 Fr. w\u00e4h\u00adrend der letz\u00adten 90 Han\u00addels\u00adtage (per 28. April 2015 nach B\u00f6rsenschluss) minus 50 Fr. pro Aktie als Kom\u00adpen\u00adsa\u00adtion f\u00fcr die feh\u00adlende Be\u00adrech\u00ad\u00adtigung der neuen Aktien zum Erhalt der ge\u00adplanten Sonder\u00addivi\u00adden\u00adde. Nach dieser Kapitaler\u00adh\u00f6\u00adhung halten die Familie Mankel\/Brecht-Bergen 9,1% und die bestehenden Familien\u00adaktion\u00e4re von Kaba 18,2% an der Kaba Hol\u00adding.<\/p>\n<p>Bei Vollzug des Zusammenschlusses bringt die Kaba Holding ihre operativen Aktivit\u00e4ten in die heutige Dorma Holding ein, in der das operative Gesch\u00e4ft zusammengef\u00fchrt wird, und erh\u00e4lt daran einen kontrollie\u00adren\u00ad\u00adden Anteil von 52,5%. Familie Mankel\/Brecht-Bergen wird entsprechend 47,5% an der heu\u00adti\u00adgen Dorma Holding bzw. am kombi\u00adnierten Ge\u00adsch\u00e4ft halten.<\/p>\n<p>Die dereinst an der Schweizer B\u00f6rse kotierte Holding dorma+kaba werde als Dach\u00adge\u00adsell\u00adschaft der neuen Gruppe deren strategi\u00adsche, ope\u00ad\u00adra\u00ad\u00adtive und finanzi\u00adel\u00adle F\u00fchrung wahr\u00adneh\u00admen und das kom\u00adbinierte Gesch\u00e4ft voll kon\u00adso\u00adli\u00addie\u00adren.<\/p>\n<p><strong>Wie sieht die Bewertung aus?<\/strong><\/p>\n<p>Dorma und Kaba weisen gem\u00e4ss Angaben zun\u00e4chst gleich\u00adwertige Bewertungen auf. Aufgrund der vereinbarten Transaktionsstruktur wird Dorma zu einem EV\/Ebitda-Multiplikator von 10,1 und Kaba von 12,2 in das gemeinsame Unternehmen eingebracht. Unter Ber\u00fccksichtigung der bei Kaba Holding verblei\u00adben\u00adden liquiden Mittel von ungef\u00e4hr 190 Mio. Fr. resultieren daraus die Beteiligungs\u00ad\u00adverh\u00e4ltnisse am kombinierten Gesch\u00e4ft von 52,5% von Kaba bzw. 47,5% von Familie Mankel\/Brecht-Bergen. Eine un\u00adabh\u00e4ngige Fairness Opi\u00adni\u00adon von N+1 Swiss Capital zu H\u00e4nden des Verwal\u00adtungs\u00adrates von Kaba Holding best\u00e4tigt, dass die anvi\u00adsier\u00adten Eigentumsverh\u00e4ltnisse aus finan\u00adzieller Sicht fair sowie ausgewogen sind, wie es heisst.<\/p>\n<p>F\u00fcr die Abgabe der Mehrheit an ihrem Gesch\u00e4ft erh\u00e4lt Fa\u00admi\u00adlie Mankel\/Brecht-Bergen das Recht, im Falle eines Kon\u00adtroll\u00adwech\u00adsels von dorma+kaba Hol\u00adding Anteile an der heutigen Dorma Holding zum Markt\u00adwert zuzukau\u00adfen, um de\u00adren Mehr\u00adheit wieder zu erlangen. Die Aktion\u00e4re von dorma+kaba Holding k\u00f6nnen dieses Recht bei einem bevor\u00adste\u00adhenden Kon\u00adtroll\u00adwechsel bis Ende 2018 mit einer Dreiviertelmehrheit und ab dem Jahr 2019 mit einfa\u00adcher Mehrheit auf\u00adheben.<\/p>\n<p><strong>Starke Ankeraktion\u00e4rsgruppe<\/strong><\/p>\n<p>Die Familienaktion\u00e4re von Dorma und Kaba, die nach Genehmigung zusammen 27,3% an der neuen Holding dorma+kaba halten, werden eine starke Ankeraktion\u00e4rs\u00adgruppe bilden und haben einen lang\u00adfristigen Pool\u00adver\u00adtrag un\u00adter\u00adzeich\u00adnet, wie das Duo hervorhebt. Die zwei Partner haben sich unter anderem ge\u00adgen\u00adsei\u00adti\u00adge Vorkaufsrechte ein\u00adge\u00adr\u00e4umt und verpflich\u00adten sich zudem, ein Aktien\u00adpaket von 27% oder gr\u00f6sser nur dann an einen Dritten zu verkaufen, wenn dieser allen Aktion\u00e4ren ein \u00f6ffent\u00adliches \u00dcber\u00adnah\u00admeange\u00adbot zum sel\u00adben Preis pro Aktie unterbreitet.<\/p>\n<p>Christine Mankel und Stephanie Brecht-Bergen (geborene Mankel), Gesellschafterinnen von Dorma: \u201eWir nehmen unse\u00adre Verpflichtung als Familienunternehmer wahr und wollen die neue Gruppe als lang\u00adfris\u00adtig orientierte Ankeraktion\u00e4re begleiten. In\u00addem wir neue Aktien von Kaba zeich\u00adnen, erh\u00f6hen wir gleichzeitig unser unternehmerisches Engagement.\u201c<\/p>\n","protected":false},"excerpt":{"rendered":"<p>Beteiligungsverh\u00e4ltnisse: Kaba mit 52,5% und Dorma (Familie Mankel\/Brecht-Bergen) mit 47,5% Nach Genehmigung des Zusammenschlusses durch die Kaba-Aktion\u00e4re \u2013 die ausserordentliche Generalversammlung findet am 22. Mai statt \u2013 zeichnet die Eigent\u00fcmer\u00adfami\u00adlie von Dorma, die Familie Mankel\/Brecht-Bergen, 380\u2018000 Namen\u00adaktien im Nenn\u00adwert von je 0,10 Fr. aus dem ge\u00adnehmigten Kapital von Kaba. Der Preis be\u00adtr\u00e4gt gem\u00e4ss Angaben 178,4 [&hellip;]<\/p>\n","protected":false},"author":1,"featured_media":179,"comment_status":"open","ping_status":"open","sticky":false,"template":"","format":"standard","meta":{"_acf_changed":false,"pgc_sgb_lightbox_settings":"","footnotes":""},"categories":[1],"tags":[131,132,139,133,44],"class_list":["post-177","post","type-post","status-publish","format-standard","has-post-thumbnail","hentry","category-allgemein","tag-dorma","tag-finanzierung","tag-fusion","tag-kaba","tag-kooperation"],"acf":[],"hkrextid":null,"publication":null,"issue":null,"workflow":null,"startPage":null,"spitzmarke":null,"_posts_by_tag_page_fields":{"widget_title":"","widget_tags":""},"_at_widget":"1","_yoast_wpseo_primary_category":"","_yoast_wpseo_focuskw_text_input":"Dorma+Kaba","_yoast_wpseo_opengraph-image":"https:\/\/sicherheitsforum.ch\/wp-content\/uploads\/2016\/12\/Drittens-Transaktionsstruktur-und-Bewertung-von-DormaKaba_sicherheitsforum.jpg","_yoast_wpseo_opengraph-description":"Wie sieht die neue Holding Dorma und Kabe aus? Wer bringt was ein und wie sehen die neuen Beteiligungsverh\u00e4ltnisse aus?","_yoast_wpseo_opengraph-title":"Drittens: Transaktionsstruktur und Bewertung von Dorma+Kaba","enclosure":null,"_yoast_wpseo_twitter-title":null,"_yoast_wpseo_twitter-description":null,"_yoast_wpseo_twitter-image":null,"_wp_old_slug":null,"_yoast_wpseo_title":null,"_yoast_wpseo_canonical":null,"yoast_head":"<!-- This site is optimized with the Yoast SEO plugin v27.4 - https:\/\/yoast.com\/product\/yoast-seo-wordpress\/ -->\n<title>Drittens: Transaktionsstruktur und Bewertung von Dorma+Kaba - Save<\/title>\n<meta name=\"description\" content=\"Wie sieht die neue Holding Dorma und Kabe aus? Wer bringt was ein und wie sehen die neuen Beteiligungsverh\u00e4ltnisse aus?\" \/>\n<meta name=\"robots\" content=\"index, follow, max-snippet:-1, max-image-preview:large, max-video-preview:-1\" \/>\n<link rel=\"canonical\" href=\"https:\/\/news.save.ch\/de\/drittens-transaktionsstruktur-und-bewertung-von-dormakaba\/\" \/>\n<meta property=\"og:locale\" content=\"de_DE\" \/>\n<meta property=\"og:type\" content=\"article\" \/>\n<meta property=\"og:title\" content=\"Drittens: Transaktionsstruktur und Bewertung von Dorma+Kaba\" \/>\n<meta property=\"og:description\" content=\"Wie sieht die neue Holding Dorma und Kabe aus? Wer bringt was ein und wie sehen die neuen Beteiligungsverh\u00e4ltnisse aus?\" \/>\n<meta property=\"og:url\" content=\"https:\/\/news.save.ch\/de\/drittens-transaktionsstruktur-und-bewertung-von-dormakaba\/\" \/>\n<meta property=\"og:site_name\" content=\"Save\" \/>\n<meta property=\"article:published_time\" content=\"2015-04-30T13:42:20+00:00\" \/>\n<meta property=\"og:image\" content=\"https:\/\/sicherheitsforum.ch\/wp-content\/uploads\/2016\/12\/Drittens-Transaktionsstruktur-und-Bewertung-von-DormaKaba_sicherheitsforum.jpg\" \/>\n<meta name=\"author\" content=\"admin\" \/>\n<meta name=\"twitter:card\" content=\"summary_large_image\" \/>\n<meta name=\"twitter:label1\" content=\"Geschrieben von\" \/>\n\t<meta name=\"twitter:data1\" content=\"admin\" \/>\n\t<meta name=\"twitter:label2\" content=\"Gesch\u00e4tzte Lesezeit\" \/>\n\t<meta name=\"twitter:data2\" content=\"3\u00a0Minuten\" \/>\n<script type=\"application\/ld+json\" class=\"yoast-schema-graph\">{\"@context\":\"https:\\\/\\\/schema.org\",\"@graph\":[{\"@type\":\"Article\",\"@id\":\"https:\\\/\\\/news.save.ch\\\/drittens-transaktionsstruktur-und-bewertung-von-dormakaba\\\/#article\",\"isPartOf\":{\"@id\":\"https:\\\/\\\/news.save.ch\\\/drittens-transaktionsstruktur-und-bewertung-von-dormakaba\\\/\"},\"author\":{\"name\":\"admin\",\"@id\":\"https:\\\/\\\/news.save.ch\\\/de\\\/#\\\/schema\\\/person\\\/d49e199490bad7c70d64b9ab51142f2b\"},\"headline\":\"Drittens: Transaktionsstruktur und Bewertung von Dorma+Kaba\",\"datePublished\":\"2015-04-30T13:42:20+00:00\",\"mainEntityOfPage\":{\"@id\":\"https:\\\/\\\/news.save.ch\\\/drittens-transaktionsstruktur-und-bewertung-von-dormakaba\\\/\"},\"wordCount\":623,\"commentCount\":0,\"publisher\":{\"@id\":\"https:\\\/\\\/news.save.ch\\\/de\\\/#organization\"},\"image\":{\"@id\":\"https:\\\/\\\/news.save.ch\\\/drittens-transaktionsstruktur-und-bewertung-von-dormakaba\\\/#primaryimage\"},\"thumbnailUrl\":\"https:\\\/\\\/news.save.ch\\\/wp-content\\\/uploads\\\/2016\\\/12\\\/Drittens-Transaktionsstruktur-und-Bewertung-von-DormaKaba_sicherheitsforum-scaled-1-scaled.jpg\",\"keywords\":[\"Dorma\",\"Finanzierung\",\"Fusion\",\"Kaba\",\"Kooperation\"],\"articleSection\":[\"ALLGEMEIN\"],\"inLanguage\":\"de\"},{\"@type\":\"WebPage\",\"@id\":\"https:\\\/\\\/news.save.ch\\\/drittens-transaktionsstruktur-und-bewertung-von-dormakaba\\\/\",\"url\":\"https:\\\/\\\/news.save.ch\\\/drittens-transaktionsstruktur-und-bewertung-von-dormakaba\\\/\",\"name\":\"Drittens: Transaktionsstruktur und Bewertung von Dorma+Kaba - Save\",\"isPartOf\":{\"@id\":\"https:\\\/\\\/news.save.ch\\\/de\\\/#website\"},\"primaryImageOfPage\":{\"@id\":\"https:\\\/\\\/news.save.ch\\\/drittens-transaktionsstruktur-und-bewertung-von-dormakaba\\\/#primaryimage\"},\"image\":{\"@id\":\"https:\\\/\\\/news.save.ch\\\/drittens-transaktionsstruktur-und-bewertung-von-dormakaba\\\/#primaryimage\"},\"thumbnailUrl\":\"https:\\\/\\\/news.save.ch\\\/wp-content\\\/uploads\\\/2016\\\/12\\\/Drittens-Transaktionsstruktur-und-Bewertung-von-DormaKaba_sicherheitsforum-scaled-1-scaled.jpg\",\"datePublished\":\"2015-04-30T13:42:20+00:00\",\"description\":\"Wie sieht die neue Holding Dorma und Kabe aus? Wer bringt was ein und wie sehen die neuen Beteiligungsverh\u00e4ltnisse aus?\",\"breadcrumb\":{\"@id\":\"https:\\\/\\\/news.save.ch\\\/drittens-transaktionsstruktur-und-bewertung-von-dormakaba\\\/#breadcrumb\"},\"inLanguage\":\"de\",\"potentialAction\":[{\"@type\":\"ReadAction\",\"target\":[\"https:\\\/\\\/news.save.ch\\\/drittens-transaktionsstruktur-und-bewertung-von-dormakaba\\\/\"]}]},{\"@type\":\"ImageObject\",\"inLanguage\":\"de\",\"@id\":\"https:\\\/\\\/news.save.ch\\\/drittens-transaktionsstruktur-und-bewertung-von-dormakaba\\\/#primaryimage\",\"url\":\"https:\\\/\\\/news.save.ch\\\/wp-content\\\/uploads\\\/2016\\\/12\\\/Drittens-Transaktionsstruktur-und-Bewertung-von-DormaKaba_sicherheitsforum-scaled-1-scaled.jpg\",\"contentUrl\":\"https:\\\/\\\/news.save.ch\\\/wp-content\\\/uploads\\\/2016\\\/12\\\/Drittens-Transaktionsstruktur-und-Bewertung-von-DormaKaba_sicherheitsforum-scaled-1-scaled.jpg\",\"width\":934,\"height\":1400,\"caption\":\"Christine Mankel, Dorma-Familienaktion\u00e4rin\"},{\"@type\":\"BreadcrumbList\",\"@id\":\"https:\\\/\\\/news.save.ch\\\/drittens-transaktionsstruktur-und-bewertung-von-dormakaba\\\/#breadcrumb\",\"itemListElement\":[{\"@type\":\"ListItem\",\"position\":1,\"name\":\"Home\",\"item\":\"https:\\\/\\\/news.save.ch\\\/de\\\/\"},{\"@type\":\"ListItem\",\"position\":2,\"name\":\"Drittens: Transaktionsstruktur und Bewertung von Dorma+Kaba\"}]},{\"@type\":\"WebSite\",\"@id\":\"https:\\\/\\\/news.save.ch\\\/de\\\/#website\",\"url\":\"https:\\\/\\\/news.save.ch\\\/de\\\/\",\"name\":\"Save\",\"description\":\"Schweizer Fachzeitschrift f\u00fcr Sicherheit\",\"publisher\":{\"@id\":\"https:\\\/\\\/news.save.ch\\\/de\\\/#organization\"},\"potentialAction\":[{\"@type\":\"SearchAction\",\"target\":{\"@type\":\"EntryPoint\",\"urlTemplate\":\"https:\\\/\\\/news.save.ch\\\/de\\\/?s={search_term_string}\"},\"query-input\":{\"@type\":\"PropertyValueSpecification\",\"valueRequired\":true,\"valueName\":\"search_term_string\"}}],\"inLanguage\":\"de\"},{\"@type\":\"Organization\",\"@id\":\"https:\\\/\\\/news.save.ch\\\/de\\\/#organization\",\"name\":\"Sicherheitsforum\",\"url\":\"https:\\\/\\\/news.save.ch\\\/de\\\/\",\"logo\":{\"@type\":\"ImageObject\",\"inLanguage\":\"de\",\"@id\":\"https:\\\/\\\/news.save.ch\\\/de\\\/#\\\/schema\\\/logo\\\/image\\\/\",\"url\":\"https:\\\/\\\/news.save.ch\\\/wp-content\\\/uploads\\\/2022\\\/06\\\/Logo_SF_2012.png\",\"contentUrl\":\"https:\\\/\\\/news.save.ch\\\/wp-content\\\/uploads\\\/2022\\\/06\\\/Logo_SF_2012.png\",\"width\":1100,\"height\":91,\"caption\":\"Sicherheitsforum\"},\"image\":{\"@id\":\"https:\\\/\\\/news.save.ch\\\/de\\\/#\\\/schema\\\/logo\\\/image\\\/\"}},{\"@type\":\"Person\",\"@id\":\"https:\\\/\\\/news.save.ch\\\/de\\\/#\\\/schema\\\/person\\\/d49e199490bad7c70d64b9ab51142f2b\",\"name\":\"admin\",\"image\":{\"@type\":\"ImageObject\",\"inLanguage\":\"de\",\"@id\":\"https:\\\/\\\/secure.gravatar.com\\\/avatar\\\/ae2f4d718e6c49043e314ce431e7e645d646302a24a5ef5a8bc8e3f5a032e319?s=96&d=mm&r=g\",\"url\":\"https:\\\/\\\/secure.gravatar.com\\\/avatar\\\/ae2f4d718e6c49043e314ce431e7e645d646302a24a5ef5a8bc8e3f5a032e319?s=96&d=mm&r=g\",\"contentUrl\":\"https:\\\/\\\/secure.gravatar.com\\\/avatar\\\/ae2f4d718e6c49043e314ce431e7e645d646302a24a5ef5a8bc8e3f5a032e319?s=96&d=mm&r=g\",\"caption\":\"admin\"},\"sameAs\":[\"https:\\\/\\\/develop.organisator.galledia.ch\"],\"url\":\"https:\\\/\\\/news.save.ch\\\/de\\\/author\\\/admin\\\/\"}]}<\/script>\n<!-- \/ Yoast SEO plugin. -->","yoast_head_json":{"title":"Drittens: Transaktionsstruktur und Bewertung von Dorma+Kaba - Save","description":"Wie sieht die neue Holding Dorma und Kabe aus? Wer bringt was ein und wie sehen die neuen Beteiligungsverh\u00e4ltnisse aus?","robots":{"index":"index","follow":"follow","max-snippet":"max-snippet:-1","max-image-preview":"max-image-preview:large","max-video-preview":"max-video-preview:-1"},"canonical":"https:\/\/news.save.ch\/de\/drittens-transaktionsstruktur-und-bewertung-von-dormakaba\/","og_locale":"de_DE","og_type":"article","og_title":"Drittens: Transaktionsstruktur und Bewertung von Dorma+Kaba","og_description":"Wie sieht die neue Holding Dorma und Kabe aus? Wer bringt was ein und wie sehen die neuen Beteiligungsverh\u00e4ltnisse aus?","og_url":"https:\/\/news.save.ch\/de\/drittens-transaktionsstruktur-und-bewertung-von-dormakaba\/","og_site_name":"Save","article_published_time":"2015-04-30T13:42:20+00:00","og_image":[{"url":"https:\/\/sicherheitsforum.ch\/wp-content\/uploads\/2016\/12\/Drittens-Transaktionsstruktur-und-Bewertung-von-DormaKaba_sicherheitsforum.jpg","type":"","width":"","height":""}],"author":"admin","twitter_card":"summary_large_image","twitter_misc":{"Geschrieben von":"admin","Gesch\u00e4tzte Lesezeit":"3\u00a0Minuten"},"schema":{"@context":"https:\/\/schema.org","@graph":[{"@type":"Article","@id":"https:\/\/news.save.ch\/drittens-transaktionsstruktur-und-bewertung-von-dormakaba\/#article","isPartOf":{"@id":"https:\/\/news.save.ch\/drittens-transaktionsstruktur-und-bewertung-von-dormakaba\/"},"author":{"name":"admin","@id":"https:\/\/news.save.ch\/de\/#\/schema\/person\/d49e199490bad7c70d64b9ab51142f2b"},"headline":"Drittens: Transaktionsstruktur und Bewertung von Dorma+Kaba","datePublished":"2015-04-30T13:42:20+00:00","mainEntityOfPage":{"@id":"https:\/\/news.save.ch\/drittens-transaktionsstruktur-und-bewertung-von-dormakaba\/"},"wordCount":623,"commentCount":0,"publisher":{"@id":"https:\/\/news.save.ch\/de\/#organization"},"image":{"@id":"https:\/\/news.save.ch\/drittens-transaktionsstruktur-und-bewertung-von-dormakaba\/#primaryimage"},"thumbnailUrl":"https:\/\/news.save.ch\/wp-content\/uploads\/2016\/12\/Drittens-Transaktionsstruktur-und-Bewertung-von-DormaKaba_sicherheitsforum-scaled-1-scaled.jpg","keywords":["Dorma","Finanzierung","Fusion","Kaba","Kooperation"],"articleSection":["ALLGEMEIN"],"inLanguage":"de"},{"@type":"WebPage","@id":"https:\/\/news.save.ch\/drittens-transaktionsstruktur-und-bewertung-von-dormakaba\/","url":"https:\/\/news.save.ch\/drittens-transaktionsstruktur-und-bewertung-von-dormakaba\/","name":"Drittens: Transaktionsstruktur und Bewertung von Dorma+Kaba - Save","isPartOf":{"@id":"https:\/\/news.save.ch\/de\/#website"},"primaryImageOfPage":{"@id":"https:\/\/news.save.ch\/drittens-transaktionsstruktur-und-bewertung-von-dormakaba\/#primaryimage"},"image":{"@id":"https:\/\/news.save.ch\/drittens-transaktionsstruktur-und-bewertung-von-dormakaba\/#primaryimage"},"thumbnailUrl":"https:\/\/news.save.ch\/wp-content\/uploads\/2016\/12\/Drittens-Transaktionsstruktur-und-Bewertung-von-DormaKaba_sicherheitsforum-scaled-1-scaled.jpg","datePublished":"2015-04-30T13:42:20+00:00","description":"Wie sieht die neue Holding Dorma und Kabe aus? Wer bringt was ein und wie sehen die neuen Beteiligungsverh\u00e4ltnisse aus?","breadcrumb":{"@id":"https:\/\/news.save.ch\/drittens-transaktionsstruktur-und-bewertung-von-dormakaba\/#breadcrumb"},"inLanguage":"de","potentialAction":[{"@type":"ReadAction","target":["https:\/\/news.save.ch\/drittens-transaktionsstruktur-und-bewertung-von-dormakaba\/"]}]},{"@type":"ImageObject","inLanguage":"de","@id":"https:\/\/news.save.ch\/drittens-transaktionsstruktur-und-bewertung-von-dormakaba\/#primaryimage","url":"https:\/\/news.save.ch\/wp-content\/uploads\/2016\/12\/Drittens-Transaktionsstruktur-und-Bewertung-von-DormaKaba_sicherheitsforum-scaled-1-scaled.jpg","contentUrl":"https:\/\/news.save.ch\/wp-content\/uploads\/2016\/12\/Drittens-Transaktionsstruktur-und-Bewertung-von-DormaKaba_sicherheitsforum-scaled-1-scaled.jpg","width":934,"height":1400,"caption":"Christine Mankel, Dorma-Familienaktion\u00e4rin"},{"@type":"BreadcrumbList","@id":"https:\/\/news.save.ch\/drittens-transaktionsstruktur-und-bewertung-von-dormakaba\/#breadcrumb","itemListElement":[{"@type":"ListItem","position":1,"name":"Home","item":"https:\/\/news.save.ch\/de\/"},{"@type":"ListItem","position":2,"name":"Drittens: Transaktionsstruktur und Bewertung von Dorma+Kaba"}]},{"@type":"WebSite","@id":"https:\/\/news.save.ch\/de\/#website","url":"https:\/\/news.save.ch\/de\/","name":"Save","description":"Schweizer Fachzeitschrift f\u00fcr Sicherheit","publisher":{"@id":"https:\/\/news.save.ch\/de\/#organization"},"potentialAction":[{"@type":"SearchAction","target":{"@type":"EntryPoint","urlTemplate":"https:\/\/news.save.ch\/de\/?s={search_term_string}"},"query-input":{"@type":"PropertyValueSpecification","valueRequired":true,"valueName":"search_term_string"}}],"inLanguage":"de"},{"@type":"Organization","@id":"https:\/\/news.save.ch\/de\/#organization","name":"Sicherheitsforum","url":"https:\/\/news.save.ch\/de\/","logo":{"@type":"ImageObject","inLanguage":"de","@id":"https:\/\/news.save.ch\/de\/#\/schema\/logo\/image\/","url":"https:\/\/news.save.ch\/wp-content\/uploads\/2022\/06\/Logo_SF_2012.png","contentUrl":"https:\/\/news.save.ch\/wp-content\/uploads\/2022\/06\/Logo_SF_2012.png","width":1100,"height":91,"caption":"Sicherheitsforum"},"image":{"@id":"https:\/\/news.save.ch\/de\/#\/schema\/logo\/image\/"}},{"@type":"Person","@id":"https:\/\/news.save.ch\/de\/#\/schema\/person\/d49e199490bad7c70d64b9ab51142f2b","name":"admin","image":{"@type":"ImageObject","inLanguage":"de","@id":"https:\/\/secure.gravatar.com\/avatar\/ae2f4d718e6c49043e314ce431e7e645d646302a24a5ef5a8bc8e3f5a032e319?s=96&d=mm&r=g","url":"https:\/\/secure.gravatar.com\/avatar\/ae2f4d718e6c49043e314ce431e7e645d646302a24a5ef5a8bc8e3f5a032e319?s=96&d=mm&r=g","contentUrl":"https:\/\/secure.gravatar.com\/avatar\/ae2f4d718e6c49043e314ce431e7e645d646302a24a5ef5a8bc8e3f5a032e319?s=96&d=mm&r=g","caption":"admin"},"sameAs":["https:\/\/develop.organisator.galledia.ch"],"url":"https:\/\/news.save.ch\/de\/author\/admin\/"}]}},"_links":{"self":[{"href":"https:\/\/news.save.ch\/de\/wp-json\/wp\/v2\/posts\/177","targetHints":{"allow":["GET"]}}],"collection":[{"href":"https:\/\/news.save.ch\/de\/wp-json\/wp\/v2\/posts"}],"about":[{"href":"https:\/\/news.save.ch\/de\/wp-json\/wp\/v2\/types\/post"}],"author":[{"embeddable":true,"href":"https:\/\/news.save.ch\/de\/wp-json\/wp\/v2\/users\/1"}],"replies":[{"embeddable":true,"href":"https:\/\/news.save.ch\/de\/wp-json\/wp\/v2\/comments?post=177"}],"version-history":[{"count":0,"href":"https:\/\/news.save.ch\/de\/wp-json\/wp\/v2\/posts\/177\/revisions"}],"wp:featuredmedia":[{"embeddable":true,"href":"https:\/\/news.save.ch\/de\/wp-json\/wp\/v2\/media\/179"}],"wp:attachment":[{"href":"https:\/\/news.save.ch\/de\/wp-json\/wp\/v2\/media?parent=177"}],"wp:term":[{"taxonomy":"category","embeddable":true,"href":"https:\/\/news.save.ch\/de\/wp-json\/wp\/v2\/categories?post=177"},{"taxonomy":"post_tag","embeddable":true,"href":"https:\/\/news.save.ch\/de\/wp-json\/wp\/v2\/tags?post=177"}],"curies":[{"name":"wp","href":"https:\/\/api.w.org\/{rel}","templated":true}]}}