{"id":1839,"date":"2015-10-12T14:07:57","date_gmt":"2015-10-12T12:07:57","guid":{"rendered":"https:\/\/dev.sicherheitsforum.ch\/?p=1839"},"modified":"2015-10-12T14:07:57","modified_gmt":"2015-10-12T12:07:57","slug":"eu-datenschutzreform-fuer-polizei-und-strafverfolgung","status":null,"type":"post","link":"https:\/\/news.save.ch\/de\/eu-datenschutzreform-fuer-polizei-und-strafverfolgung\/","title":{"rendered":"EU: Datenschutzreform f\u00fcr Polizei und Strafverfolgung"},"content":{"rendered":"<p><img loading=\"lazy\" decoding=\"async\" class=\"alignnone wp-image-1841 size-medium\" src=\"https:\/\/news.save.ch\/wp-content\/uploads\/2016\/12\/EU-Datenschutzreform-f\u00fcr-Polizei-und-Strafverfolgung-sicherheitsforum.jpg\" width=\"680\" height=\"453\" \/><\/p>\n<p>Damit k\u00f6nnen noch in diesem Monat die Trilog-Verhandlungen zwischen der EU-Kommission, dem Europ\u00e4ischen Parlament und dem Rat \u00fcber die Richtlinie beginnen. Die heutige Einigung ist ein weiterer wichtiger Schritt zum Abschluss der umfassenden EU-<a href=\"https:\/\/ec.europa.eu\/justice\/newsroom\/data-protection\/index_de.htm\" target=\"_blank\" data-cke-saved-href=\"https:\/\/ec.europa.eu\/justice\/newsroom\/data-protection\/index_de.htm\" rel=\"noopener\">Datenschutzreform<\/a> bis Ende dieses Jahres, nachdem die Regierungen im Juni ihre Verhandlungsposition zur Datenschutzgrundverordnung festgelegt hatten. Mit der neuen Datenschutzrichtlinie sollen allgemeine Datenschutzgrunds\u00e4tze und -regeln f\u00fcr die polizeiliche und justizielle Zusammenarbeit in Strafsachen eingef\u00fchrt werden. Die Bestimmungen sollen sowohl f\u00fcr inl\u00e4ndische als auch f\u00fcr grenz\u00fcberschreitende Daten\u00fcbermittlungen gelten.<\/p>\n<p>V\u011bra Jourov\u00e1, EU-Kommissarin f\u00fcr Justiz, Verbraucher und Gleichstellung, begr\u00fcsste die heutige Vereinbarung: \u201eDer Schutz von personenbezogenen Daten ist ein EU-Grundrecht. Neben den Opfern und Zeugen haben auch die Verd\u00e4chtige von Straftaten im Rahmen einer strafrechtlichen Untersuchung oder Strafverfolgungsma\u00dfnahme das Recht auf einen ordnungsgem\u00e4\u00dfen Schutz ihrer Daten. Die von uns vorgeschlagenen Regelungen und Grunds\u00e4tze werden das absichern. Gleichzeitig werden besser harmonisierte Gesetze auch der Polizei und Staatsanwaltschaft die Zusammenarbeit bei grenz\u00fcberschreitenden Ermittlungen erleichtern und Kriminalit\u00e4t und Terrorismus in ganz Europa mit mehr Effizienz bek\u00e4mpfen.&#8220;<\/p>\n<p>Im Januar 2012 hat die EU-Kommission eine umfassende Reform der aus dem Jahr 1995 stammenden EU-Datenschutzvorschriften vorgeschlagen, um Online-Rechte des Einzelnen auf Wahrung der Privatsph\u00e4re zu st\u00e4rken und die digitale Wirtschaft Europas anzukurbeln. Die Vorschl\u00e4ge beinhalteten zwei Legislativvorschl\u00e4ge: eine Verordnung zur Festlegung eines allgemeinen Datenschutz-Rechtsrahmens der EU und eine Richtlinie zum Schutz personenbezogener Daten, die zum Zweck der Verh\u00fctung, Aufdeckung, Untersuchung oder Verfolgung von Straftaten und f\u00fcr damit verbundene justizielle T\u00e4tigkeiten verarbeitet werden.<\/p>\n<p><em>EU-Pressemeldung<\/em><\/p>\n","protected":false},"excerpt":{"rendered":"<p>Damit k\u00f6nnen noch in diesem Monat die Trilog-Verhandlungen zwischen der EU-Kommission, dem Europ\u00e4ischen Parlament und dem Rat \u00fcber die Richtlinie beginnen. Die heutige Einigung ist ein weiterer wichtiger Schritt zum Abschluss der umfassenden EU-Datenschutzreform bis Ende dieses Jahres, nachdem die Regierungen im Juni ihre Verhandlungsposition zur Datenschutzgrundverordnung festgelegt hatten. Mit der neuen Datenschutzrichtlinie sollen allgemeine [&hellip;]<\/p>\n","protected":false},"author":1,"featured_media":1841,"comment_status":"open","ping_status":"open","sticky":false,"template":"","format":"standard","meta":{"_acf_changed":false,"pgc_sgb_lightbox_settings":"","footnotes":""},"categories":[1],"tags":[69],"class_list":["post-1839","post","type-post","status-publish","format-standard","has-post-thumbnail","hentry","category-allgemein","tag-justiz-polizei"],"acf":[],"hkrextid":null,"publication":null,"issue":null,"workflow":null,"startPage":null,"spitzmarke":null,"_posts_by_tag_page_fields":{"widget_title":"","widget_tags":""},"_at_widget":"1","_yoast_wpseo_primary_category":"1","_yoast_wpseo_focuskw_text_input":"Datenschutzreform","_yoast_wpseo_opengraph-image":"https:\/\/news.save.ch\/wp-content\/uploads\/2016\/12\/EU-Datenschutzreform-f\u00fcr-Polizei-und-Strafverfolgung-sicherheitsforum.jpg","_yoast_wpseo_opengraph-description":"Die EU-Justizminister haben sich k\u00fcrzlich auf neue Datenschutzvorschriften f\u00fcr Polizei und Strafverfolgung geeinigt. Die Bestimmungen gelten auch f\u00fcr grenz\u00fcberschreitende Daten\u00fcbermittlungen.","_yoast_wpseo_opengraph-title":"EU: Datenschutzreform f\u00fcr Polizei und Strafverfolgung","enclosure":null,"_yoast_wpseo_twitter-title":null,"_yoast_wpseo_twitter-description":null,"_yoast_wpseo_twitter-image":null,"_wp_old_slug":null,"_yoast_wpseo_title":null,"_yoast_wpseo_canonical":null,"yoast_head":"<!-- This site is optimized with the Yoast SEO plugin v27.5 - https:\/\/yoast.com\/product\/yoast-seo-wordpress\/ -->\n<title>EU: Datenschutzreform f\u00fcr Polizei und Strafverfolgung - Save<\/title>\n<meta name=\"description\" content=\"Datenschutzreform: Die EU-Justizminister haben sich k\u00fcrzlich auf neue Datenschutzvorschriften f\u00fcr Polizei und Strafverfolgung geeinigt.\" \/>\n<meta name=\"robots\" content=\"index, follow, max-snippet:-1, max-image-preview:large, max-video-preview:-1\" \/>\n<link rel=\"canonical\" href=\"https:\/\/news.save.ch\/de\/eu-datenschutzreform-fuer-polizei-und-strafverfolgung\/\" \/>\n<meta property=\"og:locale\" content=\"de_DE\" \/>\n<meta property=\"og:type\" content=\"article\" \/>\n<meta property=\"og:title\" content=\"EU: Datenschutzreform f\u00fcr Polizei und Strafverfolgung\" \/>\n<meta property=\"og:description\" content=\"Die EU-Justizminister haben sich k\u00fcrzlich auf neue Datenschutzvorschriften f\u00fcr Polizei und Strafverfolgung geeinigt. Die Bestimmungen gelten auch f\u00fcr grenz\u00fcberschreitende Daten\u00fcbermittlungen.\" \/>\n<meta property=\"og:url\" content=\"https:\/\/news.save.ch\/de\/eu-datenschutzreform-fuer-polizei-und-strafverfolgung\/\" \/>\n<meta property=\"og:site_name\" content=\"Save\" \/>\n<meta property=\"article:published_time\" content=\"2015-10-12T12:07:57+00:00\" \/>\n<meta property=\"og:image\" content=\"https:\/\/news.save.ch\/wp-content\/uploads\/2016\/12\/EU-Datenschutzreform-f\u00fcr-Polizei-und-Strafverfolgung-sicherheitsforum.jpg\" \/>\n<meta name=\"author\" content=\"admin\" \/>\n<meta name=\"twitter:card\" content=\"summary_large_image\" \/>\n<meta name=\"twitter:label1\" content=\"Geschrieben von\" \/>\n\t<meta name=\"twitter:data1\" content=\"admin\" \/>\n\t<meta name=\"twitter:label2\" content=\"Gesch\u00e4tzte Lesezeit\" \/>\n\t<meta name=\"twitter:data2\" content=\"1\u00a0Minute\" \/>\n<script type=\"application\/ld+json\" class=\"yoast-schema-graph\">{\"@context\":\"https:\\\/\\\/schema.org\",\"@graph\":[{\"@type\":\"Article\",\"@id\":\"https:\\\/\\\/news.save.ch\\\/eu-datenschutzreform-fuer-polizei-und-strafverfolgung\\\/#article\",\"isPartOf\":{\"@id\":\"https:\\\/\\\/news.save.ch\\\/eu-datenschutzreform-fuer-polizei-und-strafverfolgung\\\/\"},\"author\":{\"name\":\"admin\",\"@id\":\"https:\\\/\\\/news.save.ch\\\/de\\\/#\\\/schema\\\/person\\\/d49e199490bad7c70d64b9ab51142f2b\"},\"headline\":\"EU: Datenschutzreform f\u00fcr Polizei und Strafverfolgung\",\"datePublished\":\"2015-10-12T12:07:57+00:00\",\"mainEntityOfPage\":{\"@id\":\"https:\\\/\\\/news.save.ch\\\/eu-datenschutzreform-fuer-polizei-und-strafverfolgung\\\/\"},\"wordCount\":269,\"commentCount\":0,\"publisher\":{\"@id\":\"https:\\\/\\\/news.save.ch\\\/de\\\/#organization\"},\"image\":{\"@id\":\"https:\\\/\\\/news.save.ch\\\/eu-datenschutzreform-fuer-polizei-und-strafverfolgung\\\/#primaryimage\"},\"thumbnailUrl\":\"https:\\\/\\\/news.save.ch\\\/wp-content\\\/uploads\\\/2016\\\/12\\\/EU-Datenschutzreform-fuer-Polizei-und-Strafverfolgung-sicherheitsforum-scaled.jpg\",\"keywords\":[\"Justiz &amp; Polizei\"],\"articleSection\":[\"ALLGEMEIN\"],\"inLanguage\":\"de\"},{\"@type\":\"WebPage\",\"@id\":\"https:\\\/\\\/news.save.ch\\\/eu-datenschutzreform-fuer-polizei-und-strafverfolgung\\\/\",\"url\":\"https:\\\/\\\/news.save.ch\\\/eu-datenschutzreform-fuer-polizei-und-strafverfolgung\\\/\",\"name\":\"EU: Datenschutzreform f\u00fcr Polizei und Strafverfolgung - Save\",\"isPartOf\":{\"@id\":\"https:\\\/\\\/news.save.ch\\\/de\\\/#website\"},\"primaryImageOfPage\":{\"@id\":\"https:\\\/\\\/news.save.ch\\\/eu-datenschutzreform-fuer-polizei-und-strafverfolgung\\\/#primaryimage\"},\"image\":{\"@id\":\"https:\\\/\\\/news.save.ch\\\/eu-datenschutzreform-fuer-polizei-und-strafverfolgung\\\/#primaryimage\"},\"thumbnailUrl\":\"https:\\\/\\\/news.save.ch\\\/wp-content\\\/uploads\\\/2016\\\/12\\\/EU-Datenschutzreform-fuer-Polizei-und-Strafverfolgung-sicherheitsforum-scaled.jpg\",\"datePublished\":\"2015-10-12T12:07:57+00:00\",\"description\":\"Datenschutzreform: Die EU-Justizminister haben sich k\u00fcrzlich auf neue Datenschutzvorschriften f\u00fcr Polizei und Strafverfolgung geeinigt.\",\"breadcrumb\":{\"@id\":\"https:\\\/\\\/news.save.ch\\\/eu-datenschutzreform-fuer-polizei-und-strafverfolgung\\\/#breadcrumb\"},\"inLanguage\":\"de\",\"potentialAction\":[{\"@type\":\"ReadAction\",\"target\":[\"https:\\\/\\\/news.save.ch\\\/eu-datenschutzreform-fuer-polizei-und-strafverfolgung\\\/\"]}]},{\"@type\":\"ImageObject\",\"inLanguage\":\"de\",\"@id\":\"https:\\\/\\\/news.save.ch\\\/eu-datenschutzreform-fuer-polizei-und-strafverfolgung\\\/#primaryimage\",\"url\":\"https:\\\/\\\/news.save.ch\\\/wp-content\\\/uploads\\\/2016\\\/12\\\/EU-Datenschutzreform-fuer-Polizei-und-Strafverfolgung-sicherheitsforum-scaled.jpg\",\"contentUrl\":\"https:\\\/\\\/news.save.ch\\\/wp-content\\\/uploads\\\/2016\\\/12\\\/EU-Datenschutzreform-fuer-Polizei-und-Strafverfolgung-sicherheitsforum-scaled.jpg\",\"width\":1400,\"height\":933},{\"@type\":\"BreadcrumbList\",\"@id\":\"https:\\\/\\\/news.save.ch\\\/eu-datenschutzreform-fuer-polizei-und-strafverfolgung\\\/#breadcrumb\",\"itemListElement\":[{\"@type\":\"ListItem\",\"position\":1,\"name\":\"Home\",\"item\":\"https:\\\/\\\/news.save.ch\\\/de\\\/\"},{\"@type\":\"ListItem\",\"position\":2,\"name\":\"EU: Datenschutzreform f\u00fcr Polizei und Strafverfolgung\"}]},{\"@type\":\"WebSite\",\"@id\":\"https:\\\/\\\/news.save.ch\\\/de\\\/#website\",\"url\":\"https:\\\/\\\/news.save.ch\\\/de\\\/\",\"name\":\"Save\",\"description\":\"Schweizer Fachzeitschrift f\u00fcr Sicherheit\",\"publisher\":{\"@id\":\"https:\\\/\\\/news.save.ch\\\/de\\\/#organization\"},\"potentialAction\":[{\"@type\":\"SearchAction\",\"target\":{\"@type\":\"EntryPoint\",\"urlTemplate\":\"https:\\\/\\\/news.save.ch\\\/de\\\/?s={search_term_string}\"},\"query-input\":{\"@type\":\"PropertyValueSpecification\",\"valueRequired\":true,\"valueName\":\"search_term_string\"}}],\"inLanguage\":\"de\"},{\"@type\":\"Organization\",\"@id\":\"https:\\\/\\\/news.save.ch\\\/de\\\/#organization\",\"name\":\"Sicherheitsforum\",\"url\":\"https:\\\/\\\/news.save.ch\\\/de\\\/\",\"logo\":{\"@type\":\"ImageObject\",\"inLanguage\":\"de\",\"@id\":\"https:\\\/\\\/news.save.ch\\\/de\\\/#\\\/schema\\\/logo\\\/image\\\/\",\"url\":\"https:\\\/\\\/news.save.ch\\\/wp-content\\\/uploads\\\/2022\\\/06\\\/Logo_SF_2012.png\",\"contentUrl\":\"https:\\\/\\\/news.save.ch\\\/wp-content\\\/uploads\\\/2022\\\/06\\\/Logo_SF_2012.png\",\"width\":1100,\"height\":91,\"caption\":\"Sicherheitsforum\"},\"image\":{\"@id\":\"https:\\\/\\\/news.save.ch\\\/de\\\/#\\\/schema\\\/logo\\\/image\\\/\"}},{\"@type\":\"Person\",\"@id\":\"https:\\\/\\\/news.save.ch\\\/de\\\/#\\\/schema\\\/person\\\/d49e199490bad7c70d64b9ab51142f2b\",\"name\":\"admin\",\"image\":{\"@type\":\"ImageObject\",\"inLanguage\":\"de\",\"@id\":\"https:\\\/\\\/secure.gravatar.com\\\/avatar\\\/ae2f4d718e6c49043e314ce431e7e645d646302a24a5ef5a8bc8e3f5a032e319?s=96&d=mm&r=g\",\"url\":\"https:\\\/\\\/secure.gravatar.com\\\/avatar\\\/ae2f4d718e6c49043e314ce431e7e645d646302a24a5ef5a8bc8e3f5a032e319?s=96&d=mm&r=g\",\"contentUrl\":\"https:\\\/\\\/secure.gravatar.com\\\/avatar\\\/ae2f4d718e6c49043e314ce431e7e645d646302a24a5ef5a8bc8e3f5a032e319?s=96&d=mm&r=g\",\"caption\":\"admin\"},\"sameAs\":[\"https:\\\/\\\/develop.organisator.galledia.ch\"],\"url\":\"https:\\\/\\\/news.save.ch\\\/de\\\/author\\\/admin\\\/\"}]}<\/script>\n<!-- \/ Yoast SEO plugin. -->","yoast_head_json":{"title":"EU: Datenschutzreform f\u00fcr Polizei und Strafverfolgung - Save","description":"Datenschutzreform: Die EU-Justizminister haben sich k\u00fcrzlich auf neue Datenschutzvorschriften f\u00fcr Polizei und Strafverfolgung geeinigt.","robots":{"index":"index","follow":"follow","max-snippet":"max-snippet:-1","max-image-preview":"max-image-preview:large","max-video-preview":"max-video-preview:-1"},"canonical":"https:\/\/news.save.ch\/de\/eu-datenschutzreform-fuer-polizei-und-strafverfolgung\/","og_locale":"de_DE","og_type":"article","og_title":"EU: Datenschutzreform f\u00fcr Polizei und Strafverfolgung","og_description":"Die EU-Justizminister haben sich k\u00fcrzlich auf neue Datenschutzvorschriften f\u00fcr Polizei und Strafverfolgung geeinigt. Die Bestimmungen gelten auch f\u00fcr grenz\u00fcberschreitende Daten\u00fcbermittlungen.","og_url":"https:\/\/news.save.ch\/de\/eu-datenschutzreform-fuer-polizei-und-strafverfolgung\/","og_site_name":"Save","article_published_time":"2015-10-12T12:07:57+00:00","og_image":[{"url":"https:\/\/news.save.ch\/wp-content\/uploads\/2016\/12\/EU-Datenschutzreform-f\u00fcr-Polizei-und-Strafverfolgung-sicherheitsforum.jpg","type":"","width":"","height":""}],"author":"admin","twitter_card":"summary_large_image","twitter_misc":{"Geschrieben von":"admin","Gesch\u00e4tzte Lesezeit":"1\u00a0Minute"},"schema":{"@context":"https:\/\/schema.org","@graph":[{"@type":"Article","@id":"https:\/\/news.save.ch\/eu-datenschutzreform-fuer-polizei-und-strafverfolgung\/#article","isPartOf":{"@id":"https:\/\/news.save.ch\/eu-datenschutzreform-fuer-polizei-und-strafverfolgung\/"},"author":{"name":"admin","@id":"https:\/\/news.save.ch\/de\/#\/schema\/person\/d49e199490bad7c70d64b9ab51142f2b"},"headline":"EU: Datenschutzreform f\u00fcr Polizei und Strafverfolgung","datePublished":"2015-10-12T12:07:57+00:00","mainEntityOfPage":{"@id":"https:\/\/news.save.ch\/eu-datenschutzreform-fuer-polizei-und-strafverfolgung\/"},"wordCount":269,"commentCount":0,"publisher":{"@id":"https:\/\/news.save.ch\/de\/#organization"},"image":{"@id":"https:\/\/news.save.ch\/eu-datenschutzreform-fuer-polizei-und-strafverfolgung\/#primaryimage"},"thumbnailUrl":"https:\/\/news.save.ch\/wp-content\/uploads\/2016\/12\/EU-Datenschutzreform-fuer-Polizei-und-Strafverfolgung-sicherheitsforum-scaled.jpg","keywords":["Justiz &amp; Polizei"],"articleSection":["ALLGEMEIN"],"inLanguage":"de"},{"@type":"WebPage","@id":"https:\/\/news.save.ch\/eu-datenschutzreform-fuer-polizei-und-strafverfolgung\/","url":"https:\/\/news.save.ch\/eu-datenschutzreform-fuer-polizei-und-strafverfolgung\/","name":"EU: Datenschutzreform f\u00fcr Polizei und Strafverfolgung - Save","isPartOf":{"@id":"https:\/\/news.save.ch\/de\/#website"},"primaryImageOfPage":{"@id":"https:\/\/news.save.ch\/eu-datenschutzreform-fuer-polizei-und-strafverfolgung\/#primaryimage"},"image":{"@id":"https:\/\/news.save.ch\/eu-datenschutzreform-fuer-polizei-und-strafverfolgung\/#primaryimage"},"thumbnailUrl":"https:\/\/news.save.ch\/wp-content\/uploads\/2016\/12\/EU-Datenschutzreform-fuer-Polizei-und-Strafverfolgung-sicherheitsforum-scaled.jpg","datePublished":"2015-10-12T12:07:57+00:00","description":"Datenschutzreform: Die EU-Justizminister haben sich k\u00fcrzlich auf neue Datenschutzvorschriften f\u00fcr Polizei und Strafverfolgung geeinigt.","breadcrumb":{"@id":"https:\/\/news.save.ch\/eu-datenschutzreform-fuer-polizei-und-strafverfolgung\/#breadcrumb"},"inLanguage":"de","potentialAction":[{"@type":"ReadAction","target":["https:\/\/news.save.ch\/eu-datenschutzreform-fuer-polizei-und-strafverfolgung\/"]}]},{"@type":"ImageObject","inLanguage":"de","@id":"https:\/\/news.save.ch\/eu-datenschutzreform-fuer-polizei-und-strafverfolgung\/#primaryimage","url":"https:\/\/news.save.ch\/wp-content\/uploads\/2016\/12\/EU-Datenschutzreform-fuer-Polizei-und-Strafverfolgung-sicherheitsforum-scaled.jpg","contentUrl":"https:\/\/news.save.ch\/wp-content\/uploads\/2016\/12\/EU-Datenschutzreform-fuer-Polizei-und-Strafverfolgung-sicherheitsforum-scaled.jpg","width":1400,"height":933},{"@type":"BreadcrumbList","@id":"https:\/\/news.save.ch\/eu-datenschutzreform-fuer-polizei-und-strafverfolgung\/#breadcrumb","itemListElement":[{"@type":"ListItem","position":1,"name":"Home","item":"https:\/\/news.save.ch\/de\/"},{"@type":"ListItem","position":2,"name":"EU: Datenschutzreform f\u00fcr Polizei und Strafverfolgung"}]},{"@type":"WebSite","@id":"https:\/\/news.save.ch\/de\/#website","url":"https:\/\/news.save.ch\/de\/","name":"Save","description":"Schweizer Fachzeitschrift f\u00fcr Sicherheit","publisher":{"@id":"https:\/\/news.save.ch\/de\/#organization"},"potentialAction":[{"@type":"SearchAction","target":{"@type":"EntryPoint","urlTemplate":"https:\/\/news.save.ch\/de\/?s={search_term_string}"},"query-input":{"@type":"PropertyValueSpecification","valueRequired":true,"valueName":"search_term_string"}}],"inLanguage":"de"},{"@type":"Organization","@id":"https:\/\/news.save.ch\/de\/#organization","name":"Sicherheitsforum","url":"https:\/\/news.save.ch\/de\/","logo":{"@type":"ImageObject","inLanguage":"de","@id":"https:\/\/news.save.ch\/de\/#\/schema\/logo\/image\/","url":"https:\/\/news.save.ch\/wp-content\/uploads\/2022\/06\/Logo_SF_2012.png","contentUrl":"https:\/\/news.save.ch\/wp-content\/uploads\/2022\/06\/Logo_SF_2012.png","width":1100,"height":91,"caption":"Sicherheitsforum"},"image":{"@id":"https:\/\/news.save.ch\/de\/#\/schema\/logo\/image\/"}},{"@type":"Person","@id":"https:\/\/news.save.ch\/de\/#\/schema\/person\/d49e199490bad7c70d64b9ab51142f2b","name":"admin","image":{"@type":"ImageObject","inLanguage":"de","@id":"https:\/\/secure.gravatar.com\/avatar\/ae2f4d718e6c49043e314ce431e7e645d646302a24a5ef5a8bc8e3f5a032e319?s=96&d=mm&r=g","url":"https:\/\/secure.gravatar.com\/avatar\/ae2f4d718e6c49043e314ce431e7e645d646302a24a5ef5a8bc8e3f5a032e319?s=96&d=mm&r=g","contentUrl":"https:\/\/secure.gravatar.com\/avatar\/ae2f4d718e6c49043e314ce431e7e645d646302a24a5ef5a8bc8e3f5a032e319?s=96&d=mm&r=g","caption":"admin"},"sameAs":["https:\/\/develop.organisator.galledia.ch"],"url":"https:\/\/news.save.ch\/de\/author\/admin\/"}]}},"_links":{"self":[{"href":"https:\/\/news.save.ch\/de\/wp-json\/wp\/v2\/posts\/1839","targetHints":{"allow":["GET"]}}],"collection":[{"href":"https:\/\/news.save.ch\/de\/wp-json\/wp\/v2\/posts"}],"about":[{"href":"https:\/\/news.save.ch\/de\/wp-json\/wp\/v2\/types\/post"}],"author":[{"embeddable":true,"href":"https:\/\/news.save.ch\/de\/wp-json\/wp\/v2\/users\/1"}],"replies":[{"embeddable":true,"href":"https:\/\/news.save.ch\/de\/wp-json\/wp\/v2\/comments?post=1839"}],"version-history":[{"count":0,"href":"https:\/\/news.save.ch\/de\/wp-json\/wp\/v2\/posts\/1839\/revisions"}],"wp:featuredmedia":[{"embeddable":true,"href":"https:\/\/news.save.ch\/de\/wp-json\/wp\/v2\/media\/1841"}],"wp:attachment":[{"href":"https:\/\/news.save.ch\/de\/wp-json\/wp\/v2\/media?parent=1839"}],"wp:term":[{"taxonomy":"category","embeddable":true,"href":"https:\/\/news.save.ch\/de\/wp-json\/wp\/v2\/categories?post=1839"},{"taxonomy":"post_tag","embeddable":true,"href":"https:\/\/news.save.ch\/de\/wp-json\/wp\/v2\/tags?post=1839"}],"curies":[{"name":"wp","href":"https:\/\/api.w.org\/{rel}","templated":true}]}}