{"id":184,"date":"2015-04-07T10:00:04","date_gmt":"2015-04-07T08:00:04","guid":{"rendered":"http:\/\/dev.safety-plus.ch\/?p=184"},"modified":"2023-05-31T16:39:32","modified_gmt":"2023-05-31T14:39:32","slug":"europaeische-impfwoche-mit-zehnter-ausgabe","status":null,"type":"post","link":"https:\/\/news.save.ch\/de\/europaeische-impfwoche-mit-zehnter-ausgabe\/","title":{"rendered":"Europ\u00e4ische Impfwoche mit zehnter Ausgabe"},"content":{"rendered":"<figure id=\"attachment_185\" aria-describedby=\"caption-attachment-185\" style=\"width: 680px\" class=\"wp-caption alignnone\"><img loading=\"lazy\" decoding=\"async\" class=\"wp-image-185 size-medium\" src=\"http:\/\/develop.safety-plus.ch\/wp-content\/uploads\/2016\/12\/Europaeische_Impfwoche_mit_zehnter_Ausgabe_safety-plus.jpg\" alt=\"Impfungen retten Menschenleben: Die WHO will das Bewusstsein daf\u00fcr sch\u00e4rfen.\" width=\"680\" height=\"454\" \/><figcaption id=\"caption-attachment-185\" class=\"wp-caption-text\">Impfungen retten Menschenleben: Die WHO will das Bewusstsein daf\u00fcr sch\u00e4rfen.<\/figcaption><\/figure>\n<p>Die <a href=\"http:\/\/www.euro.who.int\/de\/health-topics\/disease-prevention\/vaccines-and-immunization\/european-immunization-week\/european-immunization-week-2015\" target=\"_blank\" data-cke-saved-href=\"http:\/\/www.euro.who.int\/de\/health-topics\/disease-prevention\/vaccines-and-immunization\/european-immunization-week\/european-immunization-week-2015\" rel=\"noopener\">10. Europ\u00e4ische Impfwoche<\/a> unter dem Motto\u00a0Vorbeugen. Sch\u00fctzen. Impfen\u00a0ist f\u00fcr den 20.-25. April 2015 geplant.<\/p>\n<p>Die Initiative unter F\u00fchrung der Weltgesundheitsorganisation WHO Europa will die Europ\u00e4ische Region von impfpr\u00e4ventablen Krankheiten befreien, in dem sie das \u00f6ffentliche Bewusstsein \u00fcber den Nutzen von Impfungen steigert und die nationalen Impfsysteme f\u00f6rdert.<\/p>\n<p>Massnahmen erscheinen durchaus n\u00f6tig: Die WHO verzeichnete\u00a02013 in Europa zum Beispiel 31&#8217;685 Masernf\u00e4lle &#8211; das sind 348% mehr als noch 2007. Um solche Ausbr\u00fcche zu verhindern, m\u00fcssten laut WHO 95% der Bev\u00f6lkerung geimpft sein.<\/p>\n<p>Unternehmen und Arztpraxen k\u00f6nnen beim BAG Poster und Flyer zur Impfwoche <a href=\"http:\/\/www.bag.admin.ch\/dokumentation\/publikationen\/01435\/13591\/index.html?lang=de\" target=\"_blank\" data-cke-saved-href=\"http:\/\/www.bag.admin.ch\/dokumentation\/publikationen\/01435\/13591\/index.html?lang=de\" rel=\"noopener\">bestellen<\/a>.<\/p>\n","protected":false},"excerpt":{"rendered":"<p>Die 10. Europ\u00e4ische Impfwoche unter dem Motto\u00a0Vorbeugen. Sch\u00fctzen. Impfen\u00a0ist f\u00fcr den 20.-25. April 2015 geplant. Die Initiative unter F\u00fchrung der Weltgesundheitsorganisation WHO Europa will die Europ\u00e4ische Region von impfpr\u00e4ventablen Krankheiten befreien, in dem sie das \u00f6ffentliche Bewusstsein \u00fcber den Nutzen von Impfungen steigert und die nationalen Impfsysteme f\u00f6rdert. Massnahmen erscheinen durchaus n\u00f6tig: Die WHO verzeichnete\u00a02013 [&hellip;]<\/p>\n","protected":false},"author":1,"featured_media":185,"comment_status":"closed","ping_status":"closed","sticky":false,"template":"","format":"standard","meta":{"_acf_changed":false,"pgc_sgb_lightbox_settings":"","footnotes":""},"categories":[3314],"tags":[149,146],"class_list":["post-184","post","type-post","status-publish","format-standard","has-post-thumbnail","hentry","category-health-safety","tag-gesundheitsschutz","tag-medikamente"],"acf":[],"hkrextid":null,"publication":null,"issue":null,"workflow":null,"startPage":null,"spitzmarke":null,"_posts_by_tag_page_fields":{"widget_title":"","widget_tags":""},"_at_widget":"1","_yoast_wpseo_primary_category":"4","_yoast_wpseo_focuskw_text_input":"Impfwoche","_yoast_wpseo_opengraph-image":null,"_yoast_wpseo_opengraph-description":null,"_yoast_wpseo_opengraph-title":null,"enclosure":null,"_yoast_wpseo_twitter-title":null,"_yoast_wpseo_twitter-description":null,"_yoast_wpseo_twitter-image":null,"_wp_old_slug":null,"_yoast_wpseo_title":null,"_yoast_wpseo_canonical":null,"yoast_head":"<!-- This site is optimized with the Yoast SEO plugin v27.5 - https:\/\/yoast.com\/product\/yoast-seo-wordpress\/ -->\n<title>Europ\u00e4ische Impfwoche mit zehnter Ausgabe - Save<\/title>\n<meta name=\"description\" content=\"Die Europ\u00e4ische Impfwoche vom 20. bis zum 25. April will die Durchimpfungsrate quer durch Europa steigern.\" \/>\n<meta name=\"robots\" content=\"index, follow, max-snippet:-1, max-image-preview:large, max-video-preview:-1\" \/>\n<link rel=\"canonical\" href=\"https:\/\/news.save.ch\/de\/europaeische-impfwoche-mit-zehnter-ausgabe\/\" \/>\n<meta property=\"og:locale\" content=\"de_DE\" \/>\n<meta property=\"og:type\" content=\"article\" \/>\n<meta property=\"og:title\" content=\"Europ\u00e4ische Impfwoche mit zehnter Ausgabe - Save\" \/>\n<meta property=\"og:description\" content=\"Die Europ\u00e4ische Impfwoche vom 20. bis zum 25. April will die Durchimpfungsrate quer durch Europa steigern.\" \/>\n<meta property=\"og:url\" content=\"https:\/\/news.save.ch\/de\/europaeische-impfwoche-mit-zehnter-ausgabe\/\" \/>\n<meta property=\"og:site_name\" content=\"Save\" \/>\n<meta property=\"article:published_time\" content=\"2015-04-07T08:00:04+00:00\" \/>\n<meta property=\"article:modified_time\" content=\"2023-05-31T14:39:32+00:00\" \/>\n<meta property=\"og:image\" content=\"https:\/\/news.save.ch\/wp-content\/uploads\/2016\/12\/Europaeische_Impfwoche_mit_zehnter_Ausgabe_safety-plus-scaled-1.jpg\" \/>\n\t<meta property=\"og:image:width\" content=\"1200\" \/>\n\t<meta property=\"og:image:height\" content=\"801\" \/>\n\t<meta property=\"og:image:type\" content=\"image\/jpeg\" \/>\n<meta name=\"author\" content=\"admin\" \/>\n<meta name=\"twitter:card\" content=\"summary_large_image\" \/>\n<meta name=\"twitter:label1\" content=\"Geschrieben von\" \/>\n\t<meta name=\"twitter:data1\" content=\"admin\" \/>\n\t<meta name=\"twitter:label2\" content=\"Gesch\u00e4tzte Lesezeit\" \/>\n\t<meta name=\"twitter:data2\" content=\"1\u00a0Minute\" \/>\n<script type=\"application\/ld+json\" class=\"yoast-schema-graph\">{\"@context\":\"https:\\\/\\\/schema.org\",\"@graph\":[{\"@type\":\"Article\",\"@id\":\"https:\\\/\\\/news.save.ch\\\/europaeische-impfwoche-mit-zehnter-ausgabe\\\/#article\",\"isPartOf\":{\"@id\":\"https:\\\/\\\/news.save.ch\\\/europaeische-impfwoche-mit-zehnter-ausgabe\\\/\"},\"author\":{\"name\":\"admin\",\"@id\":\"https:\\\/\\\/news.save.ch\\\/de\\\/#\\\/schema\\\/person\\\/d49e199490bad7c70d64b9ab51142f2b\"},\"headline\":\"Europ\u00e4ische Impfwoche mit zehnter Ausgabe\",\"datePublished\":\"2015-04-07T08:00:04+00:00\",\"dateModified\":\"2023-05-31T14:39:32+00:00\",\"mainEntityOfPage\":{\"@id\":\"https:\\\/\\\/news.save.ch\\\/europaeische-impfwoche-mit-zehnter-ausgabe\\\/\"},\"wordCount\":128,\"publisher\":{\"@id\":\"https:\\\/\\\/news.save.ch\\\/de\\\/#organization\"},\"image\":{\"@id\":\"https:\\\/\\\/news.save.ch\\\/europaeische-impfwoche-mit-zehnter-ausgabe\\\/#primaryimage\"},\"thumbnailUrl\":\"https:\\\/\\\/news.save.ch\\\/wp-content\\\/uploads\\\/2016\\\/12\\\/Europaeische_Impfwoche_mit_zehnter_Ausgabe_safety-plus-scaled-1.jpg\",\"keywords\":[\"Gesundheitsschutz\",\"Medikamente\"],\"articleSection\":[\"HEALTH &amp; SAFETY\"],\"inLanguage\":\"de\"},{\"@type\":\"WebPage\",\"@id\":\"https:\\\/\\\/news.save.ch\\\/europaeische-impfwoche-mit-zehnter-ausgabe\\\/\",\"url\":\"https:\\\/\\\/news.save.ch\\\/europaeische-impfwoche-mit-zehnter-ausgabe\\\/\",\"name\":\"Europ\u00e4ische Impfwoche mit zehnter Ausgabe - Save\",\"isPartOf\":{\"@id\":\"https:\\\/\\\/news.save.ch\\\/de\\\/#website\"},\"primaryImageOfPage\":{\"@id\":\"https:\\\/\\\/news.save.ch\\\/europaeische-impfwoche-mit-zehnter-ausgabe\\\/#primaryimage\"},\"image\":{\"@id\":\"https:\\\/\\\/news.save.ch\\\/europaeische-impfwoche-mit-zehnter-ausgabe\\\/#primaryimage\"},\"thumbnailUrl\":\"https:\\\/\\\/news.save.ch\\\/wp-content\\\/uploads\\\/2016\\\/12\\\/Europaeische_Impfwoche_mit_zehnter_Ausgabe_safety-plus-scaled-1.jpg\",\"datePublished\":\"2015-04-07T08:00:04+00:00\",\"dateModified\":\"2023-05-31T14:39:32+00:00\",\"description\":\"Die Europ\u00e4ische Impfwoche vom 20. bis zum 25. April will die Durchimpfungsrate quer durch Europa steigern.\",\"breadcrumb\":{\"@id\":\"https:\\\/\\\/news.save.ch\\\/europaeische-impfwoche-mit-zehnter-ausgabe\\\/#breadcrumb\"},\"inLanguage\":\"de\",\"potentialAction\":[{\"@type\":\"ReadAction\",\"target\":[\"https:\\\/\\\/news.save.ch\\\/europaeische-impfwoche-mit-zehnter-ausgabe\\\/\"]}]},{\"@type\":\"ImageObject\",\"inLanguage\":\"de\",\"@id\":\"https:\\\/\\\/news.save.ch\\\/europaeische-impfwoche-mit-zehnter-ausgabe\\\/#primaryimage\",\"url\":\"https:\\\/\\\/news.save.ch\\\/wp-content\\\/uploads\\\/2016\\\/12\\\/Europaeische_Impfwoche_mit_zehnter_Ausgabe_safety-plus-scaled-1.jpg\",\"contentUrl\":\"https:\\\/\\\/news.save.ch\\\/wp-content\\\/uploads\\\/2016\\\/12\\\/Europaeische_Impfwoche_mit_zehnter_Ausgabe_safety-plus-scaled-1.jpg\",\"width\":1200,\"height\":801,\"caption\":\"Impfungen retten Menschenleben: Die WHO will das Bewusstsein daf\u00fcr sch\u00e4rfen.\"},{\"@type\":\"BreadcrumbList\",\"@id\":\"https:\\\/\\\/news.save.ch\\\/europaeische-impfwoche-mit-zehnter-ausgabe\\\/#breadcrumb\",\"itemListElement\":[{\"@type\":\"ListItem\",\"position\":1,\"name\":\"Home\",\"item\":\"https:\\\/\\\/news.save.ch\\\/de\\\/\"},{\"@type\":\"ListItem\",\"position\":2,\"name\":\"Europ\u00e4ische Impfwoche mit zehnter Ausgabe\"}]},{\"@type\":\"WebSite\",\"@id\":\"https:\\\/\\\/news.save.ch\\\/de\\\/#website\",\"url\":\"https:\\\/\\\/news.save.ch\\\/de\\\/\",\"name\":\"Save\",\"description\":\"Schweizer Fachzeitschrift f\u00fcr Sicherheit\",\"publisher\":{\"@id\":\"https:\\\/\\\/news.save.ch\\\/de\\\/#organization\"},\"potentialAction\":[{\"@type\":\"SearchAction\",\"target\":{\"@type\":\"EntryPoint\",\"urlTemplate\":\"https:\\\/\\\/news.save.ch\\\/de\\\/?s={search_term_string}\"},\"query-input\":{\"@type\":\"PropertyValueSpecification\",\"valueRequired\":true,\"valueName\":\"search_term_string\"}}],\"inLanguage\":\"de\"},{\"@type\":\"Organization\",\"@id\":\"https:\\\/\\\/news.save.ch\\\/de\\\/#organization\",\"name\":\"Sicherheitsforum\",\"url\":\"https:\\\/\\\/news.save.ch\\\/de\\\/\",\"logo\":{\"@type\":\"ImageObject\",\"inLanguage\":\"de\",\"@id\":\"https:\\\/\\\/news.save.ch\\\/de\\\/#\\\/schema\\\/logo\\\/image\\\/\",\"url\":\"https:\\\/\\\/news.save.ch\\\/wp-content\\\/uploads\\\/2022\\\/06\\\/Logo_SF_2012.png\",\"contentUrl\":\"https:\\\/\\\/news.save.ch\\\/wp-content\\\/uploads\\\/2022\\\/06\\\/Logo_SF_2012.png\",\"width\":1100,\"height\":91,\"caption\":\"Sicherheitsforum\"},\"image\":{\"@id\":\"https:\\\/\\\/news.save.ch\\\/de\\\/#\\\/schema\\\/logo\\\/image\\\/\"}},{\"@type\":\"Person\",\"@id\":\"https:\\\/\\\/news.save.ch\\\/de\\\/#\\\/schema\\\/person\\\/d49e199490bad7c70d64b9ab51142f2b\",\"name\":\"admin\",\"image\":{\"@type\":\"ImageObject\",\"inLanguage\":\"de\",\"@id\":\"https:\\\/\\\/secure.gravatar.com\\\/avatar\\\/ae2f4d718e6c49043e314ce431e7e645d646302a24a5ef5a8bc8e3f5a032e319?s=96&d=mm&r=g\",\"url\":\"https:\\\/\\\/secure.gravatar.com\\\/avatar\\\/ae2f4d718e6c49043e314ce431e7e645d646302a24a5ef5a8bc8e3f5a032e319?s=96&d=mm&r=g\",\"contentUrl\":\"https:\\\/\\\/secure.gravatar.com\\\/avatar\\\/ae2f4d718e6c49043e314ce431e7e645d646302a24a5ef5a8bc8e3f5a032e319?s=96&d=mm&r=g\",\"caption\":\"admin\"},\"sameAs\":[\"https:\\\/\\\/develop.organisator.galledia.ch\"],\"url\":\"https:\\\/\\\/news.save.ch\\\/de\\\/author\\\/admin\\\/\"}]}<\/script>\n<!-- \/ Yoast SEO plugin. -->","yoast_head_json":{"title":"Europ\u00e4ische Impfwoche mit zehnter Ausgabe - Save","description":"Die Europ\u00e4ische Impfwoche vom 20. bis zum 25. April will die Durchimpfungsrate quer durch Europa steigern.","robots":{"index":"index","follow":"follow","max-snippet":"max-snippet:-1","max-image-preview":"max-image-preview:large","max-video-preview":"max-video-preview:-1"},"canonical":"https:\/\/news.save.ch\/de\/europaeische-impfwoche-mit-zehnter-ausgabe\/","og_locale":"de_DE","og_type":"article","og_title":"Europ\u00e4ische Impfwoche mit zehnter Ausgabe - Save","og_description":"Die Europ\u00e4ische Impfwoche vom 20. bis zum 25. April will die Durchimpfungsrate quer durch Europa steigern.","og_url":"https:\/\/news.save.ch\/de\/europaeische-impfwoche-mit-zehnter-ausgabe\/","og_site_name":"Save","article_published_time":"2015-04-07T08:00:04+00:00","article_modified_time":"2023-05-31T14:39:32+00:00","og_image":[{"width":1200,"height":801,"url":"https:\/\/news.save.ch\/wp-content\/uploads\/2016\/12\/Europaeische_Impfwoche_mit_zehnter_Ausgabe_safety-plus-scaled-1.jpg","type":"image\/jpeg"}],"author":"admin","twitter_card":"summary_large_image","twitter_misc":{"Geschrieben von":"admin","Gesch\u00e4tzte Lesezeit":"1\u00a0Minute"},"schema":{"@context":"https:\/\/schema.org","@graph":[{"@type":"Article","@id":"https:\/\/news.save.ch\/europaeische-impfwoche-mit-zehnter-ausgabe\/#article","isPartOf":{"@id":"https:\/\/news.save.ch\/europaeische-impfwoche-mit-zehnter-ausgabe\/"},"author":{"name":"admin","@id":"https:\/\/news.save.ch\/de\/#\/schema\/person\/d49e199490bad7c70d64b9ab51142f2b"},"headline":"Europ\u00e4ische Impfwoche mit zehnter Ausgabe","datePublished":"2015-04-07T08:00:04+00:00","dateModified":"2023-05-31T14:39:32+00:00","mainEntityOfPage":{"@id":"https:\/\/news.save.ch\/europaeische-impfwoche-mit-zehnter-ausgabe\/"},"wordCount":128,"publisher":{"@id":"https:\/\/news.save.ch\/de\/#organization"},"image":{"@id":"https:\/\/news.save.ch\/europaeische-impfwoche-mit-zehnter-ausgabe\/#primaryimage"},"thumbnailUrl":"https:\/\/news.save.ch\/wp-content\/uploads\/2016\/12\/Europaeische_Impfwoche_mit_zehnter_Ausgabe_safety-plus-scaled-1.jpg","keywords":["Gesundheitsschutz","Medikamente"],"articleSection":["HEALTH &amp; SAFETY"],"inLanguage":"de"},{"@type":"WebPage","@id":"https:\/\/news.save.ch\/europaeische-impfwoche-mit-zehnter-ausgabe\/","url":"https:\/\/news.save.ch\/europaeische-impfwoche-mit-zehnter-ausgabe\/","name":"Europ\u00e4ische Impfwoche mit zehnter Ausgabe - Save","isPartOf":{"@id":"https:\/\/news.save.ch\/de\/#website"},"primaryImageOfPage":{"@id":"https:\/\/news.save.ch\/europaeische-impfwoche-mit-zehnter-ausgabe\/#primaryimage"},"image":{"@id":"https:\/\/news.save.ch\/europaeische-impfwoche-mit-zehnter-ausgabe\/#primaryimage"},"thumbnailUrl":"https:\/\/news.save.ch\/wp-content\/uploads\/2016\/12\/Europaeische_Impfwoche_mit_zehnter_Ausgabe_safety-plus-scaled-1.jpg","datePublished":"2015-04-07T08:00:04+00:00","dateModified":"2023-05-31T14:39:32+00:00","description":"Die Europ\u00e4ische Impfwoche vom 20. bis zum 25. April will die Durchimpfungsrate quer durch Europa steigern.","breadcrumb":{"@id":"https:\/\/news.save.ch\/europaeische-impfwoche-mit-zehnter-ausgabe\/#breadcrumb"},"inLanguage":"de","potentialAction":[{"@type":"ReadAction","target":["https:\/\/news.save.ch\/europaeische-impfwoche-mit-zehnter-ausgabe\/"]}]},{"@type":"ImageObject","inLanguage":"de","@id":"https:\/\/news.save.ch\/europaeische-impfwoche-mit-zehnter-ausgabe\/#primaryimage","url":"https:\/\/news.save.ch\/wp-content\/uploads\/2016\/12\/Europaeische_Impfwoche_mit_zehnter_Ausgabe_safety-plus-scaled-1.jpg","contentUrl":"https:\/\/news.save.ch\/wp-content\/uploads\/2016\/12\/Europaeische_Impfwoche_mit_zehnter_Ausgabe_safety-plus-scaled-1.jpg","width":1200,"height":801,"caption":"Impfungen retten Menschenleben: Die WHO will das Bewusstsein daf\u00fcr sch\u00e4rfen."},{"@type":"BreadcrumbList","@id":"https:\/\/news.save.ch\/europaeische-impfwoche-mit-zehnter-ausgabe\/#breadcrumb","itemListElement":[{"@type":"ListItem","position":1,"name":"Home","item":"https:\/\/news.save.ch\/de\/"},{"@type":"ListItem","position":2,"name":"Europ\u00e4ische Impfwoche mit zehnter Ausgabe"}]},{"@type":"WebSite","@id":"https:\/\/news.save.ch\/de\/#website","url":"https:\/\/news.save.ch\/de\/","name":"Save","description":"Schweizer Fachzeitschrift f\u00fcr Sicherheit","publisher":{"@id":"https:\/\/news.save.ch\/de\/#organization"},"potentialAction":[{"@type":"SearchAction","target":{"@type":"EntryPoint","urlTemplate":"https:\/\/news.save.ch\/de\/?s={search_term_string}"},"query-input":{"@type":"PropertyValueSpecification","valueRequired":true,"valueName":"search_term_string"}}],"inLanguage":"de"},{"@type":"Organization","@id":"https:\/\/news.save.ch\/de\/#organization","name":"Sicherheitsforum","url":"https:\/\/news.save.ch\/de\/","logo":{"@type":"ImageObject","inLanguage":"de","@id":"https:\/\/news.save.ch\/de\/#\/schema\/logo\/image\/","url":"https:\/\/news.save.ch\/wp-content\/uploads\/2022\/06\/Logo_SF_2012.png","contentUrl":"https:\/\/news.save.ch\/wp-content\/uploads\/2022\/06\/Logo_SF_2012.png","width":1100,"height":91,"caption":"Sicherheitsforum"},"image":{"@id":"https:\/\/news.save.ch\/de\/#\/schema\/logo\/image\/"}},{"@type":"Person","@id":"https:\/\/news.save.ch\/de\/#\/schema\/person\/d49e199490bad7c70d64b9ab51142f2b","name":"admin","image":{"@type":"ImageObject","inLanguage":"de","@id":"https:\/\/secure.gravatar.com\/avatar\/ae2f4d718e6c49043e314ce431e7e645d646302a24a5ef5a8bc8e3f5a032e319?s=96&d=mm&r=g","url":"https:\/\/secure.gravatar.com\/avatar\/ae2f4d718e6c49043e314ce431e7e645d646302a24a5ef5a8bc8e3f5a032e319?s=96&d=mm&r=g","contentUrl":"https:\/\/secure.gravatar.com\/avatar\/ae2f4d718e6c49043e314ce431e7e645d646302a24a5ef5a8bc8e3f5a032e319?s=96&d=mm&r=g","caption":"admin"},"sameAs":["https:\/\/develop.organisator.galledia.ch"],"url":"https:\/\/news.save.ch\/de\/author\/admin\/"}]}},"_links":{"self":[{"href":"https:\/\/news.save.ch\/de\/wp-json\/wp\/v2\/posts\/184","targetHints":{"allow":["GET"]}}],"collection":[{"href":"https:\/\/news.save.ch\/de\/wp-json\/wp\/v2\/posts"}],"about":[{"href":"https:\/\/news.save.ch\/de\/wp-json\/wp\/v2\/types\/post"}],"author":[{"embeddable":true,"href":"https:\/\/news.save.ch\/de\/wp-json\/wp\/v2\/users\/1"}],"replies":[{"embeddable":true,"href":"https:\/\/news.save.ch\/de\/wp-json\/wp\/v2\/comments?post=184"}],"version-history":[{"count":1,"href":"https:\/\/news.save.ch\/de\/wp-json\/wp\/v2\/posts\/184\/revisions"}],"predecessor-version":[{"id":18867,"href":"https:\/\/news.save.ch\/de\/wp-json\/wp\/v2\/posts\/184\/revisions\/18867"}],"wp:featuredmedia":[{"embeddable":true,"href":"https:\/\/news.save.ch\/de\/wp-json\/wp\/v2\/media\/185"}],"wp:attachment":[{"href":"https:\/\/news.save.ch\/de\/wp-json\/wp\/v2\/media?parent=184"}],"wp:term":[{"taxonomy":"category","embeddable":true,"href":"https:\/\/news.save.ch\/de\/wp-json\/wp\/v2\/categories?post=184"},{"taxonomy":"post_tag","embeddable":true,"href":"https:\/\/news.save.ch\/de\/wp-json\/wp\/v2\/tags?post=184"}],"curies":[{"name":"wp","href":"https:\/\/api.w.org\/{rel}","templated":true}]}}