{"id":1861,"date":"2015-05-06T12:57:18","date_gmt":"2015-05-06T10:57:18","guid":{"rendered":"https:\/\/dev.sicherheitsforum.ch\/?p=1861"},"modified":"2023-03-14T08:59:01","modified_gmt":"2023-03-14T07:59:01","slug":"weiterhin-hochwassergefahr","status":null,"type":"post","link":"https:\/\/news.save.ch\/de\/weiterhin-hochwassergefahr\/","title":{"rendered":"Weiterhin Hochwassergefahr"},"content":{"rendered":"<figure id=\"attachment_1863\" aria-describedby=\"caption-attachment-1863\" style=\"width: 680px\" class=\"wp-caption alignnone\"><img loading=\"lazy\" decoding=\"async\" class=\"wp-image-1863 size-medium\" src=\"https:\/\/news.save.ch\/wp-content\/uploads\/2016\/12\/5549d79730eab_Glattal-korr_Sicherheitsforum-1.jpg\" width=\"680\" height=\"453\" \/><figcaption id=\"caption-attachment-1863\" class=\"wp-caption-text\">Tr\u00fcbe Aussichten: Blick aufs Z\u00fcrcher Glattal (5. Mai).<\/figcaption><\/figure>\n<figure id=\"attachment_1864\" aria-describedby=\"caption-attachment-1864\" style=\"width: 680px\" class=\"wp-caption alignnone\"><img loading=\"lazy\" decoding=\"async\" class=\"wp-image-1864 size-medium\" src=\"https:\/\/news.save.ch\/wp-content\/uploads\/2016\/12\/5549ff7f47d04_unwetterschaeden_Sicherheitsforum.jpg\" width=\"680\" height=\"471\" \/><figcaption id=\"caption-attachment-1864\" class=\"wp-caption-text\">Statistischer R\u00fcckblick: j\u00e4hrliche Schadenssumme<\/figcaption><\/figure>\n<p>Heute Freitag nimmt in der zweiten Tagesh\u00e4lfte die Schauer- und Gewitteraktivit\u00e4t aus S\u00fcdwesten wieder zu. Bis Sonntagmorgen ist wiederholt mit Regen zu rechnen. Am meisten Niederschlag erwartet MeteoSchweiz zwischen Freitagmittag und Samstagmittag entlang der zentralen und \u00f6stlichen Voralpen sowie im angrenzenden Mittelland. In den erw\u00e4hnten Gebieten ist mit 20 Liter pro Quadratmeter zu rechnen. Lokal sind auch 35 Liter innert kurzer Zeit m\u00f6glich. Am \u00fcbrigen Alpennordhang sowie im Jura fallen voraussichtlich 10 bis 20 Liter pro Quadratmeter, im restlichen Flachland rund 5 bis 10 Liter.<\/p>\n<p>Dank der Niederschlagspause der letzten Tage sind die Pegel der Fliessgew\u00e4sser gesunken und befinden sich zurzeit gr\u00f6sstenteils im Bereich der Gefahrenstufe 1. Ausnahmen bilden die Seeausfl\u00fcsse, insbesondere von Thuner- und Bielersee. Bei den Jurarandseen wird Wasser aus dem Murten- und Neuenburgersee in den Bielersee nachfliessen, sobald der Bielersee-Pegel unter jenem des Neuenburgersees zu liegen kommt. Zur st\u00e4rkeren Entlastung der Jurarandseen wird der Ausfluss des Bielersees in Absprache zwischen Bund und Kantonen auf sehr hohem Niveau reguliert. Die Beh\u00f6rden gehen davon aus, dass es bis zur Normalit\u00e4t l\u00e4ngere Zeit (mehrere Wochen) dauern wird.<\/p>\n<p>Die Hochwassergefahr am Neuenburger- und Bielersee sowie an der Aare unterhalb des Bielersees bleibt weiterhin sehr gross (Stufe 4). Am Thuner- und Murtensee sowie an der Aare unterhalb des Thunersees bleibt sie gross (Stufe 3).<\/p>\n<p>Die vorhergesagten Niederschl\u00e4ge bis am Sonntag, 10. Mai, k\u00f6nnen in insbesondere in den kleinen und mittleren Fliessgew\u00e4ssern lokal zum Anstieg der Abfl\u00fcsse f\u00fchren. Sollte das Einzugsgebiet der Emme von den Niederschl\u00e4gen betroffen sein, m\u00fcsste der Abfluss im Wehr Port sofort wieder gedrosselt werden. Der Bielersee-Pegel w\u00fcrde in diesem Fall rasch stark ansteigen.<\/p>\n<p>In der N\u00e4he von Fl\u00fcssen und Seen mit Hochwasser sei\u00a0gr\u00f6sste Vorsicht geboten, wie es auf dem <a href=\"https:\/\/www.naturgefahren.ch\/home\/aktuelle-naturgefahren.html\" target=\"_blank\" data-cke-saved-href=\"https:\/\/www.naturgefahren.ch\/home\/aktuelle-naturgefahren.html\" rel=\"noopener\">Naturgefahren-Portal <\/a>heisst. Den Anweisungen der lokalen Beh\u00f6rden sei\u00a0unbedingt Folge zu leisten.<\/p>\n<p>Risikomanagement von Naturgefahren\u00a0wird \u00fcbrigens anl\u00e4sslich einer <a title=\"Link zur Sonderschau\" href=\"https:\/\/www.sicherheit-messe.ch\/htm\/sonderschau_naturgefahren.htm\" target=\"_blank\" data-cke-saved-href=\"https:\/\/www.sicherheit-messe.ch\/htm\/sonderschau_naturgefahren.htm\" rel=\"noopener\">Sonderschau<\/a> an der\u00a0<a title=\"Link zur Messe\" href=\"https:\/\/www.sicherheit-messe.ch\" target=\"_blank\" data-cke-saved-href=\"https:\/\/www.sicherheit-messe.ch\" rel=\"noopener\">SICHERHEIT 2015<\/a> (10. \u2013 13. November) thematisiert. Begleitet wird die Messe von einem Kongress: Im Juni 2015 erscheint das ausf\u00fchrliche <a title=\"Link zum Kongressveranstalter\" href=\"https:\/\/www.save.ch\" target=\"_blank\" data-cke-saved-href=\"https:\/\/www.save.ch\" rel=\"noopener\">Programm<\/a>.<\/p>\n","protected":false},"excerpt":{"rendered":"<p>Heute Freitag nimmt in der zweiten Tagesh\u00e4lfte die Schauer- und Gewitteraktivit\u00e4t aus S\u00fcdwesten wieder zu. Bis Sonntagmorgen ist wiederholt mit Regen zu rechnen. Am meisten Niederschlag erwartet MeteoSchweiz zwischen Freitagmittag und Samstagmittag entlang der zentralen und \u00f6stlichen Voralpen sowie im angrenzenden Mittelland. In den erw\u00e4hnten Gebieten ist mit 20 Liter pro Quadratmeter zu rechnen. Lokal [&hellip;]<\/p>\n","protected":false},"author":1,"featured_media":1863,"comment_status":"open","ping_status":"open","sticky":false,"template":"","format":"standard","meta":{"_acf_changed":false,"pgc_sgb_lightbox_settings":"","footnotes":""},"categories":[3312],"tags":[213,170,214],"class_list":["post-1861","post","type-post","status-publish","format-standard","has-post-thumbnail","hentry","category-sicherheit","tag-hochwassergefahr","tag-naturgefahren","tag-risikomanagement"],"acf":[],"hkrextid":null,"publication":null,"issue":null,"workflow":null,"startPage":null,"spitzmarke":null,"_posts_by_tag_page_fields":{"widget_title":"","widget_tags":""},"_at_widget":"1","_yoast_wpseo_primary_category":"5","_yoast_wpseo_focuskw_text_input":"Hochwassergefahr","_yoast_wpseo_opengraph-image":"https:\/\/news.save.ch\/wp-content\/uploads\/2016\/12\/5549d79730eab_Glattal-korr_Sicherheitsforum-1.jpg","_yoast_wpseo_opengraph-description":"Nur schon der Blick auf die Region um den kleinen Greifensee im Z\u00fcrcher Glattal zeigt, dass sich die Hochwassersituation in der Schweiz noch nicht entspannt hat.","_yoast_wpseo_opengraph-title":"Weiterhin Hochwassergefahr","enclosure":null,"_yoast_wpseo_twitter-title":null,"_yoast_wpseo_twitter-description":null,"_yoast_wpseo_twitter-image":null,"_wp_old_slug":null,"_yoast_wpseo_title":null,"_yoast_wpseo_canonical":null,"yoast_head":"<!-- This site is optimized with the Yoast SEO plugin v27.5 - https:\/\/yoast.com\/product\/yoast-seo-wordpress\/ -->\n<title>Weiterhin Hochwassergefahr - Save<\/title>\n<meta name=\"description\" content=\"Hochwassergefahr: Die Hochwassersituation in der Schweiz hat sich noch nicht entspannt.\" \/>\n<meta name=\"robots\" content=\"index, follow, max-snippet:-1, max-image-preview:large, max-video-preview:-1\" \/>\n<link rel=\"canonical\" href=\"https:\/\/news.save.ch\/de\/weiterhin-hochwassergefahr\/\" \/>\n<meta property=\"og:locale\" content=\"de_DE\" \/>\n<meta property=\"og:type\" content=\"article\" \/>\n<meta property=\"og:title\" content=\"Weiterhin Hochwassergefahr\" \/>\n<meta property=\"og:description\" content=\"Nur schon der Blick auf die Region um den kleinen Greifensee im Z\u00fcrcher Glattal zeigt, dass sich die Hochwassersituation in der Schweiz noch nicht entspannt hat.\" \/>\n<meta property=\"og:url\" content=\"https:\/\/news.save.ch\/de\/weiterhin-hochwassergefahr\/\" \/>\n<meta property=\"og:site_name\" content=\"Save\" \/>\n<meta property=\"article:published_time\" content=\"2015-05-06T10:57:18+00:00\" \/>\n<meta property=\"article:modified_time\" content=\"2023-03-14T07:59:01+00:00\" \/>\n<meta property=\"og:image\" content=\"https:\/\/news.save.ch\/wp-content\/uploads\/2016\/12\/5549d79730eab_Glattal-korr_Sicherheitsforum-1.jpg\" \/>\n<meta name=\"author\" content=\"admin\" \/>\n<meta name=\"twitter:card\" content=\"summary_large_image\" \/>\n<meta name=\"twitter:label1\" content=\"Geschrieben von\" \/>\n\t<meta name=\"twitter:data1\" content=\"admin\" \/>\n\t<meta name=\"twitter:label2\" content=\"Gesch\u00e4tzte Lesezeit\" \/>\n\t<meta name=\"twitter:data2\" content=\"2\u00a0Minuten\" \/>\n<script type=\"application\/ld+json\" class=\"yoast-schema-graph\">{\"@context\":\"https:\\\/\\\/schema.org\",\"@graph\":[{\"@type\":\"Article\",\"@id\":\"https:\\\/\\\/news.save.ch\\\/weiterhin-hochwassergefahr\\\/#article\",\"isPartOf\":{\"@id\":\"https:\\\/\\\/news.save.ch\\\/weiterhin-hochwassergefahr\\\/\"},\"author\":{\"name\":\"admin\",\"@id\":\"https:\\\/\\\/news.save.ch\\\/de\\\/#\\\/schema\\\/person\\\/d49e199490bad7c70d64b9ab51142f2b\"},\"headline\":\"Weiterhin Hochwassergefahr\",\"datePublished\":\"2015-05-06T10:57:18+00:00\",\"dateModified\":\"2023-03-14T07:59:01+00:00\",\"mainEntityOfPage\":{\"@id\":\"https:\\\/\\\/news.save.ch\\\/weiterhin-hochwassergefahr\\\/\"},\"wordCount\":366,\"commentCount\":0,\"publisher\":{\"@id\":\"https:\\\/\\\/news.save.ch\\\/de\\\/#organization\"},\"image\":{\"@id\":\"https:\\\/\\\/news.save.ch\\\/weiterhin-hochwassergefahr\\\/#primaryimage\"},\"thumbnailUrl\":\"https:\\\/\\\/news.save.ch\\\/wp-content\\\/uploads\\\/2016\\\/12\\\/5549d79730eab_Glattal-korr_Sicherheitsforum-1-scaled-1-scaled.jpg\",\"keywords\":[\"Hochwassergefahr\",\"Naturgefahren\",\"Risikomanagement\"],\"articleSection\":[\"SICHERHEIT\"],\"inLanguage\":\"de\"},{\"@type\":\"WebPage\",\"@id\":\"https:\\\/\\\/news.save.ch\\\/weiterhin-hochwassergefahr\\\/\",\"url\":\"https:\\\/\\\/news.save.ch\\\/weiterhin-hochwassergefahr\\\/\",\"name\":\"Weiterhin Hochwassergefahr - Save\",\"isPartOf\":{\"@id\":\"https:\\\/\\\/news.save.ch\\\/de\\\/#website\"},\"primaryImageOfPage\":{\"@id\":\"https:\\\/\\\/news.save.ch\\\/weiterhin-hochwassergefahr\\\/#primaryimage\"},\"image\":{\"@id\":\"https:\\\/\\\/news.save.ch\\\/weiterhin-hochwassergefahr\\\/#primaryimage\"},\"thumbnailUrl\":\"https:\\\/\\\/news.save.ch\\\/wp-content\\\/uploads\\\/2016\\\/12\\\/5549d79730eab_Glattal-korr_Sicherheitsforum-1-scaled-1-scaled.jpg\",\"datePublished\":\"2015-05-06T10:57:18+00:00\",\"dateModified\":\"2023-03-14T07:59:01+00:00\",\"description\":\"Hochwassergefahr: Die Hochwassersituation in der Schweiz hat sich noch nicht entspannt.\",\"breadcrumb\":{\"@id\":\"https:\\\/\\\/news.save.ch\\\/weiterhin-hochwassergefahr\\\/#breadcrumb\"},\"inLanguage\":\"de\",\"potentialAction\":[{\"@type\":\"ReadAction\",\"target\":[\"https:\\\/\\\/news.save.ch\\\/weiterhin-hochwassergefahr\\\/\"]}]},{\"@type\":\"ImageObject\",\"inLanguage\":\"de\",\"@id\":\"https:\\\/\\\/news.save.ch\\\/weiterhin-hochwassergefahr\\\/#primaryimage\",\"url\":\"https:\\\/\\\/news.save.ch\\\/wp-content\\\/uploads\\\/2016\\\/12\\\/5549d79730eab_Glattal-korr_Sicherheitsforum-1-scaled-1-scaled.jpg\",\"contentUrl\":\"https:\\\/\\\/news.save.ch\\\/wp-content\\\/uploads\\\/2016\\\/12\\\/5549d79730eab_Glattal-korr_Sicherheitsforum-1-scaled-1-scaled.jpg\",\"width\":1400,\"height\":934,\"caption\":\"Tr\u00fcbe Aussichten: Blick aufs Z\u00fcrcher Glattal (5. Mai).\"},{\"@type\":\"BreadcrumbList\",\"@id\":\"https:\\\/\\\/news.save.ch\\\/weiterhin-hochwassergefahr\\\/#breadcrumb\",\"itemListElement\":[{\"@type\":\"ListItem\",\"position\":1,\"name\":\"Home\",\"item\":\"https:\\\/\\\/news.save.ch\\\/de\\\/\"},{\"@type\":\"ListItem\",\"position\":2,\"name\":\"Weiterhin Hochwassergefahr\"}]},{\"@type\":\"WebSite\",\"@id\":\"https:\\\/\\\/news.save.ch\\\/de\\\/#website\",\"url\":\"https:\\\/\\\/news.save.ch\\\/de\\\/\",\"name\":\"Save\",\"description\":\"Schweizer Fachzeitschrift f\u00fcr Sicherheit\",\"publisher\":{\"@id\":\"https:\\\/\\\/news.save.ch\\\/de\\\/#organization\"},\"potentialAction\":[{\"@type\":\"SearchAction\",\"target\":{\"@type\":\"EntryPoint\",\"urlTemplate\":\"https:\\\/\\\/news.save.ch\\\/de\\\/?s={search_term_string}\"},\"query-input\":{\"@type\":\"PropertyValueSpecification\",\"valueRequired\":true,\"valueName\":\"search_term_string\"}}],\"inLanguage\":\"de\"},{\"@type\":\"Organization\",\"@id\":\"https:\\\/\\\/news.save.ch\\\/de\\\/#organization\",\"name\":\"Sicherheitsforum\",\"url\":\"https:\\\/\\\/news.save.ch\\\/de\\\/\",\"logo\":{\"@type\":\"ImageObject\",\"inLanguage\":\"de\",\"@id\":\"https:\\\/\\\/news.save.ch\\\/de\\\/#\\\/schema\\\/logo\\\/image\\\/\",\"url\":\"https:\\\/\\\/news.save.ch\\\/wp-content\\\/uploads\\\/2022\\\/06\\\/Logo_SF_2012.png\",\"contentUrl\":\"https:\\\/\\\/news.save.ch\\\/wp-content\\\/uploads\\\/2022\\\/06\\\/Logo_SF_2012.png\",\"width\":1100,\"height\":91,\"caption\":\"Sicherheitsforum\"},\"image\":{\"@id\":\"https:\\\/\\\/news.save.ch\\\/de\\\/#\\\/schema\\\/logo\\\/image\\\/\"}},{\"@type\":\"Person\",\"@id\":\"https:\\\/\\\/news.save.ch\\\/de\\\/#\\\/schema\\\/person\\\/d49e199490bad7c70d64b9ab51142f2b\",\"name\":\"admin\",\"image\":{\"@type\":\"ImageObject\",\"inLanguage\":\"de\",\"@id\":\"https:\\\/\\\/secure.gravatar.com\\\/avatar\\\/ae2f4d718e6c49043e314ce431e7e645d646302a24a5ef5a8bc8e3f5a032e319?s=96&d=mm&r=g\",\"url\":\"https:\\\/\\\/secure.gravatar.com\\\/avatar\\\/ae2f4d718e6c49043e314ce431e7e645d646302a24a5ef5a8bc8e3f5a032e319?s=96&d=mm&r=g\",\"contentUrl\":\"https:\\\/\\\/secure.gravatar.com\\\/avatar\\\/ae2f4d718e6c49043e314ce431e7e645d646302a24a5ef5a8bc8e3f5a032e319?s=96&d=mm&r=g\",\"caption\":\"admin\"},\"sameAs\":[\"https:\\\/\\\/develop.organisator.galledia.ch\"],\"url\":\"https:\\\/\\\/news.save.ch\\\/de\\\/author\\\/admin\\\/\"}]}<\/script>\n<!-- \/ Yoast SEO plugin. -->","yoast_head_json":{"title":"Weiterhin Hochwassergefahr - Save","description":"Hochwassergefahr: Die Hochwassersituation in der Schweiz hat sich noch nicht entspannt.","robots":{"index":"index","follow":"follow","max-snippet":"max-snippet:-1","max-image-preview":"max-image-preview:large","max-video-preview":"max-video-preview:-1"},"canonical":"https:\/\/news.save.ch\/de\/weiterhin-hochwassergefahr\/","og_locale":"de_DE","og_type":"article","og_title":"Weiterhin Hochwassergefahr","og_description":"Nur schon der Blick auf die Region um den kleinen Greifensee im Z\u00fcrcher Glattal zeigt, dass sich die Hochwassersituation in der Schweiz noch nicht entspannt hat.","og_url":"https:\/\/news.save.ch\/de\/weiterhin-hochwassergefahr\/","og_site_name":"Save","article_published_time":"2015-05-06T10:57:18+00:00","article_modified_time":"2023-03-14T07:59:01+00:00","og_image":[{"url":"https:\/\/news.save.ch\/wp-content\/uploads\/2016\/12\/5549d79730eab_Glattal-korr_Sicherheitsforum-1.jpg","type":"","width":"","height":""}],"author":"admin","twitter_card":"summary_large_image","twitter_misc":{"Geschrieben von":"admin","Gesch\u00e4tzte Lesezeit":"2\u00a0Minuten"},"schema":{"@context":"https:\/\/schema.org","@graph":[{"@type":"Article","@id":"https:\/\/news.save.ch\/weiterhin-hochwassergefahr\/#article","isPartOf":{"@id":"https:\/\/news.save.ch\/weiterhin-hochwassergefahr\/"},"author":{"name":"admin","@id":"https:\/\/news.save.ch\/de\/#\/schema\/person\/d49e199490bad7c70d64b9ab51142f2b"},"headline":"Weiterhin Hochwassergefahr","datePublished":"2015-05-06T10:57:18+00:00","dateModified":"2023-03-14T07:59:01+00:00","mainEntityOfPage":{"@id":"https:\/\/news.save.ch\/weiterhin-hochwassergefahr\/"},"wordCount":366,"commentCount":0,"publisher":{"@id":"https:\/\/news.save.ch\/de\/#organization"},"image":{"@id":"https:\/\/news.save.ch\/weiterhin-hochwassergefahr\/#primaryimage"},"thumbnailUrl":"https:\/\/news.save.ch\/wp-content\/uploads\/2016\/12\/5549d79730eab_Glattal-korr_Sicherheitsforum-1-scaled-1-scaled.jpg","keywords":["Hochwassergefahr","Naturgefahren","Risikomanagement"],"articleSection":["SICHERHEIT"],"inLanguage":"de"},{"@type":"WebPage","@id":"https:\/\/news.save.ch\/weiterhin-hochwassergefahr\/","url":"https:\/\/news.save.ch\/weiterhin-hochwassergefahr\/","name":"Weiterhin Hochwassergefahr - Save","isPartOf":{"@id":"https:\/\/news.save.ch\/de\/#website"},"primaryImageOfPage":{"@id":"https:\/\/news.save.ch\/weiterhin-hochwassergefahr\/#primaryimage"},"image":{"@id":"https:\/\/news.save.ch\/weiterhin-hochwassergefahr\/#primaryimage"},"thumbnailUrl":"https:\/\/news.save.ch\/wp-content\/uploads\/2016\/12\/5549d79730eab_Glattal-korr_Sicherheitsforum-1-scaled-1-scaled.jpg","datePublished":"2015-05-06T10:57:18+00:00","dateModified":"2023-03-14T07:59:01+00:00","description":"Hochwassergefahr: Die Hochwassersituation in der Schweiz hat sich noch nicht entspannt.","breadcrumb":{"@id":"https:\/\/news.save.ch\/weiterhin-hochwassergefahr\/#breadcrumb"},"inLanguage":"de","potentialAction":[{"@type":"ReadAction","target":["https:\/\/news.save.ch\/weiterhin-hochwassergefahr\/"]}]},{"@type":"ImageObject","inLanguage":"de","@id":"https:\/\/news.save.ch\/weiterhin-hochwassergefahr\/#primaryimage","url":"https:\/\/news.save.ch\/wp-content\/uploads\/2016\/12\/5549d79730eab_Glattal-korr_Sicherheitsforum-1-scaled-1-scaled.jpg","contentUrl":"https:\/\/news.save.ch\/wp-content\/uploads\/2016\/12\/5549d79730eab_Glattal-korr_Sicherheitsforum-1-scaled-1-scaled.jpg","width":1400,"height":934,"caption":"Tr\u00fcbe Aussichten: Blick aufs Z\u00fcrcher Glattal (5. Mai)."},{"@type":"BreadcrumbList","@id":"https:\/\/news.save.ch\/weiterhin-hochwassergefahr\/#breadcrumb","itemListElement":[{"@type":"ListItem","position":1,"name":"Home","item":"https:\/\/news.save.ch\/de\/"},{"@type":"ListItem","position":2,"name":"Weiterhin Hochwassergefahr"}]},{"@type":"WebSite","@id":"https:\/\/news.save.ch\/de\/#website","url":"https:\/\/news.save.ch\/de\/","name":"Save","description":"Schweizer Fachzeitschrift f\u00fcr Sicherheit","publisher":{"@id":"https:\/\/news.save.ch\/de\/#organization"},"potentialAction":[{"@type":"SearchAction","target":{"@type":"EntryPoint","urlTemplate":"https:\/\/news.save.ch\/de\/?s={search_term_string}"},"query-input":{"@type":"PropertyValueSpecification","valueRequired":true,"valueName":"search_term_string"}}],"inLanguage":"de"},{"@type":"Organization","@id":"https:\/\/news.save.ch\/de\/#organization","name":"Sicherheitsforum","url":"https:\/\/news.save.ch\/de\/","logo":{"@type":"ImageObject","inLanguage":"de","@id":"https:\/\/news.save.ch\/de\/#\/schema\/logo\/image\/","url":"https:\/\/news.save.ch\/wp-content\/uploads\/2022\/06\/Logo_SF_2012.png","contentUrl":"https:\/\/news.save.ch\/wp-content\/uploads\/2022\/06\/Logo_SF_2012.png","width":1100,"height":91,"caption":"Sicherheitsforum"},"image":{"@id":"https:\/\/news.save.ch\/de\/#\/schema\/logo\/image\/"}},{"@type":"Person","@id":"https:\/\/news.save.ch\/de\/#\/schema\/person\/d49e199490bad7c70d64b9ab51142f2b","name":"admin","image":{"@type":"ImageObject","inLanguage":"de","@id":"https:\/\/secure.gravatar.com\/avatar\/ae2f4d718e6c49043e314ce431e7e645d646302a24a5ef5a8bc8e3f5a032e319?s=96&d=mm&r=g","url":"https:\/\/secure.gravatar.com\/avatar\/ae2f4d718e6c49043e314ce431e7e645d646302a24a5ef5a8bc8e3f5a032e319?s=96&d=mm&r=g","contentUrl":"https:\/\/secure.gravatar.com\/avatar\/ae2f4d718e6c49043e314ce431e7e645d646302a24a5ef5a8bc8e3f5a032e319?s=96&d=mm&r=g","caption":"admin"},"sameAs":["https:\/\/develop.organisator.galledia.ch"],"url":"https:\/\/news.save.ch\/de\/author\/admin\/"}]}},"_links":{"self":[{"href":"https:\/\/news.save.ch\/de\/wp-json\/wp\/v2\/posts\/1861","targetHints":{"allow":["GET"]}}],"collection":[{"href":"https:\/\/news.save.ch\/de\/wp-json\/wp\/v2\/posts"}],"about":[{"href":"https:\/\/news.save.ch\/de\/wp-json\/wp\/v2\/types\/post"}],"author":[{"embeddable":true,"href":"https:\/\/news.save.ch\/de\/wp-json\/wp\/v2\/users\/1"}],"replies":[{"embeddable":true,"href":"https:\/\/news.save.ch\/de\/wp-json\/wp\/v2\/comments?post=1861"}],"version-history":[{"count":1,"href":"https:\/\/news.save.ch\/de\/wp-json\/wp\/v2\/posts\/1861\/revisions"}],"predecessor-version":[{"id":17890,"href":"https:\/\/news.save.ch\/de\/wp-json\/wp\/v2\/posts\/1861\/revisions\/17890"}],"wp:featuredmedia":[{"embeddable":true,"href":"https:\/\/news.save.ch\/de\/wp-json\/wp\/v2\/media\/1863"}],"wp:attachment":[{"href":"https:\/\/news.save.ch\/de\/wp-json\/wp\/v2\/media?parent=1861"}],"wp:term":[{"taxonomy":"category","embeddable":true,"href":"https:\/\/news.save.ch\/de\/wp-json\/wp\/v2\/categories?post=1861"},{"taxonomy":"post_tag","embeddable":true,"href":"https:\/\/news.save.ch\/de\/wp-json\/wp\/v2\/tags?post=1861"}],"curies":[{"name":"wp","href":"https:\/\/api.w.org\/{rel}","templated":true}]}}