{"id":1897,"date":"2015-10-16T14:33:22","date_gmt":"2015-10-16T12:33:22","guid":{"rendered":"https:\/\/dev.sicherheitsforum.ch\/?p=1897"},"modified":"2015-10-16T14:33:22","modified_gmt":"2015-10-16T12:33:22","slug":"strafbar-terroristisch-motivierte-reisen","status":null,"type":"post","link":"https:\/\/news.save.ch\/de\/strafbar-terroristisch-motivierte-reisen\/","title":{"rendered":"Strafbar &#8211; terroristisch motivierte Reisen"},"content":{"rendered":"<p><img loading=\"lazy\" decoding=\"async\" class=\"alignnone wp-image-1899 size-medium\" src=\"https:\/\/news.save.ch\/wp-content\/uploads\/2016\/12\/Strafbar-terroristisch-motivierte-Reisen-sicherheitsforum.jpg\" width=\"680\" height=\"510\" \/><\/p>\n<p>Das Zusatzprotokoll erweitert das \u00dcbereinkommen des Europarats zur Verh\u00fctung des Terrorismus, welches die Schweiz bereits im Jahr 2012 unterzeichnet hat. Das Zusatzprotokoll stellt Reisen f\u00fcr terroristische Zwecke sowie entsprechende Finanzierungs- und Unterst\u00fctzungshandlungen unter Strafe. Die Schweiz wird das Protokoll als einer der ersten Staaten am 22. Oktober 2015 in Riga unterzeichnen.<\/p>\n<p>Das schweizerische Recht verf\u00fcgt bereits heute \u00fcber Straftatbest\u00e4nde, die terroristische Aktivit\u00e4ten und deren Vorbereitung unter Strafe stellen. Daneben bestraft Artikel 2 des Bundesgesetzes \u00fcber das Verbot der Gruppierungen &#8222;Al-Qa\u00efda&#8220; und &#8222;Islamischer Staat&#8220; sowie verwandter Organisationen die Beteiligung an diesen Organisationen sowie deren Unterst\u00fctzung und F\u00f6rderung. Derzeit f\u00fchrt die Bundesanwaltschaft rund zwei Dutzend Verfahren gegen Personen, welche sich diesen Organisationen angeschlossen oder entsprechende Schritte unternommen haben.<\/p>\n<p>Im Rahmen der Umsetzung des vorliegenden Zusatzprotokolls wird der Bundesrat eine spezifische Strafnorm gegen die Anwerbung und Ausbildung von Terroristen vorschlagen. Zudem wird ein eigener Straftatbestand gegen das terroristisch motivierte Reisen und dessen Finanzierung gepr\u00fcft. Diese Ausweitung der Strafbarkeit wird verh\u00e4ltnism\u00e4ssig vorgenommen, unn\u00f6tige Eingriffe in Grundfreiheiten sind zu vermeiden.<\/p>\n<p><em>Pressemeldung: Eidgen\u00f6ssisches Justiz- und Polizeidepartement<\/em><\/p>\n","protected":false},"excerpt":{"rendered":"<p>Das Zusatzprotokoll erweitert das \u00dcbereinkommen des Europarats zur Verh\u00fctung des Terrorismus, welches die Schweiz bereits im Jahr 2012 unterzeichnet hat. Das Zusatzprotokoll stellt Reisen f\u00fcr terroristische Zwecke sowie entsprechende Finanzierungs- und Unterst\u00fctzungshandlungen unter Strafe. Die Schweiz wird das Protokoll als einer der ersten Staaten am 22. Oktober 2015 in Riga unterzeichnen. Das schweizerische Recht verf\u00fcgt [&hellip;]<\/p>\n","protected":false},"author":1,"featured_media":1899,"comment_status":"open","ping_status":"open","sticky":false,"template":"","format":"standard","meta":{"_acf_changed":false,"pgc_sgb_lightbox_settings":"","footnotes":""},"categories":[1],"tags":[69,113],"class_list":["post-1897","post","type-post","status-publish","format-standard","has-post-thumbnail","hentry","category-allgemein","tag-justiz-polizei","tag-kriminalitaet"],"acf":[],"hkrextid":null,"publication":null,"issue":null,"workflow":null,"startPage":null,"spitzmarke":null,"_posts_by_tag_page_fields":{"widget_title":"","widget_tags":""},"_at_widget":"1","_yoast_wpseo_primary_category":"1","_yoast_wpseo_focuskw_text_input":"Strafbar - terroristisch motivierte Reisen","_yoast_wpseo_opengraph-image":"https:\/\/news.save.ch\/wp-content\/uploads\/2016\/12\/Strafbar-terroristisch-motivierte-Reisen-sicherheitsforum.jpg","_yoast_wpseo_opengraph-description":"Der Bundesrat will den Kampf gegen den Terrorismus verst\u00e4rken. Er hat soeben das Zusatzprotokoll zur Europaratskonvention zur Verh\u00fctung des Terrorismus genehmigt. Das Protokoll stellt insbesondere Reisen f\u00fcr terroristische Zwecke sowie entsprechende Finanzierungs- und Unterst\u00fctzungshandlungen unter Strafe.","_yoast_wpseo_opengraph-title":"Strafbar - terroristisch motivierte Reisen","enclosure":null,"_yoast_wpseo_twitter-title":null,"_yoast_wpseo_twitter-description":null,"_yoast_wpseo_twitter-image":null,"_wp_old_slug":null,"_yoast_wpseo_title":null,"_yoast_wpseo_canonical":null,"yoast_head":"<!-- This site is optimized with the Yoast SEO plugin v27.5 - https:\/\/yoast.com\/product\/yoast-seo-wordpress\/ -->\n<title>Strafbar - terroristisch motivierte Reisen - Save<\/title>\n<meta name=\"description\" content=\"Der Bundesrat will den Kampf gegen den Terrorismus verst\u00e4rken. Er hat das Zusatzprotokoll zur Europaratskonvention zur Verh\u00fctung des Terrorismus genehmigt.\" \/>\n<meta name=\"robots\" content=\"index, follow, max-snippet:-1, max-image-preview:large, max-video-preview:-1\" \/>\n<link rel=\"canonical\" href=\"https:\/\/news.save.ch\/de\/strafbar-terroristisch-motivierte-reisen\/\" \/>\n<meta property=\"og:locale\" content=\"de_DE\" \/>\n<meta property=\"og:type\" content=\"article\" \/>\n<meta property=\"og:title\" content=\"Strafbar - terroristisch motivierte Reisen\" \/>\n<meta property=\"og:description\" content=\"Der Bundesrat will den Kampf gegen den Terrorismus verst\u00e4rken. Er hat soeben das Zusatzprotokoll zur Europaratskonvention zur Verh\u00fctung des Terrorismus genehmigt. Das Protokoll stellt insbesondere Reisen f\u00fcr terroristische Zwecke sowie entsprechende Finanzierungs- und Unterst\u00fctzungshandlungen unter Strafe.\" \/>\n<meta property=\"og:url\" content=\"https:\/\/news.save.ch\/de\/strafbar-terroristisch-motivierte-reisen\/\" \/>\n<meta property=\"og:site_name\" content=\"Save\" \/>\n<meta property=\"article:published_time\" content=\"2015-10-16T12:33:22+00:00\" \/>\n<meta property=\"og:image\" content=\"https:\/\/news.save.ch\/wp-content\/uploads\/2016\/12\/Strafbar-terroristisch-motivierte-Reisen-sicherheitsforum.jpg\" \/>\n<meta name=\"author\" content=\"admin\" \/>\n<meta name=\"twitter:card\" content=\"summary_large_image\" \/>\n<meta name=\"twitter:label1\" content=\"Geschrieben von\" \/>\n\t<meta name=\"twitter:data1\" content=\"admin\" \/>\n\t<meta name=\"twitter:label2\" content=\"Gesch\u00e4tzte Lesezeit\" \/>\n\t<meta name=\"twitter:data2\" content=\"1\u00a0Minute\" \/>\n<script type=\"application\/ld+json\" class=\"yoast-schema-graph\">{\"@context\":\"https:\\\/\\\/schema.org\",\"@graph\":[{\"@type\":\"Article\",\"@id\":\"https:\\\/\\\/news.save.ch\\\/strafbar-terroristisch-motivierte-reisen\\\/#article\",\"isPartOf\":{\"@id\":\"https:\\\/\\\/news.save.ch\\\/strafbar-terroristisch-motivierte-reisen\\\/\"},\"author\":{\"name\":\"admin\",\"@id\":\"https:\\\/\\\/news.save.ch\\\/de\\\/#\\\/schema\\\/person\\\/d49e199490bad7c70d64b9ab51142f2b\"},\"headline\":\"Strafbar &#8211; terroristisch motivierte Reisen\",\"datePublished\":\"2015-10-16T12:33:22+00:00\",\"mainEntityOfPage\":{\"@id\":\"https:\\\/\\\/news.save.ch\\\/strafbar-terroristisch-motivierte-reisen\\\/\"},\"wordCount\":186,\"commentCount\":0,\"publisher\":{\"@id\":\"https:\\\/\\\/news.save.ch\\\/de\\\/#organization\"},\"image\":{\"@id\":\"https:\\\/\\\/news.save.ch\\\/strafbar-terroristisch-motivierte-reisen\\\/#primaryimage\"},\"thumbnailUrl\":\"https:\\\/\\\/news.save.ch\\\/wp-content\\\/uploads\\\/2016\\\/12\\\/Strafbar-terroristisch-motivierte-Reisen-sicherheitsforum-scaled.jpg\",\"keywords\":[\"Justiz &amp; Polizei\",\"Kriminalit\u00e4t\"],\"articleSection\":[\"ALLGEMEIN\"],\"inLanguage\":\"de\"},{\"@type\":\"WebPage\",\"@id\":\"https:\\\/\\\/news.save.ch\\\/strafbar-terroristisch-motivierte-reisen\\\/\",\"url\":\"https:\\\/\\\/news.save.ch\\\/strafbar-terroristisch-motivierte-reisen\\\/\",\"name\":\"Strafbar - terroristisch motivierte Reisen - Save\",\"isPartOf\":{\"@id\":\"https:\\\/\\\/news.save.ch\\\/de\\\/#website\"},\"primaryImageOfPage\":{\"@id\":\"https:\\\/\\\/news.save.ch\\\/strafbar-terroristisch-motivierte-reisen\\\/#primaryimage\"},\"image\":{\"@id\":\"https:\\\/\\\/news.save.ch\\\/strafbar-terroristisch-motivierte-reisen\\\/#primaryimage\"},\"thumbnailUrl\":\"https:\\\/\\\/news.save.ch\\\/wp-content\\\/uploads\\\/2016\\\/12\\\/Strafbar-terroristisch-motivierte-Reisen-sicherheitsforum-scaled.jpg\",\"datePublished\":\"2015-10-16T12:33:22+00:00\",\"description\":\"Der Bundesrat will den Kampf gegen den Terrorismus verst\u00e4rken. Er hat das Zusatzprotokoll zur Europaratskonvention zur Verh\u00fctung des Terrorismus genehmigt.\",\"breadcrumb\":{\"@id\":\"https:\\\/\\\/news.save.ch\\\/strafbar-terroristisch-motivierte-reisen\\\/#breadcrumb\"},\"inLanguage\":\"de\",\"potentialAction\":[{\"@type\":\"ReadAction\",\"target\":[\"https:\\\/\\\/news.save.ch\\\/strafbar-terroristisch-motivierte-reisen\\\/\"]}]},{\"@type\":\"ImageObject\",\"inLanguage\":\"de\",\"@id\":\"https:\\\/\\\/news.save.ch\\\/strafbar-terroristisch-motivierte-reisen\\\/#primaryimage\",\"url\":\"https:\\\/\\\/news.save.ch\\\/wp-content\\\/uploads\\\/2016\\\/12\\\/Strafbar-terroristisch-motivierte-Reisen-sicherheitsforum-scaled.jpg\",\"contentUrl\":\"https:\\\/\\\/news.save.ch\\\/wp-content\\\/uploads\\\/2016\\\/12\\\/Strafbar-terroristisch-motivierte-Reisen-sicherheitsforum-scaled.jpg\",\"width\":1400,\"height\":1049},{\"@type\":\"BreadcrumbList\",\"@id\":\"https:\\\/\\\/news.save.ch\\\/strafbar-terroristisch-motivierte-reisen\\\/#breadcrumb\",\"itemListElement\":[{\"@type\":\"ListItem\",\"position\":1,\"name\":\"Home\",\"item\":\"https:\\\/\\\/news.save.ch\\\/de\\\/\"},{\"@type\":\"ListItem\",\"position\":2,\"name\":\"Strafbar &#8211; terroristisch motivierte Reisen\"}]},{\"@type\":\"WebSite\",\"@id\":\"https:\\\/\\\/news.save.ch\\\/de\\\/#website\",\"url\":\"https:\\\/\\\/news.save.ch\\\/de\\\/\",\"name\":\"Save\",\"description\":\"Schweizer Fachzeitschrift f\u00fcr Sicherheit\",\"publisher\":{\"@id\":\"https:\\\/\\\/news.save.ch\\\/de\\\/#organization\"},\"potentialAction\":[{\"@type\":\"SearchAction\",\"target\":{\"@type\":\"EntryPoint\",\"urlTemplate\":\"https:\\\/\\\/news.save.ch\\\/de\\\/?s={search_term_string}\"},\"query-input\":{\"@type\":\"PropertyValueSpecification\",\"valueRequired\":true,\"valueName\":\"search_term_string\"}}],\"inLanguage\":\"de\"},{\"@type\":\"Organization\",\"@id\":\"https:\\\/\\\/news.save.ch\\\/de\\\/#organization\",\"name\":\"Sicherheitsforum\",\"url\":\"https:\\\/\\\/news.save.ch\\\/de\\\/\",\"logo\":{\"@type\":\"ImageObject\",\"inLanguage\":\"de\",\"@id\":\"https:\\\/\\\/news.save.ch\\\/de\\\/#\\\/schema\\\/logo\\\/image\\\/\",\"url\":\"https:\\\/\\\/news.save.ch\\\/wp-content\\\/uploads\\\/2022\\\/06\\\/Logo_SF_2012.png\",\"contentUrl\":\"https:\\\/\\\/news.save.ch\\\/wp-content\\\/uploads\\\/2022\\\/06\\\/Logo_SF_2012.png\",\"width\":1100,\"height\":91,\"caption\":\"Sicherheitsforum\"},\"image\":{\"@id\":\"https:\\\/\\\/news.save.ch\\\/de\\\/#\\\/schema\\\/logo\\\/image\\\/\"}},{\"@type\":\"Person\",\"@id\":\"https:\\\/\\\/news.save.ch\\\/de\\\/#\\\/schema\\\/person\\\/d49e199490bad7c70d64b9ab51142f2b\",\"name\":\"admin\",\"image\":{\"@type\":\"ImageObject\",\"inLanguage\":\"de\",\"@id\":\"https:\\\/\\\/secure.gravatar.com\\\/avatar\\\/ae2f4d718e6c49043e314ce431e7e645d646302a24a5ef5a8bc8e3f5a032e319?s=96&d=mm&r=g\",\"url\":\"https:\\\/\\\/secure.gravatar.com\\\/avatar\\\/ae2f4d718e6c49043e314ce431e7e645d646302a24a5ef5a8bc8e3f5a032e319?s=96&d=mm&r=g\",\"contentUrl\":\"https:\\\/\\\/secure.gravatar.com\\\/avatar\\\/ae2f4d718e6c49043e314ce431e7e645d646302a24a5ef5a8bc8e3f5a032e319?s=96&d=mm&r=g\",\"caption\":\"admin\"},\"sameAs\":[\"https:\\\/\\\/develop.organisator.galledia.ch\"],\"url\":\"https:\\\/\\\/news.save.ch\\\/de\\\/author\\\/admin\\\/\"}]}<\/script>\n<!-- \/ Yoast SEO plugin. -->","yoast_head_json":{"title":"Strafbar - terroristisch motivierte Reisen - Save","description":"Der Bundesrat will den Kampf gegen den Terrorismus verst\u00e4rken. Er hat das Zusatzprotokoll zur Europaratskonvention zur Verh\u00fctung des Terrorismus genehmigt.","robots":{"index":"index","follow":"follow","max-snippet":"max-snippet:-1","max-image-preview":"max-image-preview:large","max-video-preview":"max-video-preview:-1"},"canonical":"https:\/\/news.save.ch\/de\/strafbar-terroristisch-motivierte-reisen\/","og_locale":"de_DE","og_type":"article","og_title":"Strafbar - terroristisch motivierte Reisen","og_description":"Der Bundesrat will den Kampf gegen den Terrorismus verst\u00e4rken. Er hat soeben das Zusatzprotokoll zur Europaratskonvention zur Verh\u00fctung des Terrorismus genehmigt. Das Protokoll stellt insbesondere Reisen f\u00fcr terroristische Zwecke sowie entsprechende Finanzierungs- und Unterst\u00fctzungshandlungen unter Strafe.","og_url":"https:\/\/news.save.ch\/de\/strafbar-terroristisch-motivierte-reisen\/","og_site_name":"Save","article_published_time":"2015-10-16T12:33:22+00:00","og_image":[{"url":"https:\/\/news.save.ch\/wp-content\/uploads\/2016\/12\/Strafbar-terroristisch-motivierte-Reisen-sicherheitsforum.jpg","type":"","width":"","height":""}],"author":"admin","twitter_card":"summary_large_image","twitter_misc":{"Geschrieben von":"admin","Gesch\u00e4tzte Lesezeit":"1\u00a0Minute"},"schema":{"@context":"https:\/\/schema.org","@graph":[{"@type":"Article","@id":"https:\/\/news.save.ch\/strafbar-terroristisch-motivierte-reisen\/#article","isPartOf":{"@id":"https:\/\/news.save.ch\/strafbar-terroristisch-motivierte-reisen\/"},"author":{"name":"admin","@id":"https:\/\/news.save.ch\/de\/#\/schema\/person\/d49e199490bad7c70d64b9ab51142f2b"},"headline":"Strafbar &#8211; terroristisch motivierte Reisen","datePublished":"2015-10-16T12:33:22+00:00","mainEntityOfPage":{"@id":"https:\/\/news.save.ch\/strafbar-terroristisch-motivierte-reisen\/"},"wordCount":186,"commentCount":0,"publisher":{"@id":"https:\/\/news.save.ch\/de\/#organization"},"image":{"@id":"https:\/\/news.save.ch\/strafbar-terroristisch-motivierte-reisen\/#primaryimage"},"thumbnailUrl":"https:\/\/news.save.ch\/wp-content\/uploads\/2016\/12\/Strafbar-terroristisch-motivierte-Reisen-sicherheitsforum-scaled.jpg","keywords":["Justiz &amp; Polizei","Kriminalit\u00e4t"],"articleSection":["ALLGEMEIN"],"inLanguage":"de"},{"@type":"WebPage","@id":"https:\/\/news.save.ch\/strafbar-terroristisch-motivierte-reisen\/","url":"https:\/\/news.save.ch\/strafbar-terroristisch-motivierte-reisen\/","name":"Strafbar - terroristisch motivierte Reisen - Save","isPartOf":{"@id":"https:\/\/news.save.ch\/de\/#website"},"primaryImageOfPage":{"@id":"https:\/\/news.save.ch\/strafbar-terroristisch-motivierte-reisen\/#primaryimage"},"image":{"@id":"https:\/\/news.save.ch\/strafbar-terroristisch-motivierte-reisen\/#primaryimage"},"thumbnailUrl":"https:\/\/news.save.ch\/wp-content\/uploads\/2016\/12\/Strafbar-terroristisch-motivierte-Reisen-sicherheitsforum-scaled.jpg","datePublished":"2015-10-16T12:33:22+00:00","description":"Der Bundesrat will den Kampf gegen den Terrorismus verst\u00e4rken. Er hat das Zusatzprotokoll zur Europaratskonvention zur Verh\u00fctung des Terrorismus genehmigt.","breadcrumb":{"@id":"https:\/\/news.save.ch\/strafbar-terroristisch-motivierte-reisen\/#breadcrumb"},"inLanguage":"de","potentialAction":[{"@type":"ReadAction","target":["https:\/\/news.save.ch\/strafbar-terroristisch-motivierte-reisen\/"]}]},{"@type":"ImageObject","inLanguage":"de","@id":"https:\/\/news.save.ch\/strafbar-terroristisch-motivierte-reisen\/#primaryimage","url":"https:\/\/news.save.ch\/wp-content\/uploads\/2016\/12\/Strafbar-terroristisch-motivierte-Reisen-sicherheitsforum-scaled.jpg","contentUrl":"https:\/\/news.save.ch\/wp-content\/uploads\/2016\/12\/Strafbar-terroristisch-motivierte-Reisen-sicherheitsforum-scaled.jpg","width":1400,"height":1049},{"@type":"BreadcrumbList","@id":"https:\/\/news.save.ch\/strafbar-terroristisch-motivierte-reisen\/#breadcrumb","itemListElement":[{"@type":"ListItem","position":1,"name":"Home","item":"https:\/\/news.save.ch\/de\/"},{"@type":"ListItem","position":2,"name":"Strafbar &#8211; terroristisch motivierte Reisen"}]},{"@type":"WebSite","@id":"https:\/\/news.save.ch\/de\/#website","url":"https:\/\/news.save.ch\/de\/","name":"Save","description":"Schweizer Fachzeitschrift f\u00fcr Sicherheit","publisher":{"@id":"https:\/\/news.save.ch\/de\/#organization"},"potentialAction":[{"@type":"SearchAction","target":{"@type":"EntryPoint","urlTemplate":"https:\/\/news.save.ch\/de\/?s={search_term_string}"},"query-input":{"@type":"PropertyValueSpecification","valueRequired":true,"valueName":"search_term_string"}}],"inLanguage":"de"},{"@type":"Organization","@id":"https:\/\/news.save.ch\/de\/#organization","name":"Sicherheitsforum","url":"https:\/\/news.save.ch\/de\/","logo":{"@type":"ImageObject","inLanguage":"de","@id":"https:\/\/news.save.ch\/de\/#\/schema\/logo\/image\/","url":"https:\/\/news.save.ch\/wp-content\/uploads\/2022\/06\/Logo_SF_2012.png","contentUrl":"https:\/\/news.save.ch\/wp-content\/uploads\/2022\/06\/Logo_SF_2012.png","width":1100,"height":91,"caption":"Sicherheitsforum"},"image":{"@id":"https:\/\/news.save.ch\/de\/#\/schema\/logo\/image\/"}},{"@type":"Person","@id":"https:\/\/news.save.ch\/de\/#\/schema\/person\/d49e199490bad7c70d64b9ab51142f2b","name":"admin","image":{"@type":"ImageObject","inLanguage":"de","@id":"https:\/\/secure.gravatar.com\/avatar\/ae2f4d718e6c49043e314ce431e7e645d646302a24a5ef5a8bc8e3f5a032e319?s=96&d=mm&r=g","url":"https:\/\/secure.gravatar.com\/avatar\/ae2f4d718e6c49043e314ce431e7e645d646302a24a5ef5a8bc8e3f5a032e319?s=96&d=mm&r=g","contentUrl":"https:\/\/secure.gravatar.com\/avatar\/ae2f4d718e6c49043e314ce431e7e645d646302a24a5ef5a8bc8e3f5a032e319?s=96&d=mm&r=g","caption":"admin"},"sameAs":["https:\/\/develop.organisator.galledia.ch"],"url":"https:\/\/news.save.ch\/de\/author\/admin\/"}]}},"_links":{"self":[{"href":"https:\/\/news.save.ch\/de\/wp-json\/wp\/v2\/posts\/1897","targetHints":{"allow":["GET"]}}],"collection":[{"href":"https:\/\/news.save.ch\/de\/wp-json\/wp\/v2\/posts"}],"about":[{"href":"https:\/\/news.save.ch\/de\/wp-json\/wp\/v2\/types\/post"}],"author":[{"embeddable":true,"href":"https:\/\/news.save.ch\/de\/wp-json\/wp\/v2\/users\/1"}],"replies":[{"embeddable":true,"href":"https:\/\/news.save.ch\/de\/wp-json\/wp\/v2\/comments?post=1897"}],"version-history":[{"count":0,"href":"https:\/\/news.save.ch\/de\/wp-json\/wp\/v2\/posts\/1897\/revisions"}],"wp:featuredmedia":[{"embeddable":true,"href":"https:\/\/news.save.ch\/de\/wp-json\/wp\/v2\/media\/1899"}],"wp:attachment":[{"href":"https:\/\/news.save.ch\/de\/wp-json\/wp\/v2\/media?parent=1897"}],"wp:term":[{"taxonomy":"category","embeddable":true,"href":"https:\/\/news.save.ch\/de\/wp-json\/wp\/v2\/categories?post=1897"},{"taxonomy":"post_tag","embeddable":true,"href":"https:\/\/news.save.ch\/de\/wp-json\/wp\/v2\/tags?post=1897"}],"curies":[{"name":"wp","href":"https:\/\/api.w.org\/{rel}","templated":true}]}}