{"id":1904,"date":"2015-10-19T14:34:41","date_gmt":"2015-10-19T12:34:41","guid":{"rendered":"https:\/\/dev.sicherheitsforum.ch\/?p=1904"},"modified":"2015-10-19T14:34:41","modified_gmt":"2015-10-19T12:34:41","slug":"investor-am-tec-steigt-bei-morphean-ein","status":null,"type":"post","link":"https:\/\/news.save.ch\/de\/investor-am-tec-steigt-bei-morphean-ein\/","title":{"rendered":"Investor AM-Tec steigt bei Morphean ein"},"content":{"rendered":"<figure id=\"attachment_1908\" aria-describedby=\"caption-attachment-1908\" style=\"width: 680px\" class=\"wp-caption alignnone\"><img loading=\"lazy\" decoding=\"async\" class=\"wp-image-1908 size-medium\" src=\"https:\/\/news.save.ch\/wp-content\/uploads\/2016\/12\/Investor-AM-Tec-steigt-bei-Morphean-ein-sicherheitsforum.jpg\" width=\"680\" height=\"674\" srcset=\"https:\/\/news.save.ch\/wp-content\/uploads\/2016\/12\/Investor-AM-Tec-steigt-bei-Morphean-ein-sicherheitsforum.jpg 765w, https:\/\/news.save.ch\/wp-content\/uploads\/2016\/12\/Investor-AM-Tec-steigt-bei-Morphean-ein-sicherheitsforum-303x300.jpg 303w\" sizes=\"auto, (max-width: 680px) 100vw, 680px\" \/><figcaption id=\"caption-attachment-1908\" class=\"wp-caption-text\">Quelle: Website Morphean<\/figcaption><\/figure>\n<p><a href=\"https:\/\/www.morphean.ch\" target=\"_blank\" data-cke-saved-href=\"https:\/\/www.morphean.ch\" rel=\"noopener\">Morphean <\/a>bietet eine Service-Plattform f\u00fcr die Analyse von Video- und Audiodaten sowie von Metadaten Dritter. Aufgrund des starken Wachstums investiert AM-Tec bei Morphean, um bei den bestehenden, aber auch neuen M\u00e4rkten den Anbieter zu unterst\u00fctzen, wie Morphean schreibt. Die Partnerschaft soll nun den Weg des Schweizer Unternehmens f\u00fcr eine weitere Expansion in Europa und in vertikalen M\u00e4rkten ebnen. Mit der Unterst\u00fctzung von AM-Tec und der Wahl von Peter Balsiger in den\u00a0 Morphean-Vorstand verf\u00fcge die Firma sowohl \u00fcber die Ressourcen, als auch \u00fcber die erforderliche Expertise, um das k\u00fcnftige Wachstum in diesen M\u00e4rkten sicherstellen zu k\u00f6nnen.<\/p>\n<p>\u201eWir sind beeindruckt von der Technologie, die Morphean entwickelt hat, von deren Gesch\u00e4ftsmodell \u2013 und von den Schl\u00fcsselpersonen, die dahinter stehen. Der Mehrwert der Plattform sowie deren Wachstumspotenzial hat uns rundum \u00fcberzeugt\u201c, so Balsiger, Partner bei <a href=\"https:\/\/www.aventicpartners.ch\" target=\"_blank\" data-cke-saved-href=\"https:\/\/www.aventicpartners.ch\" rel=\"noopener\">Aventic Partners AG<\/a> und Investor f\u00fcr Hightech-Unternehmen bei der AM-Tec Kredit AG. \u201eDaher beteiligen wir uns nicht nur mit Kapital an Morphean, sondern auch mit der Erfahrung, die mein Team und ich einbringen k\u00f6nnen.\u201c<\/p>\n<p>Rodrigue Zbinden, CEO und Mitbegr\u00fcnder bei Morphean SA, f\u00fcgt hinzu: \u201eWir begr\u00fcssen die neue Partnerschaft und freuen uns darauf, Morphean gemeinsam mit AM-Tec weiter zu entwickeln und ein dominanter Player in diesem globalen Markt zu werden.\u201c<\/p>\n<p>Morphean ist zurzeit in neun europ\u00e4ischen L\u00e4ndern t\u00e4tig und konnte global agierende Retail-Ketten als Schl\u00fcsselkunden gewinnen. Das Unternehmen bietet seine Hosting-Plattform einer breiten Palette von Partnern an, darunter Notrufzentralen, Sicherheitsfirmen, Telekommunikations-Anbietern und Dienstleistungsunternehmen. Die Produkte werden in eigenen Clouds in verschiedenen europ\u00e4ischen L\u00e4ndern gehostet, wie das Unternehmen schreibt.<\/p>\n<p>&nbsp;<\/p>\n","protected":false},"excerpt":{"rendered":"<p>Morphean bietet eine Service-Plattform f\u00fcr die Analyse von Video- und Audiodaten sowie von Metadaten Dritter. Aufgrund des starken Wachstums investiert AM-Tec bei Morphean, um bei den bestehenden, aber auch neuen M\u00e4rkten den Anbieter zu unterst\u00fctzen, wie Morphean schreibt. Die Partnerschaft soll nun den Weg des Schweizer Unternehmens f\u00fcr eine weitere Expansion in Europa und in [&hellip;]<\/p>\n","protected":false},"author":1,"featured_media":1908,"comment_status":"open","ping_status":"open","sticky":false,"template":"","format":"standard","meta":{"_acf_changed":false,"pgc_sgb_lightbox_settings":"","footnotes":""},"categories":[1],"tags":[65,78],"class_list":["post-1904","post","type-post","status-publish","format-standard","has-post-thumbnail","hentry","category-allgemein","tag-unternehmen","tag-videoueberwachung"],"acf":[],"hkrextid":null,"publication":null,"issue":null,"workflow":null,"startPage":null,"spitzmarke":null,"_posts_by_tag_page_fields":{"widget_title":"","widget_tags":""},"_at_widget":"1","_yoast_wpseo_primary_category":"1","_yoast_wpseo_focuskw_text_input":"Investor AM-Tec","_yoast_wpseo_opengraph-image":"https:\/\/news.save.ch\/wp-content\/uploads\/2016\/12\/Investor-AM-Tec-steigt-bei-Morphean-ein-sicherheitsforum.jpg","_yoast_wpseo_opengraph-description":"Die auf Videohosting und Videosicherheit-as-a-Service spezialisierte Morphean hat mit AM-Tec einen neuen Investor an Bord.","_yoast_wpseo_opengraph-title":"Investor AM-Tec steigt bei Morphean ein","enclosure":null,"_yoast_wpseo_twitter-title":null,"_yoast_wpseo_twitter-description":null,"_yoast_wpseo_twitter-image":null,"_wp_old_slug":null,"_yoast_wpseo_title":null,"_yoast_wpseo_canonical":null,"yoast_head":"<!-- This site is optimized with the Yoast SEO plugin v27.5 - https:\/\/yoast.com\/product\/yoast-seo-wordpress\/ -->\n<title>Investor AM-Tec steigt bei Morphean ein - Save<\/title>\n<meta name=\"description\" content=\"Die auf Videohosting und Videosicherheit-as-a-Service spezialisierte Morphean hat mit AM-Tec einen neuen Investor an Bord.\" \/>\n<meta name=\"robots\" content=\"index, follow, max-snippet:-1, max-image-preview:large, max-video-preview:-1\" \/>\n<link rel=\"canonical\" href=\"https:\/\/news.save.ch\/de\/investor-am-tec-steigt-bei-morphean-ein\/\" \/>\n<meta property=\"og:locale\" content=\"de_DE\" \/>\n<meta property=\"og:type\" content=\"article\" \/>\n<meta property=\"og:title\" content=\"Investor AM-Tec steigt bei Morphean ein\" \/>\n<meta property=\"og:description\" content=\"Die auf Videohosting und Videosicherheit-as-a-Service spezialisierte Morphean hat mit AM-Tec einen neuen Investor an Bord.\" \/>\n<meta property=\"og:url\" content=\"https:\/\/news.save.ch\/de\/investor-am-tec-steigt-bei-morphean-ein\/\" \/>\n<meta property=\"og:site_name\" content=\"Save\" \/>\n<meta property=\"article:published_time\" content=\"2015-10-19T12:34:41+00:00\" \/>\n<meta property=\"og:image\" content=\"https:\/\/news.save.ch\/wp-content\/uploads\/2016\/12\/Investor-AM-Tec-steigt-bei-Morphean-ein-sicherheitsforum.jpg\" \/>\n<meta name=\"author\" content=\"admin\" \/>\n<meta name=\"twitter:card\" content=\"summary_large_image\" \/>\n<meta name=\"twitter:label1\" content=\"Geschrieben von\" \/>\n\t<meta name=\"twitter:data1\" content=\"admin\" \/>\n\t<meta name=\"twitter:label2\" content=\"Gesch\u00e4tzte Lesezeit\" \/>\n\t<meta name=\"twitter:data2\" content=\"1\u00a0Minute\" \/>\n<script type=\"application\/ld+json\" class=\"yoast-schema-graph\">{\"@context\":\"https:\\\/\\\/schema.org\",\"@graph\":[{\"@type\":\"Article\",\"@id\":\"https:\\\/\\\/news.save.ch\\\/investor-am-tec-steigt-bei-morphean-ein\\\/#article\",\"isPartOf\":{\"@id\":\"https:\\\/\\\/news.save.ch\\\/investor-am-tec-steigt-bei-morphean-ein\\\/\"},\"author\":{\"name\":\"admin\",\"@id\":\"https:\\\/\\\/news.save.ch\\\/de\\\/#\\\/schema\\\/person\\\/d49e199490bad7c70d64b9ab51142f2b\"},\"headline\":\"Investor AM-Tec steigt bei Morphean ein\",\"datePublished\":\"2015-10-19T12:34:41+00:00\",\"mainEntityOfPage\":{\"@id\":\"https:\\\/\\\/news.save.ch\\\/investor-am-tec-steigt-bei-morphean-ein\\\/\"},\"wordCount\":288,\"commentCount\":0,\"publisher\":{\"@id\":\"https:\\\/\\\/news.save.ch\\\/de\\\/#organization\"},\"image\":{\"@id\":\"https:\\\/\\\/news.save.ch\\\/investor-am-tec-steigt-bei-morphean-ein\\\/#primaryimage\"},\"thumbnailUrl\":\"https:\\\/\\\/news.save.ch\\\/wp-content\\\/uploads\\\/2016\\\/12\\\/Investor-AM-Tec-steigt-bei-Morphean-ein-sicherheitsforum.jpg\",\"keywords\":[\"Unternehmen\",\"Video\u00fcberwachung\"],\"articleSection\":[\"ALLGEMEIN\"],\"inLanguage\":\"de\"},{\"@type\":\"WebPage\",\"@id\":\"https:\\\/\\\/news.save.ch\\\/investor-am-tec-steigt-bei-morphean-ein\\\/\",\"url\":\"https:\\\/\\\/news.save.ch\\\/investor-am-tec-steigt-bei-morphean-ein\\\/\",\"name\":\"Investor AM-Tec steigt bei Morphean ein - Save\",\"isPartOf\":{\"@id\":\"https:\\\/\\\/news.save.ch\\\/de\\\/#website\"},\"primaryImageOfPage\":{\"@id\":\"https:\\\/\\\/news.save.ch\\\/investor-am-tec-steigt-bei-morphean-ein\\\/#primaryimage\"},\"image\":{\"@id\":\"https:\\\/\\\/news.save.ch\\\/investor-am-tec-steigt-bei-morphean-ein\\\/#primaryimage\"},\"thumbnailUrl\":\"https:\\\/\\\/news.save.ch\\\/wp-content\\\/uploads\\\/2016\\\/12\\\/Investor-AM-Tec-steigt-bei-Morphean-ein-sicherheitsforum.jpg\",\"datePublished\":\"2015-10-19T12:34:41+00:00\",\"description\":\"Die auf Videohosting und Videosicherheit-as-a-Service spezialisierte Morphean hat mit AM-Tec einen neuen Investor an Bord.\",\"breadcrumb\":{\"@id\":\"https:\\\/\\\/news.save.ch\\\/investor-am-tec-steigt-bei-morphean-ein\\\/#breadcrumb\"},\"inLanguage\":\"de\",\"potentialAction\":[{\"@type\":\"ReadAction\",\"target\":[\"https:\\\/\\\/news.save.ch\\\/investor-am-tec-steigt-bei-morphean-ein\\\/\"]}]},{\"@type\":\"ImageObject\",\"inLanguage\":\"de\",\"@id\":\"https:\\\/\\\/news.save.ch\\\/investor-am-tec-steigt-bei-morphean-ein\\\/#primaryimage\",\"url\":\"https:\\\/\\\/news.save.ch\\\/wp-content\\\/uploads\\\/2016\\\/12\\\/Investor-AM-Tec-steigt-bei-Morphean-ein-sicherheitsforum.jpg\",\"contentUrl\":\"https:\\\/\\\/news.save.ch\\\/wp-content\\\/uploads\\\/2016\\\/12\\\/Investor-AM-Tec-steigt-bei-Morphean-ein-sicherheitsforum.jpg\",\"width\":765,\"height\":758,\"caption\":\"Quelle: Website Morphean\"},{\"@type\":\"BreadcrumbList\",\"@id\":\"https:\\\/\\\/news.save.ch\\\/investor-am-tec-steigt-bei-morphean-ein\\\/#breadcrumb\",\"itemListElement\":[{\"@type\":\"ListItem\",\"position\":1,\"name\":\"Home\",\"item\":\"https:\\\/\\\/news.save.ch\\\/de\\\/\"},{\"@type\":\"ListItem\",\"position\":2,\"name\":\"Investor AM-Tec steigt bei Morphean ein\"}]},{\"@type\":\"WebSite\",\"@id\":\"https:\\\/\\\/news.save.ch\\\/de\\\/#website\",\"url\":\"https:\\\/\\\/news.save.ch\\\/de\\\/\",\"name\":\"Save\",\"description\":\"Schweizer Fachzeitschrift f\u00fcr Sicherheit\",\"publisher\":{\"@id\":\"https:\\\/\\\/news.save.ch\\\/de\\\/#organization\"},\"potentialAction\":[{\"@type\":\"SearchAction\",\"target\":{\"@type\":\"EntryPoint\",\"urlTemplate\":\"https:\\\/\\\/news.save.ch\\\/de\\\/?s={search_term_string}\"},\"query-input\":{\"@type\":\"PropertyValueSpecification\",\"valueRequired\":true,\"valueName\":\"search_term_string\"}}],\"inLanguage\":\"de\"},{\"@type\":\"Organization\",\"@id\":\"https:\\\/\\\/news.save.ch\\\/de\\\/#organization\",\"name\":\"Sicherheitsforum\",\"url\":\"https:\\\/\\\/news.save.ch\\\/de\\\/\",\"logo\":{\"@type\":\"ImageObject\",\"inLanguage\":\"de\",\"@id\":\"https:\\\/\\\/news.save.ch\\\/de\\\/#\\\/schema\\\/logo\\\/image\\\/\",\"url\":\"https:\\\/\\\/news.save.ch\\\/wp-content\\\/uploads\\\/2022\\\/06\\\/Logo_SF_2012.png\",\"contentUrl\":\"https:\\\/\\\/news.save.ch\\\/wp-content\\\/uploads\\\/2022\\\/06\\\/Logo_SF_2012.png\",\"width\":1100,\"height\":91,\"caption\":\"Sicherheitsforum\"},\"image\":{\"@id\":\"https:\\\/\\\/news.save.ch\\\/de\\\/#\\\/schema\\\/logo\\\/image\\\/\"}},{\"@type\":\"Person\",\"@id\":\"https:\\\/\\\/news.save.ch\\\/de\\\/#\\\/schema\\\/person\\\/d49e199490bad7c70d64b9ab51142f2b\",\"name\":\"admin\",\"image\":{\"@type\":\"ImageObject\",\"inLanguage\":\"de\",\"@id\":\"https:\\\/\\\/secure.gravatar.com\\\/avatar\\\/ae2f4d718e6c49043e314ce431e7e645d646302a24a5ef5a8bc8e3f5a032e319?s=96&d=mm&r=g\",\"url\":\"https:\\\/\\\/secure.gravatar.com\\\/avatar\\\/ae2f4d718e6c49043e314ce431e7e645d646302a24a5ef5a8bc8e3f5a032e319?s=96&d=mm&r=g\",\"contentUrl\":\"https:\\\/\\\/secure.gravatar.com\\\/avatar\\\/ae2f4d718e6c49043e314ce431e7e645d646302a24a5ef5a8bc8e3f5a032e319?s=96&d=mm&r=g\",\"caption\":\"admin\"},\"sameAs\":[\"https:\\\/\\\/develop.organisator.galledia.ch\"],\"url\":\"https:\\\/\\\/news.save.ch\\\/de\\\/author\\\/admin\\\/\"}]}<\/script>\n<!-- \/ Yoast SEO plugin. -->","yoast_head_json":{"title":"Investor AM-Tec steigt bei Morphean ein - Save","description":"Die auf Videohosting und Videosicherheit-as-a-Service spezialisierte Morphean hat mit AM-Tec einen neuen Investor an Bord.","robots":{"index":"index","follow":"follow","max-snippet":"max-snippet:-1","max-image-preview":"max-image-preview:large","max-video-preview":"max-video-preview:-1"},"canonical":"https:\/\/news.save.ch\/de\/investor-am-tec-steigt-bei-morphean-ein\/","og_locale":"de_DE","og_type":"article","og_title":"Investor AM-Tec steigt bei Morphean ein","og_description":"Die auf Videohosting und Videosicherheit-as-a-Service spezialisierte Morphean hat mit AM-Tec einen neuen Investor an Bord.","og_url":"https:\/\/news.save.ch\/de\/investor-am-tec-steigt-bei-morphean-ein\/","og_site_name":"Save","article_published_time":"2015-10-19T12:34:41+00:00","og_image":[{"url":"https:\/\/news.save.ch\/wp-content\/uploads\/2016\/12\/Investor-AM-Tec-steigt-bei-Morphean-ein-sicherheitsforum.jpg","type":"","width":"","height":""}],"author":"admin","twitter_card":"summary_large_image","twitter_misc":{"Geschrieben von":"admin","Gesch\u00e4tzte Lesezeit":"1\u00a0Minute"},"schema":{"@context":"https:\/\/schema.org","@graph":[{"@type":"Article","@id":"https:\/\/news.save.ch\/investor-am-tec-steigt-bei-morphean-ein\/#article","isPartOf":{"@id":"https:\/\/news.save.ch\/investor-am-tec-steigt-bei-morphean-ein\/"},"author":{"name":"admin","@id":"https:\/\/news.save.ch\/de\/#\/schema\/person\/d49e199490bad7c70d64b9ab51142f2b"},"headline":"Investor AM-Tec steigt bei Morphean ein","datePublished":"2015-10-19T12:34:41+00:00","mainEntityOfPage":{"@id":"https:\/\/news.save.ch\/investor-am-tec-steigt-bei-morphean-ein\/"},"wordCount":288,"commentCount":0,"publisher":{"@id":"https:\/\/news.save.ch\/de\/#organization"},"image":{"@id":"https:\/\/news.save.ch\/investor-am-tec-steigt-bei-morphean-ein\/#primaryimage"},"thumbnailUrl":"https:\/\/news.save.ch\/wp-content\/uploads\/2016\/12\/Investor-AM-Tec-steigt-bei-Morphean-ein-sicherheitsforum.jpg","keywords":["Unternehmen","Video\u00fcberwachung"],"articleSection":["ALLGEMEIN"],"inLanguage":"de"},{"@type":"WebPage","@id":"https:\/\/news.save.ch\/investor-am-tec-steigt-bei-morphean-ein\/","url":"https:\/\/news.save.ch\/investor-am-tec-steigt-bei-morphean-ein\/","name":"Investor AM-Tec steigt bei Morphean ein - Save","isPartOf":{"@id":"https:\/\/news.save.ch\/de\/#website"},"primaryImageOfPage":{"@id":"https:\/\/news.save.ch\/investor-am-tec-steigt-bei-morphean-ein\/#primaryimage"},"image":{"@id":"https:\/\/news.save.ch\/investor-am-tec-steigt-bei-morphean-ein\/#primaryimage"},"thumbnailUrl":"https:\/\/news.save.ch\/wp-content\/uploads\/2016\/12\/Investor-AM-Tec-steigt-bei-Morphean-ein-sicherheitsforum.jpg","datePublished":"2015-10-19T12:34:41+00:00","description":"Die auf Videohosting und Videosicherheit-as-a-Service spezialisierte Morphean hat mit AM-Tec einen neuen Investor an Bord.","breadcrumb":{"@id":"https:\/\/news.save.ch\/investor-am-tec-steigt-bei-morphean-ein\/#breadcrumb"},"inLanguage":"de","potentialAction":[{"@type":"ReadAction","target":["https:\/\/news.save.ch\/investor-am-tec-steigt-bei-morphean-ein\/"]}]},{"@type":"ImageObject","inLanguage":"de","@id":"https:\/\/news.save.ch\/investor-am-tec-steigt-bei-morphean-ein\/#primaryimage","url":"https:\/\/news.save.ch\/wp-content\/uploads\/2016\/12\/Investor-AM-Tec-steigt-bei-Morphean-ein-sicherheitsforum.jpg","contentUrl":"https:\/\/news.save.ch\/wp-content\/uploads\/2016\/12\/Investor-AM-Tec-steigt-bei-Morphean-ein-sicherheitsforum.jpg","width":765,"height":758,"caption":"Quelle: Website Morphean"},{"@type":"BreadcrumbList","@id":"https:\/\/news.save.ch\/investor-am-tec-steigt-bei-morphean-ein\/#breadcrumb","itemListElement":[{"@type":"ListItem","position":1,"name":"Home","item":"https:\/\/news.save.ch\/de\/"},{"@type":"ListItem","position":2,"name":"Investor AM-Tec steigt bei Morphean ein"}]},{"@type":"WebSite","@id":"https:\/\/news.save.ch\/de\/#website","url":"https:\/\/news.save.ch\/de\/","name":"Save","description":"Schweizer Fachzeitschrift f\u00fcr Sicherheit","publisher":{"@id":"https:\/\/news.save.ch\/de\/#organization"},"potentialAction":[{"@type":"SearchAction","target":{"@type":"EntryPoint","urlTemplate":"https:\/\/news.save.ch\/de\/?s={search_term_string}"},"query-input":{"@type":"PropertyValueSpecification","valueRequired":true,"valueName":"search_term_string"}}],"inLanguage":"de"},{"@type":"Organization","@id":"https:\/\/news.save.ch\/de\/#organization","name":"Sicherheitsforum","url":"https:\/\/news.save.ch\/de\/","logo":{"@type":"ImageObject","inLanguage":"de","@id":"https:\/\/news.save.ch\/de\/#\/schema\/logo\/image\/","url":"https:\/\/news.save.ch\/wp-content\/uploads\/2022\/06\/Logo_SF_2012.png","contentUrl":"https:\/\/news.save.ch\/wp-content\/uploads\/2022\/06\/Logo_SF_2012.png","width":1100,"height":91,"caption":"Sicherheitsforum"},"image":{"@id":"https:\/\/news.save.ch\/de\/#\/schema\/logo\/image\/"}},{"@type":"Person","@id":"https:\/\/news.save.ch\/de\/#\/schema\/person\/d49e199490bad7c70d64b9ab51142f2b","name":"admin","image":{"@type":"ImageObject","inLanguage":"de","@id":"https:\/\/secure.gravatar.com\/avatar\/ae2f4d718e6c49043e314ce431e7e645d646302a24a5ef5a8bc8e3f5a032e319?s=96&d=mm&r=g","url":"https:\/\/secure.gravatar.com\/avatar\/ae2f4d718e6c49043e314ce431e7e645d646302a24a5ef5a8bc8e3f5a032e319?s=96&d=mm&r=g","contentUrl":"https:\/\/secure.gravatar.com\/avatar\/ae2f4d718e6c49043e314ce431e7e645d646302a24a5ef5a8bc8e3f5a032e319?s=96&d=mm&r=g","caption":"admin"},"sameAs":["https:\/\/develop.organisator.galledia.ch"],"url":"https:\/\/news.save.ch\/de\/author\/admin\/"}]}},"_links":{"self":[{"href":"https:\/\/news.save.ch\/de\/wp-json\/wp\/v2\/posts\/1904","targetHints":{"allow":["GET"]}}],"collection":[{"href":"https:\/\/news.save.ch\/de\/wp-json\/wp\/v2\/posts"}],"about":[{"href":"https:\/\/news.save.ch\/de\/wp-json\/wp\/v2\/types\/post"}],"author":[{"embeddable":true,"href":"https:\/\/news.save.ch\/de\/wp-json\/wp\/v2\/users\/1"}],"replies":[{"embeddable":true,"href":"https:\/\/news.save.ch\/de\/wp-json\/wp\/v2\/comments?post=1904"}],"version-history":[{"count":0,"href":"https:\/\/news.save.ch\/de\/wp-json\/wp\/v2\/posts\/1904\/revisions"}],"wp:featuredmedia":[{"embeddable":true,"href":"https:\/\/news.save.ch\/de\/wp-json\/wp\/v2\/media\/1908"}],"wp:attachment":[{"href":"https:\/\/news.save.ch\/de\/wp-json\/wp\/v2\/media?parent=1904"}],"wp:term":[{"taxonomy":"category","embeddable":true,"href":"https:\/\/news.save.ch\/de\/wp-json\/wp\/v2\/categories?post=1904"},{"taxonomy":"post_tag","embeddable":true,"href":"https:\/\/news.save.ch\/de\/wp-json\/wp\/v2\/tags?post=1904"}],"curies":[{"name":"wp","href":"https:\/\/api.w.org\/{rel}","templated":true}]}}