{"id":1913,"date":"2017-03-23T13:35:32","date_gmt":"2017-03-23T12:35:32","guid":{"rendered":"https:\/\/news.save.ch\/?p=1913"},"modified":"2023-03-14T09:02:58","modified_gmt":"2023-03-14T08:02:58","slug":"jeder-fuenfte-kaempft-mit-allergien","status":null,"type":"post","link":"https:\/\/news.save.ch\/de\/jeder-fuenfte-kaempft-mit-allergien\/","title":{"rendered":"Jeder F\u00fcnfte k\u00e4mpft mit Allergien"},"content":{"rendered":"<figure id=\"attachment_1914\" aria-describedby=\"caption-attachment-1914\" style=\"width: 680px\" class=\"wp-caption alignnone\"><img loading=\"lazy\" decoding=\"async\" class=\"size-medium wp-image-1914\" src=\"http:\/\/develop.safety-plus.ch\/wp-content\/uploads\/2017\/03\/Depositphotos_12715988_l-2015.jpg\" alt=\"\" width=\"680\" height=\"533\" \/><figcaption id=\"caption-attachment-1914\" class=\"wp-caption-text\">Birkenpollen geh\u00f6ren zu den aggressivsten Allergieausl\u00f6sern &#8211; die Bl\u00fcte steht kurz bevor.<\/figcaption><\/figure>\n<p>Jetzt fliegen die Hasel- und Erlenpollen, ebenfalls bl\u00fcht die Esche und bald gesellt sich die stark allergene Birke dazu: Die Pollensaison ist gestartet und die Winzlinge bescheren jeder f\u00fcnften Person im Lande allergische Symptome wie Fliessschnupfen, Niesattacken und tr\u00e4nende, juckende Augen. Wer sich ins Haus rettet, sieht sich aber auch dort mit allerlei Stoffen und Partikeln umgeben, die Allergien ausl\u00f6sen k\u00f6nnen. \u00abDiese Problematik wird umso gewichtiger, wenn man bedenkt, dass wir 90 Prozent unserer Zeit drinnen verbringen \u2013 zu Hause, im B\u00fcro, in der Schule, im Fitnesscenter\u00bb, so Dr. Georg Sch\u00e4ppi, Gesch\u00e4ftsleiter von aha! Allergiezentrum Schweiz.<\/p>\n<p>Die Stiftung setzt sich f\u00fcr gutes Klima im Raum ein. Am Nationalen Allergietag vom 23. M\u00e4rz 2017 erhalten Passantinnen und Pendler in den SBB-Bahnh\u00f6fen Basel, Bern, Genf, Lausanne, Locarno, Luzern und Z\u00fcrich Booklets mit Wissenswertem rund um Allergien und Tipps zur besseren Luftqualit\u00e4t im Innenraum. Das Booklet gibt es auch <a href=\"https:\/\/www.aha.ch\/file\/public\/Leben%20mit%20Allergien\/Nationaler%20Allergietag\/aha_Booklet_Nationaler_Allergietag_2017.pdf\">als PDF<\/a>.<\/p>\n<p><strong>Milben, Schimmel und Katzenspeichel<br \/>\n<\/strong>Allergische Erkrankungen haben \u00fcber die letzten Jahrzehnte rapide zugenommen. Drinnen sorgen neben in Kleidern und Haaren hereingeschleppten Pollen meistens Hausstaubmilben f\u00fcr verstopfte Nasen und verquollene Augen: Rund 5 bis 8 Prozent der Kinder und Erwachsenen in der Schweiz reagieren allergisch auf die winzigen, harmlosen Spinnentierchen in unseren Betten. Sporen von Schimmelpilzen schlagen ebenfalls vielen Menschen auf den Atem. Da hilft vor allem eines: Die Matratzen in milbendichte \u00dcberz\u00fcge, sogenannte Encasings, packen, gr\u00fcndlich Staub wischen, Schimmel schnellstm\u00f6glich entfernen und regelm\u00e4ssig l\u00fcften \u2013 wegen des Pollenflugs idealerweise nachts. Auch Speichel und Hautepithelien von Katzen und Hunden sowie Zimmerpflanzen wie Gummib\u00e4ume (Ficus) und Kakteen lassen das Immunsystem von Allergikerinnen und Allergikern \u00fcberreagieren. Inhaltstoffe von Reinigungsmitteln, Baustoffen, Lacken reizen Atemwege und Haut zus\u00e4tzlich.<\/p>\n<figure id=\"attachment_1915\" aria-describedby=\"caption-attachment-1915\" style=\"width: 680px\" class=\"wp-caption alignnone\"><img loading=\"lazy\" decoding=\"async\" class=\"size-medium wp-image-1915\" src=\"http:\/\/develop.safety-plus.ch\/wp-content\/uploads\/2017\/03\/Depositphotos_88914198_l-2015.jpg\" alt=\"\" width=\"680\" height=\"453\" \/><figcaption id=\"caption-attachment-1915\" class=\"wp-caption-text\">Bis zu 8% der Bev\u00f6lkerung reagiert allergisch auf Hausstaubmilben.<\/figcaption><\/figure>\n<p>\u00abWie wir unsere H\u00e4user bauen, die Wohnungen einrichten und wie wir darin leben, tr\u00e4gt entscheidend zu unserer Gesundheit bei\u00bb, so Dr. Georg Sch\u00e4ppi. \u00abDie Expertinnen und Experten unserer Stiftung verf\u00fcgen \u00fcber grosses Fachwissen rund um Allergene im Innenraum. Sie helfen Ratsuchenden \u00fcber das kostenlose Beratungstelefon weiter.\u00bb F\u00fcr gutes Raumklima gilt grunds\u00e4tzlich: Zwei- bis dreimal pro Tag f\u00fcnf bis zehn Minuten kr\u00e4ftig durchl\u00fcften. Die Luftfeuchtigkeit unter 45 Prozent und die Raumtemperatur zwischen 19 und 23 Grad halten. Und: Das Schlafzimmer zur tierfreien Zone erkl\u00e4ren und auch keine Pflanzen darin platzieren.<\/p>\n<p><strong>Welche Pollen fliegen heute?<\/strong><\/p>\n<p>Wer auf Pollen allergisch reagiert, kann sich auf der Webseite <a href=\"https:\/\/www.pollenundallergie.ch\">www.pollenundallergie.ch<\/a>\u00a0\u00fcber den aktuellen Stand in den verschiedenen Regionen der Schweiz informieren. Zur Zeit fliegen haupts\u00e4chlich Eschenpollen. Kurz bevor steht die Birkenpollensaison &#8211; wer zur Vorbereitung Medikamente einnehmen muss, sollte jetzt damit beginnen. Hasel- und Erlenallergiker k\u00f6nnen hingegen schon bald aufatmen: Die Saison der Hasel- und Erlenbl\u00fcte neigt sich dem Ende zu.<\/p>\n","protected":false},"excerpt":{"rendered":"<p>Jetzt fliegen die Hasel- und Erlenpollen, ebenfalls bl\u00fcht die Esche und bald gesellt sich die stark allergene Birke dazu: Die Pollensaison ist gestartet und die Winzlinge bescheren jeder f\u00fcnften Person im Lande allergische Symptome wie Fliessschnupfen, Niesattacken und tr\u00e4nende, juckende Augen. Wer sich ins Haus rettet, sieht sich aber auch dort mit allerlei Stoffen und [&hellip;]<\/p>\n","protected":false},"author":1,"featured_media":16184,"comment_status":"open","ping_status":"open","sticky":false,"template":"","format":"standard","meta":{"_acf_changed":false,"pgc_sgb_lightbox_settings":"","footnotes":""},"categories":[3314],"tags":[1602,1618,149,2540,2699],"class_list":["post-1913","post","type-post","status-publish","format-standard","has-post-thumbnail","hentry","category-health-safety","tag-aha","tag-allergien","tag-gesundheitsschutz","tag-milben","tag-pollen"],"acf":[],"hkrextid":null,"publication":null,"issue":null,"workflow":null,"startPage":null,"spitzmarke":null,"_posts_by_tag_page_fields":{"widget_title":"","widget_tags":""},"_at_widget":"1","_yoast_wpseo_primary_category":"4","_yoast_wpseo_focuskw_text_input":"Pollenallergien","_yoast_wpseo_opengraph-image":null,"_yoast_wpseo_opengraph-description":null,"_yoast_wpseo_opengraph-title":null,"enclosure":null,"_yoast_wpseo_twitter-title":null,"_yoast_wpseo_twitter-description":null,"_yoast_wpseo_twitter-image":null,"_wp_old_slug":null,"_yoast_wpseo_title":"Jeder F\u00fcnfte k\u00e4mpft mit Allergien: Das hilft dagegen - Safety-Plus","_yoast_wpseo_canonical":null,"yoast_head":"<!-- This site is optimized with the Yoast SEO plugin v27.4 - https:\/\/yoast.com\/product\/yoast-seo-wordpress\/ -->\n<title>Jeder F\u00fcnfte k\u00e4mpft mit Allergien: Das hilft dagegen - Safety-Plus<\/title>\n<meta name=\"description\" content=\"Rund 20% der Schweizer und Schweizerinnen leiden unter Pollenallergien. Aber auch im Haus lauern Allergieausl\u00f6ser. Das k\u00f6nnen Sie dagegen tun.\" \/>\n<meta name=\"robots\" content=\"index, follow, max-snippet:-1, max-image-preview:large, max-video-preview:-1\" \/>\n<link rel=\"canonical\" href=\"https:\/\/news.save.ch\/de\/jeder-fuenfte-kaempft-mit-allergien\/\" \/>\n<meta property=\"og:locale\" content=\"de_DE\" \/>\n<meta property=\"og:type\" content=\"article\" \/>\n<meta property=\"og:title\" content=\"Jeder F\u00fcnfte k\u00e4mpft mit Allergien: Das hilft dagegen - Safety-Plus\" \/>\n<meta property=\"og:description\" content=\"Rund 20% der Schweizer und Schweizerinnen leiden unter Pollenallergien. Aber auch im Haus lauern Allergieausl\u00f6ser. Das k\u00f6nnen Sie dagegen tun.\" \/>\n<meta property=\"og:url\" content=\"https:\/\/news.save.ch\/de\/jeder-fuenfte-kaempft-mit-allergien\/\" \/>\n<meta property=\"og:site_name\" content=\"Save\" \/>\n<meta property=\"article:published_time\" content=\"2017-03-23T12:35:32+00:00\" \/>\n<meta property=\"article:modified_time\" content=\"2023-03-14T08:02:58+00:00\" \/>\n<meta property=\"og:image\" content=\"https:\/\/news.save.ch\/wp-content\/uploads\/2017\/03\/Depositphotos_12715988_l-2015-scaled-1.jpg\" \/>\n\t<meta property=\"og:image:width\" content=\"1200\" \/>\n\t<meta property=\"og:image:height\" content=\"941\" \/>\n\t<meta property=\"og:image:type\" content=\"image\/jpeg\" \/>\n<meta name=\"author\" content=\"admin\" \/>\n<meta name=\"twitter:card\" content=\"summary_large_image\" \/>\n<meta name=\"twitter:label1\" content=\"Geschrieben von\" \/>\n\t<meta name=\"twitter:data1\" content=\"admin\" \/>\n\t<meta name=\"twitter:label2\" content=\"Gesch\u00e4tzte Lesezeit\" \/>\n\t<meta name=\"twitter:data2\" content=\"2\u00a0Minuten\" \/>\n<script type=\"application\/ld+json\" class=\"yoast-schema-graph\">{\"@context\":\"https:\\\/\\\/schema.org\",\"@graph\":[{\"@type\":\"Article\",\"@id\":\"https:\\\/\\\/news.save.ch\\\/jeder-fuenfte-kaempft-mit-allergien\\\/#article\",\"isPartOf\":{\"@id\":\"https:\\\/\\\/news.save.ch\\\/jeder-fuenfte-kaempft-mit-allergien\\\/\"},\"author\":{\"name\":\"admin\",\"@id\":\"https:\\\/\\\/news.save.ch\\\/de\\\/#\\\/schema\\\/person\\\/d49e199490bad7c70d64b9ab51142f2b\"},\"headline\":\"Jeder F\u00fcnfte k\u00e4mpft mit Allergien\",\"datePublished\":\"2017-03-23T12:35:32+00:00\",\"dateModified\":\"2023-03-14T08:02:58+00:00\",\"mainEntityOfPage\":{\"@id\":\"https:\\\/\\\/news.save.ch\\\/jeder-fuenfte-kaempft-mit-allergien\\\/\"},\"wordCount\":497,\"commentCount\":0,\"publisher\":{\"@id\":\"https:\\\/\\\/news.save.ch\\\/de\\\/#organization\"},\"image\":{\"@id\":\"https:\\\/\\\/news.save.ch\\\/jeder-fuenfte-kaempft-mit-allergien\\\/#primaryimage\"},\"thumbnailUrl\":\"https:\\\/\\\/news.save.ch\\\/wp-content\\\/uploads\\\/2017\\\/03\\\/Depositphotos_12715988_l-2015-scaled-1.jpg\",\"keywords\":[\"AHA\",\"Allergien\",\"Gesundheitsschutz\",\"Milben\",\"Pollen\"],\"articleSection\":[\"HEALTH &amp; SAFETY\"],\"inLanguage\":\"de\"},{\"@type\":\"WebPage\",\"@id\":\"https:\\\/\\\/news.save.ch\\\/jeder-fuenfte-kaempft-mit-allergien\\\/\",\"url\":\"https:\\\/\\\/news.save.ch\\\/jeder-fuenfte-kaempft-mit-allergien\\\/\",\"name\":\"Jeder F\u00fcnfte k\u00e4mpft mit Allergien: Das hilft dagegen - Safety-Plus\",\"isPartOf\":{\"@id\":\"https:\\\/\\\/news.save.ch\\\/de\\\/#website\"},\"primaryImageOfPage\":{\"@id\":\"https:\\\/\\\/news.save.ch\\\/jeder-fuenfte-kaempft-mit-allergien\\\/#primaryimage\"},\"image\":{\"@id\":\"https:\\\/\\\/news.save.ch\\\/jeder-fuenfte-kaempft-mit-allergien\\\/#primaryimage\"},\"thumbnailUrl\":\"https:\\\/\\\/news.save.ch\\\/wp-content\\\/uploads\\\/2017\\\/03\\\/Depositphotos_12715988_l-2015-scaled-1.jpg\",\"datePublished\":\"2017-03-23T12:35:32+00:00\",\"dateModified\":\"2023-03-14T08:02:58+00:00\",\"description\":\"Rund 20% der Schweizer und Schweizerinnen leiden unter Pollenallergien. Aber auch im Haus lauern Allergieausl\u00f6ser. Das k\u00f6nnen Sie dagegen tun.\",\"breadcrumb\":{\"@id\":\"https:\\\/\\\/news.save.ch\\\/jeder-fuenfte-kaempft-mit-allergien\\\/#breadcrumb\"},\"inLanguage\":\"de\",\"potentialAction\":[{\"@type\":\"ReadAction\",\"target\":[\"https:\\\/\\\/news.save.ch\\\/jeder-fuenfte-kaempft-mit-allergien\\\/\"]}]},{\"@type\":\"ImageObject\",\"inLanguage\":\"de\",\"@id\":\"https:\\\/\\\/news.save.ch\\\/jeder-fuenfte-kaempft-mit-allergien\\\/#primaryimage\",\"url\":\"https:\\\/\\\/news.save.ch\\\/wp-content\\\/uploads\\\/2017\\\/03\\\/Depositphotos_12715988_l-2015-scaled-1.jpg\",\"contentUrl\":\"https:\\\/\\\/news.save.ch\\\/wp-content\\\/uploads\\\/2017\\\/03\\\/Depositphotos_12715988_l-2015-scaled-1.jpg\",\"width\":1200,\"height\":941,\"caption\":\"Birkenpollen geh\u00f6ren zu den aggressivsten Allergieausl\u00f6sern - die Bl\u00fcte steht kurz bevor.\"},{\"@type\":\"BreadcrumbList\",\"@id\":\"https:\\\/\\\/news.save.ch\\\/jeder-fuenfte-kaempft-mit-allergien\\\/#breadcrumb\",\"itemListElement\":[{\"@type\":\"ListItem\",\"position\":1,\"name\":\"Home\",\"item\":\"https:\\\/\\\/news.save.ch\\\/de\\\/\"},{\"@type\":\"ListItem\",\"position\":2,\"name\":\"Jeder F\u00fcnfte k\u00e4mpft mit Allergien\"}]},{\"@type\":\"WebSite\",\"@id\":\"https:\\\/\\\/news.save.ch\\\/de\\\/#website\",\"url\":\"https:\\\/\\\/news.save.ch\\\/de\\\/\",\"name\":\"Save\",\"description\":\"Schweizer Fachzeitschrift f\u00fcr Sicherheit\",\"publisher\":{\"@id\":\"https:\\\/\\\/news.save.ch\\\/de\\\/#organization\"},\"potentialAction\":[{\"@type\":\"SearchAction\",\"target\":{\"@type\":\"EntryPoint\",\"urlTemplate\":\"https:\\\/\\\/news.save.ch\\\/de\\\/?s={search_term_string}\"},\"query-input\":{\"@type\":\"PropertyValueSpecification\",\"valueRequired\":true,\"valueName\":\"search_term_string\"}}],\"inLanguage\":\"de\"},{\"@type\":\"Organization\",\"@id\":\"https:\\\/\\\/news.save.ch\\\/de\\\/#organization\",\"name\":\"Sicherheitsforum\",\"url\":\"https:\\\/\\\/news.save.ch\\\/de\\\/\",\"logo\":{\"@type\":\"ImageObject\",\"inLanguage\":\"de\",\"@id\":\"https:\\\/\\\/news.save.ch\\\/de\\\/#\\\/schema\\\/logo\\\/image\\\/\",\"url\":\"https:\\\/\\\/news.save.ch\\\/wp-content\\\/uploads\\\/2022\\\/06\\\/Logo_SF_2012.png\",\"contentUrl\":\"https:\\\/\\\/news.save.ch\\\/wp-content\\\/uploads\\\/2022\\\/06\\\/Logo_SF_2012.png\",\"width\":1100,\"height\":91,\"caption\":\"Sicherheitsforum\"},\"image\":{\"@id\":\"https:\\\/\\\/news.save.ch\\\/de\\\/#\\\/schema\\\/logo\\\/image\\\/\"}},{\"@type\":\"Person\",\"@id\":\"https:\\\/\\\/news.save.ch\\\/de\\\/#\\\/schema\\\/person\\\/d49e199490bad7c70d64b9ab51142f2b\",\"name\":\"admin\",\"image\":{\"@type\":\"ImageObject\",\"inLanguage\":\"de\",\"@id\":\"https:\\\/\\\/secure.gravatar.com\\\/avatar\\\/ae2f4d718e6c49043e314ce431e7e645d646302a24a5ef5a8bc8e3f5a032e319?s=96&d=mm&r=g\",\"url\":\"https:\\\/\\\/secure.gravatar.com\\\/avatar\\\/ae2f4d718e6c49043e314ce431e7e645d646302a24a5ef5a8bc8e3f5a032e319?s=96&d=mm&r=g\",\"contentUrl\":\"https:\\\/\\\/secure.gravatar.com\\\/avatar\\\/ae2f4d718e6c49043e314ce431e7e645d646302a24a5ef5a8bc8e3f5a032e319?s=96&d=mm&r=g\",\"caption\":\"admin\"},\"sameAs\":[\"https:\\\/\\\/develop.organisator.galledia.ch\"],\"url\":\"https:\\\/\\\/news.save.ch\\\/de\\\/author\\\/admin\\\/\"}]}<\/script>\n<!-- \/ Yoast SEO plugin. -->","yoast_head_json":{"title":"Jeder F\u00fcnfte k\u00e4mpft mit Allergien: Das hilft dagegen - Safety-Plus","description":"Rund 20% der Schweizer und Schweizerinnen leiden unter Pollenallergien. Aber auch im Haus lauern Allergieausl\u00f6ser. Das k\u00f6nnen Sie dagegen tun.","robots":{"index":"index","follow":"follow","max-snippet":"max-snippet:-1","max-image-preview":"max-image-preview:large","max-video-preview":"max-video-preview:-1"},"canonical":"https:\/\/news.save.ch\/de\/jeder-fuenfte-kaempft-mit-allergien\/","og_locale":"de_DE","og_type":"article","og_title":"Jeder F\u00fcnfte k\u00e4mpft mit Allergien: Das hilft dagegen - Safety-Plus","og_description":"Rund 20% der Schweizer und Schweizerinnen leiden unter Pollenallergien. Aber auch im Haus lauern Allergieausl\u00f6ser. Das k\u00f6nnen Sie dagegen tun.","og_url":"https:\/\/news.save.ch\/de\/jeder-fuenfte-kaempft-mit-allergien\/","og_site_name":"Save","article_published_time":"2017-03-23T12:35:32+00:00","article_modified_time":"2023-03-14T08:02:58+00:00","og_image":[{"width":1200,"height":941,"url":"https:\/\/news.save.ch\/wp-content\/uploads\/2017\/03\/Depositphotos_12715988_l-2015-scaled-1.jpg","type":"image\/jpeg"}],"author":"admin","twitter_card":"summary_large_image","twitter_misc":{"Geschrieben von":"admin","Gesch\u00e4tzte Lesezeit":"2\u00a0Minuten"},"schema":{"@context":"https:\/\/schema.org","@graph":[{"@type":"Article","@id":"https:\/\/news.save.ch\/jeder-fuenfte-kaempft-mit-allergien\/#article","isPartOf":{"@id":"https:\/\/news.save.ch\/jeder-fuenfte-kaempft-mit-allergien\/"},"author":{"name":"admin","@id":"https:\/\/news.save.ch\/de\/#\/schema\/person\/d49e199490bad7c70d64b9ab51142f2b"},"headline":"Jeder F\u00fcnfte k\u00e4mpft mit Allergien","datePublished":"2017-03-23T12:35:32+00:00","dateModified":"2023-03-14T08:02:58+00:00","mainEntityOfPage":{"@id":"https:\/\/news.save.ch\/jeder-fuenfte-kaempft-mit-allergien\/"},"wordCount":497,"commentCount":0,"publisher":{"@id":"https:\/\/news.save.ch\/de\/#organization"},"image":{"@id":"https:\/\/news.save.ch\/jeder-fuenfte-kaempft-mit-allergien\/#primaryimage"},"thumbnailUrl":"https:\/\/news.save.ch\/wp-content\/uploads\/2017\/03\/Depositphotos_12715988_l-2015-scaled-1.jpg","keywords":["AHA","Allergien","Gesundheitsschutz","Milben","Pollen"],"articleSection":["HEALTH &amp; SAFETY"],"inLanguage":"de"},{"@type":"WebPage","@id":"https:\/\/news.save.ch\/jeder-fuenfte-kaempft-mit-allergien\/","url":"https:\/\/news.save.ch\/jeder-fuenfte-kaempft-mit-allergien\/","name":"Jeder F\u00fcnfte k\u00e4mpft mit Allergien: Das hilft dagegen - Safety-Plus","isPartOf":{"@id":"https:\/\/news.save.ch\/de\/#website"},"primaryImageOfPage":{"@id":"https:\/\/news.save.ch\/jeder-fuenfte-kaempft-mit-allergien\/#primaryimage"},"image":{"@id":"https:\/\/news.save.ch\/jeder-fuenfte-kaempft-mit-allergien\/#primaryimage"},"thumbnailUrl":"https:\/\/news.save.ch\/wp-content\/uploads\/2017\/03\/Depositphotos_12715988_l-2015-scaled-1.jpg","datePublished":"2017-03-23T12:35:32+00:00","dateModified":"2023-03-14T08:02:58+00:00","description":"Rund 20% der Schweizer und Schweizerinnen leiden unter Pollenallergien. Aber auch im Haus lauern Allergieausl\u00f6ser. Das k\u00f6nnen Sie dagegen tun.","breadcrumb":{"@id":"https:\/\/news.save.ch\/jeder-fuenfte-kaempft-mit-allergien\/#breadcrumb"},"inLanguage":"de","potentialAction":[{"@type":"ReadAction","target":["https:\/\/news.save.ch\/jeder-fuenfte-kaempft-mit-allergien\/"]}]},{"@type":"ImageObject","inLanguage":"de","@id":"https:\/\/news.save.ch\/jeder-fuenfte-kaempft-mit-allergien\/#primaryimage","url":"https:\/\/news.save.ch\/wp-content\/uploads\/2017\/03\/Depositphotos_12715988_l-2015-scaled-1.jpg","contentUrl":"https:\/\/news.save.ch\/wp-content\/uploads\/2017\/03\/Depositphotos_12715988_l-2015-scaled-1.jpg","width":1200,"height":941,"caption":"Birkenpollen geh\u00f6ren zu den aggressivsten Allergieausl\u00f6sern - die Bl\u00fcte steht kurz bevor."},{"@type":"BreadcrumbList","@id":"https:\/\/news.save.ch\/jeder-fuenfte-kaempft-mit-allergien\/#breadcrumb","itemListElement":[{"@type":"ListItem","position":1,"name":"Home","item":"https:\/\/news.save.ch\/de\/"},{"@type":"ListItem","position":2,"name":"Jeder F\u00fcnfte k\u00e4mpft mit Allergien"}]},{"@type":"WebSite","@id":"https:\/\/news.save.ch\/de\/#website","url":"https:\/\/news.save.ch\/de\/","name":"Save","description":"Schweizer Fachzeitschrift f\u00fcr Sicherheit","publisher":{"@id":"https:\/\/news.save.ch\/de\/#organization"},"potentialAction":[{"@type":"SearchAction","target":{"@type":"EntryPoint","urlTemplate":"https:\/\/news.save.ch\/de\/?s={search_term_string}"},"query-input":{"@type":"PropertyValueSpecification","valueRequired":true,"valueName":"search_term_string"}}],"inLanguage":"de"},{"@type":"Organization","@id":"https:\/\/news.save.ch\/de\/#organization","name":"Sicherheitsforum","url":"https:\/\/news.save.ch\/de\/","logo":{"@type":"ImageObject","inLanguage":"de","@id":"https:\/\/news.save.ch\/de\/#\/schema\/logo\/image\/","url":"https:\/\/news.save.ch\/wp-content\/uploads\/2022\/06\/Logo_SF_2012.png","contentUrl":"https:\/\/news.save.ch\/wp-content\/uploads\/2022\/06\/Logo_SF_2012.png","width":1100,"height":91,"caption":"Sicherheitsforum"},"image":{"@id":"https:\/\/news.save.ch\/de\/#\/schema\/logo\/image\/"}},{"@type":"Person","@id":"https:\/\/news.save.ch\/de\/#\/schema\/person\/d49e199490bad7c70d64b9ab51142f2b","name":"admin","image":{"@type":"ImageObject","inLanguage":"de","@id":"https:\/\/secure.gravatar.com\/avatar\/ae2f4d718e6c49043e314ce431e7e645d646302a24a5ef5a8bc8e3f5a032e319?s=96&d=mm&r=g","url":"https:\/\/secure.gravatar.com\/avatar\/ae2f4d718e6c49043e314ce431e7e645d646302a24a5ef5a8bc8e3f5a032e319?s=96&d=mm&r=g","contentUrl":"https:\/\/secure.gravatar.com\/avatar\/ae2f4d718e6c49043e314ce431e7e645d646302a24a5ef5a8bc8e3f5a032e319?s=96&d=mm&r=g","caption":"admin"},"sameAs":["https:\/\/develop.organisator.galledia.ch"],"url":"https:\/\/news.save.ch\/de\/author\/admin\/"}]}},"_links":{"self":[{"href":"https:\/\/news.save.ch\/de\/wp-json\/wp\/v2\/posts\/1913","targetHints":{"allow":["GET"]}}],"collection":[{"href":"https:\/\/news.save.ch\/de\/wp-json\/wp\/v2\/posts"}],"about":[{"href":"https:\/\/news.save.ch\/de\/wp-json\/wp\/v2\/types\/post"}],"author":[{"embeddable":true,"href":"https:\/\/news.save.ch\/de\/wp-json\/wp\/v2\/users\/1"}],"replies":[{"embeddable":true,"href":"https:\/\/news.save.ch\/de\/wp-json\/wp\/v2\/comments?post=1913"}],"version-history":[{"count":1,"href":"https:\/\/news.save.ch\/de\/wp-json\/wp\/v2\/posts\/1913\/revisions"}],"predecessor-version":[{"id":18792,"href":"https:\/\/news.save.ch\/de\/wp-json\/wp\/v2\/posts\/1913\/revisions\/18792"}],"wp:featuredmedia":[{"embeddable":true,"href":"https:\/\/news.save.ch\/de\/wp-json\/wp\/v2\/media\/16184"}],"wp:attachment":[{"href":"https:\/\/news.save.ch\/de\/wp-json\/wp\/v2\/media?parent=1913"}],"wp:term":[{"taxonomy":"category","embeddable":true,"href":"https:\/\/news.save.ch\/de\/wp-json\/wp\/v2\/categories?post=1913"},{"taxonomy":"post_tag","embeddable":true,"href":"https:\/\/news.save.ch\/de\/wp-json\/wp\/v2\/tags?post=1913"}],"curies":[{"name":"wp","href":"https:\/\/api.w.org\/{rel}","templated":true}]}}