{"id":19143,"date":"2023-03-20T07:44:40","date_gmt":"2023-03-20T06:44:40","guid":{"rendered":"https:\/\/news.save.ch\/?p=19143"},"modified":"2023-03-21T11:55:26","modified_gmt":"2023-03-21T10:55:26","slug":"zwei-drittel-sorgen-sich-um-ihre-web-accounts","status":null,"type":"post","link":"https:\/\/news.save.ch\/de\/zwei-drittel-sorgen-sich-um-ihre-web-accounts\/","title":{"rendered":"Zwei Drittel sorgen sich um ihre Web-Accounts"},"content":{"rendered":"<figure id=\"attachment_19144\" aria-describedby=\"caption-attachment-19144\" style=\"width: 1000px\" class=\"wp-caption alignnone\"><img loading=\"lazy\" decoding=\"async\" class=\"size-full wp-image-19144\" src=\"https:\/\/news.save.ch\/wp-content\/uploads\/2023\/03\/Depositphotos_250506186_S.jpg\" alt=\"Person, abgebildet als typischer &quot;Hacker&quot; - Hoodie der das Gesicht verdeckt. Im Hintergrund befindet sich eine gr\u00fcn-schwarze Wand an welcher einsen und nullen herunterrieseln.\" width=\"1000\" height=\"625\" srcset=\"https:\/\/news.save.ch\/wp-content\/uploads\/2023\/03\/Depositphotos_250506186_S.jpg 1000w, https:\/\/news.save.ch\/wp-content\/uploads\/2023\/03\/Depositphotos_250506186_S-680x425.jpg 680w, https:\/\/news.save.ch\/wp-content\/uploads\/2023\/03\/Depositphotos_250506186_S-768x480.jpg 768w, https:\/\/news.save.ch\/wp-content\/uploads\/2023\/03\/Depositphotos_250506186_S-18x12.jpg 18w, https:\/\/news.save.ch\/wp-content\/uploads\/2023\/03\/Depositphotos_250506186_S-375x234.jpg 375w, https:\/\/news.save.ch\/wp-content\/uploads\/2023\/03\/Depositphotos_250506186_S-560x350.jpg 560w\" sizes=\"auto, (max-width: 1000px) 100vw, 1000px\" \/><figcaption id=\"caption-attachment-19144\" class=\"wp-caption-text\">Bild: depositphotos<\/figcaption><\/figure>\n<p>Zwei Drittel der Internetnutzer in Deutschland f\u00fcrchten sich vor einer illegalen Nutzung ihrer Passw\u00f6rter und Onlinekonten. 46 Prozent machen sich zudem Sorgen vor Betrug beim Online-Banking und 34 Prozent vor Betrug beim Online-Einkauf, wie eine Umfrage des deutschen Digitalverbands Bitkom unter 1014 Internetnutzern ab 16 Jahren zeigt.<\/p>\n<h3>Freie Fahrt f\u00fcr Spionage<\/h3>\n<p>Fast zwei Drittel w\u00fcrden es eigenen Angaben nach nicht bemerken, wenn Fremde ihren Computer oder ihr Smartphone \u00fcber das Internet ausspionierten. \u00abVerbraucher m\u00fcssen sich sicher in der digitalen Welt bewegen k\u00f6nnen\u00bb, sagt Susanne Dehmel aus der Bitkom-Gesch\u00e4ftsleitung anl\u00e4sslich des \u00abWeltverbrauchertages\u00bb von Mitte M\u00e4rz.<\/p>\n<p>Nur 41 Prozent glauben, dass sie in der Lage sind, Ger\u00e4te wie Computer und Handy ausreichend vor Attacken durch Cyber-Gangster zu sch\u00fctzen. Dabei liegt der Anteil unter den 16- bis 29-J\u00e4hrigen bei 46 Prozent, unter den 30- bis 49-J\u00e4hrigen bei 47 Prozent. Dagegen sind es bei den 50- bis 64-J\u00e4hrigen 40 Prozent und bei den \u00c4lteren ab 65 nur 31 Prozent.<\/p>\n<p><a href=\"https:\/\/www.pressetext.com\/news\/zwei-drittel-sorgen-sich-um-ihre-web-accounts.html\" target=\"_blank\" rel=\"noopener\">Quelle: Pressetext<\/a><\/p>\n","protected":false},"excerpt":{"rendered":"<p>Zwei Drittel der Internetnutzer in Deutschland f\u00fcrchten sich vor einer illegalen Nutzung ihrer Passw\u00f6rter und Onlinekonten. 46 Prozent machen sich zudem Sorgen vor Betrug beim Online-Banking und 34 Prozent vor Betrug beim Online-Einkauf, wie eine Umfrage des deutschen Digitalverbands Bitkom unter 1014 Internetnutzern ab 16 Jahren zeigt. Freie Fahrt f\u00fcr Spionage Fast zwei Drittel w\u00fcrden [&hellip;]<\/p>\n","protected":false},"author":1,"featured_media":19144,"comment_status":"closed","ping_status":"closed","sticky":false,"template":"","format":"standard","meta":{"_acf_changed":false,"pgc_sgb_lightbox_settings":"","footnotes":""},"categories":[3313],"tags":[3321,3322,1109],"class_list":["post-19143","post","type-post","status-publish","format-standard","has-post-thumbnail","hentry","category-digitalisierung","tag-bitkom","tag-internet","tag-security"],"acf":[],"hkrextid":null,"publication":null,"issue":null,"workflow":null,"startPage":null,"spitzmarke":null,"_posts_by_tag_page_fields":null,"_at_widget":null,"_yoast_wpseo_primary_category":"3313","_yoast_wpseo_focuskw_text_input":null,"_yoast_wpseo_opengraph-image":null,"_yoast_wpseo_opengraph-description":null,"_yoast_wpseo_opengraph-title":null,"enclosure":null,"_yoast_wpseo_twitter-title":null,"_yoast_wpseo_twitter-description":null,"_yoast_wpseo_twitter-image":null,"_wp_old_slug":null,"_yoast_wpseo_title":null,"_yoast_wpseo_canonical":null,"yoast_head":"<!-- This site is optimized with the Yoast SEO plugin v27.4 - https:\/\/yoast.com\/product\/yoast-seo-wordpress\/ -->\n<title>Zwei Drittel sorgen sich um ihre Web-Accounts - Save<\/title>\n<meta name=\"description\" content=\"Laut einer Studie des deutschen Branchenverbands Bitkom f\u00fcrchten sich aktuell viele User vor Identit\u00e4tsdiebstahl, Hacking und Onlinebetrug.\u00a0\" \/>\n<meta name=\"robots\" content=\"index, follow, max-snippet:-1, max-image-preview:large, max-video-preview:-1\" \/>\n<link rel=\"canonical\" href=\"https:\/\/news.save.ch\/de\/zwei-drittel-sorgen-sich-um-ihre-web-accounts\/\" \/>\n<meta property=\"og:locale\" content=\"de_DE\" \/>\n<meta property=\"og:type\" content=\"article\" \/>\n<meta property=\"og:title\" content=\"Zwei Drittel sorgen sich um ihre Web-Accounts - Save\" \/>\n<meta property=\"og:description\" content=\"Laut einer Studie des deutschen Branchenverbands Bitkom f\u00fcrchten sich aktuell viele User vor Identit\u00e4tsdiebstahl, Hacking und Onlinebetrug.\u00a0\" \/>\n<meta property=\"og:url\" content=\"https:\/\/news.save.ch\/de\/zwei-drittel-sorgen-sich-um-ihre-web-accounts\/\" \/>\n<meta property=\"og:site_name\" content=\"Save\" \/>\n<meta property=\"article:published_time\" content=\"2023-03-20T06:44:40+00:00\" \/>\n<meta property=\"article:modified_time\" content=\"2023-03-21T10:55:26+00:00\" \/>\n<meta property=\"og:image\" content=\"https:\/\/news.save.ch\/wp-content\/uploads\/2023\/03\/Depositphotos_250506186_S.jpg\" \/>\n\t<meta property=\"og:image:width\" content=\"1000\" \/>\n\t<meta property=\"og:image:height\" content=\"625\" \/>\n\t<meta property=\"og:image:type\" content=\"image\/jpeg\" \/>\n<meta name=\"author\" content=\"admin\" \/>\n<meta name=\"twitter:card\" content=\"summary_large_image\" \/>\n<meta name=\"twitter:label1\" content=\"Geschrieben von\" \/>\n\t<meta name=\"twitter:data1\" content=\"admin\" \/>\n\t<meta name=\"twitter:label2\" content=\"Gesch\u00e4tzte Lesezeit\" \/>\n\t<meta name=\"twitter:data2\" content=\"2\u00a0Minuten\" \/>\n<script type=\"application\/ld+json\" class=\"yoast-schema-graph\">{\"@context\":\"https:\\\/\\\/schema.org\",\"@graph\":[{\"@type\":\"Article\",\"@id\":\"https:\\\/\\\/news.save.ch\\\/zwei-drittel-sorgen-sich-um-ihre-web-accounts\\\/#article\",\"isPartOf\":{\"@id\":\"https:\\\/\\\/news.save.ch\\\/zwei-drittel-sorgen-sich-um-ihre-web-accounts\\\/\"},\"author\":{\"name\":\"admin\",\"@id\":\"https:\\\/\\\/news.save.ch\\\/de\\\/#\\\/schema\\\/person\\\/d49e199490bad7c70d64b9ab51142f2b\"},\"headline\":\"Zwei Drittel sorgen sich um ihre Web-Accounts\",\"datePublished\":\"2023-03-20T06:44:40+00:00\",\"dateModified\":\"2023-03-21T10:55:26+00:00\",\"mainEntityOfPage\":{\"@id\":\"https:\\\/\\\/news.save.ch\\\/zwei-drittel-sorgen-sich-um-ihre-web-accounts\\\/\"},\"wordCount\":177,\"publisher\":{\"@id\":\"https:\\\/\\\/news.save.ch\\\/de\\\/#organization\"},\"image\":{\"@id\":\"https:\\\/\\\/news.save.ch\\\/zwei-drittel-sorgen-sich-um-ihre-web-accounts\\\/#primaryimage\"},\"thumbnailUrl\":\"https:\\\/\\\/news.save.ch\\\/wp-content\\\/uploads\\\/2023\\\/03\\\/Depositphotos_250506186_S.jpg\",\"keywords\":[\"Bitkom\",\"Internet\",\"Security\"],\"articleSection\":[\"DIGITALISIERUNG\"],\"inLanguage\":\"de\"},{\"@type\":\"WebPage\",\"@id\":\"https:\\\/\\\/news.save.ch\\\/zwei-drittel-sorgen-sich-um-ihre-web-accounts\\\/\",\"url\":\"https:\\\/\\\/news.save.ch\\\/zwei-drittel-sorgen-sich-um-ihre-web-accounts\\\/\",\"name\":\"Zwei Drittel sorgen sich um ihre Web-Accounts - Save\",\"isPartOf\":{\"@id\":\"https:\\\/\\\/news.save.ch\\\/de\\\/#website\"},\"primaryImageOfPage\":{\"@id\":\"https:\\\/\\\/news.save.ch\\\/zwei-drittel-sorgen-sich-um-ihre-web-accounts\\\/#primaryimage\"},\"image\":{\"@id\":\"https:\\\/\\\/news.save.ch\\\/zwei-drittel-sorgen-sich-um-ihre-web-accounts\\\/#primaryimage\"},\"thumbnailUrl\":\"https:\\\/\\\/news.save.ch\\\/wp-content\\\/uploads\\\/2023\\\/03\\\/Depositphotos_250506186_S.jpg\",\"datePublished\":\"2023-03-20T06:44:40+00:00\",\"dateModified\":\"2023-03-21T10:55:26+00:00\",\"description\":\"Laut einer Studie des deutschen Branchenverbands Bitkom f\u00fcrchten sich aktuell viele User vor Identit\u00e4tsdiebstahl, Hacking und Onlinebetrug.\u00a0\",\"breadcrumb\":{\"@id\":\"https:\\\/\\\/news.save.ch\\\/zwei-drittel-sorgen-sich-um-ihre-web-accounts\\\/#breadcrumb\"},\"inLanguage\":\"de\",\"potentialAction\":[{\"@type\":\"ReadAction\",\"target\":[\"https:\\\/\\\/news.save.ch\\\/zwei-drittel-sorgen-sich-um-ihre-web-accounts\\\/\"]}]},{\"@type\":\"ImageObject\",\"inLanguage\":\"de\",\"@id\":\"https:\\\/\\\/news.save.ch\\\/zwei-drittel-sorgen-sich-um-ihre-web-accounts\\\/#primaryimage\",\"url\":\"https:\\\/\\\/news.save.ch\\\/wp-content\\\/uploads\\\/2023\\\/03\\\/Depositphotos_250506186_S.jpg\",\"contentUrl\":\"https:\\\/\\\/news.save.ch\\\/wp-content\\\/uploads\\\/2023\\\/03\\\/Depositphotos_250506186_S.jpg\",\"width\":1000,\"height\":625,\"caption\":\"Bild: depositphotos\"},{\"@type\":\"BreadcrumbList\",\"@id\":\"https:\\\/\\\/news.save.ch\\\/zwei-drittel-sorgen-sich-um-ihre-web-accounts\\\/#breadcrumb\",\"itemListElement\":[{\"@type\":\"ListItem\",\"position\":1,\"name\":\"Home\",\"item\":\"https:\\\/\\\/news.save.ch\\\/de\\\/\"},{\"@type\":\"ListItem\",\"position\":2,\"name\":\"Zwei Drittel sorgen sich um ihre Web-Accounts\"}]},{\"@type\":\"WebSite\",\"@id\":\"https:\\\/\\\/news.save.ch\\\/de\\\/#website\",\"url\":\"https:\\\/\\\/news.save.ch\\\/de\\\/\",\"name\":\"Save\",\"description\":\"Schweizer Fachzeitschrift f\u00fcr Sicherheit\",\"publisher\":{\"@id\":\"https:\\\/\\\/news.save.ch\\\/de\\\/#organization\"},\"potentialAction\":[{\"@type\":\"SearchAction\",\"target\":{\"@type\":\"EntryPoint\",\"urlTemplate\":\"https:\\\/\\\/news.save.ch\\\/de\\\/?s={search_term_string}\"},\"query-input\":{\"@type\":\"PropertyValueSpecification\",\"valueRequired\":true,\"valueName\":\"search_term_string\"}}],\"inLanguage\":\"de\"},{\"@type\":\"Organization\",\"@id\":\"https:\\\/\\\/news.save.ch\\\/de\\\/#organization\",\"name\":\"Sicherheitsforum\",\"url\":\"https:\\\/\\\/news.save.ch\\\/de\\\/\",\"logo\":{\"@type\":\"ImageObject\",\"inLanguage\":\"de\",\"@id\":\"https:\\\/\\\/news.save.ch\\\/de\\\/#\\\/schema\\\/logo\\\/image\\\/\",\"url\":\"https:\\\/\\\/news.save.ch\\\/wp-content\\\/uploads\\\/2022\\\/06\\\/Logo_SF_2012.png\",\"contentUrl\":\"https:\\\/\\\/news.save.ch\\\/wp-content\\\/uploads\\\/2022\\\/06\\\/Logo_SF_2012.png\",\"width\":1100,\"height\":91,\"caption\":\"Sicherheitsforum\"},\"image\":{\"@id\":\"https:\\\/\\\/news.save.ch\\\/de\\\/#\\\/schema\\\/logo\\\/image\\\/\"}},{\"@type\":\"Person\",\"@id\":\"https:\\\/\\\/news.save.ch\\\/de\\\/#\\\/schema\\\/person\\\/d49e199490bad7c70d64b9ab51142f2b\",\"name\":\"admin\",\"image\":{\"@type\":\"ImageObject\",\"inLanguage\":\"de\",\"@id\":\"https:\\\/\\\/secure.gravatar.com\\\/avatar\\\/ae2f4d718e6c49043e314ce431e7e645d646302a24a5ef5a8bc8e3f5a032e319?s=96&d=mm&r=g\",\"url\":\"https:\\\/\\\/secure.gravatar.com\\\/avatar\\\/ae2f4d718e6c49043e314ce431e7e645d646302a24a5ef5a8bc8e3f5a032e319?s=96&d=mm&r=g\",\"contentUrl\":\"https:\\\/\\\/secure.gravatar.com\\\/avatar\\\/ae2f4d718e6c49043e314ce431e7e645d646302a24a5ef5a8bc8e3f5a032e319?s=96&d=mm&r=g\",\"caption\":\"admin\"},\"sameAs\":[\"https:\\\/\\\/develop.organisator.galledia.ch\"],\"url\":\"https:\\\/\\\/news.save.ch\\\/de\\\/author\\\/admin\\\/\"}]}<\/script>\n<!-- \/ Yoast SEO plugin. -->","yoast_head_json":{"title":"Zwei Drittel sorgen sich um ihre Web-Accounts - Save","description":"Laut einer Studie des deutschen Branchenverbands Bitkom f\u00fcrchten sich aktuell viele User vor Identit\u00e4tsdiebstahl, Hacking und Onlinebetrug.\u00a0","robots":{"index":"index","follow":"follow","max-snippet":"max-snippet:-1","max-image-preview":"max-image-preview:large","max-video-preview":"max-video-preview:-1"},"canonical":"https:\/\/news.save.ch\/de\/zwei-drittel-sorgen-sich-um-ihre-web-accounts\/","og_locale":"de_DE","og_type":"article","og_title":"Zwei Drittel sorgen sich um ihre Web-Accounts - Save","og_description":"Laut einer Studie des deutschen Branchenverbands Bitkom f\u00fcrchten sich aktuell viele User vor Identit\u00e4tsdiebstahl, Hacking und Onlinebetrug.\u00a0","og_url":"https:\/\/news.save.ch\/de\/zwei-drittel-sorgen-sich-um-ihre-web-accounts\/","og_site_name":"Save","article_published_time":"2023-03-20T06:44:40+00:00","article_modified_time":"2023-03-21T10:55:26+00:00","og_image":[{"width":1000,"height":625,"url":"https:\/\/news.save.ch\/wp-content\/uploads\/2023\/03\/Depositphotos_250506186_S.jpg","type":"image\/jpeg"}],"author":"admin","twitter_card":"summary_large_image","twitter_misc":{"Geschrieben von":"admin","Gesch\u00e4tzte Lesezeit":"2\u00a0Minuten"},"schema":{"@context":"https:\/\/schema.org","@graph":[{"@type":"Article","@id":"https:\/\/news.save.ch\/zwei-drittel-sorgen-sich-um-ihre-web-accounts\/#article","isPartOf":{"@id":"https:\/\/news.save.ch\/zwei-drittel-sorgen-sich-um-ihre-web-accounts\/"},"author":{"name":"admin","@id":"https:\/\/news.save.ch\/de\/#\/schema\/person\/d49e199490bad7c70d64b9ab51142f2b"},"headline":"Zwei Drittel sorgen sich um ihre Web-Accounts","datePublished":"2023-03-20T06:44:40+00:00","dateModified":"2023-03-21T10:55:26+00:00","mainEntityOfPage":{"@id":"https:\/\/news.save.ch\/zwei-drittel-sorgen-sich-um-ihre-web-accounts\/"},"wordCount":177,"publisher":{"@id":"https:\/\/news.save.ch\/de\/#organization"},"image":{"@id":"https:\/\/news.save.ch\/zwei-drittel-sorgen-sich-um-ihre-web-accounts\/#primaryimage"},"thumbnailUrl":"https:\/\/news.save.ch\/wp-content\/uploads\/2023\/03\/Depositphotos_250506186_S.jpg","keywords":["Bitkom","Internet","Security"],"articleSection":["DIGITALISIERUNG"],"inLanguage":"de"},{"@type":"WebPage","@id":"https:\/\/news.save.ch\/zwei-drittel-sorgen-sich-um-ihre-web-accounts\/","url":"https:\/\/news.save.ch\/zwei-drittel-sorgen-sich-um-ihre-web-accounts\/","name":"Zwei Drittel sorgen sich um ihre Web-Accounts - Save","isPartOf":{"@id":"https:\/\/news.save.ch\/de\/#website"},"primaryImageOfPage":{"@id":"https:\/\/news.save.ch\/zwei-drittel-sorgen-sich-um-ihre-web-accounts\/#primaryimage"},"image":{"@id":"https:\/\/news.save.ch\/zwei-drittel-sorgen-sich-um-ihre-web-accounts\/#primaryimage"},"thumbnailUrl":"https:\/\/news.save.ch\/wp-content\/uploads\/2023\/03\/Depositphotos_250506186_S.jpg","datePublished":"2023-03-20T06:44:40+00:00","dateModified":"2023-03-21T10:55:26+00:00","description":"Laut einer Studie des deutschen Branchenverbands Bitkom f\u00fcrchten sich aktuell viele User vor Identit\u00e4tsdiebstahl, Hacking und Onlinebetrug.\u00a0","breadcrumb":{"@id":"https:\/\/news.save.ch\/zwei-drittel-sorgen-sich-um-ihre-web-accounts\/#breadcrumb"},"inLanguage":"de","potentialAction":[{"@type":"ReadAction","target":["https:\/\/news.save.ch\/zwei-drittel-sorgen-sich-um-ihre-web-accounts\/"]}]},{"@type":"ImageObject","inLanguage":"de","@id":"https:\/\/news.save.ch\/zwei-drittel-sorgen-sich-um-ihre-web-accounts\/#primaryimage","url":"https:\/\/news.save.ch\/wp-content\/uploads\/2023\/03\/Depositphotos_250506186_S.jpg","contentUrl":"https:\/\/news.save.ch\/wp-content\/uploads\/2023\/03\/Depositphotos_250506186_S.jpg","width":1000,"height":625,"caption":"Bild: depositphotos"},{"@type":"BreadcrumbList","@id":"https:\/\/news.save.ch\/zwei-drittel-sorgen-sich-um-ihre-web-accounts\/#breadcrumb","itemListElement":[{"@type":"ListItem","position":1,"name":"Home","item":"https:\/\/news.save.ch\/de\/"},{"@type":"ListItem","position":2,"name":"Zwei Drittel sorgen sich um ihre Web-Accounts"}]},{"@type":"WebSite","@id":"https:\/\/news.save.ch\/de\/#website","url":"https:\/\/news.save.ch\/de\/","name":"Save","description":"Schweizer Fachzeitschrift f\u00fcr Sicherheit","publisher":{"@id":"https:\/\/news.save.ch\/de\/#organization"},"potentialAction":[{"@type":"SearchAction","target":{"@type":"EntryPoint","urlTemplate":"https:\/\/news.save.ch\/de\/?s={search_term_string}"},"query-input":{"@type":"PropertyValueSpecification","valueRequired":true,"valueName":"search_term_string"}}],"inLanguage":"de"},{"@type":"Organization","@id":"https:\/\/news.save.ch\/de\/#organization","name":"Sicherheitsforum","url":"https:\/\/news.save.ch\/de\/","logo":{"@type":"ImageObject","inLanguage":"de","@id":"https:\/\/news.save.ch\/de\/#\/schema\/logo\/image\/","url":"https:\/\/news.save.ch\/wp-content\/uploads\/2022\/06\/Logo_SF_2012.png","contentUrl":"https:\/\/news.save.ch\/wp-content\/uploads\/2022\/06\/Logo_SF_2012.png","width":1100,"height":91,"caption":"Sicherheitsforum"},"image":{"@id":"https:\/\/news.save.ch\/de\/#\/schema\/logo\/image\/"}},{"@type":"Person","@id":"https:\/\/news.save.ch\/de\/#\/schema\/person\/d49e199490bad7c70d64b9ab51142f2b","name":"admin","image":{"@type":"ImageObject","inLanguage":"de","@id":"https:\/\/secure.gravatar.com\/avatar\/ae2f4d718e6c49043e314ce431e7e645d646302a24a5ef5a8bc8e3f5a032e319?s=96&d=mm&r=g","url":"https:\/\/secure.gravatar.com\/avatar\/ae2f4d718e6c49043e314ce431e7e645d646302a24a5ef5a8bc8e3f5a032e319?s=96&d=mm&r=g","contentUrl":"https:\/\/secure.gravatar.com\/avatar\/ae2f4d718e6c49043e314ce431e7e645d646302a24a5ef5a8bc8e3f5a032e319?s=96&d=mm&r=g","caption":"admin"},"sameAs":["https:\/\/develop.organisator.galledia.ch"],"url":"https:\/\/news.save.ch\/de\/author\/admin\/"}]}},"_links":{"self":[{"href":"https:\/\/news.save.ch\/de\/wp-json\/wp\/v2\/posts\/19143","targetHints":{"allow":["GET"]}}],"collection":[{"href":"https:\/\/news.save.ch\/de\/wp-json\/wp\/v2\/posts"}],"about":[{"href":"https:\/\/news.save.ch\/de\/wp-json\/wp\/v2\/types\/post"}],"author":[{"embeddable":true,"href":"https:\/\/news.save.ch\/de\/wp-json\/wp\/v2\/users\/1"}],"replies":[{"embeddable":true,"href":"https:\/\/news.save.ch\/de\/wp-json\/wp\/v2\/comments?post=19143"}],"version-history":[{"count":2,"href":"https:\/\/news.save.ch\/de\/wp-json\/wp\/v2\/posts\/19143\/revisions"}],"predecessor-version":[{"id":19147,"href":"https:\/\/news.save.ch\/de\/wp-json\/wp\/v2\/posts\/19143\/revisions\/19147"}],"wp:featuredmedia":[{"embeddable":true,"href":"https:\/\/news.save.ch\/de\/wp-json\/wp\/v2\/media\/19144"}],"wp:attachment":[{"href":"https:\/\/news.save.ch\/de\/wp-json\/wp\/v2\/media?parent=19143"}],"wp:term":[{"taxonomy":"category","embeddable":true,"href":"https:\/\/news.save.ch\/de\/wp-json\/wp\/v2\/categories?post=19143"},{"taxonomy":"post_tag","embeddable":true,"href":"https:\/\/news.save.ch\/de\/wp-json\/wp\/v2\/tags?post=19143"}],"curies":[{"name":"wp","href":"https:\/\/api.w.org\/{rel}","templated":true}]}}