{"id":19252,"date":"2023-04-04T16:24:42","date_gmt":"2023-04-04T14:24:42","guid":{"rendered":"https:\/\/news.save.ch\/?p=19252"},"modified":"2023-05-31T14:07:41","modified_gmt":"2023-05-31T12:07:41","slug":"vbs-definiert-neue-sicherheits-strategie","status":null,"type":"post","link":"https:\/\/news.save.ch\/de\/vbs-definiert-neue-sicherheits-strategie\/","title":{"rendered":"VBS definiert neue Sicherheits-Strategie"},"content":{"rendered":"<figure id=\"attachment_19256\" aria-describedby=\"caption-attachment-19256\" style=\"width: 680px\" class=\"wp-caption alignnone\"><img loading=\"lazy\" decoding=\"async\" class=\"wp-image-19256 size-medium\" src=\"https:\/\/news.save.ch\/wp-content\/uploads\/2023\/04\/Depositphotos_319525514_S-680x502.jpg\" alt=\"VBS definiert neue Strategie\" width=\"680\" height=\"502\" srcset=\"https:\/\/news.save.ch\/wp-content\/uploads\/2023\/04\/Depositphotos_319525514_S-680x502.jpg 680w, https:\/\/news.save.ch\/wp-content\/uploads\/2023\/04\/Depositphotos_319525514_S-768x567.jpg 768w, https:\/\/news.save.ch\/wp-content\/uploads\/2023\/04\/Depositphotos_319525514_S-16x12.jpg 16w, https:\/\/news.save.ch\/wp-content\/uploads\/2023\/04\/Depositphotos_319525514_S-375x277.jpg 375w, https:\/\/news.save.ch\/wp-content\/uploads\/2023\/04\/Depositphotos_319525514_S-474x350.jpg 474w, https:\/\/news.save.ch\/wp-content\/uploads\/2023\/04\/Depositphotos_319525514_S.jpg 1000w\" sizes=\"auto, (max-width: 680px) 100vw, 680px\" \/><figcaption id=\"caption-attachment-19256\" class=\"wp-caption-text\">Bild: depositphotos<\/figcaption><\/figure>\n<p>Beim Eidg. Departement f\u00fcr Verteidigung, Bev\u00f6lkerungsschutz und Sport (VBS) steht eine neue Vision und Strategie des Departements auf der Agenda.<\/p>\n<p>Die Strategie besteht im Wesentlichen aus den f\u00fcnf Handlungsfeldern Sicherheit und Schutz, Resilienz, Leistungsf\u00e4higkeit, Digitale Transformation sowie Personen und Leadership mit jeweils drei strategischen Initiativen. Das VBS wolle sich in den letzten Jahren an diesen Grundpfeilern orientieren.<\/p>\n<p>Mit der Umsetzung begonnen hat der Bund im Jahr 2023. Die Projekte und Massnahmen sollen nun amts\u00fcbergreifend vorangetrieben werden, wie es in einer Mitteilung heisst.<\/p>\n<p><iframe loading=\"lazy\" title=\"Das VBS \u2013 Sicherheit f\u00fcr die Schweiz\" width=\"768\" height=\"432\" src=\"https:\/\/www.youtube.com\/embed\/tN71JbQloXw?feature=oembed\" frameborder=\"0\" allow=\"accelerometer; autoplay; clipboard-write; encrypted-media; gyroscope; picture-in-picture; web-share\" allowfullscreen><\/iframe><\/p>\n<p>Ein eigener Videoclip soll die neue Vision und Strategie des VBS veranschaulichen. Das neue Leitbild lautet: \u00abDie Schweiz lebt von ihrer Sicherheit. Und das VBS f\u00fcr die Sicherheit der Schweiz. Das VBS \u2013 Sicherheit f\u00fcr die Schweiz\u00bb.<\/p>\n","protected":false},"excerpt":{"rendered":"<p>Beim Eidg. Departement f\u00fcr Verteidigung, Bev\u00f6lkerungsschutz und Sport (VBS) steht eine neue Vision und Strategie des Departements auf der Agenda. Die Strategie besteht im Wesentlichen aus den f\u00fcnf Handlungsfeldern Sicherheit und Schutz, Resilienz, Leistungsf\u00e4higkeit, Digitale Transformation sowie Personen und Leadership mit jeweils drei strategischen Initiativen. Das VBS wolle sich in den letzten Jahren an diesen [&hellip;]<\/p>\n","protected":false},"author":9,"featured_media":0,"comment_status":"closed","ping_status":"closed","sticky":false,"template":"","format":"standard","meta":{"_acf_changed":false,"pgc_sgb_lightbox_settings":"","footnotes":""},"categories":[1],"tags":[3390,1181,922,3389],"class_list":["post-19252","post","type-post","status-publish","format-standard","hentry","category-allgemein","tag-sicherheitsstrategie","tag-strategie","tag-vbs","tag-vision"],"acf":[],"hkrextid":null,"publication":null,"issue":null,"workflow":null,"startPage":null,"spitzmarke":null,"_posts_by_tag_page_fields":null,"_at_widget":null,"_yoast_wpseo_primary_category":"1","_yoast_wpseo_focuskw_text_input":null,"_yoast_wpseo_opengraph-image":null,"_yoast_wpseo_opengraph-description":null,"_yoast_wpseo_opengraph-title":null,"enclosure":null,"_yoast_wpseo_twitter-title":null,"_yoast_wpseo_twitter-description":null,"_yoast_wpseo_twitter-image":null,"_wp_old_slug":null,"_yoast_wpseo_title":null,"_yoast_wpseo_canonical":null,"yoast_head":"<!-- This site is optimized with the Yoast SEO plugin v27.5 - https:\/\/yoast.com\/product\/yoast-seo-wordpress\/ -->\n<title>VBS definiert neue Sicherheits-Strategie - Save<\/title>\n<meta name=\"description\" content=\"Das Departement f\u00fcr Verteidigung, Bev\u00f6lkerungsschutz und Sport (VBS) hat seine neue Vision und Strategie f\u00fcr sein Departement erarbeitet.\" \/>\n<meta name=\"robots\" content=\"index, follow, max-snippet:-1, max-image-preview:large, max-video-preview:-1\" \/>\n<link rel=\"canonical\" href=\"https:\/\/news.save.ch\/de\/vbs-definiert-neue-sicherheits-strategie\/\" \/>\n<meta property=\"og:locale\" content=\"de_DE\" \/>\n<meta property=\"og:type\" content=\"article\" \/>\n<meta property=\"og:title\" content=\"VBS definiert neue Sicherheits-Strategie - Save\" \/>\n<meta property=\"og:description\" content=\"Das Departement f\u00fcr Verteidigung, Bev\u00f6lkerungsschutz und Sport (VBS) hat seine neue Vision und Strategie f\u00fcr sein Departement erarbeitet.\" \/>\n<meta property=\"og:url\" content=\"https:\/\/news.save.ch\/de\/vbs-definiert-neue-sicherheits-strategie\/\" \/>\n<meta property=\"og:site_name\" content=\"Save\" \/>\n<meta property=\"article:published_time\" content=\"2023-04-04T14:24:42+00:00\" \/>\n<meta property=\"article:modified_time\" content=\"2023-05-31T12:07:41+00:00\" \/>\n<meta property=\"og:image\" content=\"https:\/\/news.save.ch\/wp-content\/uploads\/2023\/04\/Depositphotos_319525514_S-680x502.jpg\" \/>\n<meta name=\"author\" content=\"Simon Gr\u00f6flin\" \/>\n<meta name=\"twitter:card\" content=\"summary_large_image\" \/>\n<meta name=\"twitter:label1\" content=\"Geschrieben von\" \/>\n\t<meta name=\"twitter:data1\" content=\"Simon Gr\u00f6flin\" \/>\n\t<meta name=\"twitter:label2\" content=\"Gesch\u00e4tzte Lesezeit\" \/>\n\t<meta name=\"twitter:data2\" content=\"1\u00a0Minute\" \/>\n<script type=\"application\/ld+json\" class=\"yoast-schema-graph\">{\"@context\":\"https:\\\/\\\/schema.org\",\"@graph\":[{\"@type\":\"Article\",\"@id\":\"https:\\\/\\\/news.save.ch\\\/vbs-definiert-neue-sicherheits-strategie\\\/#article\",\"isPartOf\":{\"@id\":\"https:\\\/\\\/news.save.ch\\\/vbs-definiert-neue-sicherheits-strategie\\\/\"},\"author\":{\"name\":\"Simon Gr\u00f6flin\",\"@id\":\"https:\\\/\\\/news.save.ch\\\/de\\\/#\\\/schema\\\/person\\\/ad4ef21102fd6125312409ac57d5296d\"},\"headline\":\"VBS definiert neue Sicherheits-Strategie\",\"datePublished\":\"2023-04-04T14:24:42+00:00\",\"dateModified\":\"2023-05-31T12:07:41+00:00\",\"mainEntityOfPage\":{\"@id\":\"https:\\\/\\\/news.save.ch\\\/vbs-definiert-neue-sicherheits-strategie\\\/\"},\"wordCount\":147,\"publisher\":{\"@id\":\"https:\\\/\\\/news.save.ch\\\/de\\\/#organization\"},\"image\":{\"@id\":\"https:\\\/\\\/news.save.ch\\\/vbs-definiert-neue-sicherheits-strategie\\\/#primaryimage\"},\"thumbnailUrl\":\"https:\\\/\\\/news.save.ch\\\/wp-content\\\/uploads\\\/2023\\\/04\\\/Depositphotos_319525514_S-680x502.jpg\",\"keywords\":[\"Sicherheitsstrategie\",\"Strategie\",\"VBS\",\"Vision\"],\"articleSection\":[\"ALLGEMEIN\"],\"inLanguage\":\"de\"},{\"@type\":\"WebPage\",\"@id\":\"https:\\\/\\\/news.save.ch\\\/vbs-definiert-neue-sicherheits-strategie\\\/\",\"url\":\"https:\\\/\\\/news.save.ch\\\/vbs-definiert-neue-sicherheits-strategie\\\/\",\"name\":\"VBS definiert neue Sicherheits-Strategie - Save\",\"isPartOf\":{\"@id\":\"https:\\\/\\\/news.save.ch\\\/de\\\/#website\"},\"primaryImageOfPage\":{\"@id\":\"https:\\\/\\\/news.save.ch\\\/vbs-definiert-neue-sicherheits-strategie\\\/#primaryimage\"},\"image\":{\"@id\":\"https:\\\/\\\/news.save.ch\\\/vbs-definiert-neue-sicherheits-strategie\\\/#primaryimage\"},\"thumbnailUrl\":\"https:\\\/\\\/news.save.ch\\\/wp-content\\\/uploads\\\/2023\\\/04\\\/Depositphotos_319525514_S-680x502.jpg\",\"datePublished\":\"2023-04-04T14:24:42+00:00\",\"dateModified\":\"2023-05-31T12:07:41+00:00\",\"description\":\"Das Departement f\u00fcr Verteidigung, Bev\u00f6lkerungsschutz und Sport (VBS) hat seine neue Vision und Strategie f\u00fcr sein Departement erarbeitet.\",\"breadcrumb\":{\"@id\":\"https:\\\/\\\/news.save.ch\\\/vbs-definiert-neue-sicherheits-strategie\\\/#breadcrumb\"},\"inLanguage\":\"de\",\"potentialAction\":[{\"@type\":\"ReadAction\",\"target\":[\"https:\\\/\\\/news.save.ch\\\/vbs-definiert-neue-sicherheits-strategie\\\/\"]}]},{\"@type\":\"ImageObject\",\"inLanguage\":\"de\",\"@id\":\"https:\\\/\\\/news.save.ch\\\/vbs-definiert-neue-sicherheits-strategie\\\/#primaryimage\",\"url\":\"https:\\\/\\\/news.save.ch\\\/wp-content\\\/uploads\\\/2023\\\/04\\\/Depositphotos_319525514_S-680x502.jpg\",\"contentUrl\":\"https:\\\/\\\/news.save.ch\\\/wp-content\\\/uploads\\\/2023\\\/04\\\/Depositphotos_319525514_S-680x502.jpg\"},{\"@type\":\"BreadcrumbList\",\"@id\":\"https:\\\/\\\/news.save.ch\\\/vbs-definiert-neue-sicherheits-strategie\\\/#breadcrumb\",\"itemListElement\":[{\"@type\":\"ListItem\",\"position\":1,\"name\":\"Home\",\"item\":\"https:\\\/\\\/news.save.ch\\\/de\\\/\"},{\"@type\":\"ListItem\",\"position\":2,\"name\":\"VBS definiert neue Sicherheits-Strategie\"}]},{\"@type\":\"WebSite\",\"@id\":\"https:\\\/\\\/news.save.ch\\\/de\\\/#website\",\"url\":\"https:\\\/\\\/news.save.ch\\\/de\\\/\",\"name\":\"Save\",\"description\":\"Schweizer Fachzeitschrift f\u00fcr Sicherheit\",\"publisher\":{\"@id\":\"https:\\\/\\\/news.save.ch\\\/de\\\/#organization\"},\"potentialAction\":[{\"@type\":\"SearchAction\",\"target\":{\"@type\":\"EntryPoint\",\"urlTemplate\":\"https:\\\/\\\/news.save.ch\\\/de\\\/?s={search_term_string}\"},\"query-input\":{\"@type\":\"PropertyValueSpecification\",\"valueRequired\":true,\"valueName\":\"search_term_string\"}}],\"inLanguage\":\"de\"},{\"@type\":\"Organization\",\"@id\":\"https:\\\/\\\/news.save.ch\\\/de\\\/#organization\",\"name\":\"Sicherheitsforum\",\"url\":\"https:\\\/\\\/news.save.ch\\\/de\\\/\",\"logo\":{\"@type\":\"ImageObject\",\"inLanguage\":\"de\",\"@id\":\"https:\\\/\\\/news.save.ch\\\/de\\\/#\\\/schema\\\/logo\\\/image\\\/\",\"url\":\"https:\\\/\\\/news.save.ch\\\/wp-content\\\/uploads\\\/2022\\\/06\\\/Logo_SF_2012.png\",\"contentUrl\":\"https:\\\/\\\/news.save.ch\\\/wp-content\\\/uploads\\\/2022\\\/06\\\/Logo_SF_2012.png\",\"width\":1100,\"height\":91,\"caption\":\"Sicherheitsforum\"},\"image\":{\"@id\":\"https:\\\/\\\/news.save.ch\\\/de\\\/#\\\/schema\\\/logo\\\/image\\\/\"}},{\"@type\":\"Person\",\"@id\":\"https:\\\/\\\/news.save.ch\\\/de\\\/#\\\/schema\\\/person\\\/ad4ef21102fd6125312409ac57d5296d\",\"name\":\"Simon Gr\u00f6flin\",\"image\":{\"@type\":\"ImageObject\",\"inLanguage\":\"de\",\"@id\":\"https:\\\/\\\/secure.gravatar.com\\\/avatar\\\/6ddceb80eb734354635539e0ea5140bb7c41e42de7c45c9a2ab9921b5d5c9a83?s=96&d=mm&r=g\",\"url\":\"https:\\\/\\\/secure.gravatar.com\\\/avatar\\\/6ddceb80eb734354635539e0ea5140bb7c41e42de7c45c9a2ab9921b5d5c9a83?s=96&d=mm&r=g\",\"contentUrl\":\"https:\\\/\\\/secure.gravatar.com\\\/avatar\\\/6ddceb80eb734354635539e0ea5140bb7c41e42de7c45c9a2ab9921b5d5c9a83?s=96&d=mm&r=g\",\"caption\":\"Simon Gr\u00f6flin\"},\"url\":\"https:\\\/\\\/news.save.ch\\\/de\\\/author\\\/simon-groeflin\\\/\"}]}<\/script>\n<!-- \/ Yoast SEO plugin. -->","yoast_head_json":{"title":"VBS definiert neue Sicherheits-Strategie - Save","description":"Das Departement f\u00fcr Verteidigung, Bev\u00f6lkerungsschutz und Sport (VBS) hat seine neue Vision und Strategie f\u00fcr sein Departement erarbeitet.","robots":{"index":"index","follow":"follow","max-snippet":"max-snippet:-1","max-image-preview":"max-image-preview:large","max-video-preview":"max-video-preview:-1"},"canonical":"https:\/\/news.save.ch\/de\/vbs-definiert-neue-sicherheits-strategie\/","og_locale":"de_DE","og_type":"article","og_title":"VBS definiert neue Sicherheits-Strategie - Save","og_description":"Das Departement f\u00fcr Verteidigung, Bev\u00f6lkerungsschutz und Sport (VBS) hat seine neue Vision und Strategie f\u00fcr sein Departement erarbeitet.","og_url":"https:\/\/news.save.ch\/de\/vbs-definiert-neue-sicherheits-strategie\/","og_site_name":"Save","article_published_time":"2023-04-04T14:24:42+00:00","article_modified_time":"2023-05-31T12:07:41+00:00","og_image":[{"url":"https:\/\/news.save.ch\/wp-content\/uploads\/2023\/04\/Depositphotos_319525514_S-680x502.jpg","type":"","width":"","height":""}],"author":"Simon Gr\u00f6flin","twitter_card":"summary_large_image","twitter_misc":{"Geschrieben von":"Simon Gr\u00f6flin","Gesch\u00e4tzte Lesezeit":"1\u00a0Minute"},"schema":{"@context":"https:\/\/schema.org","@graph":[{"@type":"Article","@id":"https:\/\/news.save.ch\/vbs-definiert-neue-sicherheits-strategie\/#article","isPartOf":{"@id":"https:\/\/news.save.ch\/vbs-definiert-neue-sicherheits-strategie\/"},"author":{"name":"Simon Gr\u00f6flin","@id":"https:\/\/news.save.ch\/de\/#\/schema\/person\/ad4ef21102fd6125312409ac57d5296d"},"headline":"VBS definiert neue Sicherheits-Strategie","datePublished":"2023-04-04T14:24:42+00:00","dateModified":"2023-05-31T12:07:41+00:00","mainEntityOfPage":{"@id":"https:\/\/news.save.ch\/vbs-definiert-neue-sicherheits-strategie\/"},"wordCount":147,"publisher":{"@id":"https:\/\/news.save.ch\/de\/#organization"},"image":{"@id":"https:\/\/news.save.ch\/vbs-definiert-neue-sicherheits-strategie\/#primaryimage"},"thumbnailUrl":"https:\/\/news.save.ch\/wp-content\/uploads\/2023\/04\/Depositphotos_319525514_S-680x502.jpg","keywords":["Sicherheitsstrategie","Strategie","VBS","Vision"],"articleSection":["ALLGEMEIN"],"inLanguage":"de"},{"@type":"WebPage","@id":"https:\/\/news.save.ch\/vbs-definiert-neue-sicherheits-strategie\/","url":"https:\/\/news.save.ch\/vbs-definiert-neue-sicherheits-strategie\/","name":"VBS definiert neue Sicherheits-Strategie - Save","isPartOf":{"@id":"https:\/\/news.save.ch\/de\/#website"},"primaryImageOfPage":{"@id":"https:\/\/news.save.ch\/vbs-definiert-neue-sicherheits-strategie\/#primaryimage"},"image":{"@id":"https:\/\/news.save.ch\/vbs-definiert-neue-sicherheits-strategie\/#primaryimage"},"thumbnailUrl":"https:\/\/news.save.ch\/wp-content\/uploads\/2023\/04\/Depositphotos_319525514_S-680x502.jpg","datePublished":"2023-04-04T14:24:42+00:00","dateModified":"2023-05-31T12:07:41+00:00","description":"Das Departement f\u00fcr Verteidigung, Bev\u00f6lkerungsschutz und Sport (VBS) hat seine neue Vision und Strategie f\u00fcr sein Departement erarbeitet.","breadcrumb":{"@id":"https:\/\/news.save.ch\/vbs-definiert-neue-sicherheits-strategie\/#breadcrumb"},"inLanguage":"de","potentialAction":[{"@type":"ReadAction","target":["https:\/\/news.save.ch\/vbs-definiert-neue-sicherheits-strategie\/"]}]},{"@type":"ImageObject","inLanguage":"de","@id":"https:\/\/news.save.ch\/vbs-definiert-neue-sicherheits-strategie\/#primaryimage","url":"https:\/\/news.save.ch\/wp-content\/uploads\/2023\/04\/Depositphotos_319525514_S-680x502.jpg","contentUrl":"https:\/\/news.save.ch\/wp-content\/uploads\/2023\/04\/Depositphotos_319525514_S-680x502.jpg"},{"@type":"BreadcrumbList","@id":"https:\/\/news.save.ch\/vbs-definiert-neue-sicherheits-strategie\/#breadcrumb","itemListElement":[{"@type":"ListItem","position":1,"name":"Home","item":"https:\/\/news.save.ch\/de\/"},{"@type":"ListItem","position":2,"name":"VBS definiert neue Sicherheits-Strategie"}]},{"@type":"WebSite","@id":"https:\/\/news.save.ch\/de\/#website","url":"https:\/\/news.save.ch\/de\/","name":"Save","description":"Schweizer Fachzeitschrift f\u00fcr Sicherheit","publisher":{"@id":"https:\/\/news.save.ch\/de\/#organization"},"potentialAction":[{"@type":"SearchAction","target":{"@type":"EntryPoint","urlTemplate":"https:\/\/news.save.ch\/de\/?s={search_term_string}"},"query-input":{"@type":"PropertyValueSpecification","valueRequired":true,"valueName":"search_term_string"}}],"inLanguage":"de"},{"@type":"Organization","@id":"https:\/\/news.save.ch\/de\/#organization","name":"Sicherheitsforum","url":"https:\/\/news.save.ch\/de\/","logo":{"@type":"ImageObject","inLanguage":"de","@id":"https:\/\/news.save.ch\/de\/#\/schema\/logo\/image\/","url":"https:\/\/news.save.ch\/wp-content\/uploads\/2022\/06\/Logo_SF_2012.png","contentUrl":"https:\/\/news.save.ch\/wp-content\/uploads\/2022\/06\/Logo_SF_2012.png","width":1100,"height":91,"caption":"Sicherheitsforum"},"image":{"@id":"https:\/\/news.save.ch\/de\/#\/schema\/logo\/image\/"}},{"@type":"Person","@id":"https:\/\/news.save.ch\/de\/#\/schema\/person\/ad4ef21102fd6125312409ac57d5296d","name":"Simon Gr\u00f6flin","image":{"@type":"ImageObject","inLanguage":"de","@id":"https:\/\/secure.gravatar.com\/avatar\/6ddceb80eb734354635539e0ea5140bb7c41e42de7c45c9a2ab9921b5d5c9a83?s=96&d=mm&r=g","url":"https:\/\/secure.gravatar.com\/avatar\/6ddceb80eb734354635539e0ea5140bb7c41e42de7c45c9a2ab9921b5d5c9a83?s=96&d=mm&r=g","contentUrl":"https:\/\/secure.gravatar.com\/avatar\/6ddceb80eb734354635539e0ea5140bb7c41e42de7c45c9a2ab9921b5d5c9a83?s=96&d=mm&r=g","caption":"Simon Gr\u00f6flin"},"url":"https:\/\/news.save.ch\/de\/author\/simon-groeflin\/"}]}},"_links":{"self":[{"href":"https:\/\/news.save.ch\/de\/wp-json\/wp\/v2\/posts\/19252","targetHints":{"allow":["GET"]}}],"collection":[{"href":"https:\/\/news.save.ch\/de\/wp-json\/wp\/v2\/posts"}],"about":[{"href":"https:\/\/news.save.ch\/de\/wp-json\/wp\/v2\/types\/post"}],"author":[{"embeddable":true,"href":"https:\/\/news.save.ch\/de\/wp-json\/wp\/v2\/users\/9"}],"replies":[{"embeddable":true,"href":"https:\/\/news.save.ch\/de\/wp-json\/wp\/v2\/comments?post=19252"}],"version-history":[{"count":11,"href":"https:\/\/news.save.ch\/de\/wp-json\/wp\/v2\/posts\/19252\/revisions"}],"predecessor-version":[{"id":19268,"href":"https:\/\/news.save.ch\/de\/wp-json\/wp\/v2\/posts\/19252\/revisions\/19268"}],"wp:attachment":[{"href":"https:\/\/news.save.ch\/de\/wp-json\/wp\/v2\/media?parent=19252"}],"wp:term":[{"taxonomy":"category","embeddable":true,"href":"https:\/\/news.save.ch\/de\/wp-json\/wp\/v2\/categories?post=19252"},{"taxonomy":"post_tag","embeddable":true,"href":"https:\/\/news.save.ch\/de\/wp-json\/wp\/v2\/tags?post=19252"}],"curies":[{"name":"wp","href":"https:\/\/api.w.org\/{rel}","templated":true}]}}