{"id":19289,"date":"2023-04-18T13:08:11","date_gmt":"2023-04-18T11:08:11","guid":{"rendered":"https:\/\/news.save.ch\/?p=19289"},"modified":"2023-04-28T16:41:03","modified_gmt":"2023-04-28T14:41:03","slug":"die-schattenseiten-des-outdoorsports","status":null,"type":"post","link":"https:\/\/news.save.ch\/de\/die-schattenseiten-des-outdoorsports\/","title":{"rendered":"Die Schattenseiten des Outdoorsports"},"content":{"rendered":"<div>\n<p>Draussen wird es w\u00e4rmer und die Tage werden l\u00e4nger. Dies motiviert viele Menschen sich in der Freizeit draussen zu bewegen. \u00abJoggen, Wandern und Spazieren sind l\u00e4ngst ein beliebter Volksport, denn Bewegung ist grunds\u00e4tzlich gesund und verl\u00e4ngert die Lebenserwartung\u00bb, weiss Erwin von Moos, Freizeitexperte der Suva. Trotzdem braucht es nicht viel und ein Stolperer f\u00fchrt zum Sturz, eine Verletzung &#8211; oft auch mit Arbeitsausfall &#8211; ist die Folge.<\/p>\n<\/div>\n<h3 id=\"anchor-050FA0A3-BE89-4E73-BC84-373135A26469\" class=\"h3 sch-h3\">Mehr als zwei Drittel sind Stolper- und Sturzunf\u00e4lle<\/h3>\n<div>\n<p>In den vergangenen zehn Jahren haben Unf\u00e4lle beim Joggen, Wandern und Spazieren kontinuierlich zugenommen. Im Jahr 2011 waren es laut Suva knapp 30\u202f000 Unf\u00e4lle. Aktuell seien es durchschnittlich bereits \u00fcber 40\u202f000 Unf\u00e4lle pro Jahr. Tendenz steigend. Dies entspreche ungef\u00e4hr der Einwohnerzahl von Neuenburg. Rund 25\u202f000 (70 Prozent) seien Stolper- und Sturzunf\u00e4lle.<\/p>\n<p>Von April bis August steigen die Unf\u00e4lle jeweils an, danach sinken sie wieder, wie die Suva schreibt. Die Zunahme w\u00fcrde sich \u00fcberproportional zum Bev\u00f6lkerungswachstum entwickeln. Von Moos best\u00e4tigt: \u00abOutdooraktivit\u00e4ten sind im Trend und Corona hat dies noch verst\u00e4rkt. Das sieht man auch an den gestiegenen Unfallzahlen.\u00bb<\/p>\n<h3 id=\"anchor-C8230B08-ABB0-49A9-ADCF-7C48DF307188\" class=\"h3 sch-h3\">Frauen stolpern und st\u00fcrzen ab 45 Jahren mehr als M\u00e4nner<\/h3>\n<div>\n<p>Auffallend ist, dass bei Frauen ab 45 Jahren die Unf\u00e4lle durch Stolpern und St\u00fcrzen beim Joggen, Wandern und Spazieren anteilsm\u00e4ssig zunehmen, bei den M\u00e4nnern ist dies nicht der Fall, wie die Suva schreibt. \u00dcber 40 Prozent aller Verletzungen betreffen laut Angaben Unterschenkel, Kn\u00f6chel und Fuss. Danach folgen Knieverletzungen. Am h\u00e4ufigsten komme es zu Verstauchungen und Zerrungen sowie Muskel- und Sehnenverletzungen. Durchschnittlich fehlen die Verunfallten 18 Tage pro Unfall bei der Arbeit. Neben den eher leichten Verletzungen kommt es j\u00e4hrlich auch zu rund acht Todesf\u00e4llen und 33 IV-Renten durch Stolper- und Sturzunf\u00e4lle beim Joggen, Wandern oder Spazieren.<\/p>\n<\/div>\n<h3 id=\"anchor-2252515B-C7B3-4790-95F5-B5CB40F34B32\" class=\"h3 sch-h3\">7 Tipps zur Vermeidung<\/h3>\n<ul>\n<li>Joggen und wandern Sie nur, wenn Sie sich gesund f\u00fchlen.<\/li>\n<li>Mit einem Aufw\u00e4rmtraining bereiten Sie ihren K\u00f6rper auch f\u00fcr Misstritte besser vor.<\/li>\n<li>Seien Sie beim Joggen, Wandern und auch Spazieren pr\u00e4sent und konzentrieren Sie sich auf die Aktivit\u00e4t und den Weg \u2013 lassen Sie das Mobiltelefon in der Jackentasche.<\/li>\n<li>Trainieren Sie neben Ausdauer auch Kraft und Gleichgewicht, denn unerwartete Stolper- und Sturzsituationen k\u00f6nnen mit einem gezielten Kraft- und Gleichgewichtstraining besser ausbalanciert werden.<\/li>\n<li>Tragen Sie geeignetes Schuhwerk mit Profil. Lassen Sie sich beim Kauf von einem Profi beraten.<\/li>\n<li>Wandern Sie mit Hilfe von Wanderst\u00f6cken. Dies reduziert die k\u00f6rperliche Belastung und gibt Sicherheit.<\/li>\n<li>Keine Eile\u2026nehmen Sie sich Zeit f\u00fcr den Weg.<\/li>\n<\/ul>\n<p><em>Quelle: Suva<\/em><\/p>\n<\/div>\n","protected":false},"excerpt":{"rendered":"<p>Draussen wird es w\u00e4rmer und die Tage werden l\u00e4nger. Dies motiviert viele Menschen sich in der Freizeit draussen zu bewegen. \u00abJoggen, Wandern und Spazieren sind l\u00e4ngst ein beliebter Volksport, denn Bewegung ist grunds\u00e4tzlich gesund und verl\u00e4ngert die Lebenserwartung\u00bb, weiss Erwin von Moos, Freizeitexperte der Suva. Trotzdem braucht es nicht viel und ein Stolperer f\u00fchrt zum [&hellip;]<\/p>\n","protected":false},"author":8,"featured_media":19290,"comment_status":"closed","ping_status":"closed","sticky":false,"template":"","format":"standard","meta":{"_acf_changed":false,"pgc_sgb_lightbox_settings":"","footnotes":""},"categories":[3314],"tags":[3337,3320],"class_list":["post-19289","post","type-post","status-publish","format-standard","has-post-thumbnail","hentry","category-health-safety","tag-outdoorsport","tag-sturzunfaelle"],"acf":[],"hkrextid":null,"publication":null,"issue":null,"workflow":null,"startPage":null,"spitzmarke":null,"_posts_by_tag_page_fields":null,"_at_widget":null,"_yoast_wpseo_primary_category":"3314","_yoast_wpseo_focuskw_text_input":null,"_yoast_wpseo_opengraph-image":null,"_yoast_wpseo_opengraph-description":null,"_yoast_wpseo_opengraph-title":null,"enclosure":null,"_yoast_wpseo_twitter-title":null,"_yoast_wpseo_twitter-description":null,"_yoast_wpseo_twitter-image":null,"_wp_old_slug":null,"_yoast_wpseo_title":null,"_yoast_wpseo_canonical":null,"yoast_head":"<!-- This site is optimized with the Yoast SEO plugin v27.4 - https:\/\/yoast.com\/product\/yoast-seo-wordpress\/ -->\n<title>Die Schattenseiten des Outdoorsports - Save<\/title>\n<meta name=\"robots\" content=\"index, follow, max-snippet:-1, max-image-preview:large, max-video-preview:-1\" \/>\n<link rel=\"canonical\" href=\"https:\/\/news.save.ch\/de\/die-schattenseiten-des-outdoorsports\/\" \/>\n<meta property=\"og:locale\" content=\"de_DE\" \/>\n<meta property=\"og:type\" content=\"article\" \/>\n<meta property=\"og:title\" content=\"Die Schattenseiten des Outdoorsports - Save\" \/>\n<meta property=\"og:description\" content=\"Draussen wird es w\u00e4rmer und die Tage werden l\u00e4nger. Dies motiviert viele Menschen sich in der Freizeit draussen zu bewegen. \u00abJoggen, Wandern und Spazieren sind l\u00e4ngst ein beliebter Volksport, denn Bewegung ist grunds\u00e4tzlich gesund und verl\u00e4ngert die Lebenserwartung\u00bb, weiss Erwin von Moos, Freizeitexperte der Suva. Trotzdem braucht es nicht viel und ein Stolperer f\u00fchrt zum [&hellip;]\" \/>\n<meta property=\"og:url\" content=\"https:\/\/news.save.ch\/de\/die-schattenseiten-des-outdoorsports\/\" \/>\n<meta property=\"og:site_name\" content=\"Save\" \/>\n<meta property=\"article:published_time\" content=\"2023-04-18T11:08:11+00:00\" \/>\n<meta property=\"article:modified_time\" content=\"2023-04-28T14:41:03+00:00\" \/>\n<meta property=\"og:image\" content=\"https:\/\/news.save.ch\/wp-content\/uploads\/2023\/04\/Depositphotos_32810457_L-scaled.jpg\" \/>\n\t<meta property=\"og:image:width\" content=\"1200\" \/>\n\t<meta property=\"og:image:height\" content=\"797\" \/>\n\t<meta property=\"og:image:type\" content=\"image\/jpeg\" \/>\n<meta name=\"author\" content=\"Roger Str\u00e4ssle\" \/>\n<meta name=\"twitter:card\" content=\"summary_large_image\" \/>\n<meta name=\"twitter:label1\" content=\"Geschrieben von\" \/>\n\t<meta name=\"twitter:data1\" content=\"Roger Str\u00e4ssle\" \/>\n\t<meta name=\"twitter:label2\" content=\"Gesch\u00e4tzte Lesezeit\" \/>\n\t<meta name=\"twitter:data2\" content=\"3\u00a0Minuten\" \/>\n<script type=\"application\/ld+json\" class=\"yoast-schema-graph\">{\"@context\":\"https:\\\/\\\/schema.org\",\"@graph\":[{\"@type\":\"Article\",\"@id\":\"https:\\\/\\\/news.save.ch\\\/die-schattenseiten-des-outdoorsports\\\/#article\",\"isPartOf\":{\"@id\":\"https:\\\/\\\/news.save.ch\\\/die-schattenseiten-des-outdoorsports\\\/\"},\"author\":{\"name\":\"Roger Str\u00e4ssle\",\"@id\":\"https:\\\/\\\/news.save.ch\\\/de\\\/#\\\/schema\\\/person\\\/d5022db048e0e2b9785c50e5b24da5aa\"},\"headline\":\"Die Schattenseiten des Outdoorsports\",\"datePublished\":\"2023-04-18T11:08:11+00:00\",\"dateModified\":\"2023-04-28T14:41:03+00:00\",\"mainEntityOfPage\":{\"@id\":\"https:\\\/\\\/news.save.ch\\\/die-schattenseiten-des-outdoorsports\\\/\"},\"wordCount\":425,\"publisher\":{\"@id\":\"https:\\\/\\\/news.save.ch\\\/de\\\/#organization\"},\"image\":{\"@id\":\"https:\\\/\\\/news.save.ch\\\/die-schattenseiten-des-outdoorsports\\\/#primaryimage\"},\"thumbnailUrl\":\"https:\\\/\\\/news.save.ch\\\/wp-content\\\/uploads\\\/2023\\\/04\\\/Depositphotos_32810457_L-scaled.jpg\",\"keywords\":[\"Outdoorsport\",\"Sturzunf\u00e4lle\"],\"articleSection\":[\"HEALTH &amp; SAFETY\"],\"inLanguage\":\"de\"},{\"@type\":\"WebPage\",\"@id\":\"https:\\\/\\\/news.save.ch\\\/die-schattenseiten-des-outdoorsports\\\/\",\"url\":\"https:\\\/\\\/news.save.ch\\\/die-schattenseiten-des-outdoorsports\\\/\",\"name\":\"Die Schattenseiten des Outdoorsports - Save\",\"isPartOf\":{\"@id\":\"https:\\\/\\\/news.save.ch\\\/de\\\/#website\"},\"primaryImageOfPage\":{\"@id\":\"https:\\\/\\\/news.save.ch\\\/die-schattenseiten-des-outdoorsports\\\/#primaryimage\"},\"image\":{\"@id\":\"https:\\\/\\\/news.save.ch\\\/die-schattenseiten-des-outdoorsports\\\/#primaryimage\"},\"thumbnailUrl\":\"https:\\\/\\\/news.save.ch\\\/wp-content\\\/uploads\\\/2023\\\/04\\\/Depositphotos_32810457_L-scaled.jpg\",\"datePublished\":\"2023-04-18T11:08:11+00:00\",\"dateModified\":\"2023-04-28T14:41:03+00:00\",\"breadcrumb\":{\"@id\":\"https:\\\/\\\/news.save.ch\\\/die-schattenseiten-des-outdoorsports\\\/#breadcrumb\"},\"inLanguage\":\"de\",\"potentialAction\":[{\"@type\":\"ReadAction\",\"target\":[\"https:\\\/\\\/news.save.ch\\\/die-schattenseiten-des-outdoorsports\\\/\"]}]},{\"@type\":\"ImageObject\",\"inLanguage\":\"de\",\"@id\":\"https:\\\/\\\/news.save.ch\\\/die-schattenseiten-des-outdoorsports\\\/#primaryimage\",\"url\":\"https:\\\/\\\/news.save.ch\\\/wp-content\\\/uploads\\\/2023\\\/04\\\/Depositphotos_32810457_L-scaled.jpg\",\"contentUrl\":\"https:\\\/\\\/news.save.ch\\\/wp-content\\\/uploads\\\/2023\\\/04\\\/Depositphotos_32810457_L-scaled.jpg\",\"width\":1200,\"height\":797,\"caption\":\"Depositphotos, Rido Franz\"},{\"@type\":\"BreadcrumbList\",\"@id\":\"https:\\\/\\\/news.save.ch\\\/die-schattenseiten-des-outdoorsports\\\/#breadcrumb\",\"itemListElement\":[{\"@type\":\"ListItem\",\"position\":1,\"name\":\"Home\",\"item\":\"https:\\\/\\\/news.save.ch\\\/de\\\/\"},{\"@type\":\"ListItem\",\"position\":2,\"name\":\"Die Schattenseiten des Outdoorsports\"}]},{\"@type\":\"WebSite\",\"@id\":\"https:\\\/\\\/news.save.ch\\\/de\\\/#website\",\"url\":\"https:\\\/\\\/news.save.ch\\\/de\\\/\",\"name\":\"Save\",\"description\":\"Schweizer Fachzeitschrift f\u00fcr Sicherheit\",\"publisher\":{\"@id\":\"https:\\\/\\\/news.save.ch\\\/de\\\/#organization\"},\"potentialAction\":[{\"@type\":\"SearchAction\",\"target\":{\"@type\":\"EntryPoint\",\"urlTemplate\":\"https:\\\/\\\/news.save.ch\\\/de\\\/?s={search_term_string}\"},\"query-input\":{\"@type\":\"PropertyValueSpecification\",\"valueRequired\":true,\"valueName\":\"search_term_string\"}}],\"inLanguage\":\"de\"},{\"@type\":\"Organization\",\"@id\":\"https:\\\/\\\/news.save.ch\\\/de\\\/#organization\",\"name\":\"Sicherheitsforum\",\"url\":\"https:\\\/\\\/news.save.ch\\\/de\\\/\",\"logo\":{\"@type\":\"ImageObject\",\"inLanguage\":\"de\",\"@id\":\"https:\\\/\\\/news.save.ch\\\/de\\\/#\\\/schema\\\/logo\\\/image\\\/\",\"url\":\"https:\\\/\\\/news.save.ch\\\/wp-content\\\/uploads\\\/2022\\\/06\\\/Logo_SF_2012.png\",\"contentUrl\":\"https:\\\/\\\/news.save.ch\\\/wp-content\\\/uploads\\\/2022\\\/06\\\/Logo_SF_2012.png\",\"width\":1100,\"height\":91,\"caption\":\"Sicherheitsforum\"},\"image\":{\"@id\":\"https:\\\/\\\/news.save.ch\\\/de\\\/#\\\/schema\\\/logo\\\/image\\\/\"}},{\"@type\":\"Person\",\"@id\":\"https:\\\/\\\/news.save.ch\\\/de\\\/#\\\/schema\\\/person\\\/d5022db048e0e2b9785c50e5b24da5aa\",\"name\":\"Roger Str\u00e4ssle\",\"image\":{\"@type\":\"ImageObject\",\"inLanguage\":\"de\",\"@id\":\"https:\\\/\\\/secure.gravatar.com\\\/avatar\\\/862a5569d087de48e5856e32f45d719a03804c891d6deb8d4f71a660e79e4a47?s=96&d=mm&r=g\",\"url\":\"https:\\\/\\\/secure.gravatar.com\\\/avatar\\\/862a5569d087de48e5856e32f45d719a03804c891d6deb8d4f71a660e79e4a47?s=96&d=mm&r=g\",\"contentUrl\":\"https:\\\/\\\/secure.gravatar.com\\\/avatar\\\/862a5569d087de48e5856e32f45d719a03804c891d6deb8d4f71a660e79e4a47?s=96&d=mm&r=g\",\"caption\":\"Roger Str\u00e4ssle\"},\"url\":\"https:\\\/\\\/news.save.ch\\\/de\\\/author\\\/roger-straessle\\\/\"}]}<\/script>\n<!-- \/ Yoast SEO plugin. -->","yoast_head_json":{"title":"Die Schattenseiten des Outdoorsports - Save","robots":{"index":"index","follow":"follow","max-snippet":"max-snippet:-1","max-image-preview":"max-image-preview:large","max-video-preview":"max-video-preview:-1"},"canonical":"https:\/\/news.save.ch\/de\/die-schattenseiten-des-outdoorsports\/","og_locale":"de_DE","og_type":"article","og_title":"Die Schattenseiten des Outdoorsports - Save","og_description":"Draussen wird es w\u00e4rmer und die Tage werden l\u00e4nger. Dies motiviert viele Menschen sich in der Freizeit draussen zu bewegen. \u00abJoggen, Wandern und Spazieren sind l\u00e4ngst ein beliebter Volksport, denn Bewegung ist grunds\u00e4tzlich gesund und verl\u00e4ngert die Lebenserwartung\u00bb, weiss Erwin von Moos, Freizeitexperte der Suva. Trotzdem braucht es nicht viel und ein Stolperer f\u00fchrt zum [&hellip;]","og_url":"https:\/\/news.save.ch\/de\/die-schattenseiten-des-outdoorsports\/","og_site_name":"Save","article_published_time":"2023-04-18T11:08:11+00:00","article_modified_time":"2023-04-28T14:41:03+00:00","og_image":[{"width":1200,"height":797,"url":"https:\/\/news.save.ch\/wp-content\/uploads\/2023\/04\/Depositphotos_32810457_L-scaled.jpg","type":"image\/jpeg"}],"author":"Roger Str\u00e4ssle","twitter_card":"summary_large_image","twitter_misc":{"Geschrieben von":"Roger Str\u00e4ssle","Gesch\u00e4tzte Lesezeit":"3\u00a0Minuten"},"schema":{"@context":"https:\/\/schema.org","@graph":[{"@type":"Article","@id":"https:\/\/news.save.ch\/die-schattenseiten-des-outdoorsports\/#article","isPartOf":{"@id":"https:\/\/news.save.ch\/die-schattenseiten-des-outdoorsports\/"},"author":{"name":"Roger Str\u00e4ssle","@id":"https:\/\/news.save.ch\/de\/#\/schema\/person\/d5022db048e0e2b9785c50e5b24da5aa"},"headline":"Die Schattenseiten des Outdoorsports","datePublished":"2023-04-18T11:08:11+00:00","dateModified":"2023-04-28T14:41:03+00:00","mainEntityOfPage":{"@id":"https:\/\/news.save.ch\/die-schattenseiten-des-outdoorsports\/"},"wordCount":425,"publisher":{"@id":"https:\/\/news.save.ch\/de\/#organization"},"image":{"@id":"https:\/\/news.save.ch\/die-schattenseiten-des-outdoorsports\/#primaryimage"},"thumbnailUrl":"https:\/\/news.save.ch\/wp-content\/uploads\/2023\/04\/Depositphotos_32810457_L-scaled.jpg","keywords":["Outdoorsport","Sturzunf\u00e4lle"],"articleSection":["HEALTH &amp; SAFETY"],"inLanguage":"de"},{"@type":"WebPage","@id":"https:\/\/news.save.ch\/die-schattenseiten-des-outdoorsports\/","url":"https:\/\/news.save.ch\/die-schattenseiten-des-outdoorsports\/","name":"Die Schattenseiten des Outdoorsports - Save","isPartOf":{"@id":"https:\/\/news.save.ch\/de\/#website"},"primaryImageOfPage":{"@id":"https:\/\/news.save.ch\/die-schattenseiten-des-outdoorsports\/#primaryimage"},"image":{"@id":"https:\/\/news.save.ch\/die-schattenseiten-des-outdoorsports\/#primaryimage"},"thumbnailUrl":"https:\/\/news.save.ch\/wp-content\/uploads\/2023\/04\/Depositphotos_32810457_L-scaled.jpg","datePublished":"2023-04-18T11:08:11+00:00","dateModified":"2023-04-28T14:41:03+00:00","breadcrumb":{"@id":"https:\/\/news.save.ch\/die-schattenseiten-des-outdoorsports\/#breadcrumb"},"inLanguage":"de","potentialAction":[{"@type":"ReadAction","target":["https:\/\/news.save.ch\/die-schattenseiten-des-outdoorsports\/"]}]},{"@type":"ImageObject","inLanguage":"de","@id":"https:\/\/news.save.ch\/die-schattenseiten-des-outdoorsports\/#primaryimage","url":"https:\/\/news.save.ch\/wp-content\/uploads\/2023\/04\/Depositphotos_32810457_L-scaled.jpg","contentUrl":"https:\/\/news.save.ch\/wp-content\/uploads\/2023\/04\/Depositphotos_32810457_L-scaled.jpg","width":1200,"height":797,"caption":"Depositphotos, Rido Franz"},{"@type":"BreadcrumbList","@id":"https:\/\/news.save.ch\/die-schattenseiten-des-outdoorsports\/#breadcrumb","itemListElement":[{"@type":"ListItem","position":1,"name":"Home","item":"https:\/\/news.save.ch\/de\/"},{"@type":"ListItem","position":2,"name":"Die Schattenseiten des Outdoorsports"}]},{"@type":"WebSite","@id":"https:\/\/news.save.ch\/de\/#website","url":"https:\/\/news.save.ch\/de\/","name":"Save","description":"Schweizer Fachzeitschrift f\u00fcr Sicherheit","publisher":{"@id":"https:\/\/news.save.ch\/de\/#organization"},"potentialAction":[{"@type":"SearchAction","target":{"@type":"EntryPoint","urlTemplate":"https:\/\/news.save.ch\/de\/?s={search_term_string}"},"query-input":{"@type":"PropertyValueSpecification","valueRequired":true,"valueName":"search_term_string"}}],"inLanguage":"de"},{"@type":"Organization","@id":"https:\/\/news.save.ch\/de\/#organization","name":"Sicherheitsforum","url":"https:\/\/news.save.ch\/de\/","logo":{"@type":"ImageObject","inLanguage":"de","@id":"https:\/\/news.save.ch\/de\/#\/schema\/logo\/image\/","url":"https:\/\/news.save.ch\/wp-content\/uploads\/2022\/06\/Logo_SF_2012.png","contentUrl":"https:\/\/news.save.ch\/wp-content\/uploads\/2022\/06\/Logo_SF_2012.png","width":1100,"height":91,"caption":"Sicherheitsforum"},"image":{"@id":"https:\/\/news.save.ch\/de\/#\/schema\/logo\/image\/"}},{"@type":"Person","@id":"https:\/\/news.save.ch\/de\/#\/schema\/person\/d5022db048e0e2b9785c50e5b24da5aa","name":"Roger Str\u00e4ssle","image":{"@type":"ImageObject","inLanguage":"de","@id":"https:\/\/secure.gravatar.com\/avatar\/862a5569d087de48e5856e32f45d719a03804c891d6deb8d4f71a660e79e4a47?s=96&d=mm&r=g","url":"https:\/\/secure.gravatar.com\/avatar\/862a5569d087de48e5856e32f45d719a03804c891d6deb8d4f71a660e79e4a47?s=96&d=mm&r=g","contentUrl":"https:\/\/secure.gravatar.com\/avatar\/862a5569d087de48e5856e32f45d719a03804c891d6deb8d4f71a660e79e4a47?s=96&d=mm&r=g","caption":"Roger Str\u00e4ssle"},"url":"https:\/\/news.save.ch\/de\/author\/roger-straessle\/"}]}},"_links":{"self":[{"href":"https:\/\/news.save.ch\/de\/wp-json\/wp\/v2\/posts\/19289","targetHints":{"allow":["GET"]}}],"collection":[{"href":"https:\/\/news.save.ch\/de\/wp-json\/wp\/v2\/posts"}],"about":[{"href":"https:\/\/news.save.ch\/de\/wp-json\/wp\/v2\/types\/post"}],"author":[{"embeddable":true,"href":"https:\/\/news.save.ch\/de\/wp-json\/wp\/v2\/users\/8"}],"replies":[{"embeddable":true,"href":"https:\/\/news.save.ch\/de\/wp-json\/wp\/v2\/comments?post=19289"}],"version-history":[{"count":2,"href":"https:\/\/news.save.ch\/de\/wp-json\/wp\/v2\/posts\/19289\/revisions"}],"predecessor-version":[{"id":19351,"href":"https:\/\/news.save.ch\/de\/wp-json\/wp\/v2\/posts\/19289\/revisions\/19351"}],"wp:featuredmedia":[{"embeddable":true,"href":"https:\/\/news.save.ch\/de\/wp-json\/wp\/v2\/media\/19290"}],"wp:attachment":[{"href":"https:\/\/news.save.ch\/de\/wp-json\/wp\/v2\/media?parent=19289"}],"wp:term":[{"taxonomy":"category","embeddable":true,"href":"https:\/\/news.save.ch\/de\/wp-json\/wp\/v2\/categories?post=19289"},{"taxonomy":"post_tag","embeddable":true,"href":"https:\/\/news.save.ch\/de\/wp-json\/wp\/v2\/tags?post=19289"}],"curies":[{"name":"wp","href":"https:\/\/api.w.org\/{rel}","templated":true}]}}