{"id":1930,"date":"2015-11-17T15:14:40","date_gmt":"2015-11-17T14:14:40","guid":{"rendered":"https:\/\/dev.sicherheitsforum.ch\/?p=1930"},"modified":"2015-11-17T15:14:40","modified_gmt":"2015-11-17T14:14:40","slug":"grosses-interesse-an-sicherheitsthemen-und-loesungen","status":null,"type":"post","link":"https:\/\/news.save.ch\/de\/grosses-interesse-an-sicherheitsthemen-und-loesungen\/","title":{"rendered":"Grosses Interesse an Sicherheitsthemen und -l\u00f6sungen"},"content":{"rendered":"<figure id=\"attachment_1931\" aria-describedby=\"caption-attachment-1931\" style=\"width: 680px\" class=\"wp-caption alignnone\"><img loading=\"lazy\" decoding=\"async\" class=\"wp-image-1931 size-medium\" src=\"https:\/\/news.save.ch\/wp-content\/uploads\/2016\/12\/Grosses-Interesse-an-Sicherheitsthemen-und-l\u00f6sungen-sicherheitsforum.jpg\" width=\"680\" height=\"453\" \/><figcaption id=\"caption-attachment-1931\" class=\"wp-caption-text\">Fotos: Thomas Entzeroth<\/figcaption><\/figure>\n<p>\u201eAuch w\u00e4hrend ihrer 20. Ausf\u00fchrung wurde die Sicherheit 2015 zum wichtigsten Treffpunkt des Schweizer Sicherheitsmarkts und bot den umfassenden Branchen\u00fcberblick\u201c, freut sich Messeleiter Heinz Salzgeber r\u00fcckblickend. Trotz der angespannten wirtschaftlichen Lage pr\u00e4sentierten sich 194 (2013: 224) Aussteller, Verb\u00e4nde und Verlage aus insgesamt acht Nationen auf rund 7\u2018000 (7&#8217;400) Netto-Quadratmetern Fl\u00e4che. Gem\u00e4ss Angaben\u00a0wurden 9\u2018619 Besucher (10&#8217;152)\u00a0gez\u00e4hlt. Gegen 90 Prozent sind Fachbesucher mit hoher Entscheidungskompetenz, wie <a href=\"https:\/\/www.exhibitandmore.ch\" target=\"_blank\" data-cke-saved-href=\"https:\/\/www.exhibitandmore.ch\" rel=\"noopener\">Exhibit &amp; More AG<\/a> weiter schreibt. Dies beweise\u00a0das nach wie vor ungebrochene Interesse an Sicherheitsthemen und -l\u00f6sungen. \u00abEigentlich wollten wir in diesem Jahr gar nicht ausstellen\u00bb, sagte Marek Bolardt, Head of Marketing der <a href=\"https:\/\/www.assaabloy.ch\" target=\"_blank\" data-cke-saved-href=\"https:\/\/www.assaabloy.ch\" rel=\"noopener\">Assa\u00a0Abloy\u00a0(Switzerland) AG<\/a>. \u00abNach der \u00dcbernahme der <a href=\"https:\/\/msl-lock.com\" target=\"_blank\" data-cke-saved-href=\"https:\/\/msl-lock.com\" rel=\"noopener\">MSL Schloss- und Beschl\u00e4gefabrik AG<\/a> im Fr\u00fchjahr 2015 entschieden wir uns doch dazu. Nun war der Stand immer gut besucht und zu Spitzenzeiten v\u00f6llig \u00fcberf\u00fcllt. Die Kunden sind begeistert und darunter finden sich sehr spannende Kontakte. Wir brauchen das n\u00e4chste Mal mehr Platz!\u00bb<\/p>\n<p><strong>360\u00b0-Blickwinkel am Fachkongress<\/strong><\/p>\n<p>Auch der parallel zur Messe durchgef\u00fchrte Fachkongress zog rund 1000 Teilnehmende an, die sich in 19 verschiedenen Halbtagesmodulen einen 360\u00b0-Blickwinkel zu Mensch, Technik, Organisation und Prozessen verschaffen konnten. Organisator Markus Good der <a href=\"https:\/\/www.save.ch\" target=\"_blank\" data-cke-saved-href=\"https:\/\/www.save.ch\" rel=\"noopener\">Save\u00a0AG<\/a> \u2013 ein Unternehmen der <a href=\"https:\/\/www.galledia.ch\" target=\"_blank\" data-cke-saved-href=\"https:\/\/www.galledia.ch\" rel=\"noopener\">galledia-Gruppe<\/a> \u2013 zog ein positives Fazit: \u00abDie vielen Teilnahmen unterstreichen das grosse Informationsbed\u00fcrfnis in diesem immer dynamischeren Umfeld mit komplexen Herausforderungen und ver\u00e4nderten Rahmenbedingungen. Eine fachlich hochstehende Weiterbildung, ein intensiver Erfahrungsaustausch und die Netzwerkpflege sind dabei sehr wichtig.\u00bb<\/p>\n<p><strong>Gut besuchte Sonderschau<\/strong><\/p>\n<p>Zum zweiten Mal fand in der Halle 6 die Sonderschau \u201eRisikomanagement von Naturgefahren\u201c statt, wiederum von der <a href=\"https:\/\/www.naturgefahr.ch\" target=\"_blank\" data-cke-saved-href=\"https:\/\/www.naturgefahr.ch\" rel=\"noopener\">Egli Engineering AG<\/a> geplant und umgesetzt. Insbesondere Sicherheitsbeauftragte von Unternehmen fanden hier einen idealen Einstieg, um sich sowohl f\u00fcr den Standortcheck als auch rund um m\u00f6gliche Massnahmen zur Begrenzung der Risiken zu unterhalten. Die zahlreichen Teilnehmer interessierten sich f\u00fcr die verschiedenen Vortr\u00e4ge am offenen Forum und die angrenzenden Ausstellungsfl\u00e4chen vervollst\u00e4ndigten das Angebot mit passenden L\u00f6sungen zu den diskutierten Themen.<\/p>\n<p><strong>\u00abEs braucht diese Messe\u00bb<\/strong><\/p>\n<p>Die Fachveranstaltung konnte die Erwartungen der meisten Aussteller erf\u00fcllen oder sogar \u00fcbertreffen und ihre R\u00fcckmeldungen zeigen deutlich: Es braucht diese Messe. \u00abWir pflegen hier viele Kontakte, die wir ansonsten nur mit sehr viel Aufwand bearbeiten k\u00f6nnten\u00bb, sagte Marco Wunderle, Gesch\u00e4ftsf\u00fchrer der <a href=\"https:\/\/www.csfwunderle.ch\" target=\"_blank\" data-cke-saved-href=\"https:\/\/www.csfwunderle.ch\" rel=\"noopener\">CSF Wunderle GmbH<\/a> und Pr\u00e4sident des <a href=\"https:\/\/www.vbsf.ch\" target=\"_blank\" data-cke-saved-href=\"https:\/\/www.vbsf.ch\" rel=\"noopener\">VBSF<\/a> (Schweizerischer Verein von Brandschutz- und Sicherheitsfachleuten). Der VBSF verlieh im Rahmen der Sicherheit auch seinen <a href=\"\/vbsf-vergibt-sicherheitspreis\/?preview_id=1946&amp;preview_nonce=337a472fae&amp;post_format=standard&amp;_thumbnail_id=1947&amp;preview=true\" target=\"_blank\" data-cke-saved-href=\"https:\/\/sicherheitsforum.hamster.ch\/vbsf-sicherheitspreis-verliehen\" rel=\"noopener\">Sicherheitspreis<\/a>.<\/p>\n<p>Die kontinuierliche Ver\u00e4nderung des Marktes, die Komplexit\u00e4t der verschiedenen Themenfelder und die hohe Dynamik in der Branche verlangen aber auch nach neuen Wegen und der Erschliessung weiterer Bereiche: \u00abWir w\u00fcrden uns beispielsweise mehr Architekten unter unseren Kontakten w\u00fcnschen\u00bb, sagte Marek Bolardt. Marco Wunderle erg\u00e4nzte: \u00abUnsere Ansprechpartner sind in den meisten F\u00e4llen sowohl f\u00fcr die klassische Sicherheit und f\u00fcr den Brandschutz als auch f\u00fcr die Arbeitssicherheit zust\u00e4ndig. Es w\u00e4re sch\u00f6n, wenn wir alles wieder unter dieses eine Dach bringen k\u00f6nnten.\u00bb Und Stefan Schr\u00f6der, CEO der <a href=\"https:\/\/www.eotec.ch\" target=\"_blank\" data-cke-saved-href=\"https:\/\/www.eotec.ch\" rel=\"noopener\">Eotec\u00a0AG<\/a>, w\u00fcnschte sich : \u00abUm die Fachveranstaltung\u00a0auch f\u00fcr die Zukunft fit zu halten, braucht es Innovationen. Es d\u00fcrfte beispielsweise etwas mehr Show geben, ausserdem k\u00f6nnten weitere Themenfelder erschlossen werden, die den Besuchern einen Mehrwert bieten.\u00bb<\/p>\n<p><strong>Bew\u00e4hrtes und Innovatives<\/strong><\/p>\n<p>Die <a href=\"https:\/\/www.sicherheit-messe.ch\" target=\"_blank\" data-cke-saved-href=\"https:\/\/www.sicherheit-messe.ch\" rel=\"noopener\">21. SICHERHEIT<\/a> wird vom 14. bis 17. November 2017 in Z\u00fcrich stattfinden. Sie wird sich von solchen Anregungen inspirieren lassen und neben den bew\u00e4hrten Elementen auch Neues und Innovatives ins Programm aufnehmen, betonen die Messeveranstalter.<\/p>\n<p>Noch fr\u00fcher zieht die Messe aber wieder in die Westschweiz: Die <a href=\"https:\/\/www.securite-expo.ch\" target=\"_blank\" data-cke-saved-href=\"https:\/\/www.securite-expo.ch\" rel=\"noopener\">4. SECURITE LAUSANNE<\/a> findet vom 2. bis 4. November 2016 in der Expo Beaulieu statt.<\/p>\n","protected":false},"excerpt":{"rendered":"<p>\u201eAuch w\u00e4hrend ihrer 20. Ausf\u00fchrung wurde die Sicherheit 2015 zum wichtigsten Treffpunkt des Schweizer Sicherheitsmarkts und bot den umfassenden Branchen\u00fcberblick\u201c, freut sich Messeleiter Heinz Salzgeber r\u00fcckblickend. Trotz der angespannten wirtschaftlichen Lage pr\u00e4sentierten sich 194 (2013: 224) Aussteller, Verb\u00e4nde und Verlage aus insgesamt acht Nationen auf rund 7\u2018000 (7&#8217;400) Netto-Quadratmetern Fl\u00e4che. Gem\u00e4ss Angaben\u00a0wurden 9\u2018619 Besucher (10&#8217;152)\u00a0gez\u00e4hlt. [&hellip;]<\/p>\n","protected":false},"author":1,"featured_media":1931,"comment_status":"open","ping_status":"open","sticky":false,"template":"","format":"standard","meta":{"_acf_changed":false,"pgc_sgb_lightbox_settings":"","footnotes":""},"categories":[1],"tags":[84,65],"class_list":["post-1930","post","type-post","status-publish","format-standard","has-post-thumbnail","hentry","category-allgemein","tag-fachkongressfachmesse","tag-unternehmen"],"acf":[],"hkrextid":null,"publication":null,"issue":null,"workflow":null,"startPage":null,"spitzmarke":null,"_posts_by_tag_page_fields":{"widget_title":"","widget_tags":""},"_at_widget":"1","_yoast_wpseo_primary_category":"1","_yoast_wpseo_focuskw_text_input":"Grosses Interesse an Sicherheitsthemen und -l\u00f6sungen","_yoast_wpseo_opengraph-image":"https:\/\/news.save.ch\/wp-content\/uploads\/2016\/12\/Grosses-Interesse-an-Sicherheitsthemen-und-l\u00f6sungen-sicherheitsforum.jpg","_yoast_wpseo_opengraph-description":"Die SICHERHEIT 2015 unterstrich vom 10. bis 13. November erneut die ungebrochen grosse Nachfrage nach Sicherheitsl\u00f6sungen. Das zeigte sich auch am messebegleitenden Fachkongress und an der Sonderschau zum Thema \u201eRisikomanagement von Naturgefahren\u201c.","_yoast_wpseo_opengraph-title":"Grosses Interesse an Sicherheitsthemen und -l\u00f6sungen","enclosure":null,"_yoast_wpseo_twitter-title":null,"_yoast_wpseo_twitter-description":null,"_yoast_wpseo_twitter-image":null,"_wp_old_slug":null,"_yoast_wpseo_title":null,"_yoast_wpseo_canonical":null,"yoast_head":"<!-- This site is optimized with the Yoast SEO plugin v27.5 - https:\/\/yoast.com\/product\/yoast-seo-wordpress\/ -->\n<title>Grosses Interesse an Sicherheitsthemen und -l\u00f6sungen - Save<\/title>\n<meta name=\"description\" content=\"Die SICHERHEIT 2015 unterstrich vom 10. bis 13. November erneut ein ungebrochen grosses Interesse an Sicherheitsthemen und -l\u00f6sungen.\" \/>\n<meta name=\"robots\" content=\"index, follow, max-snippet:-1, max-image-preview:large, max-video-preview:-1\" \/>\n<link rel=\"canonical\" href=\"https:\/\/news.save.ch\/de\/grosses-interesse-an-sicherheitsthemen-und-loesungen\/\" \/>\n<meta property=\"og:locale\" content=\"de_DE\" \/>\n<meta property=\"og:type\" content=\"article\" \/>\n<meta property=\"og:title\" content=\"Grosses Interesse an Sicherheitsthemen und -l\u00f6sungen\" \/>\n<meta property=\"og:description\" content=\"Die SICHERHEIT 2015 unterstrich vom 10. bis 13. November erneut die ungebrochen grosse Nachfrage nach Sicherheitsl\u00f6sungen. Das zeigte sich auch am messebegleitenden Fachkongress und an der Sonderschau zum Thema \u201eRisikomanagement von Naturgefahren\u201c.\" \/>\n<meta property=\"og:url\" content=\"https:\/\/news.save.ch\/de\/grosses-interesse-an-sicherheitsthemen-und-loesungen\/\" \/>\n<meta property=\"og:site_name\" content=\"Save\" \/>\n<meta property=\"article:published_time\" content=\"2015-11-17T14:14:40+00:00\" \/>\n<meta property=\"og:image\" content=\"https:\/\/news.save.ch\/wp-content\/uploads\/2016\/12\/Grosses-Interesse-an-Sicherheitsthemen-und-l\u00f6sungen-sicherheitsforum.jpg\" \/>\n<meta name=\"author\" content=\"admin\" \/>\n<meta name=\"twitter:card\" content=\"summary_large_image\" \/>\n<meta name=\"twitter:label1\" content=\"Geschrieben von\" \/>\n\t<meta name=\"twitter:data1\" content=\"admin\" \/>\n\t<meta name=\"twitter:label2\" content=\"Gesch\u00e4tzte Lesezeit\" \/>\n\t<meta name=\"twitter:data2\" content=\"3\u00a0Minuten\" \/>\n<script type=\"application\/ld+json\" class=\"yoast-schema-graph\">{\"@context\":\"https:\\\/\\\/schema.org\",\"@graph\":[{\"@type\":\"Article\",\"@id\":\"https:\\\/\\\/news.save.ch\\\/grosses-interesse-an-sicherheitsthemen-und-loesungen\\\/#article\",\"isPartOf\":{\"@id\":\"https:\\\/\\\/news.save.ch\\\/grosses-interesse-an-sicherheitsthemen-und-loesungen\\\/\"},\"author\":{\"name\":\"admin\",\"@id\":\"https:\\\/\\\/news.save.ch\\\/de\\\/#\\\/schema\\\/person\\\/d49e199490bad7c70d64b9ab51142f2b\"},\"headline\":\"Grosses Interesse an Sicherheitsthemen und -l\u00f6sungen\",\"datePublished\":\"2015-11-17T14:14:40+00:00\",\"mainEntityOfPage\":{\"@id\":\"https:\\\/\\\/news.save.ch\\\/grosses-interesse-an-sicherheitsthemen-und-loesungen\\\/\"},\"wordCount\":608,\"commentCount\":0,\"publisher\":{\"@id\":\"https:\\\/\\\/news.save.ch\\\/de\\\/#organization\"},\"image\":{\"@id\":\"https:\\\/\\\/news.save.ch\\\/grosses-interesse-an-sicherheitsthemen-und-loesungen\\\/#primaryimage\"},\"thumbnailUrl\":\"https:\\\/\\\/news.save.ch\\\/wp-content\\\/uploads\\\/2016\\\/12\\\/Grosses-Interesse-an-Sicherheitsthemen-und-loesungen-sicherheitsforum-scaled.jpg\",\"keywords\":[\"Fachkongress\\\/Fachmesse\",\"Unternehmen\"],\"articleSection\":[\"ALLGEMEIN\"],\"inLanguage\":\"de\"},{\"@type\":\"WebPage\",\"@id\":\"https:\\\/\\\/news.save.ch\\\/grosses-interesse-an-sicherheitsthemen-und-loesungen\\\/\",\"url\":\"https:\\\/\\\/news.save.ch\\\/grosses-interesse-an-sicherheitsthemen-und-loesungen\\\/\",\"name\":\"Grosses Interesse an Sicherheitsthemen und -l\u00f6sungen - Save\",\"isPartOf\":{\"@id\":\"https:\\\/\\\/news.save.ch\\\/de\\\/#website\"},\"primaryImageOfPage\":{\"@id\":\"https:\\\/\\\/news.save.ch\\\/grosses-interesse-an-sicherheitsthemen-und-loesungen\\\/#primaryimage\"},\"image\":{\"@id\":\"https:\\\/\\\/news.save.ch\\\/grosses-interesse-an-sicherheitsthemen-und-loesungen\\\/#primaryimage\"},\"thumbnailUrl\":\"https:\\\/\\\/news.save.ch\\\/wp-content\\\/uploads\\\/2016\\\/12\\\/Grosses-Interesse-an-Sicherheitsthemen-und-loesungen-sicherheitsforum-scaled.jpg\",\"datePublished\":\"2015-11-17T14:14:40+00:00\",\"description\":\"Die SICHERHEIT 2015 unterstrich vom 10. bis 13. November erneut ein ungebrochen grosses Interesse an Sicherheitsthemen und -l\u00f6sungen.\",\"breadcrumb\":{\"@id\":\"https:\\\/\\\/news.save.ch\\\/grosses-interesse-an-sicherheitsthemen-und-loesungen\\\/#breadcrumb\"},\"inLanguage\":\"de\",\"potentialAction\":[{\"@type\":\"ReadAction\",\"target\":[\"https:\\\/\\\/news.save.ch\\\/grosses-interesse-an-sicherheitsthemen-und-loesungen\\\/\"]}]},{\"@type\":\"ImageObject\",\"inLanguage\":\"de\",\"@id\":\"https:\\\/\\\/news.save.ch\\\/grosses-interesse-an-sicherheitsthemen-und-loesungen\\\/#primaryimage\",\"url\":\"https:\\\/\\\/news.save.ch\\\/wp-content\\\/uploads\\\/2016\\\/12\\\/Grosses-Interesse-an-Sicherheitsthemen-und-loesungen-sicherheitsforum-scaled.jpg\",\"contentUrl\":\"https:\\\/\\\/news.save.ch\\\/wp-content\\\/uploads\\\/2016\\\/12\\\/Grosses-Interesse-an-Sicherheitsthemen-und-loesungen-sicherheitsforum-scaled.jpg\",\"width\":1400,\"height\":932,\"caption\":\"Fotos: Thomas Entzeroth\"},{\"@type\":\"BreadcrumbList\",\"@id\":\"https:\\\/\\\/news.save.ch\\\/grosses-interesse-an-sicherheitsthemen-und-loesungen\\\/#breadcrumb\",\"itemListElement\":[{\"@type\":\"ListItem\",\"position\":1,\"name\":\"Home\",\"item\":\"https:\\\/\\\/news.save.ch\\\/de\\\/\"},{\"@type\":\"ListItem\",\"position\":2,\"name\":\"Grosses Interesse an Sicherheitsthemen und -l\u00f6sungen\"}]},{\"@type\":\"WebSite\",\"@id\":\"https:\\\/\\\/news.save.ch\\\/de\\\/#website\",\"url\":\"https:\\\/\\\/news.save.ch\\\/de\\\/\",\"name\":\"Save\",\"description\":\"Schweizer Fachzeitschrift f\u00fcr Sicherheit\",\"publisher\":{\"@id\":\"https:\\\/\\\/news.save.ch\\\/de\\\/#organization\"},\"potentialAction\":[{\"@type\":\"SearchAction\",\"target\":{\"@type\":\"EntryPoint\",\"urlTemplate\":\"https:\\\/\\\/news.save.ch\\\/de\\\/?s={search_term_string}\"},\"query-input\":{\"@type\":\"PropertyValueSpecification\",\"valueRequired\":true,\"valueName\":\"search_term_string\"}}],\"inLanguage\":\"de\"},{\"@type\":\"Organization\",\"@id\":\"https:\\\/\\\/news.save.ch\\\/de\\\/#organization\",\"name\":\"Sicherheitsforum\",\"url\":\"https:\\\/\\\/news.save.ch\\\/de\\\/\",\"logo\":{\"@type\":\"ImageObject\",\"inLanguage\":\"de\",\"@id\":\"https:\\\/\\\/news.save.ch\\\/de\\\/#\\\/schema\\\/logo\\\/image\\\/\",\"url\":\"https:\\\/\\\/news.save.ch\\\/wp-content\\\/uploads\\\/2022\\\/06\\\/Logo_SF_2012.png\",\"contentUrl\":\"https:\\\/\\\/news.save.ch\\\/wp-content\\\/uploads\\\/2022\\\/06\\\/Logo_SF_2012.png\",\"width\":1100,\"height\":91,\"caption\":\"Sicherheitsforum\"},\"image\":{\"@id\":\"https:\\\/\\\/news.save.ch\\\/de\\\/#\\\/schema\\\/logo\\\/image\\\/\"}},{\"@type\":\"Person\",\"@id\":\"https:\\\/\\\/news.save.ch\\\/de\\\/#\\\/schema\\\/person\\\/d49e199490bad7c70d64b9ab51142f2b\",\"name\":\"admin\",\"image\":{\"@type\":\"ImageObject\",\"inLanguage\":\"de\",\"@id\":\"https:\\\/\\\/secure.gravatar.com\\\/avatar\\\/ae2f4d718e6c49043e314ce431e7e645d646302a24a5ef5a8bc8e3f5a032e319?s=96&d=mm&r=g\",\"url\":\"https:\\\/\\\/secure.gravatar.com\\\/avatar\\\/ae2f4d718e6c49043e314ce431e7e645d646302a24a5ef5a8bc8e3f5a032e319?s=96&d=mm&r=g\",\"contentUrl\":\"https:\\\/\\\/secure.gravatar.com\\\/avatar\\\/ae2f4d718e6c49043e314ce431e7e645d646302a24a5ef5a8bc8e3f5a032e319?s=96&d=mm&r=g\",\"caption\":\"admin\"},\"sameAs\":[\"https:\\\/\\\/develop.organisator.galledia.ch\"],\"url\":\"https:\\\/\\\/news.save.ch\\\/de\\\/author\\\/admin\\\/\"}]}<\/script>\n<!-- \/ Yoast SEO plugin. -->","yoast_head_json":{"title":"Grosses Interesse an Sicherheitsthemen und -l\u00f6sungen - Save","description":"Die SICHERHEIT 2015 unterstrich vom 10. bis 13. November erneut ein ungebrochen grosses Interesse an Sicherheitsthemen und -l\u00f6sungen.","robots":{"index":"index","follow":"follow","max-snippet":"max-snippet:-1","max-image-preview":"max-image-preview:large","max-video-preview":"max-video-preview:-1"},"canonical":"https:\/\/news.save.ch\/de\/grosses-interesse-an-sicherheitsthemen-und-loesungen\/","og_locale":"de_DE","og_type":"article","og_title":"Grosses Interesse an Sicherheitsthemen und -l\u00f6sungen","og_description":"Die SICHERHEIT 2015 unterstrich vom 10. bis 13. November erneut die ungebrochen grosse Nachfrage nach Sicherheitsl\u00f6sungen. Das zeigte sich auch am messebegleitenden Fachkongress und an der Sonderschau zum Thema \u201eRisikomanagement von Naturgefahren\u201c.","og_url":"https:\/\/news.save.ch\/de\/grosses-interesse-an-sicherheitsthemen-und-loesungen\/","og_site_name":"Save","article_published_time":"2015-11-17T14:14:40+00:00","og_image":[{"url":"https:\/\/news.save.ch\/wp-content\/uploads\/2016\/12\/Grosses-Interesse-an-Sicherheitsthemen-und-l\u00f6sungen-sicherheitsforum.jpg","type":"","width":"","height":""}],"author":"admin","twitter_card":"summary_large_image","twitter_misc":{"Geschrieben von":"admin","Gesch\u00e4tzte Lesezeit":"3\u00a0Minuten"},"schema":{"@context":"https:\/\/schema.org","@graph":[{"@type":"Article","@id":"https:\/\/news.save.ch\/grosses-interesse-an-sicherheitsthemen-und-loesungen\/#article","isPartOf":{"@id":"https:\/\/news.save.ch\/grosses-interesse-an-sicherheitsthemen-und-loesungen\/"},"author":{"name":"admin","@id":"https:\/\/news.save.ch\/de\/#\/schema\/person\/d49e199490bad7c70d64b9ab51142f2b"},"headline":"Grosses Interesse an Sicherheitsthemen und -l\u00f6sungen","datePublished":"2015-11-17T14:14:40+00:00","mainEntityOfPage":{"@id":"https:\/\/news.save.ch\/grosses-interesse-an-sicherheitsthemen-und-loesungen\/"},"wordCount":608,"commentCount":0,"publisher":{"@id":"https:\/\/news.save.ch\/de\/#organization"},"image":{"@id":"https:\/\/news.save.ch\/grosses-interesse-an-sicherheitsthemen-und-loesungen\/#primaryimage"},"thumbnailUrl":"https:\/\/news.save.ch\/wp-content\/uploads\/2016\/12\/Grosses-Interesse-an-Sicherheitsthemen-und-loesungen-sicherheitsforum-scaled.jpg","keywords":["Fachkongress\/Fachmesse","Unternehmen"],"articleSection":["ALLGEMEIN"],"inLanguage":"de"},{"@type":"WebPage","@id":"https:\/\/news.save.ch\/grosses-interesse-an-sicherheitsthemen-und-loesungen\/","url":"https:\/\/news.save.ch\/grosses-interesse-an-sicherheitsthemen-und-loesungen\/","name":"Grosses Interesse an Sicherheitsthemen und -l\u00f6sungen - Save","isPartOf":{"@id":"https:\/\/news.save.ch\/de\/#website"},"primaryImageOfPage":{"@id":"https:\/\/news.save.ch\/grosses-interesse-an-sicherheitsthemen-und-loesungen\/#primaryimage"},"image":{"@id":"https:\/\/news.save.ch\/grosses-interesse-an-sicherheitsthemen-und-loesungen\/#primaryimage"},"thumbnailUrl":"https:\/\/news.save.ch\/wp-content\/uploads\/2016\/12\/Grosses-Interesse-an-Sicherheitsthemen-und-loesungen-sicherheitsforum-scaled.jpg","datePublished":"2015-11-17T14:14:40+00:00","description":"Die SICHERHEIT 2015 unterstrich vom 10. bis 13. November erneut ein ungebrochen grosses Interesse an Sicherheitsthemen und -l\u00f6sungen.","breadcrumb":{"@id":"https:\/\/news.save.ch\/grosses-interesse-an-sicherheitsthemen-und-loesungen\/#breadcrumb"},"inLanguage":"de","potentialAction":[{"@type":"ReadAction","target":["https:\/\/news.save.ch\/grosses-interesse-an-sicherheitsthemen-und-loesungen\/"]}]},{"@type":"ImageObject","inLanguage":"de","@id":"https:\/\/news.save.ch\/grosses-interesse-an-sicherheitsthemen-und-loesungen\/#primaryimage","url":"https:\/\/news.save.ch\/wp-content\/uploads\/2016\/12\/Grosses-Interesse-an-Sicherheitsthemen-und-loesungen-sicherheitsforum-scaled.jpg","contentUrl":"https:\/\/news.save.ch\/wp-content\/uploads\/2016\/12\/Grosses-Interesse-an-Sicherheitsthemen-und-loesungen-sicherheitsforum-scaled.jpg","width":1400,"height":932,"caption":"Fotos: Thomas Entzeroth"},{"@type":"BreadcrumbList","@id":"https:\/\/news.save.ch\/grosses-interesse-an-sicherheitsthemen-und-loesungen\/#breadcrumb","itemListElement":[{"@type":"ListItem","position":1,"name":"Home","item":"https:\/\/news.save.ch\/de\/"},{"@type":"ListItem","position":2,"name":"Grosses Interesse an Sicherheitsthemen und -l\u00f6sungen"}]},{"@type":"WebSite","@id":"https:\/\/news.save.ch\/de\/#website","url":"https:\/\/news.save.ch\/de\/","name":"Save","description":"Schweizer Fachzeitschrift f\u00fcr Sicherheit","publisher":{"@id":"https:\/\/news.save.ch\/de\/#organization"},"potentialAction":[{"@type":"SearchAction","target":{"@type":"EntryPoint","urlTemplate":"https:\/\/news.save.ch\/de\/?s={search_term_string}"},"query-input":{"@type":"PropertyValueSpecification","valueRequired":true,"valueName":"search_term_string"}}],"inLanguage":"de"},{"@type":"Organization","@id":"https:\/\/news.save.ch\/de\/#organization","name":"Sicherheitsforum","url":"https:\/\/news.save.ch\/de\/","logo":{"@type":"ImageObject","inLanguage":"de","@id":"https:\/\/news.save.ch\/de\/#\/schema\/logo\/image\/","url":"https:\/\/news.save.ch\/wp-content\/uploads\/2022\/06\/Logo_SF_2012.png","contentUrl":"https:\/\/news.save.ch\/wp-content\/uploads\/2022\/06\/Logo_SF_2012.png","width":1100,"height":91,"caption":"Sicherheitsforum"},"image":{"@id":"https:\/\/news.save.ch\/de\/#\/schema\/logo\/image\/"}},{"@type":"Person","@id":"https:\/\/news.save.ch\/de\/#\/schema\/person\/d49e199490bad7c70d64b9ab51142f2b","name":"admin","image":{"@type":"ImageObject","inLanguage":"de","@id":"https:\/\/secure.gravatar.com\/avatar\/ae2f4d718e6c49043e314ce431e7e645d646302a24a5ef5a8bc8e3f5a032e319?s=96&d=mm&r=g","url":"https:\/\/secure.gravatar.com\/avatar\/ae2f4d718e6c49043e314ce431e7e645d646302a24a5ef5a8bc8e3f5a032e319?s=96&d=mm&r=g","contentUrl":"https:\/\/secure.gravatar.com\/avatar\/ae2f4d718e6c49043e314ce431e7e645d646302a24a5ef5a8bc8e3f5a032e319?s=96&d=mm&r=g","caption":"admin"},"sameAs":["https:\/\/develop.organisator.galledia.ch"],"url":"https:\/\/news.save.ch\/de\/author\/admin\/"}]}},"_links":{"self":[{"href":"https:\/\/news.save.ch\/de\/wp-json\/wp\/v2\/posts\/1930","targetHints":{"allow":["GET"]}}],"collection":[{"href":"https:\/\/news.save.ch\/de\/wp-json\/wp\/v2\/posts"}],"about":[{"href":"https:\/\/news.save.ch\/de\/wp-json\/wp\/v2\/types\/post"}],"author":[{"embeddable":true,"href":"https:\/\/news.save.ch\/de\/wp-json\/wp\/v2\/users\/1"}],"replies":[{"embeddable":true,"href":"https:\/\/news.save.ch\/de\/wp-json\/wp\/v2\/comments?post=1930"}],"version-history":[{"count":0,"href":"https:\/\/news.save.ch\/de\/wp-json\/wp\/v2\/posts\/1930\/revisions"}],"wp:featuredmedia":[{"embeddable":true,"href":"https:\/\/news.save.ch\/de\/wp-json\/wp\/v2\/media\/1931"}],"wp:attachment":[{"href":"https:\/\/news.save.ch\/de\/wp-json\/wp\/v2\/media?parent=1930"}],"wp:term":[{"taxonomy":"category","embeddable":true,"href":"https:\/\/news.save.ch\/de\/wp-json\/wp\/v2\/categories?post=1930"},{"taxonomy":"post_tag","embeddable":true,"href":"https:\/\/news.save.ch\/de\/wp-json\/wp\/v2\/tags?post=1930"}],"curies":[{"name":"wp","href":"https:\/\/api.w.org\/{rel}","templated":true}]}}