{"id":19323,"date":"2023-04-26T06:10:43","date_gmt":"2023-04-26T04:10:43","guid":{"rendered":"https:\/\/news.save.ch\/?p=19323"},"modified":"2023-04-28T16:18:21","modified_gmt":"2023-04-28T14:18:21","slug":"vbsf-lanciert-sicherheitspreis-2024","status":null,"type":"post","link":"https:\/\/news.save.ch\/de\/vbsf-lanciert-sicherheitspreis-2024\/","title":{"rendered":"VBSF lanciert Sicherheitspreis 2024"},"content":{"rendered":"<figure id=\"attachment_19324\" aria-describedby=\"caption-attachment-19324\" style=\"width: 680px\" class=\"wp-caption aligncenter\"><img loading=\"lazy\" decoding=\"async\" class=\"size-medium wp-image-19324\" src=\"https:\/\/news.save.ch\/wp-content\/uploads\/2023\/04\/Depositphotos_330615022_L-680x408.jpg\" alt=\"Sicherheitspreis\" width=\"680\" height=\"408\" srcset=\"https:\/\/news.save.ch\/wp-content\/uploads\/2023\/04\/Depositphotos_330615022_L-680x408.jpg 680w, https:\/\/news.save.ch\/wp-content\/uploads\/2023\/04\/Depositphotos_330615022_L-1024x614.jpg 1024w, https:\/\/news.save.ch\/wp-content\/uploads\/2023\/04\/Depositphotos_330615022_L-768x461.jpg 768w, https:\/\/news.save.ch\/wp-content\/uploads\/2023\/04\/Depositphotos_330615022_L-1536x922.jpg 1536w, https:\/\/news.save.ch\/wp-content\/uploads\/2023\/04\/Depositphotos_330615022_L-18x12.jpg 18w, https:\/\/news.save.ch\/wp-content\/uploads\/2023\/04\/Depositphotos_330615022_L-375x225.jpg 375w, https:\/\/news.save.ch\/wp-content\/uploads\/2023\/04\/Depositphotos_330615022_L-583x350.jpg 583w, https:\/\/news.save.ch\/wp-content\/uploads\/2023\/04\/Depositphotos_330615022_L-1000x600.jpg 1000w, https:\/\/news.save.ch\/wp-content\/uploads\/2023\/04\/Depositphotos_330615022_L-scaled.jpg 1200w\" sizes=\"auto, (max-width: 680px) 100vw, 680px\" \/><figcaption id=\"caption-attachment-19324\" class=\"wp-caption-text\">Depositphotos, Sergey Nivens<\/figcaption><\/figure>\n<p>Seit 1992 verleiht der <a href=\"https:\/\/info.vbsf.ch\/index.asp?ID=37\">VBSF Sicherheitspreise<\/a>. Der Verein w\u00fcrdigt damit besondere Arbeiten im Bereich der Sicherheit. Gem\u00e4ss Angaben wird der Gewinner des Sicherheitspreises 2024 ein Preisgeld von 10\u2018000 Franken einstreichen. Zudem verleiht der VBSF zwei Anerkennungspreise in der H\u00f6he von je 2\u2018000 Franken.<\/p>\n<h3><strong>Was wird pr\u00e4miert?<\/strong><\/h3>\n<p>Pr\u00e4miert werden laut VBSF wissenschaftliche Arbeiten und solche von praktischer Bedeutung. Der Sicherheitspreis wird am 17. Januar 2024 anl\u00e4sslich der VBSF-Generalversammlung an der Swissbau in Basel vergeben. Die Beitr\u00e4ge m\u00fcssen bis Ende September 2023 dem Pr\u00e4sidenten der Jury vorliegen (E-Mail: <a href=\"mailto:award@vbsf.ch\">award@vbsf.ch<\/a>).<\/p>\n<h3><strong>Der VBSF<\/strong><\/h3>\n<p>Der VBSF ist laut eigenen Angaben ein unabh\u00e4ngiger Verein, welcher sich f\u00fcr die Sicherheit von Menschen, Tieren und Sachwerten einsetzt. Dem im Jahr 1977 gegr\u00fcndeten Verein geh\u00f6ren rund 600 Fachleute aus allen Sicherheitsbereichen an. <em>(rs)<\/em><\/p>\n<p><a href=\"https:\/\/www.vbsf.ch\/download\/Sicherheitspreis\/Reglement.pdf\">Hier geht\u2019s zum Reglement des Sicherheitspreises<\/a><\/p>\n<p><a href=\"https:\/\/vbsf.ch\/index.asp?inc=gruppe.asp&amp;typ=Nav2&amp;cat=318\">Hier geht\u2019s zu den Jury-Mitgliedern<\/a><\/p>\n<p><a href=\"https:\/\/news.save.ch\/de\/sicehrheitspreis-2021-geht-an-espace-mobilite\/\">Hier gehts zum Gewinner des Sicherheitspreises 2021<\/a><\/p>\n","protected":false},"excerpt":{"rendered":"<p>Seit 1992 verleiht der VBSF Sicherheitspreise. Der Verein w\u00fcrdigt damit besondere Arbeiten im Bereich der Sicherheit. Gem\u00e4ss Angaben wird der Gewinner des Sicherheitspreises 2024 ein Preisgeld von 10\u2018000 Franken einstreichen. Zudem verleiht der VBSF zwei Anerkennungspreise in der H\u00f6he von je 2\u2018000 Franken. Was wird pr\u00e4miert? Pr\u00e4miert werden laut VBSF wissenschaftliche Arbeiten und solche von [&hellip;]<\/p>\n","protected":false},"author":8,"featured_media":19324,"comment_status":"closed","ping_status":"closed","sticky":false,"template":"","format":"standard","meta":{"_acf_changed":false,"pgc_sgb_lightbox_settings":"","footnotes":""},"categories":[3312],"tags":[546,1111,547],"class_list":["post-19323","post","type-post","status-publish","format-standard","has-post-thumbnail","hentry","category-sicherheit","tag-sicherheitspreis","tag-swissbau","tag-vbsf"],"acf":[],"hkrextid":null,"publication":null,"issue":null,"workflow":null,"startPage":null,"spitzmarke":null,"_posts_by_tag_page_fields":null,"_at_widget":null,"_yoast_wpseo_primary_category":"3312","_yoast_wpseo_focuskw_text_input":null,"_yoast_wpseo_opengraph-image":null,"_yoast_wpseo_opengraph-description":null,"_yoast_wpseo_opengraph-title":null,"enclosure":null,"_yoast_wpseo_twitter-title":null,"_yoast_wpseo_twitter-description":null,"_yoast_wpseo_twitter-image":null,"_wp_old_slug":null,"_yoast_wpseo_title":null,"_yoast_wpseo_canonical":null,"yoast_head":"<!-- This site is optimized with the Yoast SEO plugin v27.5 - https:\/\/yoast.com\/product\/yoast-seo-wordpress\/ -->\n<title>VBSF lanciert Sicherheitspreis 2024 - Save<\/title>\n<meta name=\"description\" content=\"Der Schweizerische Verein von Brandschutz- und Sicherheitsfachleuten (VBSF) schreibt erneut seinen mit 10\u2018000 Franken dotierten VBSF-Sicherheitspreis aus.\" \/>\n<meta name=\"robots\" content=\"index, follow, max-snippet:-1, max-image-preview:large, max-video-preview:-1\" \/>\n<link rel=\"canonical\" href=\"https:\/\/news.save.ch\/de\/vbsf-lanciert-sicherheitspreis-2024\/\" \/>\n<meta property=\"og:locale\" content=\"de_DE\" \/>\n<meta property=\"og:type\" content=\"article\" \/>\n<meta property=\"og:title\" content=\"VBSF lanciert Sicherheitspreis 2024 - Save\" \/>\n<meta property=\"og:description\" content=\"Der Schweizerische Verein von Brandschutz- und Sicherheitsfachleuten (VBSF) schreibt erneut seinen mit 10\u2018000 Franken dotierten VBSF-Sicherheitspreis aus.\" \/>\n<meta property=\"og:url\" content=\"https:\/\/news.save.ch\/de\/vbsf-lanciert-sicherheitspreis-2024\/\" \/>\n<meta property=\"og:site_name\" content=\"Save\" \/>\n<meta property=\"article:published_time\" content=\"2023-04-26T04:10:43+00:00\" \/>\n<meta property=\"article:modified_time\" content=\"2023-04-28T14:18:21+00:00\" \/>\n<meta property=\"og:image\" content=\"https:\/\/news.save.ch\/wp-content\/uploads\/2023\/04\/Depositphotos_330615022_L-scaled.jpg\" \/>\n\t<meta property=\"og:image:width\" content=\"1200\" \/>\n\t<meta property=\"og:image:height\" content=\"720\" \/>\n\t<meta property=\"og:image:type\" content=\"image\/jpeg\" \/>\n<meta name=\"author\" content=\"Roger Str\u00e4ssle\" \/>\n<meta name=\"twitter:card\" content=\"summary_large_image\" \/>\n<meta name=\"twitter:label1\" content=\"Geschrieben von\" \/>\n\t<meta name=\"twitter:data1\" content=\"Roger Str\u00e4ssle\" \/>\n\t<meta name=\"twitter:label2\" content=\"Gesch\u00e4tzte Lesezeit\" \/>\n\t<meta name=\"twitter:data2\" content=\"2\u00a0Minuten\" \/>\n<script type=\"application\/ld+json\" class=\"yoast-schema-graph\">{\"@context\":\"https:\\\/\\\/schema.org\",\"@graph\":[{\"@type\":\"Article\",\"@id\":\"https:\\\/\\\/news.save.ch\\\/vbsf-lanciert-sicherheitspreis-2024\\\/#article\",\"isPartOf\":{\"@id\":\"https:\\\/\\\/news.save.ch\\\/vbsf-lanciert-sicherheitspreis-2024\\\/\"},\"author\":{\"name\":\"Roger Str\u00e4ssle\",\"@id\":\"https:\\\/\\\/news.save.ch\\\/de\\\/#\\\/schema\\\/person\\\/d5022db048e0e2b9785c50e5b24da5aa\"},\"headline\":\"VBSF lanciert Sicherheitspreis 2024\",\"datePublished\":\"2023-04-26T04:10:43+00:00\",\"dateModified\":\"2023-04-28T14:18:21+00:00\",\"mainEntityOfPage\":{\"@id\":\"https:\\\/\\\/news.save.ch\\\/vbsf-lanciert-sicherheitspreis-2024\\\/\"},\"wordCount\":162,\"publisher\":{\"@id\":\"https:\\\/\\\/news.save.ch\\\/de\\\/#organization\"},\"image\":{\"@id\":\"https:\\\/\\\/news.save.ch\\\/vbsf-lanciert-sicherheitspreis-2024\\\/#primaryimage\"},\"thumbnailUrl\":\"https:\\\/\\\/news.save.ch\\\/wp-content\\\/uploads\\\/2023\\\/04\\\/Depositphotos_330615022_L-scaled.jpg\",\"keywords\":[\"Sicherheitspreis\",\"Swissbau\",\"VBSF\"],\"articleSection\":[\"SICHERHEIT\"],\"inLanguage\":\"de\"},{\"@type\":\"WebPage\",\"@id\":\"https:\\\/\\\/news.save.ch\\\/vbsf-lanciert-sicherheitspreis-2024\\\/\",\"url\":\"https:\\\/\\\/news.save.ch\\\/vbsf-lanciert-sicherheitspreis-2024\\\/\",\"name\":\"VBSF lanciert Sicherheitspreis 2024 - Save\",\"isPartOf\":{\"@id\":\"https:\\\/\\\/news.save.ch\\\/de\\\/#website\"},\"primaryImageOfPage\":{\"@id\":\"https:\\\/\\\/news.save.ch\\\/vbsf-lanciert-sicherheitspreis-2024\\\/#primaryimage\"},\"image\":{\"@id\":\"https:\\\/\\\/news.save.ch\\\/vbsf-lanciert-sicherheitspreis-2024\\\/#primaryimage\"},\"thumbnailUrl\":\"https:\\\/\\\/news.save.ch\\\/wp-content\\\/uploads\\\/2023\\\/04\\\/Depositphotos_330615022_L-scaled.jpg\",\"datePublished\":\"2023-04-26T04:10:43+00:00\",\"dateModified\":\"2023-04-28T14:18:21+00:00\",\"description\":\"Der Schweizerische Verein von Brandschutz- und Sicherheitsfachleuten (VBSF) schreibt erneut seinen mit 10\u2018000 Franken dotierten VBSF-Sicherheitspreis aus.\",\"breadcrumb\":{\"@id\":\"https:\\\/\\\/news.save.ch\\\/vbsf-lanciert-sicherheitspreis-2024\\\/#breadcrumb\"},\"inLanguage\":\"de\",\"potentialAction\":[{\"@type\":\"ReadAction\",\"target\":[\"https:\\\/\\\/news.save.ch\\\/vbsf-lanciert-sicherheitspreis-2024\\\/\"]}]},{\"@type\":\"ImageObject\",\"inLanguage\":\"de\",\"@id\":\"https:\\\/\\\/news.save.ch\\\/vbsf-lanciert-sicherheitspreis-2024\\\/#primaryimage\",\"url\":\"https:\\\/\\\/news.save.ch\\\/wp-content\\\/uploads\\\/2023\\\/04\\\/Depositphotos_330615022_L-scaled.jpg\",\"contentUrl\":\"https:\\\/\\\/news.save.ch\\\/wp-content\\\/uploads\\\/2023\\\/04\\\/Depositphotos_330615022_L-scaled.jpg\",\"width\":1200,\"height\":720,\"caption\":\"Depositphotos, Sergey Nivens\"},{\"@type\":\"BreadcrumbList\",\"@id\":\"https:\\\/\\\/news.save.ch\\\/vbsf-lanciert-sicherheitspreis-2024\\\/#breadcrumb\",\"itemListElement\":[{\"@type\":\"ListItem\",\"position\":1,\"name\":\"Home\",\"item\":\"https:\\\/\\\/news.save.ch\\\/de\\\/\"},{\"@type\":\"ListItem\",\"position\":2,\"name\":\"VBSF lanciert Sicherheitspreis 2024\"}]},{\"@type\":\"WebSite\",\"@id\":\"https:\\\/\\\/news.save.ch\\\/de\\\/#website\",\"url\":\"https:\\\/\\\/news.save.ch\\\/de\\\/\",\"name\":\"Save\",\"description\":\"Schweizer Fachzeitschrift f\u00fcr Sicherheit\",\"publisher\":{\"@id\":\"https:\\\/\\\/news.save.ch\\\/de\\\/#organization\"},\"potentialAction\":[{\"@type\":\"SearchAction\",\"target\":{\"@type\":\"EntryPoint\",\"urlTemplate\":\"https:\\\/\\\/news.save.ch\\\/de\\\/?s={search_term_string}\"},\"query-input\":{\"@type\":\"PropertyValueSpecification\",\"valueRequired\":true,\"valueName\":\"search_term_string\"}}],\"inLanguage\":\"de\"},{\"@type\":\"Organization\",\"@id\":\"https:\\\/\\\/news.save.ch\\\/de\\\/#organization\",\"name\":\"Sicherheitsforum\",\"url\":\"https:\\\/\\\/news.save.ch\\\/de\\\/\",\"logo\":{\"@type\":\"ImageObject\",\"inLanguage\":\"de\",\"@id\":\"https:\\\/\\\/news.save.ch\\\/de\\\/#\\\/schema\\\/logo\\\/image\\\/\",\"url\":\"https:\\\/\\\/news.save.ch\\\/wp-content\\\/uploads\\\/2022\\\/06\\\/Logo_SF_2012.png\",\"contentUrl\":\"https:\\\/\\\/news.save.ch\\\/wp-content\\\/uploads\\\/2022\\\/06\\\/Logo_SF_2012.png\",\"width\":1100,\"height\":91,\"caption\":\"Sicherheitsforum\"},\"image\":{\"@id\":\"https:\\\/\\\/news.save.ch\\\/de\\\/#\\\/schema\\\/logo\\\/image\\\/\"}},{\"@type\":\"Person\",\"@id\":\"https:\\\/\\\/news.save.ch\\\/de\\\/#\\\/schema\\\/person\\\/d5022db048e0e2b9785c50e5b24da5aa\",\"name\":\"Roger Str\u00e4ssle\",\"image\":{\"@type\":\"ImageObject\",\"inLanguage\":\"de\",\"@id\":\"https:\\\/\\\/secure.gravatar.com\\\/avatar\\\/862a5569d087de48e5856e32f45d719a03804c891d6deb8d4f71a660e79e4a47?s=96&d=mm&r=g\",\"url\":\"https:\\\/\\\/secure.gravatar.com\\\/avatar\\\/862a5569d087de48e5856e32f45d719a03804c891d6deb8d4f71a660e79e4a47?s=96&d=mm&r=g\",\"contentUrl\":\"https:\\\/\\\/secure.gravatar.com\\\/avatar\\\/862a5569d087de48e5856e32f45d719a03804c891d6deb8d4f71a660e79e4a47?s=96&d=mm&r=g\",\"caption\":\"Roger Str\u00e4ssle\"},\"url\":\"https:\\\/\\\/news.save.ch\\\/de\\\/author\\\/roger-straessle\\\/\"}]}<\/script>\n<!-- \/ Yoast SEO plugin. -->","yoast_head_json":{"title":"VBSF lanciert Sicherheitspreis 2024 - Save","description":"Der Schweizerische Verein von Brandschutz- und Sicherheitsfachleuten (VBSF) schreibt erneut seinen mit 10\u2018000 Franken dotierten VBSF-Sicherheitspreis aus.","robots":{"index":"index","follow":"follow","max-snippet":"max-snippet:-1","max-image-preview":"max-image-preview:large","max-video-preview":"max-video-preview:-1"},"canonical":"https:\/\/news.save.ch\/de\/vbsf-lanciert-sicherheitspreis-2024\/","og_locale":"de_DE","og_type":"article","og_title":"VBSF lanciert Sicherheitspreis 2024 - Save","og_description":"Der Schweizerische Verein von Brandschutz- und Sicherheitsfachleuten (VBSF) schreibt erneut seinen mit 10\u2018000 Franken dotierten VBSF-Sicherheitspreis aus.","og_url":"https:\/\/news.save.ch\/de\/vbsf-lanciert-sicherheitspreis-2024\/","og_site_name":"Save","article_published_time":"2023-04-26T04:10:43+00:00","article_modified_time":"2023-04-28T14:18:21+00:00","og_image":[{"width":1200,"height":720,"url":"https:\/\/news.save.ch\/wp-content\/uploads\/2023\/04\/Depositphotos_330615022_L-scaled.jpg","type":"image\/jpeg"}],"author":"Roger Str\u00e4ssle","twitter_card":"summary_large_image","twitter_misc":{"Geschrieben von":"Roger Str\u00e4ssle","Gesch\u00e4tzte Lesezeit":"2\u00a0Minuten"},"schema":{"@context":"https:\/\/schema.org","@graph":[{"@type":"Article","@id":"https:\/\/news.save.ch\/vbsf-lanciert-sicherheitspreis-2024\/#article","isPartOf":{"@id":"https:\/\/news.save.ch\/vbsf-lanciert-sicherheitspreis-2024\/"},"author":{"name":"Roger Str\u00e4ssle","@id":"https:\/\/news.save.ch\/de\/#\/schema\/person\/d5022db048e0e2b9785c50e5b24da5aa"},"headline":"VBSF lanciert Sicherheitspreis 2024","datePublished":"2023-04-26T04:10:43+00:00","dateModified":"2023-04-28T14:18:21+00:00","mainEntityOfPage":{"@id":"https:\/\/news.save.ch\/vbsf-lanciert-sicherheitspreis-2024\/"},"wordCount":162,"publisher":{"@id":"https:\/\/news.save.ch\/de\/#organization"},"image":{"@id":"https:\/\/news.save.ch\/vbsf-lanciert-sicherheitspreis-2024\/#primaryimage"},"thumbnailUrl":"https:\/\/news.save.ch\/wp-content\/uploads\/2023\/04\/Depositphotos_330615022_L-scaled.jpg","keywords":["Sicherheitspreis","Swissbau","VBSF"],"articleSection":["SICHERHEIT"],"inLanguage":"de"},{"@type":"WebPage","@id":"https:\/\/news.save.ch\/vbsf-lanciert-sicherheitspreis-2024\/","url":"https:\/\/news.save.ch\/vbsf-lanciert-sicherheitspreis-2024\/","name":"VBSF lanciert Sicherheitspreis 2024 - Save","isPartOf":{"@id":"https:\/\/news.save.ch\/de\/#website"},"primaryImageOfPage":{"@id":"https:\/\/news.save.ch\/vbsf-lanciert-sicherheitspreis-2024\/#primaryimage"},"image":{"@id":"https:\/\/news.save.ch\/vbsf-lanciert-sicherheitspreis-2024\/#primaryimage"},"thumbnailUrl":"https:\/\/news.save.ch\/wp-content\/uploads\/2023\/04\/Depositphotos_330615022_L-scaled.jpg","datePublished":"2023-04-26T04:10:43+00:00","dateModified":"2023-04-28T14:18:21+00:00","description":"Der Schweizerische Verein von Brandschutz- und Sicherheitsfachleuten (VBSF) schreibt erneut seinen mit 10\u2018000 Franken dotierten VBSF-Sicherheitspreis aus.","breadcrumb":{"@id":"https:\/\/news.save.ch\/vbsf-lanciert-sicherheitspreis-2024\/#breadcrumb"},"inLanguage":"de","potentialAction":[{"@type":"ReadAction","target":["https:\/\/news.save.ch\/vbsf-lanciert-sicherheitspreis-2024\/"]}]},{"@type":"ImageObject","inLanguage":"de","@id":"https:\/\/news.save.ch\/vbsf-lanciert-sicherheitspreis-2024\/#primaryimage","url":"https:\/\/news.save.ch\/wp-content\/uploads\/2023\/04\/Depositphotos_330615022_L-scaled.jpg","contentUrl":"https:\/\/news.save.ch\/wp-content\/uploads\/2023\/04\/Depositphotos_330615022_L-scaled.jpg","width":1200,"height":720,"caption":"Depositphotos, Sergey Nivens"},{"@type":"BreadcrumbList","@id":"https:\/\/news.save.ch\/vbsf-lanciert-sicherheitspreis-2024\/#breadcrumb","itemListElement":[{"@type":"ListItem","position":1,"name":"Home","item":"https:\/\/news.save.ch\/de\/"},{"@type":"ListItem","position":2,"name":"VBSF lanciert Sicherheitspreis 2024"}]},{"@type":"WebSite","@id":"https:\/\/news.save.ch\/de\/#website","url":"https:\/\/news.save.ch\/de\/","name":"Save","description":"Schweizer Fachzeitschrift f\u00fcr Sicherheit","publisher":{"@id":"https:\/\/news.save.ch\/de\/#organization"},"potentialAction":[{"@type":"SearchAction","target":{"@type":"EntryPoint","urlTemplate":"https:\/\/news.save.ch\/de\/?s={search_term_string}"},"query-input":{"@type":"PropertyValueSpecification","valueRequired":true,"valueName":"search_term_string"}}],"inLanguage":"de"},{"@type":"Organization","@id":"https:\/\/news.save.ch\/de\/#organization","name":"Sicherheitsforum","url":"https:\/\/news.save.ch\/de\/","logo":{"@type":"ImageObject","inLanguage":"de","@id":"https:\/\/news.save.ch\/de\/#\/schema\/logo\/image\/","url":"https:\/\/news.save.ch\/wp-content\/uploads\/2022\/06\/Logo_SF_2012.png","contentUrl":"https:\/\/news.save.ch\/wp-content\/uploads\/2022\/06\/Logo_SF_2012.png","width":1100,"height":91,"caption":"Sicherheitsforum"},"image":{"@id":"https:\/\/news.save.ch\/de\/#\/schema\/logo\/image\/"}},{"@type":"Person","@id":"https:\/\/news.save.ch\/de\/#\/schema\/person\/d5022db048e0e2b9785c50e5b24da5aa","name":"Roger Str\u00e4ssle","image":{"@type":"ImageObject","inLanguage":"de","@id":"https:\/\/secure.gravatar.com\/avatar\/862a5569d087de48e5856e32f45d719a03804c891d6deb8d4f71a660e79e4a47?s=96&d=mm&r=g","url":"https:\/\/secure.gravatar.com\/avatar\/862a5569d087de48e5856e32f45d719a03804c891d6deb8d4f71a660e79e4a47?s=96&d=mm&r=g","contentUrl":"https:\/\/secure.gravatar.com\/avatar\/862a5569d087de48e5856e32f45d719a03804c891d6deb8d4f71a660e79e4a47?s=96&d=mm&r=g","caption":"Roger Str\u00e4ssle"},"url":"https:\/\/news.save.ch\/de\/author\/roger-straessle\/"}]}},"_links":{"self":[{"href":"https:\/\/news.save.ch\/de\/wp-json\/wp\/v2\/posts\/19323","targetHints":{"allow":["GET"]}}],"collection":[{"href":"https:\/\/news.save.ch\/de\/wp-json\/wp\/v2\/posts"}],"about":[{"href":"https:\/\/news.save.ch\/de\/wp-json\/wp\/v2\/types\/post"}],"author":[{"embeddable":true,"href":"https:\/\/news.save.ch\/de\/wp-json\/wp\/v2\/users\/8"}],"replies":[{"embeddable":true,"href":"https:\/\/news.save.ch\/de\/wp-json\/wp\/v2\/comments?post=19323"}],"version-history":[{"count":4,"href":"https:\/\/news.save.ch\/de\/wp-json\/wp\/v2\/posts\/19323\/revisions"}],"predecessor-version":[{"id":19346,"href":"https:\/\/news.save.ch\/de\/wp-json\/wp\/v2\/posts\/19323\/revisions\/19346"}],"wp:featuredmedia":[{"embeddable":true,"href":"https:\/\/news.save.ch\/de\/wp-json\/wp\/v2\/media\/19324"}],"wp:attachment":[{"href":"https:\/\/news.save.ch\/de\/wp-json\/wp\/v2\/media?parent=19323"}],"wp:term":[{"taxonomy":"category","embeddable":true,"href":"https:\/\/news.save.ch\/de\/wp-json\/wp\/v2\/categories?post=19323"},{"taxonomy":"post_tag","embeddable":true,"href":"https:\/\/news.save.ch\/de\/wp-json\/wp\/v2\/tags?post=19323"}],"curies":[{"name":"wp","href":"https:\/\/api.w.org\/{rel}","templated":true}]}}