{"id":19336,"date":"2023-04-28T10:21:18","date_gmt":"2023-04-28T08:21:18","guid":{"rendered":"https:\/\/news.save.ch\/?p=19336"},"modified":"2023-04-28T10:21:18","modified_gmt":"2023-04-28T08:21:18","slug":"zahl-der-absturzunfaelle-bleibt-hoch","status":null,"type":"post","link":"https:\/\/news.save.ch\/de\/zahl-der-absturzunfaelle-bleibt-hoch\/","title":{"rendered":"Zahl der Absturzunf\u00e4lle bleibt hoch"},"content":{"rendered":"<div>\n<p>Im letzten Jahr ereigneten sich mehrere schwere und t\u00f6dliche Unf\u00e4lle, bei denen Personen durch Faserzementd\u00e4cher in die Tiefe st\u00fcrzten, so die Suva. Was oft untersch\u00e4tzt werde: Auch Abst\u00fcrze aus geringerer H\u00f6he k\u00f6nnen dramatische Folgen haben. Laut Unfallversicherer f\u00fchren in Suva versicherten Betrieben von j\u00e4hrlich 5500 Berufsunf\u00e4llen mit Leitern knapp 100 zu Invalidit\u00e4t. Drei davon w\u00fcrden t\u00f6dlich enden.<\/p>\n<\/div>\n<div>\n<p>\u00abBeinahe jeder dritte Berufsunfall mit bleibenden Sch\u00e4den oder Todesfolge ist ein Absturzunfall\u00bb, sagt Andr\u00e9 Meier, Abteilungsleiter Arbeitssicherheit und Gesundheitsschutz bei der Suva. Darum sei das Einhalten der lebenswichtigen Regeln so wichtig. So k\u00f6nnen laut Meier zwei Drittel aller schweren und t\u00f6dlichen Unf\u00e4lle vermieden werden. Das Wissen \u00fcber diese Regeln sei zwar vorhanden, doch fehle es teilweise an einer nachhaltigen Pr\u00e4ventionskultur in den Betrieben. \u00abIn einer funktionierenden Pr\u00e4ventionskultur nehmen alle Mitarbeitenden ihre Verantwortung f\u00fcr sicheres und gesundes Arbeiten wahr und haben den Mut, bei Gefahr Stopp zu sagen\u00bb, betont Andr\u00e9 Meier. Erst wenn die Gefahr behoben sei, solle weitergearbeitet werden.<\/p>\n<p><em>Die Suva unterst\u00fctzt die Betriebe beim Entwickeln einer Pr\u00e4ventionskultur und hat diverse\u00a0<a class=\"sux-text-link\" href=\"https:\/\/www.suva.ch\/de-ch\/download#state=%5BdownloadcenterSearch%5Btext%5D%3D%26downloadcenterSearch%5Bfilter%5D%5Bsorting%5D%5Bkey%5D%3Drelevance%26downloadcenterSearch%5Bfilter%5D%5Bsorting%5D%5Bdirection%5D%3Ddesc%26downloadcenterSearch%5Bfilter%5D%5Bsorting%5D%5BisSortingAccordionOpen%5D%3Dfalse%26downloadcenterSearch%5BinternalSearchReferral%5D%3Dundefined%5D\" data-test-id=\"internal\">Informationsmittel\u00a0<\/a>\u00a0und\u00a0<a class=\"sux-text-link\" href=\"https:\/\/www.suva.ch\/de-ch\/praevention\/beratung-kurse-und-angebote\/praeventionsmodule-uebersicht\" data-test-id=\"internal\">Pr\u00e4ventionsmodule<\/a> zu den Themen Arbeitssicherheit und Gesundheitsschutz im Angebot. (pd)<\/em><\/p>\n<\/div>\n","protected":false},"excerpt":{"rendered":"<p>Im letzten Jahr ereigneten sich mehrere schwere und t\u00f6dliche Unf\u00e4lle, bei denen Personen durch Faserzementd\u00e4cher in die Tiefe st\u00fcrzten, so die Suva. Was oft untersch\u00e4tzt werde: Auch Abst\u00fcrze aus geringerer H\u00f6he k\u00f6nnen dramatische Folgen haben. Laut Unfallversicherer f\u00fchren in Suva versicherten Betrieben von j\u00e4hrlich 5500 Berufsunf\u00e4llen mit Leitern knapp 100 zu Invalidit\u00e4t. Drei davon w\u00fcrden [&hellip;]<\/p>\n","protected":false},"author":8,"featured_media":19337,"comment_status":"closed","ping_status":"closed","sticky":false,"template":"","format":"standard","meta":{"_acf_changed":false,"pgc_sgb_lightbox_settings":"","footnotes":""},"categories":[3314],"tags":[1588,1768,167],"class_list":["post-19336","post","type-post","status-publish","format-standard","has-post-thumbnail","hentry","category-health-safety","tag-absturzunfaelle","tag-berufsunfaelle","tag-suva"],"acf":[],"hkrextid":null,"publication":null,"issue":null,"workflow":null,"startPage":null,"spitzmarke":null,"_posts_by_tag_page_fields":null,"_at_widget":null,"_yoast_wpseo_primary_category":"3314","_yoast_wpseo_focuskw_text_input":null,"_yoast_wpseo_opengraph-image":null,"_yoast_wpseo_opengraph-description":null,"_yoast_wpseo_opengraph-title":null,"enclosure":null,"_yoast_wpseo_twitter-title":null,"_yoast_wpseo_twitter-description":null,"_yoast_wpseo_twitter-image":null,"_wp_old_slug":null,"_yoast_wpseo_title":null,"_yoast_wpseo_canonical":null,"yoast_head":"<!-- This site is optimized with the Yoast SEO plugin v27.5 - https:\/\/yoast.com\/product\/yoast-seo-wordpress\/ -->\n<title>Zahl der Absturzunf\u00e4lle bleibt hoch - Save<\/title>\n<meta name=\"robots\" content=\"index, follow, max-snippet:-1, max-image-preview:large, max-video-preview:-1\" \/>\n<link rel=\"canonical\" href=\"https:\/\/news.save.ch\/de\/zahl-der-absturzunfaelle-bleibt-hoch\/\" \/>\n<meta property=\"og:locale\" content=\"de_DE\" \/>\n<meta property=\"og:type\" content=\"article\" \/>\n<meta property=\"og:title\" content=\"Zahl der Absturzunf\u00e4lle bleibt hoch - Save\" \/>\n<meta property=\"og:description\" content=\"Im letzten Jahr ereigneten sich mehrere schwere und t\u00f6dliche Unf\u00e4lle, bei denen Personen durch Faserzementd\u00e4cher in die Tiefe st\u00fcrzten, so die Suva. Was oft untersch\u00e4tzt werde: Auch Abst\u00fcrze aus geringerer H\u00f6he k\u00f6nnen dramatische Folgen haben. Laut Unfallversicherer f\u00fchren in Suva versicherten Betrieben von j\u00e4hrlich 5500 Berufsunf\u00e4llen mit Leitern knapp 100 zu Invalidit\u00e4t. Drei davon w\u00fcrden [&hellip;]\" \/>\n<meta property=\"og:url\" content=\"https:\/\/news.save.ch\/de\/zahl-der-absturzunfaelle-bleibt-hoch\/\" \/>\n<meta property=\"og:site_name\" content=\"Save\" \/>\n<meta property=\"article:published_time\" content=\"2023-04-28T08:21:18+00:00\" \/>\n<meta property=\"og:image\" content=\"https:\/\/news.save.ch\/wp-content\/uploads\/2023\/04\/Suva_Original_17767-Kopie.jpeg\" \/>\n\t<meta property=\"og:image:width\" content=\"1280\" \/>\n\t<meta property=\"og:image:height\" content=\"444\" \/>\n\t<meta property=\"og:image:type\" content=\"image\/jpeg\" \/>\n<meta name=\"author\" content=\"Roger Str\u00e4ssle\" \/>\n<meta name=\"twitter:card\" content=\"summary_large_image\" \/>\n<meta name=\"twitter:label1\" content=\"Geschrieben von\" \/>\n\t<meta name=\"twitter:data1\" content=\"Roger Str\u00e4ssle\" \/>\n\t<meta name=\"twitter:label2\" content=\"Gesch\u00e4tzte Lesezeit\" \/>\n\t<meta name=\"twitter:data2\" content=\"2\u00a0Minuten\" \/>\n<script type=\"application\/ld+json\" class=\"yoast-schema-graph\">{\"@context\":\"https:\\\/\\\/schema.org\",\"@graph\":[{\"@type\":\"Article\",\"@id\":\"https:\\\/\\\/news.save.ch\\\/zahl-der-absturzunfaelle-bleibt-hoch\\\/#article\",\"isPartOf\":{\"@id\":\"https:\\\/\\\/news.save.ch\\\/zahl-der-absturzunfaelle-bleibt-hoch\\\/\"},\"author\":{\"name\":\"Roger Str\u00e4ssle\",\"@id\":\"https:\\\/\\\/news.save.ch\\\/de\\\/#\\\/schema\\\/person\\\/d5022db048e0e2b9785c50e5b24da5aa\"},\"headline\":\"Zahl der Absturzunf\u00e4lle bleibt hoch\",\"datePublished\":\"2023-04-28T08:21:18+00:00\",\"mainEntityOfPage\":{\"@id\":\"https:\\\/\\\/news.save.ch\\\/zahl-der-absturzunfaelle-bleibt-hoch\\\/\"},\"wordCount\":208,\"publisher\":{\"@id\":\"https:\\\/\\\/news.save.ch\\\/de\\\/#organization\"},\"image\":{\"@id\":\"https:\\\/\\\/news.save.ch\\\/zahl-der-absturzunfaelle-bleibt-hoch\\\/#primaryimage\"},\"thumbnailUrl\":\"https:\\\/\\\/news.save.ch\\\/wp-content\\\/uploads\\\/2023\\\/04\\\/Suva_Original_17767-Kopie.jpeg\",\"keywords\":[\"Absturzunf\u00e4lle\",\"Berufsunf\u00e4lle\",\"SUVA\"],\"articleSection\":[\"HEALTH &amp; SAFETY\"],\"inLanguage\":\"de\"},{\"@type\":\"WebPage\",\"@id\":\"https:\\\/\\\/news.save.ch\\\/zahl-der-absturzunfaelle-bleibt-hoch\\\/\",\"url\":\"https:\\\/\\\/news.save.ch\\\/zahl-der-absturzunfaelle-bleibt-hoch\\\/\",\"name\":\"Zahl der Absturzunf\u00e4lle bleibt hoch - Save\",\"isPartOf\":{\"@id\":\"https:\\\/\\\/news.save.ch\\\/de\\\/#website\"},\"primaryImageOfPage\":{\"@id\":\"https:\\\/\\\/news.save.ch\\\/zahl-der-absturzunfaelle-bleibt-hoch\\\/#primaryimage\"},\"image\":{\"@id\":\"https:\\\/\\\/news.save.ch\\\/zahl-der-absturzunfaelle-bleibt-hoch\\\/#primaryimage\"},\"thumbnailUrl\":\"https:\\\/\\\/news.save.ch\\\/wp-content\\\/uploads\\\/2023\\\/04\\\/Suva_Original_17767-Kopie.jpeg\",\"datePublished\":\"2023-04-28T08:21:18+00:00\",\"breadcrumb\":{\"@id\":\"https:\\\/\\\/news.save.ch\\\/zahl-der-absturzunfaelle-bleibt-hoch\\\/#breadcrumb\"},\"inLanguage\":\"de\",\"potentialAction\":[{\"@type\":\"ReadAction\",\"target\":[\"https:\\\/\\\/news.save.ch\\\/zahl-der-absturzunfaelle-bleibt-hoch\\\/\"]}]},{\"@type\":\"ImageObject\",\"inLanguage\":\"de\",\"@id\":\"https:\\\/\\\/news.save.ch\\\/zahl-der-absturzunfaelle-bleibt-hoch\\\/#primaryimage\",\"url\":\"https:\\\/\\\/news.save.ch\\\/wp-content\\\/uploads\\\/2023\\\/04\\\/Suva_Original_17767-Kopie.jpeg\",\"contentUrl\":\"https:\\\/\\\/news.save.ch\\\/wp-content\\\/uploads\\\/2023\\\/04\\\/Suva_Original_17767-Kopie.jpeg\",\"width\":1200,\"height\":416,\"caption\":\"Quelle: Suva\"},{\"@type\":\"BreadcrumbList\",\"@id\":\"https:\\\/\\\/news.save.ch\\\/zahl-der-absturzunfaelle-bleibt-hoch\\\/#breadcrumb\",\"itemListElement\":[{\"@type\":\"ListItem\",\"position\":1,\"name\":\"Home\",\"item\":\"https:\\\/\\\/news.save.ch\\\/de\\\/\"},{\"@type\":\"ListItem\",\"position\":2,\"name\":\"Zahl der Absturzunf\u00e4lle bleibt hoch\"}]},{\"@type\":\"WebSite\",\"@id\":\"https:\\\/\\\/news.save.ch\\\/de\\\/#website\",\"url\":\"https:\\\/\\\/news.save.ch\\\/de\\\/\",\"name\":\"Save\",\"description\":\"Schweizer Fachzeitschrift f\u00fcr Sicherheit\",\"publisher\":{\"@id\":\"https:\\\/\\\/news.save.ch\\\/de\\\/#organization\"},\"potentialAction\":[{\"@type\":\"SearchAction\",\"target\":{\"@type\":\"EntryPoint\",\"urlTemplate\":\"https:\\\/\\\/news.save.ch\\\/de\\\/?s={search_term_string}\"},\"query-input\":{\"@type\":\"PropertyValueSpecification\",\"valueRequired\":true,\"valueName\":\"search_term_string\"}}],\"inLanguage\":\"de\"},{\"@type\":\"Organization\",\"@id\":\"https:\\\/\\\/news.save.ch\\\/de\\\/#organization\",\"name\":\"Sicherheitsforum\",\"url\":\"https:\\\/\\\/news.save.ch\\\/de\\\/\",\"logo\":{\"@type\":\"ImageObject\",\"inLanguage\":\"de\",\"@id\":\"https:\\\/\\\/news.save.ch\\\/de\\\/#\\\/schema\\\/logo\\\/image\\\/\",\"url\":\"https:\\\/\\\/news.save.ch\\\/wp-content\\\/uploads\\\/2022\\\/06\\\/Logo_SF_2012.png\",\"contentUrl\":\"https:\\\/\\\/news.save.ch\\\/wp-content\\\/uploads\\\/2022\\\/06\\\/Logo_SF_2012.png\",\"width\":1100,\"height\":91,\"caption\":\"Sicherheitsforum\"},\"image\":{\"@id\":\"https:\\\/\\\/news.save.ch\\\/de\\\/#\\\/schema\\\/logo\\\/image\\\/\"}},{\"@type\":\"Person\",\"@id\":\"https:\\\/\\\/news.save.ch\\\/de\\\/#\\\/schema\\\/person\\\/d5022db048e0e2b9785c50e5b24da5aa\",\"name\":\"Roger Str\u00e4ssle\",\"image\":{\"@type\":\"ImageObject\",\"inLanguage\":\"de\",\"@id\":\"https:\\\/\\\/secure.gravatar.com\\\/avatar\\\/862a5569d087de48e5856e32f45d719a03804c891d6deb8d4f71a660e79e4a47?s=96&d=mm&r=g\",\"url\":\"https:\\\/\\\/secure.gravatar.com\\\/avatar\\\/862a5569d087de48e5856e32f45d719a03804c891d6deb8d4f71a660e79e4a47?s=96&d=mm&r=g\",\"contentUrl\":\"https:\\\/\\\/secure.gravatar.com\\\/avatar\\\/862a5569d087de48e5856e32f45d719a03804c891d6deb8d4f71a660e79e4a47?s=96&d=mm&r=g\",\"caption\":\"Roger Str\u00e4ssle\"},\"url\":\"https:\\\/\\\/news.save.ch\\\/de\\\/author\\\/roger-straessle\\\/\"}]}<\/script>\n<!-- \/ Yoast SEO plugin. -->","yoast_head_json":{"title":"Zahl der Absturzunf\u00e4lle bleibt hoch - Save","robots":{"index":"index","follow":"follow","max-snippet":"max-snippet:-1","max-image-preview":"max-image-preview:large","max-video-preview":"max-video-preview:-1"},"canonical":"https:\/\/news.save.ch\/de\/zahl-der-absturzunfaelle-bleibt-hoch\/","og_locale":"de_DE","og_type":"article","og_title":"Zahl der Absturzunf\u00e4lle bleibt hoch - Save","og_description":"Im letzten Jahr ereigneten sich mehrere schwere und t\u00f6dliche Unf\u00e4lle, bei denen Personen durch Faserzementd\u00e4cher in die Tiefe st\u00fcrzten, so die Suva. Was oft untersch\u00e4tzt werde: Auch Abst\u00fcrze aus geringerer H\u00f6he k\u00f6nnen dramatische Folgen haben. Laut Unfallversicherer f\u00fchren in Suva versicherten Betrieben von j\u00e4hrlich 5500 Berufsunf\u00e4llen mit Leitern knapp 100 zu Invalidit\u00e4t. Drei davon w\u00fcrden [&hellip;]","og_url":"https:\/\/news.save.ch\/de\/zahl-der-absturzunfaelle-bleibt-hoch\/","og_site_name":"Save","article_published_time":"2023-04-28T08:21:18+00:00","og_image":[{"width":1280,"height":444,"url":"https:\/\/news.save.ch\/wp-content\/uploads\/2023\/04\/Suva_Original_17767-Kopie.jpeg","type":"image\/jpeg"}],"author":"Roger Str\u00e4ssle","twitter_card":"summary_large_image","twitter_misc":{"Geschrieben von":"Roger Str\u00e4ssle","Gesch\u00e4tzte Lesezeit":"2\u00a0Minuten"},"schema":{"@context":"https:\/\/schema.org","@graph":[{"@type":"Article","@id":"https:\/\/news.save.ch\/zahl-der-absturzunfaelle-bleibt-hoch\/#article","isPartOf":{"@id":"https:\/\/news.save.ch\/zahl-der-absturzunfaelle-bleibt-hoch\/"},"author":{"name":"Roger Str\u00e4ssle","@id":"https:\/\/news.save.ch\/de\/#\/schema\/person\/d5022db048e0e2b9785c50e5b24da5aa"},"headline":"Zahl der Absturzunf\u00e4lle bleibt hoch","datePublished":"2023-04-28T08:21:18+00:00","mainEntityOfPage":{"@id":"https:\/\/news.save.ch\/zahl-der-absturzunfaelle-bleibt-hoch\/"},"wordCount":208,"publisher":{"@id":"https:\/\/news.save.ch\/de\/#organization"},"image":{"@id":"https:\/\/news.save.ch\/zahl-der-absturzunfaelle-bleibt-hoch\/#primaryimage"},"thumbnailUrl":"https:\/\/news.save.ch\/wp-content\/uploads\/2023\/04\/Suva_Original_17767-Kopie.jpeg","keywords":["Absturzunf\u00e4lle","Berufsunf\u00e4lle","SUVA"],"articleSection":["HEALTH &amp; SAFETY"],"inLanguage":"de"},{"@type":"WebPage","@id":"https:\/\/news.save.ch\/zahl-der-absturzunfaelle-bleibt-hoch\/","url":"https:\/\/news.save.ch\/zahl-der-absturzunfaelle-bleibt-hoch\/","name":"Zahl der Absturzunf\u00e4lle bleibt hoch - Save","isPartOf":{"@id":"https:\/\/news.save.ch\/de\/#website"},"primaryImageOfPage":{"@id":"https:\/\/news.save.ch\/zahl-der-absturzunfaelle-bleibt-hoch\/#primaryimage"},"image":{"@id":"https:\/\/news.save.ch\/zahl-der-absturzunfaelle-bleibt-hoch\/#primaryimage"},"thumbnailUrl":"https:\/\/news.save.ch\/wp-content\/uploads\/2023\/04\/Suva_Original_17767-Kopie.jpeg","datePublished":"2023-04-28T08:21:18+00:00","breadcrumb":{"@id":"https:\/\/news.save.ch\/zahl-der-absturzunfaelle-bleibt-hoch\/#breadcrumb"},"inLanguage":"de","potentialAction":[{"@type":"ReadAction","target":["https:\/\/news.save.ch\/zahl-der-absturzunfaelle-bleibt-hoch\/"]}]},{"@type":"ImageObject","inLanguage":"de","@id":"https:\/\/news.save.ch\/zahl-der-absturzunfaelle-bleibt-hoch\/#primaryimage","url":"https:\/\/news.save.ch\/wp-content\/uploads\/2023\/04\/Suva_Original_17767-Kopie.jpeg","contentUrl":"https:\/\/news.save.ch\/wp-content\/uploads\/2023\/04\/Suva_Original_17767-Kopie.jpeg","width":1200,"height":416,"caption":"Quelle: Suva"},{"@type":"BreadcrumbList","@id":"https:\/\/news.save.ch\/zahl-der-absturzunfaelle-bleibt-hoch\/#breadcrumb","itemListElement":[{"@type":"ListItem","position":1,"name":"Home","item":"https:\/\/news.save.ch\/de\/"},{"@type":"ListItem","position":2,"name":"Zahl der Absturzunf\u00e4lle bleibt hoch"}]},{"@type":"WebSite","@id":"https:\/\/news.save.ch\/de\/#website","url":"https:\/\/news.save.ch\/de\/","name":"Save","description":"Schweizer Fachzeitschrift f\u00fcr Sicherheit","publisher":{"@id":"https:\/\/news.save.ch\/de\/#organization"},"potentialAction":[{"@type":"SearchAction","target":{"@type":"EntryPoint","urlTemplate":"https:\/\/news.save.ch\/de\/?s={search_term_string}"},"query-input":{"@type":"PropertyValueSpecification","valueRequired":true,"valueName":"search_term_string"}}],"inLanguage":"de"},{"@type":"Organization","@id":"https:\/\/news.save.ch\/de\/#organization","name":"Sicherheitsforum","url":"https:\/\/news.save.ch\/de\/","logo":{"@type":"ImageObject","inLanguage":"de","@id":"https:\/\/news.save.ch\/de\/#\/schema\/logo\/image\/","url":"https:\/\/news.save.ch\/wp-content\/uploads\/2022\/06\/Logo_SF_2012.png","contentUrl":"https:\/\/news.save.ch\/wp-content\/uploads\/2022\/06\/Logo_SF_2012.png","width":1100,"height":91,"caption":"Sicherheitsforum"},"image":{"@id":"https:\/\/news.save.ch\/de\/#\/schema\/logo\/image\/"}},{"@type":"Person","@id":"https:\/\/news.save.ch\/de\/#\/schema\/person\/d5022db048e0e2b9785c50e5b24da5aa","name":"Roger Str\u00e4ssle","image":{"@type":"ImageObject","inLanguage":"de","@id":"https:\/\/secure.gravatar.com\/avatar\/862a5569d087de48e5856e32f45d719a03804c891d6deb8d4f71a660e79e4a47?s=96&d=mm&r=g","url":"https:\/\/secure.gravatar.com\/avatar\/862a5569d087de48e5856e32f45d719a03804c891d6deb8d4f71a660e79e4a47?s=96&d=mm&r=g","contentUrl":"https:\/\/secure.gravatar.com\/avatar\/862a5569d087de48e5856e32f45d719a03804c891d6deb8d4f71a660e79e4a47?s=96&d=mm&r=g","caption":"Roger Str\u00e4ssle"},"url":"https:\/\/news.save.ch\/de\/author\/roger-straessle\/"}]}},"_links":{"self":[{"href":"https:\/\/news.save.ch\/de\/wp-json\/wp\/v2\/posts\/19336","targetHints":{"allow":["GET"]}}],"collection":[{"href":"https:\/\/news.save.ch\/de\/wp-json\/wp\/v2\/posts"}],"about":[{"href":"https:\/\/news.save.ch\/de\/wp-json\/wp\/v2\/types\/post"}],"author":[{"embeddable":true,"href":"https:\/\/news.save.ch\/de\/wp-json\/wp\/v2\/users\/8"}],"replies":[{"embeddable":true,"href":"https:\/\/news.save.ch\/de\/wp-json\/wp\/v2\/comments?post=19336"}],"version-history":[{"count":1,"href":"https:\/\/news.save.ch\/de\/wp-json\/wp\/v2\/posts\/19336\/revisions"}],"predecessor-version":[{"id":19338,"href":"https:\/\/news.save.ch\/de\/wp-json\/wp\/v2\/posts\/19336\/revisions\/19338"}],"wp:featuredmedia":[{"embeddable":true,"href":"https:\/\/news.save.ch\/de\/wp-json\/wp\/v2\/media\/19337"}],"wp:attachment":[{"href":"https:\/\/news.save.ch\/de\/wp-json\/wp\/v2\/media?parent=19336"}],"wp:term":[{"taxonomy":"category","embeddable":true,"href":"https:\/\/news.save.ch\/de\/wp-json\/wp\/v2\/categories?post=19336"},{"taxonomy":"post_tag","embeddable":true,"href":"https:\/\/news.save.ch\/de\/wp-json\/wp\/v2\/tags?post=19336"}],"curies":[{"name":"wp","href":"https:\/\/api.w.org\/{rel}","templated":true}]}}