{"id":1936,"date":"2017-04-11T08:45:16","date_gmt":"2017-04-11T06:45:16","guid":{"rendered":"https:\/\/news.save.ch\/?p=1936"},"modified":"2023-03-14T09:02:58","modified_gmt":"2023-03-14T08:02:58","slug":"fruehlingssonne-und-winterhaut","status":null,"type":"post","link":"https:\/\/news.save.ch\/de\/fruehlingssonne-und-winterhaut\/","title":{"rendered":"Fr\u00fchlingssonne und Winterhaut"},"content":{"rendered":"<figure id=\"attachment_1937\" aria-describedby=\"caption-attachment-1937\" style=\"width: 680px\" class=\"wp-caption alignnone\"><img loading=\"lazy\" decoding=\"async\" class=\"size-medium wp-image-1937\" src=\"http:\/\/develop.safety-plus.ch\/wp-content\/uploads\/2017\/04\/Depositphotos_1706830_l-2015.jpg\" alt=\"\" width=\"680\" height=\"452\" \/><figcaption id=\"caption-attachment-1937\" class=\"wp-caption-text\">Die Sonne lockt bereits zum Sonnenbad &#8211; doch die Haut braucht nach dem Winter erst mal Angew\u00f6hnungszeit.<\/figcaption><\/figure>\n<p>Das Sonnenlicht wirkt sich positiv auf unser Wohlbefinden aus, bringt den Kreislauf in Schwung und setzt Gl\u00fcckshormone frei. Wichtig ist jetzt, die Kraft der Fr\u00fchlingssonne nicht zu untersch\u00e4tzen. Nach dem Winter ist die Haut besonders empfindlich. Selbst an einem k\u00fchlen, bedeckten Tag wirken bis zu 80 Prozent der sch\u00e4dlichen Strahlen durch die Wolkendecke auf uns ein. Das macht \u2013 selbst an einem tr\u00fcben Tag \u2013 die unsichtbare Fr\u00fchlingssonne brandgef\u00e4hrlich. Und erh\u00f6ht das Risiko an Hautkrebs zu erkranken.<\/p>\n<p>Hautsch\u00e4digungen durch UV-Strahlen sind die Hauptursache f\u00fcr die Entstehung von Hautkrebs. J\u00e4hrlich erkranken in der Schweiz rund 2500 Menschen an schwarzem Hautkrebs; rund 310 Menschen sterben. Fr\u00fch erkannt, bestehen gute Chancen auf eine erfolgreiche Behandlung. Damit es nicht so weit kommt, kl\u00e4rt die Krebsliga auf: Jede und jeder kann sein Krebsrisiko mit dem richtigen Verhalten senken.<\/p>\n<p><strong>Die Krebsliga kl\u00e4rt auf, ber\u00e4t und empfiehlt<\/strong><\/p>\n<ul>\n<li><strong>Hut, Sonnenbrille und Kleidung tragen. <\/strong>Schulterbedeckter Kleidung ist ein sehr guter Schutz, insbesondere bei l\u00e4nger dauernden Outdoor-Aktivit\u00e4ten wie Gartenarbeit, Velofahren oder Wandern.<\/li>\n<\/ul>\n<ul>\n<li><strong>Immer mal wieder Schatten aufsuchen, er ist der beste Sonnenschutz.<\/strong> Vor allem zwischen 11 und 15 Uhr, wenn die Sonne am intensivsten scheint.<\/li>\n<\/ul>\n<ul>\n<li><strong>Sonnencreme benutzen. <\/strong>Zur Erg\u00e4nzung von Schatten und Kleidung reichlich Sonnencreme auf die unbedeckte Haut auftragen. Vorsicht: Sonnencreme ist kein Freipass f\u00fcr einen unbeschr\u00e4nkten Aufenthalt in der Sonne.<\/li>\n<\/ul>\n<p><strong>Informationsmaterial<\/strong><br \/>\nBrosch\u00fcren wie \u00abSonnenschutz\u00bb, \u00abSonnenschutz \u2013 Das Wichtigste in K\u00fcrze\u00bb und \u00abSonnenschutz f\u00fcr mein Kind\u00bb sowie Faktenbl\u00e4tter k\u00f6nnen heruntergeladen oder kostenlos bestellt werden unter <a href=\"http:\/\/www.krebsliga.ch\/sonnenschutz\">www.krebsliga.ch\/sonnenschutz<\/a>.<\/p>\n<p>Text: Krebsliga Schweiz<\/p>\n","protected":false},"excerpt":{"rendered":"<p>Das Sonnenlicht wirkt sich positiv auf unser Wohlbefinden aus, bringt den Kreislauf in Schwung und setzt Gl\u00fcckshormone frei. Wichtig ist jetzt, die Kraft der Fr\u00fchlingssonne nicht zu untersch\u00e4tzen. Nach dem Winter ist die Haut besonders empfindlich. Selbst an einem k\u00fchlen, bedeckten Tag wirken bis zu 80 Prozent der sch\u00e4dlichen Strahlen durch die Wolkendecke auf uns [&hellip;]<\/p>\n","protected":false},"author":1,"featured_media":1937,"comment_status":"open","ping_status":"open","sticky":false,"template":"","format":"standard","meta":{"_acf_changed":false,"pgc_sgb_lightbox_settings":"","footnotes":""},"categories":[3314],"tags":[2412,2949,2950,68],"class_list":["post-1936","post","type-post","status-publish","format-standard","has-post-thumbnail","hentry","category-health-safety","tag-krebsliga","tag-sonne","tag-sonnenbrand","tag-tipps-und-tricks"],"acf":[],"hkrextid":null,"publication":null,"issue":null,"workflow":null,"startPage":null,"spitzmarke":null,"_posts_by_tag_page_fields":{"widget_title":"","widget_tags":""},"_at_widget":"1","_yoast_wpseo_primary_category":"4","_yoast_wpseo_focuskw_text_input":"Fr\u00fchlingssonne","_yoast_wpseo_opengraph-image":null,"_yoast_wpseo_opengraph-description":null,"_yoast_wpseo_opengraph-title":null,"enclosure":null,"_yoast_wpseo_twitter-title":null,"_yoast_wpseo_twitter-description":null,"_yoast_wpseo_twitter-image":null,"_wp_old_slug":null,"_yoast_wpseo_title":null,"_yoast_wpseo_canonical":null,"yoast_head":"<!-- This site is optimized with the Yoast SEO plugin v27.4 - https:\/\/yoast.com\/product\/yoast-seo-wordpress\/ -->\n<title>Fr\u00fchlingssonne und Winterhaut - Save<\/title>\n<meta name=\"description\" content=\"Im Fr\u00fchling reagiert unsere Haut besonders empfindlich auf die intensiver werdenden UVA- und UVB-Strahlen. So l\u00e4sst sich das Hautkrebsrisiko senken.\" \/>\n<meta name=\"robots\" content=\"index, follow, max-snippet:-1, max-image-preview:large, max-video-preview:-1\" \/>\n<link rel=\"canonical\" href=\"https:\/\/news.save.ch\/de\/fruehlingssonne-und-winterhaut\/\" \/>\n<meta property=\"og:locale\" content=\"de_DE\" \/>\n<meta property=\"og:type\" content=\"article\" \/>\n<meta property=\"og:title\" content=\"Fr\u00fchlingssonne und Winterhaut - Save\" \/>\n<meta property=\"og:description\" content=\"Im Fr\u00fchling reagiert unsere Haut besonders empfindlich auf die intensiver werdenden UVA- und UVB-Strahlen. So l\u00e4sst sich das Hautkrebsrisiko senken.\" \/>\n<meta property=\"og:url\" content=\"https:\/\/news.save.ch\/de\/fruehlingssonne-und-winterhaut\/\" \/>\n<meta property=\"og:site_name\" content=\"Save\" \/>\n<meta property=\"article:published_time\" content=\"2017-04-11T06:45:16+00:00\" \/>\n<meta property=\"article:modified_time\" content=\"2023-03-14T08:02:58+00:00\" \/>\n<meta property=\"og:image\" content=\"https:\/\/news.save.ch\/wp-content\/uploads\/2017\/04\/Depositphotos_1706830_l-2015-scaled-1.jpg\" \/>\n\t<meta property=\"og:image:width\" content=\"1200\" \/>\n\t<meta property=\"og:image:height\" content=\"798\" \/>\n\t<meta property=\"og:image:type\" content=\"image\/jpeg\" \/>\n<meta name=\"author\" content=\"admin\" \/>\n<meta name=\"twitter:card\" content=\"summary_large_image\" \/>\n<meta name=\"twitter:label1\" content=\"Geschrieben von\" \/>\n\t<meta name=\"twitter:data1\" content=\"admin\" \/>\n\t<meta name=\"twitter:label2\" content=\"Gesch\u00e4tzte Lesezeit\" \/>\n\t<meta name=\"twitter:data2\" content=\"1\u00a0Minute\" \/>\n<script type=\"application\/ld+json\" class=\"yoast-schema-graph\">{\"@context\":\"https:\\\/\\\/schema.org\",\"@graph\":[{\"@type\":\"Article\",\"@id\":\"https:\\\/\\\/news.save.ch\\\/fruehlingssonne-und-winterhaut\\\/#article\",\"isPartOf\":{\"@id\":\"https:\\\/\\\/news.save.ch\\\/fruehlingssonne-und-winterhaut\\\/\"},\"author\":{\"name\":\"admin\",\"@id\":\"https:\\\/\\\/news.save.ch\\\/de\\\/#\\\/schema\\\/person\\\/d49e199490bad7c70d64b9ab51142f2b\"},\"headline\":\"Fr\u00fchlingssonne und Winterhaut\",\"datePublished\":\"2017-04-11T06:45:16+00:00\",\"dateModified\":\"2023-03-14T08:02:58+00:00\",\"mainEntityOfPage\":{\"@id\":\"https:\\\/\\\/news.save.ch\\\/fruehlingssonne-und-winterhaut\\\/\"},\"wordCount\":290,\"commentCount\":0,\"publisher\":{\"@id\":\"https:\\\/\\\/news.save.ch\\\/de\\\/#organization\"},\"image\":{\"@id\":\"https:\\\/\\\/news.save.ch\\\/fruehlingssonne-und-winterhaut\\\/#primaryimage\"},\"thumbnailUrl\":\"https:\\\/\\\/news.save.ch\\\/wp-content\\\/uploads\\\/2017\\\/04\\\/Depositphotos_1706830_l-2015-scaled-1.jpg\",\"keywords\":[\"Krebsliga\",\"Sonne\",\"Sonnenbrand\",\"Tipps und Tricks\"],\"articleSection\":[\"HEALTH &amp; SAFETY\"],\"inLanguage\":\"de\"},{\"@type\":\"WebPage\",\"@id\":\"https:\\\/\\\/news.save.ch\\\/fruehlingssonne-und-winterhaut\\\/\",\"url\":\"https:\\\/\\\/news.save.ch\\\/fruehlingssonne-und-winterhaut\\\/\",\"name\":\"Fr\u00fchlingssonne und Winterhaut - Save\",\"isPartOf\":{\"@id\":\"https:\\\/\\\/news.save.ch\\\/de\\\/#website\"},\"primaryImageOfPage\":{\"@id\":\"https:\\\/\\\/news.save.ch\\\/fruehlingssonne-und-winterhaut\\\/#primaryimage\"},\"image\":{\"@id\":\"https:\\\/\\\/news.save.ch\\\/fruehlingssonne-und-winterhaut\\\/#primaryimage\"},\"thumbnailUrl\":\"https:\\\/\\\/news.save.ch\\\/wp-content\\\/uploads\\\/2017\\\/04\\\/Depositphotos_1706830_l-2015-scaled-1.jpg\",\"datePublished\":\"2017-04-11T06:45:16+00:00\",\"dateModified\":\"2023-03-14T08:02:58+00:00\",\"description\":\"Im Fr\u00fchling reagiert unsere Haut besonders empfindlich auf die intensiver werdenden UVA- und UVB-Strahlen. So l\u00e4sst sich das Hautkrebsrisiko senken.\",\"breadcrumb\":{\"@id\":\"https:\\\/\\\/news.save.ch\\\/fruehlingssonne-und-winterhaut\\\/#breadcrumb\"},\"inLanguage\":\"de\",\"potentialAction\":[{\"@type\":\"ReadAction\",\"target\":[\"https:\\\/\\\/news.save.ch\\\/fruehlingssonne-und-winterhaut\\\/\"]}]},{\"@type\":\"ImageObject\",\"inLanguage\":\"de\",\"@id\":\"https:\\\/\\\/news.save.ch\\\/fruehlingssonne-und-winterhaut\\\/#primaryimage\",\"url\":\"https:\\\/\\\/news.save.ch\\\/wp-content\\\/uploads\\\/2017\\\/04\\\/Depositphotos_1706830_l-2015-scaled-1.jpg\",\"contentUrl\":\"https:\\\/\\\/news.save.ch\\\/wp-content\\\/uploads\\\/2017\\\/04\\\/Depositphotos_1706830_l-2015-scaled-1.jpg\",\"width\":1200,\"height\":798,\"caption\":\"Die Sonne lockt bereits zum Sonnenbad - doch die Haut braucht nach dem Winter erst mal Angew\u00f6hnungszeit.\"},{\"@type\":\"BreadcrumbList\",\"@id\":\"https:\\\/\\\/news.save.ch\\\/fruehlingssonne-und-winterhaut\\\/#breadcrumb\",\"itemListElement\":[{\"@type\":\"ListItem\",\"position\":1,\"name\":\"Home\",\"item\":\"https:\\\/\\\/news.save.ch\\\/de\\\/\"},{\"@type\":\"ListItem\",\"position\":2,\"name\":\"Fr\u00fchlingssonne und Winterhaut\"}]},{\"@type\":\"WebSite\",\"@id\":\"https:\\\/\\\/news.save.ch\\\/de\\\/#website\",\"url\":\"https:\\\/\\\/news.save.ch\\\/de\\\/\",\"name\":\"Save\",\"description\":\"Schweizer Fachzeitschrift f\u00fcr Sicherheit\",\"publisher\":{\"@id\":\"https:\\\/\\\/news.save.ch\\\/de\\\/#organization\"},\"potentialAction\":[{\"@type\":\"SearchAction\",\"target\":{\"@type\":\"EntryPoint\",\"urlTemplate\":\"https:\\\/\\\/news.save.ch\\\/de\\\/?s={search_term_string}\"},\"query-input\":{\"@type\":\"PropertyValueSpecification\",\"valueRequired\":true,\"valueName\":\"search_term_string\"}}],\"inLanguage\":\"de\"},{\"@type\":\"Organization\",\"@id\":\"https:\\\/\\\/news.save.ch\\\/de\\\/#organization\",\"name\":\"Sicherheitsforum\",\"url\":\"https:\\\/\\\/news.save.ch\\\/de\\\/\",\"logo\":{\"@type\":\"ImageObject\",\"inLanguage\":\"de\",\"@id\":\"https:\\\/\\\/news.save.ch\\\/de\\\/#\\\/schema\\\/logo\\\/image\\\/\",\"url\":\"https:\\\/\\\/news.save.ch\\\/wp-content\\\/uploads\\\/2022\\\/06\\\/Logo_SF_2012.png\",\"contentUrl\":\"https:\\\/\\\/news.save.ch\\\/wp-content\\\/uploads\\\/2022\\\/06\\\/Logo_SF_2012.png\",\"width\":1100,\"height\":91,\"caption\":\"Sicherheitsforum\"},\"image\":{\"@id\":\"https:\\\/\\\/news.save.ch\\\/de\\\/#\\\/schema\\\/logo\\\/image\\\/\"}},{\"@type\":\"Person\",\"@id\":\"https:\\\/\\\/news.save.ch\\\/de\\\/#\\\/schema\\\/person\\\/d49e199490bad7c70d64b9ab51142f2b\",\"name\":\"admin\",\"image\":{\"@type\":\"ImageObject\",\"inLanguage\":\"de\",\"@id\":\"https:\\\/\\\/secure.gravatar.com\\\/avatar\\\/ae2f4d718e6c49043e314ce431e7e645d646302a24a5ef5a8bc8e3f5a032e319?s=96&d=mm&r=g\",\"url\":\"https:\\\/\\\/secure.gravatar.com\\\/avatar\\\/ae2f4d718e6c49043e314ce431e7e645d646302a24a5ef5a8bc8e3f5a032e319?s=96&d=mm&r=g\",\"contentUrl\":\"https:\\\/\\\/secure.gravatar.com\\\/avatar\\\/ae2f4d718e6c49043e314ce431e7e645d646302a24a5ef5a8bc8e3f5a032e319?s=96&d=mm&r=g\",\"caption\":\"admin\"},\"sameAs\":[\"https:\\\/\\\/develop.organisator.galledia.ch\"],\"url\":\"https:\\\/\\\/news.save.ch\\\/de\\\/author\\\/admin\\\/\"}]}<\/script>\n<!-- \/ Yoast SEO plugin. -->","yoast_head_json":{"title":"Fr\u00fchlingssonne und Winterhaut - Save","description":"Im Fr\u00fchling reagiert unsere Haut besonders empfindlich auf die intensiver werdenden UVA- und UVB-Strahlen. So l\u00e4sst sich das Hautkrebsrisiko senken.","robots":{"index":"index","follow":"follow","max-snippet":"max-snippet:-1","max-image-preview":"max-image-preview:large","max-video-preview":"max-video-preview:-1"},"canonical":"https:\/\/news.save.ch\/de\/fruehlingssonne-und-winterhaut\/","og_locale":"de_DE","og_type":"article","og_title":"Fr\u00fchlingssonne und Winterhaut - Save","og_description":"Im Fr\u00fchling reagiert unsere Haut besonders empfindlich auf die intensiver werdenden UVA- und UVB-Strahlen. So l\u00e4sst sich das Hautkrebsrisiko senken.","og_url":"https:\/\/news.save.ch\/de\/fruehlingssonne-und-winterhaut\/","og_site_name":"Save","article_published_time":"2017-04-11T06:45:16+00:00","article_modified_time":"2023-03-14T08:02:58+00:00","og_image":[{"width":1200,"height":798,"url":"https:\/\/news.save.ch\/wp-content\/uploads\/2017\/04\/Depositphotos_1706830_l-2015-scaled-1.jpg","type":"image\/jpeg"}],"author":"admin","twitter_card":"summary_large_image","twitter_misc":{"Geschrieben von":"admin","Gesch\u00e4tzte Lesezeit":"1\u00a0Minute"},"schema":{"@context":"https:\/\/schema.org","@graph":[{"@type":"Article","@id":"https:\/\/news.save.ch\/fruehlingssonne-und-winterhaut\/#article","isPartOf":{"@id":"https:\/\/news.save.ch\/fruehlingssonne-und-winterhaut\/"},"author":{"name":"admin","@id":"https:\/\/news.save.ch\/de\/#\/schema\/person\/d49e199490bad7c70d64b9ab51142f2b"},"headline":"Fr\u00fchlingssonne und Winterhaut","datePublished":"2017-04-11T06:45:16+00:00","dateModified":"2023-03-14T08:02:58+00:00","mainEntityOfPage":{"@id":"https:\/\/news.save.ch\/fruehlingssonne-und-winterhaut\/"},"wordCount":290,"commentCount":0,"publisher":{"@id":"https:\/\/news.save.ch\/de\/#organization"},"image":{"@id":"https:\/\/news.save.ch\/fruehlingssonne-und-winterhaut\/#primaryimage"},"thumbnailUrl":"https:\/\/news.save.ch\/wp-content\/uploads\/2017\/04\/Depositphotos_1706830_l-2015-scaled-1.jpg","keywords":["Krebsliga","Sonne","Sonnenbrand","Tipps und Tricks"],"articleSection":["HEALTH &amp; SAFETY"],"inLanguage":"de"},{"@type":"WebPage","@id":"https:\/\/news.save.ch\/fruehlingssonne-und-winterhaut\/","url":"https:\/\/news.save.ch\/fruehlingssonne-und-winterhaut\/","name":"Fr\u00fchlingssonne und Winterhaut - Save","isPartOf":{"@id":"https:\/\/news.save.ch\/de\/#website"},"primaryImageOfPage":{"@id":"https:\/\/news.save.ch\/fruehlingssonne-und-winterhaut\/#primaryimage"},"image":{"@id":"https:\/\/news.save.ch\/fruehlingssonne-und-winterhaut\/#primaryimage"},"thumbnailUrl":"https:\/\/news.save.ch\/wp-content\/uploads\/2017\/04\/Depositphotos_1706830_l-2015-scaled-1.jpg","datePublished":"2017-04-11T06:45:16+00:00","dateModified":"2023-03-14T08:02:58+00:00","description":"Im Fr\u00fchling reagiert unsere Haut besonders empfindlich auf die intensiver werdenden UVA- und UVB-Strahlen. So l\u00e4sst sich das Hautkrebsrisiko senken.","breadcrumb":{"@id":"https:\/\/news.save.ch\/fruehlingssonne-und-winterhaut\/#breadcrumb"},"inLanguage":"de","potentialAction":[{"@type":"ReadAction","target":["https:\/\/news.save.ch\/fruehlingssonne-und-winterhaut\/"]}]},{"@type":"ImageObject","inLanguage":"de","@id":"https:\/\/news.save.ch\/fruehlingssonne-und-winterhaut\/#primaryimage","url":"https:\/\/news.save.ch\/wp-content\/uploads\/2017\/04\/Depositphotos_1706830_l-2015-scaled-1.jpg","contentUrl":"https:\/\/news.save.ch\/wp-content\/uploads\/2017\/04\/Depositphotos_1706830_l-2015-scaled-1.jpg","width":1200,"height":798,"caption":"Die Sonne lockt bereits zum Sonnenbad - doch die Haut braucht nach dem Winter erst mal Angew\u00f6hnungszeit."},{"@type":"BreadcrumbList","@id":"https:\/\/news.save.ch\/fruehlingssonne-und-winterhaut\/#breadcrumb","itemListElement":[{"@type":"ListItem","position":1,"name":"Home","item":"https:\/\/news.save.ch\/de\/"},{"@type":"ListItem","position":2,"name":"Fr\u00fchlingssonne und Winterhaut"}]},{"@type":"WebSite","@id":"https:\/\/news.save.ch\/de\/#website","url":"https:\/\/news.save.ch\/de\/","name":"Save","description":"Schweizer Fachzeitschrift f\u00fcr Sicherheit","publisher":{"@id":"https:\/\/news.save.ch\/de\/#organization"},"potentialAction":[{"@type":"SearchAction","target":{"@type":"EntryPoint","urlTemplate":"https:\/\/news.save.ch\/de\/?s={search_term_string}"},"query-input":{"@type":"PropertyValueSpecification","valueRequired":true,"valueName":"search_term_string"}}],"inLanguage":"de"},{"@type":"Organization","@id":"https:\/\/news.save.ch\/de\/#organization","name":"Sicherheitsforum","url":"https:\/\/news.save.ch\/de\/","logo":{"@type":"ImageObject","inLanguage":"de","@id":"https:\/\/news.save.ch\/de\/#\/schema\/logo\/image\/","url":"https:\/\/news.save.ch\/wp-content\/uploads\/2022\/06\/Logo_SF_2012.png","contentUrl":"https:\/\/news.save.ch\/wp-content\/uploads\/2022\/06\/Logo_SF_2012.png","width":1100,"height":91,"caption":"Sicherheitsforum"},"image":{"@id":"https:\/\/news.save.ch\/de\/#\/schema\/logo\/image\/"}},{"@type":"Person","@id":"https:\/\/news.save.ch\/de\/#\/schema\/person\/d49e199490bad7c70d64b9ab51142f2b","name":"admin","image":{"@type":"ImageObject","inLanguage":"de","@id":"https:\/\/secure.gravatar.com\/avatar\/ae2f4d718e6c49043e314ce431e7e645d646302a24a5ef5a8bc8e3f5a032e319?s=96&d=mm&r=g","url":"https:\/\/secure.gravatar.com\/avatar\/ae2f4d718e6c49043e314ce431e7e645d646302a24a5ef5a8bc8e3f5a032e319?s=96&d=mm&r=g","contentUrl":"https:\/\/secure.gravatar.com\/avatar\/ae2f4d718e6c49043e314ce431e7e645d646302a24a5ef5a8bc8e3f5a032e319?s=96&d=mm&r=g","caption":"admin"},"sameAs":["https:\/\/develop.organisator.galledia.ch"],"url":"https:\/\/news.save.ch\/de\/author\/admin\/"}]}},"_links":{"self":[{"href":"https:\/\/news.save.ch\/de\/wp-json\/wp\/v2\/posts\/1936","targetHints":{"allow":["GET"]}}],"collection":[{"href":"https:\/\/news.save.ch\/de\/wp-json\/wp\/v2\/posts"}],"about":[{"href":"https:\/\/news.save.ch\/de\/wp-json\/wp\/v2\/types\/post"}],"author":[{"embeddable":true,"href":"https:\/\/news.save.ch\/de\/wp-json\/wp\/v2\/users\/1"}],"replies":[{"embeddable":true,"href":"https:\/\/news.save.ch\/de\/wp-json\/wp\/v2\/comments?post=1936"}],"version-history":[{"count":1,"href":"https:\/\/news.save.ch\/de\/wp-json\/wp\/v2\/posts\/1936\/revisions"}],"predecessor-version":[{"id":18790,"href":"https:\/\/news.save.ch\/de\/wp-json\/wp\/v2\/posts\/1936\/revisions\/18790"}],"wp:featuredmedia":[{"embeddable":true,"href":"https:\/\/news.save.ch\/de\/wp-json\/wp\/v2\/media\/1937"}],"wp:attachment":[{"href":"https:\/\/news.save.ch\/de\/wp-json\/wp\/v2\/media?parent=1936"}],"wp:term":[{"taxonomy":"category","embeddable":true,"href":"https:\/\/news.save.ch\/de\/wp-json\/wp\/v2\/categories?post=1936"},{"taxonomy":"post_tag","embeddable":true,"href":"https:\/\/news.save.ch\/de\/wp-json\/wp\/v2\/tags?post=1936"}],"curies":[{"name":"wp","href":"https:\/\/api.w.org\/{rel}","templated":true}]}}