{"id":1938,"date":"2015-11-13T15:19:23","date_gmt":"2015-11-13T14:19:23","guid":{"rendered":"https:\/\/dev.sicherheitsforum.ch\/?p=1938"},"modified":"2015-11-13T15:19:23","modified_gmt":"2015-11-13T14:19:23","slug":"bedrohungslage-der-schweiz","status":null,"type":"post","link":"https:\/\/news.save.ch\/de\/bedrohungslage-der-schweiz\/","title":{"rendered":"Bedrohungslage der Schweiz"},"content":{"rendered":"<p><img loading=\"lazy\" decoding=\"async\" class=\"alignnone wp-image-1939 size-medium\" src=\"https:\/\/news.save.ch\/wp-content\/uploads\/2016\/12\/Bedrohungslage-der-Schweiz-sicherheitsforum.jpg\" width=\"680\" height=\"823\" \/><\/p>\n<p>Der Bundesrat hat den Entwurf f\u00fcr einen neuen <a href=\"https:\/\/www.news.admin.ch\/NSBSubscriber\/message\/attachments\/41701.pdf\" target=\"_blank\" data-cke-saved-href=\"https:\/\/www.news.admin.ch\/NSBSubscriber\/message\/attachments\/41701.pdf\" rel=\"noopener\">Bericht \u00fcber die Sicherheitspolitik<\/a> der Schweiz gutgeheissen und eine Vernehmlassung er\u00f6ffnet. Der Bericht legt die Grundlinien f\u00fcr die schweizerische Sicherheitspolitik der n\u00e4chsten Jahre fest. Der Bundesrat ver\u00f6ffentlicht solche Berichte in regelm\u00e4ssigen Abst\u00e4nden; der letzte Bericht stammt aus dem Jahr 2010.<\/p>\n<p>Der neue sicherheitspolitische Bericht enth\u00e4lt eine ausf\u00fchrliche Darstellung des sicherheitspolitischen Umfelds der Schweiz. Er analysiert die globalen sicherheitspolitischen Trends und die f\u00fcr die Schweiz relevanten Bedrohungen und Gefahren. Der Bericht kommt zum Schluss, dass es in der Bedrohungslage in den letzten Jahren markante Ver\u00e4nderungen gegeben hat. Dies gilt insbesondere f\u00fcr das im Zuge der Ukraine-Krise nachhaltig verschlechterte Verh\u00e4ltnis zwischen dem Westen und Russland, die Versch\u00e4rfung der Bedrohung durch den islamistischen Terrorismus sowie das Ausmass an illegalen Aktivit\u00e4ten und Missbrauch im Cyber-Raum. Eine besondere Herausforderung f\u00fcr die Sicherheit der Schweiz liegt gem\u00e4ss dem Bericht in der Kombination und Verkettung von verschiedenen Bedrohungen und Gefahren.<\/p>\n<p>Im zweiten Teil des Berichts wird die grunds\u00e4tzliche Ausrichtung der sicherheitspolitischen Strategie der Schweiz skizziert. Diese l\u00e4sst sich an drei Kernbegriffen festmachen: Selbst\u00e4ndigkeit, Kooperation und Engagement. Der Bericht zeigt auf, wie und in welcher Kombination diese Strategieelemente eingesetzt werden, um den Bedrohungen und Gefahren m\u00f6glichst wirksam und effizient zu begegnen. Ausgehend von der Strategie zeigt der Bericht weiter auf, welche konkreten Beitr\u00e4ge die einzelnen sicherheitspolitischen Instrumente zur Pr\u00e4vention, Abwehr und Bew\u00e4ltigung der Bedrohungen und Gefahren leisten und wie die Instrumente zusammenwirken. Der Bericht kommt dabei zum Schluss, dass die Ausrichtung der sicherheitspolitischen Instrumente grunds\u00e4tzlich stimmt und die teilweise laufenden Anpassungen und Umsetzungsarbeiten in die richtige Richtung gehen.<\/p>\n<p>Im letzten Teil des Berichts wird die sicherheitspolitische F\u00fchrung auf Stufe Bund und Kantone sowie deren Zusammenarbeit im Sicherheitsverbund beschrieben. Dabei wird Bezug genommen auf die Evaluation des Sicherheitsverbunds Schweiz, der sich etabliert hat und weiterentwickelt wird, sowie auf die erste Sicherheitsverbunds\u00fcbung, die wichtige Erkenntnisse f\u00fcr das nationale Krisenmanagement geliefert hat.<\/p>\n<p>Wie bereits beim letzten Bericht wurde auch der vorliegende Berichtsentwurf wieder im Rahmen einer breit abgest\u00fctzten Arbeitsgruppe entworfen. Neben allen Departementen und der Bundeskanzlei waren auch die Kantone von Beginn weg an den Arbeiten beteiligt. Der Bericht wird nach der Vernehmlassung voraussichtlich im Fr\u00fchsommer 2016 vom Bundesrat verabschiedet und anschliessend dem Parlament unterbreitet.<\/p>\n<p><em>Pressemeldung <a href=\"https:\/\/www.vbs.admin.ch\" target=\"_blank\" data-cke-saved-href=\"https:\/\/www.vbs.admin.ch\" rel=\"noopener\">Eidg. Departement f\u00fcr Verteidigung, Bev\u00f6lkerungsschutz und Sport<\/a><\/em><\/p>\n","protected":false},"excerpt":{"rendered":"<p>Der Bundesrat hat den Entwurf f\u00fcr einen neuen Bericht \u00fcber die Sicherheitspolitik der Schweiz gutgeheissen und eine Vernehmlassung er\u00f6ffnet. Der Bericht legt die Grundlinien f\u00fcr die schweizerische Sicherheitspolitik der n\u00e4chsten Jahre fest. Der Bundesrat ver\u00f6ffentlicht solche Berichte in regelm\u00e4ssigen Abst\u00e4nden; der letzte Bericht stammt aus dem Jahr 2010. Der neue sicherheitspolitische Bericht enth\u00e4lt eine ausf\u00fchrliche [&hellip;]<\/p>\n","protected":false},"author":1,"featured_media":1939,"comment_status":"open","ping_status":"open","sticky":false,"template":"","format":"standard","meta":{"_acf_changed":false,"pgc_sgb_lightbox_settings":"","footnotes":""},"categories":[1],"tags":[120,43],"class_list":["post-1938","post","type-post","status-publish","format-standard","has-post-thumbnail","hentry","category-allgemein","tag-bundesamt","tag-terrorismus"],"acf":[],"hkrextid":null,"publication":null,"issue":null,"workflow":null,"startPage":null,"spitzmarke":null,"_posts_by_tag_page_fields":{"widget_title":"","widget_tags":""},"_at_widget":"1","_yoast_wpseo_primary_category":"1","_yoast_wpseo_focuskw_text_input":"Bedrohungslage der Schweiz","_yoast_wpseo_opengraph-image":"https:\/\/news.save.ch\/wp-content\/uploads\/2016\/12\/Bedrohungslage-der-Schweiz-sicherheitsforum.jpg","_yoast_wpseo_opengraph-description":"Die Bedrohungslage der Schweiz hat sich in den letzten Jahren zum Teil markant ver\u00e4ndert. Zu diesem Schluss kommt der neue Bericht des Bundesrates \u00fcber die Sicherheitspolitik der Schweiz. Das Papier zeigt zudem auf, mit welcher Strategie die Schweiz den aktuellen Bedrohungen und Gefahren begegnen will.","_yoast_wpseo_opengraph-title":"Bedrohungslage der Schweiz","enclosure":null,"_yoast_wpseo_twitter-title":null,"_yoast_wpseo_twitter-description":null,"_yoast_wpseo_twitter-image":null,"_wp_old_slug":null,"_yoast_wpseo_title":null,"_yoast_wpseo_canonical":null,"yoast_head":"<!-- This site is optimized with the Yoast SEO plugin v27.5 - https:\/\/yoast.com\/product\/yoast-seo-wordpress\/ -->\n<title>Bedrohungslage der Schweiz - Save<\/title>\n<meta name=\"description\" content=\"Die Bedrohungslage der Schweiz hat sich in den letzten Jahren markant ver\u00e4ndert. Zu diesem Schluss kommt der neue schweizer Sicherheitspolitik-Bericht.\" \/>\n<meta name=\"robots\" content=\"index, follow, max-snippet:-1, max-image-preview:large, max-video-preview:-1\" \/>\n<link rel=\"canonical\" href=\"https:\/\/news.save.ch\/de\/bedrohungslage-der-schweiz\/\" \/>\n<meta property=\"og:locale\" content=\"de_DE\" \/>\n<meta property=\"og:type\" content=\"article\" \/>\n<meta property=\"og:title\" content=\"Bedrohungslage der Schweiz\" \/>\n<meta property=\"og:description\" content=\"Die Bedrohungslage der Schweiz hat sich in den letzten Jahren zum Teil markant ver\u00e4ndert. Zu diesem Schluss kommt der neue Bericht des Bundesrates \u00fcber die Sicherheitspolitik der Schweiz. Das Papier zeigt zudem auf, mit welcher Strategie die Schweiz den aktuellen Bedrohungen und Gefahren begegnen will.\" \/>\n<meta property=\"og:url\" content=\"https:\/\/news.save.ch\/de\/bedrohungslage-der-schweiz\/\" \/>\n<meta property=\"og:site_name\" content=\"Save\" \/>\n<meta property=\"article:published_time\" content=\"2015-11-13T14:19:23+00:00\" \/>\n<meta property=\"og:image\" content=\"https:\/\/news.save.ch\/wp-content\/uploads\/2016\/12\/Bedrohungslage-der-Schweiz-sicherheitsforum.jpg\" \/>\n<meta name=\"author\" content=\"admin\" \/>\n<meta name=\"twitter:card\" content=\"summary_large_image\" \/>\n<meta name=\"twitter:label1\" content=\"Geschrieben von\" \/>\n\t<meta name=\"twitter:data1\" content=\"admin\" \/>\n\t<meta name=\"twitter:label2\" content=\"Gesch\u00e4tzte Lesezeit\" \/>\n\t<meta name=\"twitter:data2\" content=\"2\u00a0Minuten\" \/>\n<script type=\"application\/ld+json\" class=\"yoast-schema-graph\">{\"@context\":\"https:\\\/\\\/schema.org\",\"@graph\":[{\"@type\":\"Article\",\"@id\":\"https:\\\/\\\/news.save.ch\\\/bedrohungslage-der-schweiz\\\/#article\",\"isPartOf\":{\"@id\":\"https:\\\/\\\/news.save.ch\\\/bedrohungslage-der-schweiz\\\/\"},\"author\":{\"name\":\"admin\",\"@id\":\"https:\\\/\\\/news.save.ch\\\/de\\\/#\\\/schema\\\/person\\\/d49e199490bad7c70d64b9ab51142f2b\"},\"headline\":\"Bedrohungslage der Schweiz\",\"datePublished\":\"2015-11-13T14:19:23+00:00\",\"mainEntityOfPage\":{\"@id\":\"https:\\\/\\\/news.save.ch\\\/bedrohungslage-der-schweiz\\\/\"},\"wordCount\":403,\"commentCount\":0,\"publisher\":{\"@id\":\"https:\\\/\\\/news.save.ch\\\/de\\\/#organization\"},\"image\":{\"@id\":\"https:\\\/\\\/news.save.ch\\\/bedrohungslage-der-schweiz\\\/#primaryimage\"},\"thumbnailUrl\":\"https:\\\/\\\/news.save.ch\\\/wp-content\\\/uploads\\\/2016\\\/12\\\/Bedrohungslage-der-Schweiz-sicherheitsforum-scaled.jpg\",\"keywords\":[\"Bundesamt\",\"Terrorismus\"],\"articleSection\":[\"ALLGEMEIN\"],\"inLanguage\":\"de\"},{\"@type\":\"WebPage\",\"@id\":\"https:\\\/\\\/news.save.ch\\\/bedrohungslage-der-schweiz\\\/\",\"url\":\"https:\\\/\\\/news.save.ch\\\/bedrohungslage-der-schweiz\\\/\",\"name\":\"Bedrohungslage der Schweiz - Save\",\"isPartOf\":{\"@id\":\"https:\\\/\\\/news.save.ch\\\/de\\\/#website\"},\"primaryImageOfPage\":{\"@id\":\"https:\\\/\\\/news.save.ch\\\/bedrohungslage-der-schweiz\\\/#primaryimage\"},\"image\":{\"@id\":\"https:\\\/\\\/news.save.ch\\\/bedrohungslage-der-schweiz\\\/#primaryimage\"},\"thumbnailUrl\":\"https:\\\/\\\/news.save.ch\\\/wp-content\\\/uploads\\\/2016\\\/12\\\/Bedrohungslage-der-Schweiz-sicherheitsforum-scaled.jpg\",\"datePublished\":\"2015-11-13T14:19:23+00:00\",\"description\":\"Die Bedrohungslage der Schweiz hat sich in den letzten Jahren markant ver\u00e4ndert. Zu diesem Schluss kommt der neue schweizer Sicherheitspolitik-Bericht.\",\"breadcrumb\":{\"@id\":\"https:\\\/\\\/news.save.ch\\\/bedrohungslage-der-schweiz\\\/#breadcrumb\"},\"inLanguage\":\"de\",\"potentialAction\":[{\"@type\":\"ReadAction\",\"target\":[\"https:\\\/\\\/news.save.ch\\\/bedrohungslage-der-schweiz\\\/\"]}]},{\"@type\":\"ImageObject\",\"inLanguage\":\"de\",\"@id\":\"https:\\\/\\\/news.save.ch\\\/bedrohungslage-der-schweiz\\\/#primaryimage\",\"url\":\"https:\\\/\\\/news.save.ch\\\/wp-content\\\/uploads\\\/2016\\\/12\\\/Bedrohungslage-der-Schweiz-sicherheitsforum-scaled.jpg\",\"contentUrl\":\"https:\\\/\\\/news.save.ch\\\/wp-content\\\/uploads\\\/2016\\\/12\\\/Bedrohungslage-der-Schweiz-sicherheitsforum-scaled.jpg\",\"width\":1157,\"height\":1400},{\"@type\":\"BreadcrumbList\",\"@id\":\"https:\\\/\\\/news.save.ch\\\/bedrohungslage-der-schweiz\\\/#breadcrumb\",\"itemListElement\":[{\"@type\":\"ListItem\",\"position\":1,\"name\":\"Home\",\"item\":\"https:\\\/\\\/news.save.ch\\\/de\\\/\"},{\"@type\":\"ListItem\",\"position\":2,\"name\":\"Bedrohungslage der Schweiz\"}]},{\"@type\":\"WebSite\",\"@id\":\"https:\\\/\\\/news.save.ch\\\/de\\\/#website\",\"url\":\"https:\\\/\\\/news.save.ch\\\/de\\\/\",\"name\":\"Save\",\"description\":\"Schweizer Fachzeitschrift f\u00fcr Sicherheit\",\"publisher\":{\"@id\":\"https:\\\/\\\/news.save.ch\\\/de\\\/#organization\"},\"potentialAction\":[{\"@type\":\"SearchAction\",\"target\":{\"@type\":\"EntryPoint\",\"urlTemplate\":\"https:\\\/\\\/news.save.ch\\\/de\\\/?s={search_term_string}\"},\"query-input\":{\"@type\":\"PropertyValueSpecification\",\"valueRequired\":true,\"valueName\":\"search_term_string\"}}],\"inLanguage\":\"de\"},{\"@type\":\"Organization\",\"@id\":\"https:\\\/\\\/news.save.ch\\\/de\\\/#organization\",\"name\":\"Sicherheitsforum\",\"url\":\"https:\\\/\\\/news.save.ch\\\/de\\\/\",\"logo\":{\"@type\":\"ImageObject\",\"inLanguage\":\"de\",\"@id\":\"https:\\\/\\\/news.save.ch\\\/de\\\/#\\\/schema\\\/logo\\\/image\\\/\",\"url\":\"https:\\\/\\\/news.save.ch\\\/wp-content\\\/uploads\\\/2022\\\/06\\\/Logo_SF_2012.png\",\"contentUrl\":\"https:\\\/\\\/news.save.ch\\\/wp-content\\\/uploads\\\/2022\\\/06\\\/Logo_SF_2012.png\",\"width\":1100,\"height\":91,\"caption\":\"Sicherheitsforum\"},\"image\":{\"@id\":\"https:\\\/\\\/news.save.ch\\\/de\\\/#\\\/schema\\\/logo\\\/image\\\/\"}},{\"@type\":\"Person\",\"@id\":\"https:\\\/\\\/news.save.ch\\\/de\\\/#\\\/schema\\\/person\\\/d49e199490bad7c70d64b9ab51142f2b\",\"name\":\"admin\",\"image\":{\"@type\":\"ImageObject\",\"inLanguage\":\"de\",\"@id\":\"https:\\\/\\\/secure.gravatar.com\\\/avatar\\\/ae2f4d718e6c49043e314ce431e7e645d646302a24a5ef5a8bc8e3f5a032e319?s=96&d=mm&r=g\",\"url\":\"https:\\\/\\\/secure.gravatar.com\\\/avatar\\\/ae2f4d718e6c49043e314ce431e7e645d646302a24a5ef5a8bc8e3f5a032e319?s=96&d=mm&r=g\",\"contentUrl\":\"https:\\\/\\\/secure.gravatar.com\\\/avatar\\\/ae2f4d718e6c49043e314ce431e7e645d646302a24a5ef5a8bc8e3f5a032e319?s=96&d=mm&r=g\",\"caption\":\"admin\"},\"sameAs\":[\"https:\\\/\\\/develop.organisator.galledia.ch\"],\"url\":\"https:\\\/\\\/news.save.ch\\\/de\\\/author\\\/admin\\\/\"}]}<\/script>\n<!-- \/ Yoast SEO plugin. -->","yoast_head_json":{"title":"Bedrohungslage der Schweiz - Save","description":"Die Bedrohungslage der Schweiz hat sich in den letzten Jahren markant ver\u00e4ndert. Zu diesem Schluss kommt der neue schweizer Sicherheitspolitik-Bericht.","robots":{"index":"index","follow":"follow","max-snippet":"max-snippet:-1","max-image-preview":"max-image-preview:large","max-video-preview":"max-video-preview:-1"},"canonical":"https:\/\/news.save.ch\/de\/bedrohungslage-der-schweiz\/","og_locale":"de_DE","og_type":"article","og_title":"Bedrohungslage der Schweiz","og_description":"Die Bedrohungslage der Schweiz hat sich in den letzten Jahren zum Teil markant ver\u00e4ndert. Zu diesem Schluss kommt der neue Bericht des Bundesrates \u00fcber die Sicherheitspolitik der Schweiz. Das Papier zeigt zudem auf, mit welcher Strategie die Schweiz den aktuellen Bedrohungen und Gefahren begegnen will.","og_url":"https:\/\/news.save.ch\/de\/bedrohungslage-der-schweiz\/","og_site_name":"Save","article_published_time":"2015-11-13T14:19:23+00:00","og_image":[{"url":"https:\/\/news.save.ch\/wp-content\/uploads\/2016\/12\/Bedrohungslage-der-Schweiz-sicherheitsforum.jpg","type":"","width":"","height":""}],"author":"admin","twitter_card":"summary_large_image","twitter_misc":{"Geschrieben von":"admin","Gesch\u00e4tzte Lesezeit":"2\u00a0Minuten"},"schema":{"@context":"https:\/\/schema.org","@graph":[{"@type":"Article","@id":"https:\/\/news.save.ch\/bedrohungslage-der-schweiz\/#article","isPartOf":{"@id":"https:\/\/news.save.ch\/bedrohungslage-der-schweiz\/"},"author":{"name":"admin","@id":"https:\/\/news.save.ch\/de\/#\/schema\/person\/d49e199490bad7c70d64b9ab51142f2b"},"headline":"Bedrohungslage der Schweiz","datePublished":"2015-11-13T14:19:23+00:00","mainEntityOfPage":{"@id":"https:\/\/news.save.ch\/bedrohungslage-der-schweiz\/"},"wordCount":403,"commentCount":0,"publisher":{"@id":"https:\/\/news.save.ch\/de\/#organization"},"image":{"@id":"https:\/\/news.save.ch\/bedrohungslage-der-schweiz\/#primaryimage"},"thumbnailUrl":"https:\/\/news.save.ch\/wp-content\/uploads\/2016\/12\/Bedrohungslage-der-Schweiz-sicherheitsforum-scaled.jpg","keywords":["Bundesamt","Terrorismus"],"articleSection":["ALLGEMEIN"],"inLanguage":"de"},{"@type":"WebPage","@id":"https:\/\/news.save.ch\/bedrohungslage-der-schweiz\/","url":"https:\/\/news.save.ch\/bedrohungslage-der-schweiz\/","name":"Bedrohungslage der Schweiz - Save","isPartOf":{"@id":"https:\/\/news.save.ch\/de\/#website"},"primaryImageOfPage":{"@id":"https:\/\/news.save.ch\/bedrohungslage-der-schweiz\/#primaryimage"},"image":{"@id":"https:\/\/news.save.ch\/bedrohungslage-der-schweiz\/#primaryimage"},"thumbnailUrl":"https:\/\/news.save.ch\/wp-content\/uploads\/2016\/12\/Bedrohungslage-der-Schweiz-sicherheitsforum-scaled.jpg","datePublished":"2015-11-13T14:19:23+00:00","description":"Die Bedrohungslage der Schweiz hat sich in den letzten Jahren markant ver\u00e4ndert. Zu diesem Schluss kommt der neue schweizer Sicherheitspolitik-Bericht.","breadcrumb":{"@id":"https:\/\/news.save.ch\/bedrohungslage-der-schweiz\/#breadcrumb"},"inLanguage":"de","potentialAction":[{"@type":"ReadAction","target":["https:\/\/news.save.ch\/bedrohungslage-der-schweiz\/"]}]},{"@type":"ImageObject","inLanguage":"de","@id":"https:\/\/news.save.ch\/bedrohungslage-der-schweiz\/#primaryimage","url":"https:\/\/news.save.ch\/wp-content\/uploads\/2016\/12\/Bedrohungslage-der-Schweiz-sicherheitsforum-scaled.jpg","contentUrl":"https:\/\/news.save.ch\/wp-content\/uploads\/2016\/12\/Bedrohungslage-der-Schweiz-sicherheitsforum-scaled.jpg","width":1157,"height":1400},{"@type":"BreadcrumbList","@id":"https:\/\/news.save.ch\/bedrohungslage-der-schweiz\/#breadcrumb","itemListElement":[{"@type":"ListItem","position":1,"name":"Home","item":"https:\/\/news.save.ch\/de\/"},{"@type":"ListItem","position":2,"name":"Bedrohungslage der Schweiz"}]},{"@type":"WebSite","@id":"https:\/\/news.save.ch\/de\/#website","url":"https:\/\/news.save.ch\/de\/","name":"Save","description":"Schweizer Fachzeitschrift f\u00fcr Sicherheit","publisher":{"@id":"https:\/\/news.save.ch\/de\/#organization"},"potentialAction":[{"@type":"SearchAction","target":{"@type":"EntryPoint","urlTemplate":"https:\/\/news.save.ch\/de\/?s={search_term_string}"},"query-input":{"@type":"PropertyValueSpecification","valueRequired":true,"valueName":"search_term_string"}}],"inLanguage":"de"},{"@type":"Organization","@id":"https:\/\/news.save.ch\/de\/#organization","name":"Sicherheitsforum","url":"https:\/\/news.save.ch\/de\/","logo":{"@type":"ImageObject","inLanguage":"de","@id":"https:\/\/news.save.ch\/de\/#\/schema\/logo\/image\/","url":"https:\/\/news.save.ch\/wp-content\/uploads\/2022\/06\/Logo_SF_2012.png","contentUrl":"https:\/\/news.save.ch\/wp-content\/uploads\/2022\/06\/Logo_SF_2012.png","width":1100,"height":91,"caption":"Sicherheitsforum"},"image":{"@id":"https:\/\/news.save.ch\/de\/#\/schema\/logo\/image\/"}},{"@type":"Person","@id":"https:\/\/news.save.ch\/de\/#\/schema\/person\/d49e199490bad7c70d64b9ab51142f2b","name":"admin","image":{"@type":"ImageObject","inLanguage":"de","@id":"https:\/\/secure.gravatar.com\/avatar\/ae2f4d718e6c49043e314ce431e7e645d646302a24a5ef5a8bc8e3f5a032e319?s=96&d=mm&r=g","url":"https:\/\/secure.gravatar.com\/avatar\/ae2f4d718e6c49043e314ce431e7e645d646302a24a5ef5a8bc8e3f5a032e319?s=96&d=mm&r=g","contentUrl":"https:\/\/secure.gravatar.com\/avatar\/ae2f4d718e6c49043e314ce431e7e645d646302a24a5ef5a8bc8e3f5a032e319?s=96&d=mm&r=g","caption":"admin"},"sameAs":["https:\/\/develop.organisator.galledia.ch"],"url":"https:\/\/news.save.ch\/de\/author\/admin\/"}]}},"_links":{"self":[{"href":"https:\/\/news.save.ch\/de\/wp-json\/wp\/v2\/posts\/1938","targetHints":{"allow":["GET"]}}],"collection":[{"href":"https:\/\/news.save.ch\/de\/wp-json\/wp\/v2\/posts"}],"about":[{"href":"https:\/\/news.save.ch\/de\/wp-json\/wp\/v2\/types\/post"}],"author":[{"embeddable":true,"href":"https:\/\/news.save.ch\/de\/wp-json\/wp\/v2\/users\/1"}],"replies":[{"embeddable":true,"href":"https:\/\/news.save.ch\/de\/wp-json\/wp\/v2\/comments?post=1938"}],"version-history":[{"count":0,"href":"https:\/\/news.save.ch\/de\/wp-json\/wp\/v2\/posts\/1938\/revisions"}],"wp:featuredmedia":[{"embeddable":true,"href":"https:\/\/news.save.ch\/de\/wp-json\/wp\/v2\/media\/1939"}],"wp:attachment":[{"href":"https:\/\/news.save.ch\/de\/wp-json\/wp\/v2\/media?parent=1938"}],"wp:term":[{"taxonomy":"category","embeddable":true,"href":"https:\/\/news.save.ch\/de\/wp-json\/wp\/v2\/categories?post=1938"},{"taxonomy":"post_tag","embeddable":true,"href":"https:\/\/news.save.ch\/de\/wp-json\/wp\/v2\/tags?post=1938"}],"curies":[{"name":"wp","href":"https:\/\/api.w.org\/{rel}","templated":true}]}}