{"id":19427,"date":"2023-05-17T11:19:42","date_gmt":"2023-05-17T09:19:42","guid":{"rendered":"https:\/\/news.save.ch\/?p=19427"},"modified":"2023-05-17T11:24:09","modified_gmt":"2023-05-17T09:24:09","slug":"siemens-steigert-umsatz-in-der-schweiz-deutlich","status":null,"type":"post","link":"https:\/\/news.save.ch\/de\/siemens-steigert-umsatz-in-der-schweiz-deutlich\/","title":{"rendered":"Siemens steigert Umsatz in der Schweiz deutlich"},"content":{"rendered":"<p>Das grosse Wachstum ist laut Unternehmen in erster Linie auf den Zusammenschluss des Medizintechnikunternehmens Varian mit Siemens Healthineers zur\u00fcckzuf\u00fchren. Auf vergleichbarer Basis gerechnet sei der Umsatz um 2,1 % gestiegen. Als einer der gr\u00f6ssten Technologiearbeitgeber im Land besch\u00e4ftige das Unternehmen per Ende M\u00e4rz 2023 rund 5900 Mitarbeitende in der Schweiz, so Siemens.<\/p>\n<h3>Haupttreiber ist digital<\/h3>\n<p>Das umfassende digitale Produkt- und L\u00f6sungsportfolio sei der Haupttreiber f\u00fcr die positive Gesch\u00e4ftsentwicklung von Siemens in der Schweiz. \u00abMit unserer Technologie verbinden wir die digitale Welt mit der realen Welt\u00bb, sagt Matthias Rebellius, der im weltweiten Siemens-Vorstand verantwortlich ist f\u00fcr die Schweiz. \u00abDie neue digitale Gesch\u00e4ftsplattform Xcelerator erm\u00f6glicht es unseren Kunden, die digitale Transformation massiv zu beschleunigen. Digitale L\u00f6sungen sind auch der Schl\u00fcssel zu einer effizienten Energieversorgung oder um die Geb\u00e4ude- und Industrieinfrastruktur nachhaltiger zu machen\u00bb, erkl\u00e4rt Rebellius.<\/p>\n<p>Gerd Scheller, Country CEO von <a href=\"https:\/\/www.siemens.com\/ch\/de.html\">Siemens Schweiz<\/a>, ist mit dem Gesch\u00e4ftsverlauf zufrieden und blickt in die Zukunft: \u00abMit der Entwicklung moderner digitalen L\u00f6sungen ver\u00e4ndern sich viele Berufsbilder. Hier setzen wir auf die Aus- und Weiterbildung unserer Mitarbeitenden und investieren zudem in die n\u00e4chste Generation.\u00bb Im laufenden Gesch\u00e4ftsjahr habe man die sogenannten \u00abKids Coding Days\u00bb stark ausgebaut. Bis Ende Jahr w\u00fcrden rund 400 Kinder in der Schweiz einen solchen Einstieg in die Welt des Programmierens absolviert haben. \u00abDas Feedback der Sch\u00fclerinnen und Sch\u00fcler und der Eltern auf die bereits durchgef\u00fchrten Events ist sehr positiv\u00bb, sagt Gerd Scheller.<\/p>\n<p>Ein weiteres Beispiel ist der Siemens Excellence Award (<a href=\"https:\/\/news.save.ch\/de\/fruehdiagnose-hornhauterkrankung-gewinnt\/\">vgl. auch hier<\/a>), bei dem die besten Diplomarbeiten der Schweizer Fachhochschulen mit einer attraktiven Pr\u00e4mie ausgezeichnet werden\u00bb. Beim erstmalig durchgef\u00fchrten Public Voting haben sich laut Unternehmen mehr als 3500 Personen beteiligt. Im Rahmen seines Bildungsprogramms Generation21 engagiert sich Siemens zudem bei zahlreichen weiteren F\u00f6rderprojekten in der Schweiz, insbesondere auch zur F\u00f6rderung von Frauen in technischen Berufen, wie das Unternehmen betont.<\/p>\n<h3>An \u00fcber 20 Standorten<\/h3>\n<p>Siemens sei in allen Landesteilen und an \u00fcber 20 Standorten pr\u00e4sent und verf\u00fcge \u00fcber eine starke Marktstellung in der Geb\u00e4udetechnik und Energieverteilung (Smart Infrastructure) in der Industrie (Digital Industries) sowie im Software-Gesch\u00e4ft f\u00fcr Industriekunden (Siemens Digital Industries Software). Eine f\u00fchrende Marktposition in der Schweiz habe man auch in der Bahntechnik (Siemens Mobility). Die eigenst\u00e4ndigen Unternehmen Siemens Energy und Siemens Healthineers seien als f\u00fchrende Anbieter der Energieerzeugung respektive der Medizintechnik in der Schweiz pr\u00e4sent.<\/p>\n<p>Siemens Smart Infrastructure (SI) steuert die weltweiten Aktivit\u00e4ten vom Hauptsitz in Zug. Matthias Rebellius leitet als CEO dieses globale Gesch\u00e4ft mit \u00fcber 72 000 Mitarbeitenden. Im kommenden Herbst werde der SI-Hauptsitz mit seinen rund 1700 Mitarbeitenden fertiggestellt. Das Unternehmen habe in den vergangenen Jahren insgesamt 250 Millionen Franken in den neuen Siemens-Campus investiert, der klimaneutral betrieben werde.<\/p>\n<p><em>Pressemeldung Siemens<\/em><\/p>\n","protected":false},"excerpt":{"rendered":"<p>Das grosse Wachstum ist laut Unternehmen in erster Linie auf den Zusammenschluss des Medizintechnikunternehmens Varian mit Siemens Healthineers zur\u00fcckzuf\u00fchren. Auf vergleichbarer Basis gerechnet sei der Umsatz um 2,1 % gestiegen. Als einer der gr\u00f6ssten Technologiearbeitgeber im Land besch\u00e4ftige das Unternehmen per Ende M\u00e4rz 2023 rund 5900 Mitarbeitende in der Schweiz, so Siemens. Haupttreiber ist digital [&hellip;]<\/p>\n","protected":false},"author":8,"featured_media":19428,"comment_status":"closed","ping_status":"closed","sticky":false,"template":"","format":"standard","meta":{"_acf_changed":false,"pgc_sgb_lightbox_settings":"","footnotes":""},"categories":[1],"tags":[3368,963],"class_list":["post-19427","post","type-post","status-publish","format-standard","has-post-thumbnail","hentry","category-allgemein","tag-siemens-schweiz","tag-umsatz"],"acf":[],"hkrextid":null,"publication":null,"issue":null,"workflow":null,"startPage":null,"spitzmarke":null,"_posts_by_tag_page_fields":null,"_at_widget":null,"_yoast_wpseo_primary_category":"1","_yoast_wpseo_focuskw_text_input":null,"_yoast_wpseo_opengraph-image":null,"_yoast_wpseo_opengraph-description":null,"_yoast_wpseo_opengraph-title":null,"enclosure":null,"_yoast_wpseo_twitter-title":null,"_yoast_wpseo_twitter-description":null,"_yoast_wpseo_twitter-image":null,"_wp_old_slug":null,"_yoast_wpseo_title":null,"_yoast_wpseo_canonical":null,"yoast_head":"<!-- This site is optimized with the Yoast SEO plugin v27.5 - https:\/\/yoast.com\/product\/yoast-seo-wordpress\/ -->\n<title>Siemens steigert Umsatz in der Schweiz deutlich - Save<\/title>\n<meta name=\"description\" content=\"Siemens kann in der Schweiz im ersten Halbjahr des Gesch\u00e4ftsjahres 2023 ein sehr gutes Ergebnis vorweisen.\" \/>\n<meta name=\"robots\" content=\"index, follow, max-snippet:-1, max-image-preview:large, max-video-preview:-1\" \/>\n<link rel=\"canonical\" href=\"https:\/\/news.save.ch\/de\/siemens-steigert-umsatz-in-der-schweiz-deutlich\/\" \/>\n<meta property=\"og:locale\" content=\"de_DE\" \/>\n<meta property=\"og:type\" content=\"article\" \/>\n<meta property=\"og:title\" content=\"Siemens steigert Umsatz in der Schweiz deutlich - Save\" \/>\n<meta property=\"og:description\" content=\"Siemens kann in der Schweiz im ersten Halbjahr des Gesch\u00e4ftsjahres 2023 ein sehr gutes Ergebnis vorweisen.\" \/>\n<meta property=\"og:url\" content=\"https:\/\/news.save.ch\/de\/siemens-steigert-umsatz-in-der-schweiz-deutlich\/\" \/>\n<meta property=\"og:site_name\" content=\"Save\" \/>\n<meta property=\"article:published_time\" content=\"2023-05-17T09:19:42+00:00\" \/>\n<meta property=\"article:modified_time\" content=\"2023-05-17T09:24:09+00:00\" \/>\n<meta property=\"og:image\" content=\"https:\/\/news.save.ch\/wp-content\/uploads\/2023\/05\/Matthias-Rebellius-scaled.jpeg\" \/>\n\t<meta property=\"og:image:width\" content=\"1200\" \/>\n\t<meta property=\"og:image:height\" content=\"800\" \/>\n\t<meta property=\"og:image:type\" content=\"image\/jpeg\" \/>\n<meta name=\"author\" content=\"Roger Str\u00e4ssle\" \/>\n<meta name=\"twitter:card\" content=\"summary_large_image\" \/>\n<meta name=\"twitter:label1\" content=\"Geschrieben von\" \/>\n\t<meta name=\"twitter:data1\" content=\"Roger Str\u00e4ssle\" \/>\n\t<meta name=\"twitter:label2\" content=\"Gesch\u00e4tzte Lesezeit\" \/>\n\t<meta name=\"twitter:data2\" content=\"3\u00a0Minuten\" \/>\n<script type=\"application\/ld+json\" class=\"yoast-schema-graph\">{\"@context\":\"https:\\\/\\\/schema.org\",\"@graph\":[{\"@type\":\"Article\",\"@id\":\"https:\\\/\\\/news.save.ch\\\/siemens-steigert-umsatz-in-der-schweiz-deutlich\\\/#article\",\"isPartOf\":{\"@id\":\"https:\\\/\\\/news.save.ch\\\/siemens-steigert-umsatz-in-der-schweiz-deutlich\\\/\"},\"author\":{\"name\":\"Roger Str\u00e4ssle\",\"@id\":\"https:\\\/\\\/news.save.ch\\\/de\\\/#\\\/schema\\\/person\\\/d5022db048e0e2b9785c50e5b24da5aa\"},\"headline\":\"Siemens steigert Umsatz in der Schweiz deutlich\",\"datePublished\":\"2023-05-17T09:19:42+00:00\",\"dateModified\":\"2023-05-17T09:24:09+00:00\",\"mainEntityOfPage\":{\"@id\":\"https:\\\/\\\/news.save.ch\\\/siemens-steigert-umsatz-in-der-schweiz-deutlich\\\/\"},\"wordCount\":467,\"publisher\":{\"@id\":\"https:\\\/\\\/news.save.ch\\\/de\\\/#organization\"},\"image\":{\"@id\":\"https:\\\/\\\/news.save.ch\\\/siemens-steigert-umsatz-in-der-schweiz-deutlich\\\/#primaryimage\"},\"thumbnailUrl\":\"https:\\\/\\\/news.save.ch\\\/wp-content\\\/uploads\\\/2023\\\/05\\\/Matthias-Rebellius-scaled.jpeg\",\"keywords\":[\"Siemens Schweiz\",\"Umsatz\"],\"articleSection\":[\"ALLGEMEIN\"],\"inLanguage\":\"de\"},{\"@type\":\"WebPage\",\"@id\":\"https:\\\/\\\/news.save.ch\\\/siemens-steigert-umsatz-in-der-schweiz-deutlich\\\/\",\"url\":\"https:\\\/\\\/news.save.ch\\\/siemens-steigert-umsatz-in-der-schweiz-deutlich\\\/\",\"name\":\"Siemens steigert Umsatz in der Schweiz deutlich - Save\",\"isPartOf\":{\"@id\":\"https:\\\/\\\/news.save.ch\\\/de\\\/#website\"},\"primaryImageOfPage\":{\"@id\":\"https:\\\/\\\/news.save.ch\\\/siemens-steigert-umsatz-in-der-schweiz-deutlich\\\/#primaryimage\"},\"image\":{\"@id\":\"https:\\\/\\\/news.save.ch\\\/siemens-steigert-umsatz-in-der-schweiz-deutlich\\\/#primaryimage\"},\"thumbnailUrl\":\"https:\\\/\\\/news.save.ch\\\/wp-content\\\/uploads\\\/2023\\\/05\\\/Matthias-Rebellius-scaled.jpeg\",\"datePublished\":\"2023-05-17T09:19:42+00:00\",\"dateModified\":\"2023-05-17T09:24:09+00:00\",\"description\":\"Siemens kann in der Schweiz im ersten Halbjahr des Gesch\u00e4ftsjahres 2023 ein sehr gutes Ergebnis vorweisen.\",\"breadcrumb\":{\"@id\":\"https:\\\/\\\/news.save.ch\\\/siemens-steigert-umsatz-in-der-schweiz-deutlich\\\/#breadcrumb\"},\"inLanguage\":\"de\",\"potentialAction\":[{\"@type\":\"ReadAction\",\"target\":[\"https:\\\/\\\/news.save.ch\\\/siemens-steigert-umsatz-in-der-schweiz-deutlich\\\/\"]}]},{\"@type\":\"ImageObject\",\"inLanguage\":\"de\",\"@id\":\"https:\\\/\\\/news.save.ch\\\/siemens-steigert-umsatz-in-der-schweiz-deutlich\\\/#primaryimage\",\"url\":\"https:\\\/\\\/news.save.ch\\\/wp-content\\\/uploads\\\/2023\\\/05\\\/Matthias-Rebellius-scaled.jpeg\",\"contentUrl\":\"https:\\\/\\\/news.save.ch\\\/wp-content\\\/uploads\\\/2023\\\/05\\\/Matthias-Rebellius-scaled.jpeg\",\"width\":1200,\"height\":800},{\"@type\":\"BreadcrumbList\",\"@id\":\"https:\\\/\\\/news.save.ch\\\/siemens-steigert-umsatz-in-der-schweiz-deutlich\\\/#breadcrumb\",\"itemListElement\":[{\"@type\":\"ListItem\",\"position\":1,\"name\":\"Home\",\"item\":\"https:\\\/\\\/news.save.ch\\\/de\\\/\"},{\"@type\":\"ListItem\",\"position\":2,\"name\":\"Siemens steigert Umsatz in der Schweiz deutlich\"}]},{\"@type\":\"WebSite\",\"@id\":\"https:\\\/\\\/news.save.ch\\\/de\\\/#website\",\"url\":\"https:\\\/\\\/news.save.ch\\\/de\\\/\",\"name\":\"Save\",\"description\":\"Schweizer Fachzeitschrift f\u00fcr Sicherheit\",\"publisher\":{\"@id\":\"https:\\\/\\\/news.save.ch\\\/de\\\/#organization\"},\"potentialAction\":[{\"@type\":\"SearchAction\",\"target\":{\"@type\":\"EntryPoint\",\"urlTemplate\":\"https:\\\/\\\/news.save.ch\\\/de\\\/?s={search_term_string}\"},\"query-input\":{\"@type\":\"PropertyValueSpecification\",\"valueRequired\":true,\"valueName\":\"search_term_string\"}}],\"inLanguage\":\"de\"},{\"@type\":\"Organization\",\"@id\":\"https:\\\/\\\/news.save.ch\\\/de\\\/#organization\",\"name\":\"Sicherheitsforum\",\"url\":\"https:\\\/\\\/news.save.ch\\\/de\\\/\",\"logo\":{\"@type\":\"ImageObject\",\"inLanguage\":\"de\",\"@id\":\"https:\\\/\\\/news.save.ch\\\/de\\\/#\\\/schema\\\/logo\\\/image\\\/\",\"url\":\"https:\\\/\\\/news.save.ch\\\/wp-content\\\/uploads\\\/2022\\\/06\\\/Logo_SF_2012.png\",\"contentUrl\":\"https:\\\/\\\/news.save.ch\\\/wp-content\\\/uploads\\\/2022\\\/06\\\/Logo_SF_2012.png\",\"width\":1100,\"height\":91,\"caption\":\"Sicherheitsforum\"},\"image\":{\"@id\":\"https:\\\/\\\/news.save.ch\\\/de\\\/#\\\/schema\\\/logo\\\/image\\\/\"}},{\"@type\":\"Person\",\"@id\":\"https:\\\/\\\/news.save.ch\\\/de\\\/#\\\/schema\\\/person\\\/d5022db048e0e2b9785c50e5b24da5aa\",\"name\":\"Roger Str\u00e4ssle\",\"image\":{\"@type\":\"ImageObject\",\"inLanguage\":\"de\",\"@id\":\"https:\\\/\\\/secure.gravatar.com\\\/avatar\\\/862a5569d087de48e5856e32f45d719a03804c891d6deb8d4f71a660e79e4a47?s=96&d=mm&r=g\",\"url\":\"https:\\\/\\\/secure.gravatar.com\\\/avatar\\\/862a5569d087de48e5856e32f45d719a03804c891d6deb8d4f71a660e79e4a47?s=96&d=mm&r=g\",\"contentUrl\":\"https:\\\/\\\/secure.gravatar.com\\\/avatar\\\/862a5569d087de48e5856e32f45d719a03804c891d6deb8d4f71a660e79e4a47?s=96&d=mm&r=g\",\"caption\":\"Roger Str\u00e4ssle\"},\"url\":\"https:\\\/\\\/news.save.ch\\\/de\\\/author\\\/roger-straessle\\\/\"}]}<\/script>\n<!-- \/ Yoast SEO plugin. -->","yoast_head_json":{"title":"Siemens steigert Umsatz in der Schweiz deutlich - Save","description":"Siemens kann in der Schweiz im ersten Halbjahr des Gesch\u00e4ftsjahres 2023 ein sehr gutes Ergebnis vorweisen.","robots":{"index":"index","follow":"follow","max-snippet":"max-snippet:-1","max-image-preview":"max-image-preview:large","max-video-preview":"max-video-preview:-1"},"canonical":"https:\/\/news.save.ch\/de\/siemens-steigert-umsatz-in-der-schweiz-deutlich\/","og_locale":"de_DE","og_type":"article","og_title":"Siemens steigert Umsatz in der Schweiz deutlich - Save","og_description":"Siemens kann in der Schweiz im ersten Halbjahr des Gesch\u00e4ftsjahres 2023 ein sehr gutes Ergebnis vorweisen.","og_url":"https:\/\/news.save.ch\/de\/siemens-steigert-umsatz-in-der-schweiz-deutlich\/","og_site_name":"Save","article_published_time":"2023-05-17T09:19:42+00:00","article_modified_time":"2023-05-17T09:24:09+00:00","og_image":[{"width":1200,"height":800,"url":"https:\/\/news.save.ch\/wp-content\/uploads\/2023\/05\/Matthias-Rebellius-scaled.jpeg","type":"image\/jpeg"}],"author":"Roger Str\u00e4ssle","twitter_card":"summary_large_image","twitter_misc":{"Geschrieben von":"Roger Str\u00e4ssle","Gesch\u00e4tzte Lesezeit":"3\u00a0Minuten"},"schema":{"@context":"https:\/\/schema.org","@graph":[{"@type":"Article","@id":"https:\/\/news.save.ch\/siemens-steigert-umsatz-in-der-schweiz-deutlich\/#article","isPartOf":{"@id":"https:\/\/news.save.ch\/siemens-steigert-umsatz-in-der-schweiz-deutlich\/"},"author":{"name":"Roger Str\u00e4ssle","@id":"https:\/\/news.save.ch\/de\/#\/schema\/person\/d5022db048e0e2b9785c50e5b24da5aa"},"headline":"Siemens steigert Umsatz in der Schweiz deutlich","datePublished":"2023-05-17T09:19:42+00:00","dateModified":"2023-05-17T09:24:09+00:00","mainEntityOfPage":{"@id":"https:\/\/news.save.ch\/siemens-steigert-umsatz-in-der-schweiz-deutlich\/"},"wordCount":467,"publisher":{"@id":"https:\/\/news.save.ch\/de\/#organization"},"image":{"@id":"https:\/\/news.save.ch\/siemens-steigert-umsatz-in-der-schweiz-deutlich\/#primaryimage"},"thumbnailUrl":"https:\/\/news.save.ch\/wp-content\/uploads\/2023\/05\/Matthias-Rebellius-scaled.jpeg","keywords":["Siemens Schweiz","Umsatz"],"articleSection":["ALLGEMEIN"],"inLanguage":"de"},{"@type":"WebPage","@id":"https:\/\/news.save.ch\/siemens-steigert-umsatz-in-der-schweiz-deutlich\/","url":"https:\/\/news.save.ch\/siemens-steigert-umsatz-in-der-schweiz-deutlich\/","name":"Siemens steigert Umsatz in der Schweiz deutlich - Save","isPartOf":{"@id":"https:\/\/news.save.ch\/de\/#website"},"primaryImageOfPage":{"@id":"https:\/\/news.save.ch\/siemens-steigert-umsatz-in-der-schweiz-deutlich\/#primaryimage"},"image":{"@id":"https:\/\/news.save.ch\/siemens-steigert-umsatz-in-der-schweiz-deutlich\/#primaryimage"},"thumbnailUrl":"https:\/\/news.save.ch\/wp-content\/uploads\/2023\/05\/Matthias-Rebellius-scaled.jpeg","datePublished":"2023-05-17T09:19:42+00:00","dateModified":"2023-05-17T09:24:09+00:00","description":"Siemens kann in der Schweiz im ersten Halbjahr des Gesch\u00e4ftsjahres 2023 ein sehr gutes Ergebnis vorweisen.","breadcrumb":{"@id":"https:\/\/news.save.ch\/siemens-steigert-umsatz-in-der-schweiz-deutlich\/#breadcrumb"},"inLanguage":"de","potentialAction":[{"@type":"ReadAction","target":["https:\/\/news.save.ch\/siemens-steigert-umsatz-in-der-schweiz-deutlich\/"]}]},{"@type":"ImageObject","inLanguage":"de","@id":"https:\/\/news.save.ch\/siemens-steigert-umsatz-in-der-schweiz-deutlich\/#primaryimage","url":"https:\/\/news.save.ch\/wp-content\/uploads\/2023\/05\/Matthias-Rebellius-scaled.jpeg","contentUrl":"https:\/\/news.save.ch\/wp-content\/uploads\/2023\/05\/Matthias-Rebellius-scaled.jpeg","width":1200,"height":800},{"@type":"BreadcrumbList","@id":"https:\/\/news.save.ch\/siemens-steigert-umsatz-in-der-schweiz-deutlich\/#breadcrumb","itemListElement":[{"@type":"ListItem","position":1,"name":"Home","item":"https:\/\/news.save.ch\/de\/"},{"@type":"ListItem","position":2,"name":"Siemens steigert Umsatz in der Schweiz deutlich"}]},{"@type":"WebSite","@id":"https:\/\/news.save.ch\/de\/#website","url":"https:\/\/news.save.ch\/de\/","name":"Save","description":"Schweizer Fachzeitschrift f\u00fcr Sicherheit","publisher":{"@id":"https:\/\/news.save.ch\/de\/#organization"},"potentialAction":[{"@type":"SearchAction","target":{"@type":"EntryPoint","urlTemplate":"https:\/\/news.save.ch\/de\/?s={search_term_string}"},"query-input":{"@type":"PropertyValueSpecification","valueRequired":true,"valueName":"search_term_string"}}],"inLanguage":"de"},{"@type":"Organization","@id":"https:\/\/news.save.ch\/de\/#organization","name":"Sicherheitsforum","url":"https:\/\/news.save.ch\/de\/","logo":{"@type":"ImageObject","inLanguage":"de","@id":"https:\/\/news.save.ch\/de\/#\/schema\/logo\/image\/","url":"https:\/\/news.save.ch\/wp-content\/uploads\/2022\/06\/Logo_SF_2012.png","contentUrl":"https:\/\/news.save.ch\/wp-content\/uploads\/2022\/06\/Logo_SF_2012.png","width":1100,"height":91,"caption":"Sicherheitsforum"},"image":{"@id":"https:\/\/news.save.ch\/de\/#\/schema\/logo\/image\/"}},{"@type":"Person","@id":"https:\/\/news.save.ch\/de\/#\/schema\/person\/d5022db048e0e2b9785c50e5b24da5aa","name":"Roger Str\u00e4ssle","image":{"@type":"ImageObject","inLanguage":"de","@id":"https:\/\/secure.gravatar.com\/avatar\/862a5569d087de48e5856e32f45d719a03804c891d6deb8d4f71a660e79e4a47?s=96&d=mm&r=g","url":"https:\/\/secure.gravatar.com\/avatar\/862a5569d087de48e5856e32f45d719a03804c891d6deb8d4f71a660e79e4a47?s=96&d=mm&r=g","contentUrl":"https:\/\/secure.gravatar.com\/avatar\/862a5569d087de48e5856e32f45d719a03804c891d6deb8d4f71a660e79e4a47?s=96&d=mm&r=g","caption":"Roger Str\u00e4ssle"},"url":"https:\/\/news.save.ch\/de\/author\/roger-straessle\/"}]}},"_links":{"self":[{"href":"https:\/\/news.save.ch\/de\/wp-json\/wp\/v2\/posts\/19427","targetHints":{"allow":["GET"]}}],"collection":[{"href":"https:\/\/news.save.ch\/de\/wp-json\/wp\/v2\/posts"}],"about":[{"href":"https:\/\/news.save.ch\/de\/wp-json\/wp\/v2\/types\/post"}],"author":[{"embeddable":true,"href":"https:\/\/news.save.ch\/de\/wp-json\/wp\/v2\/users\/8"}],"replies":[{"embeddable":true,"href":"https:\/\/news.save.ch\/de\/wp-json\/wp\/v2\/comments?post=19427"}],"version-history":[{"count":3,"href":"https:\/\/news.save.ch\/de\/wp-json\/wp\/v2\/posts\/19427\/revisions"}],"predecessor-version":[{"id":19431,"href":"https:\/\/news.save.ch\/de\/wp-json\/wp\/v2\/posts\/19427\/revisions\/19431"}],"wp:featuredmedia":[{"embeddable":true,"href":"https:\/\/news.save.ch\/de\/wp-json\/wp\/v2\/media\/19428"}],"wp:attachment":[{"href":"https:\/\/news.save.ch\/de\/wp-json\/wp\/v2\/media?parent=19427"}],"wp:term":[{"taxonomy":"category","embeddable":true,"href":"https:\/\/news.save.ch\/de\/wp-json\/wp\/v2\/categories?post=19427"},{"taxonomy":"post_tag","embeddable":true,"href":"https:\/\/news.save.ch\/de\/wp-json\/wp\/v2\/tags?post=19427"}],"curies":[{"name":"wp","href":"https:\/\/api.w.org\/{rel}","templated":true}]}}