{"id":19437,"date":"2023-05-19T10:20:45","date_gmt":"2023-05-19T08:20:45","guid":{"rendered":"https:\/\/news.save.ch\/?p=19437"},"modified":"2023-05-30T15:14:29","modified_gmt":"2023-05-30T13:14:29","slug":"e-impfdaten-sichere-plattform-bis-im-herbst","status":null,"type":"post","link":"https:\/\/news.save.ch\/de\/e-impfdaten-sichere-plattform-bis-im-herbst\/","title":{"rendered":"E-Impfdaten: Ab Herbst soll man \u00fcber seine Daten verf\u00fcgen k\u00f6nnen"},"content":{"rendered":"<p>Die Plattform <a href=\"http:\/\/www.meineimpfungen.ch\">meineimpfungen.ch<\/a> wurde im Fr\u00fchjahr 2021 wegen schwerwiegenden Sicherheitsm\u00e4ngeln vom Netz genommen; die Stiftung dahinter ist pleite. Darauf haben die Stammgemeinschaft eHealth Aargau (<a href=\"http:\/\/ehealth-aargau.ch\">SteHAG<\/a>) und das Departement Gesundheit und Soziales des Kantons Aargau im letzten Jahr einen Versuch unternommen, um die Impfdaten der rund 300&#8217;000 betroffenen Einwohner mit einem neuen Projekt zu retten.<\/p>\n<h3>Impfdaten selbstst\u00e4ndig l\u00f6schen<\/h3>\n<p>Jetzt hat die SteHAG das Vorprojekt zur Datenrettung der Stiftung meineimpfungen.ch erfolgreich abgeschlossen, wie E-Health Suisse, die Kompetenz- und Koordinationsstelle von Bund und Kantonen, schreibt. Die \u00dcberpr\u00fcfung im Vorprojekt hat ergeben, dass sich die Daten mit vertretbarem Aufwand den Nutzerinnen und Nutzern zur Verf\u00fcgung gestellt werden k\u00f6nnen, wie der Kanton Aargau in einer Medienmitteilung vor wenigen Tag schrieb.<br \/>\nDer Projektausschuss, bestehend aus Bundesamt f\u00fcr Gesundheit (BAG), Gesundheitsdirektorenkonferenz (GDK) und Konferenz der Stammgemeinschaften (KSG), habe nach Abschluss des Vorprojekts die Freigabe f\u00fcr das Hauptprojekt erteilt. Ziel sei es, bis im Herbst 2023 die Daten \u00fcber eine sichere Plattform zur Verf\u00fcgung zu stellen. Dann h\u00e4tten die Betroffenen voraussichtlich drei Monate Zeit, um ihre Impfdaten selbstst\u00e4ndig zu l\u00f6schen oder sie zu beziehen, l\u00e4sst der Kanton Aargau wissen.<\/p>\n<h3>Daten in ein EPD \u00fcberf\u00fchren<\/h3>\n<p>Weshalb die Impfdaten nicht in ein elektronisches Patientendossier (EPD) integrieren? Der Kanton Aargau geh\u00f6rt in Sachen EPD zu den Turbos. Er war der erste Kanton, der vor zwei Jahren ein solches eingef\u00fchrt hat. Impfdaten k\u00f6nnen wie Brillenrezepte und andere Gesundheitsdaten mehr im EPD abgelegt werden. Mit einem EPD haben Gesundheitsfachleute und Patient von \u00fcberall her Zugriff und die Gesundheitsdaten. Wer konkret auf die Daten zur\u00fcckgreifen darf, obliegt jedoch einzig und allein dem Besitzer der Daten, n\u00e4mlich dem Patienten.<\/p>\n<p>Die Daten aus dem gescheiterten Projekt meineimpfungen.ch k\u00f6nnen optional in ein bestehendes elektronisches Patientendossier \u00fcberf\u00fchrt werden. Das EPD als schweizweite und gesicherte Plattform f\u00fcr Gesundheitsinformationen diene als Ersatz f\u00fcr einen elektronischen Impfausweis, betont E-Health Suisse. Das Kompetenzzentrum empfiehlt Personen, die vom Datentransfer Gebrauch machen m\u00f6chten, deshalb ein EPD zu er\u00f6ffnen. In welcher Region dies m\u00f6glich ist, erfahren Interessierte unter <a href=\"http:\/\/www.patientendossier.ch\/epd-anbieter\">patientendossier.ch\/epd-anbieter<\/a>.<\/p>\n<p><em>Weitere Informationen zur Datenrettung werden auch auf <a href=\"http:\/\/meineimpfungen.ch\">meineimpfungen.ch<\/a> publiziert.<\/em><\/p>\n<p>&nbsp;<\/p>\n","protected":false},"excerpt":{"rendered":"<p>Die Plattform meineimpfungen.ch wurde im Fr\u00fchjahr 2021 wegen schwerwiegenden Sicherheitsm\u00e4ngeln vom Netz genommen; die Stiftung dahinter ist pleite. Darauf haben die Stammgemeinschaft eHealth Aargau (SteHAG) und das Departement Gesundheit und Soziales des Kantons Aargau im letzten Jahr einen Versuch unternommen, um die Impfdaten der rund 300&#8217;000 betroffenen Einwohner mit einem neuen Projekt zu retten. Impfdaten [&hellip;]<\/p>\n","protected":false},"author":8,"featured_media":19438,"comment_status":"closed","ping_status":"closed","sticky":false,"template":"","format":"standard","meta":{"_acf_changed":false,"pgc_sgb_lightbox_settings":"","footnotes":""},"categories":[3314],"tags":[3369,1964,1982,3370],"class_list":["post-19437","post","type-post","status-publish","format-standard","has-post-thumbnail","hentry","category-health-safety","tag-elektronischer-impfausweis","tag-elektronisches-patientendossier","tag-epd","tag-impfdaten"],"acf":[],"hkrextid":null,"publication":null,"issue":null,"workflow":null,"startPage":null,"spitzmarke":null,"_posts_by_tag_page_fields":null,"_at_widget":null,"_yoast_wpseo_primary_category":"3314","_yoast_wpseo_focuskw_text_input":null,"_yoast_wpseo_opengraph-image":null,"_yoast_wpseo_opengraph-description":null,"_yoast_wpseo_opengraph-title":null,"enclosure":null,"_yoast_wpseo_twitter-title":null,"_yoast_wpseo_twitter-description":null,"_yoast_wpseo_twitter-image":null,"_wp_old_slug":null,"_yoast_wpseo_title":null,"_yoast_wpseo_canonical":null,"yoast_head":"<!-- This site is optimized with the Yoast SEO plugin v27.5 - https:\/\/yoast.com\/product\/yoast-seo-wordpress\/ -->\n<title>E-Impfdaten: Ab Herbst soll man \u00fcber seine Daten verf\u00fcgen k\u00f6nnen - Save<\/title>\n<meta name=\"description\" content=\"Die Daten von meineimpfungen.ch, dem schweizerischen elektronischen Impfausweis, k\u00f6nnen gerettet werden.\" \/>\n<meta name=\"robots\" content=\"index, follow, max-snippet:-1, max-image-preview:large, max-video-preview:-1\" \/>\n<link rel=\"canonical\" href=\"https:\/\/news.save.ch\/de\/e-impfdaten-sichere-plattform-bis-im-herbst\/\" \/>\n<meta property=\"og:locale\" content=\"de_DE\" \/>\n<meta property=\"og:type\" content=\"article\" \/>\n<meta property=\"og:title\" content=\"E-Impfdaten: Ab Herbst soll man \u00fcber seine Daten verf\u00fcgen k\u00f6nnen - Save\" \/>\n<meta property=\"og:description\" content=\"Die Daten von meineimpfungen.ch, dem schweizerischen elektronischen Impfausweis, k\u00f6nnen gerettet werden.\" \/>\n<meta property=\"og:url\" content=\"https:\/\/news.save.ch\/de\/e-impfdaten-sichere-plattform-bis-im-herbst\/\" \/>\n<meta property=\"og:site_name\" content=\"Save\" \/>\n<meta property=\"article:published_time\" content=\"2023-05-19T08:20:45+00:00\" \/>\n<meta property=\"article:modified_time\" content=\"2023-05-30T13:14:29+00:00\" \/>\n<meta property=\"og:image\" content=\"https:\/\/news.save.ch\/wp-content\/uploads\/2023\/05\/DepositphotoHayDmitriy.jpg\" \/>\n\t<meta property=\"og:image:width\" content=\"999\" \/>\n\t<meta property=\"og:image:height\" content=\"667\" \/>\n\t<meta property=\"og:image:type\" content=\"image\/jpeg\" \/>\n<meta name=\"author\" content=\"Roger Str\u00e4ssle\" \/>\n<meta name=\"twitter:card\" content=\"summary_large_image\" \/>\n<meta name=\"twitter:label1\" content=\"Geschrieben von\" \/>\n\t<meta name=\"twitter:data1\" content=\"Roger Str\u00e4ssle\" \/>\n\t<meta name=\"twitter:label2\" content=\"Gesch\u00e4tzte Lesezeit\" \/>\n\t<meta name=\"twitter:data2\" content=\"2\u00a0Minuten\" \/>\n<script type=\"application\/ld+json\" class=\"yoast-schema-graph\">{\"@context\":\"https:\\\/\\\/schema.org\",\"@graph\":[{\"@type\":\"Article\",\"@id\":\"https:\\\/\\\/news.save.ch\\\/e-impfdaten-sichere-plattform-bis-im-herbst\\\/#article\",\"isPartOf\":{\"@id\":\"https:\\\/\\\/news.save.ch\\\/e-impfdaten-sichere-plattform-bis-im-herbst\\\/\"},\"author\":{\"name\":\"Roger Str\u00e4ssle\",\"@id\":\"https:\\\/\\\/news.save.ch\\\/de\\\/#\\\/schema\\\/person\\\/d5022db048e0e2b9785c50e5b24da5aa\"},\"headline\":\"E-Impfdaten: Ab Herbst soll man \u00fcber seine Daten verf\u00fcgen k\u00f6nnen\",\"datePublished\":\"2023-05-19T08:20:45+00:00\",\"dateModified\":\"2023-05-30T13:14:29+00:00\",\"mainEntityOfPage\":{\"@id\":\"https:\\\/\\\/news.save.ch\\\/e-impfdaten-sichere-plattform-bis-im-herbst\\\/\"},\"wordCount\":376,\"publisher\":{\"@id\":\"https:\\\/\\\/news.save.ch\\\/de\\\/#organization\"},\"image\":{\"@id\":\"https:\\\/\\\/news.save.ch\\\/e-impfdaten-sichere-plattform-bis-im-herbst\\\/#primaryimage\"},\"thumbnailUrl\":\"https:\\\/\\\/news.save.ch\\\/wp-content\\\/uploads\\\/2023\\\/05\\\/DepositphotoHayDmitriy.jpg\",\"keywords\":[\"elektronischer Impfausweis\",\"Elektronisches Patientendossier\",\"EPD\",\"Impfdaten\"],\"articleSection\":[\"HEALTH &amp; SAFETY\"],\"inLanguage\":\"de\"},{\"@type\":\"WebPage\",\"@id\":\"https:\\\/\\\/news.save.ch\\\/e-impfdaten-sichere-plattform-bis-im-herbst\\\/\",\"url\":\"https:\\\/\\\/news.save.ch\\\/e-impfdaten-sichere-plattform-bis-im-herbst\\\/\",\"name\":\"E-Impfdaten: Ab Herbst soll man \u00fcber seine Daten verf\u00fcgen k\u00f6nnen - Save\",\"isPartOf\":{\"@id\":\"https:\\\/\\\/news.save.ch\\\/de\\\/#website\"},\"primaryImageOfPage\":{\"@id\":\"https:\\\/\\\/news.save.ch\\\/e-impfdaten-sichere-plattform-bis-im-herbst\\\/#primaryimage\"},\"image\":{\"@id\":\"https:\\\/\\\/news.save.ch\\\/e-impfdaten-sichere-plattform-bis-im-herbst\\\/#primaryimage\"},\"thumbnailUrl\":\"https:\\\/\\\/news.save.ch\\\/wp-content\\\/uploads\\\/2023\\\/05\\\/DepositphotoHayDmitriy.jpg\",\"datePublished\":\"2023-05-19T08:20:45+00:00\",\"dateModified\":\"2023-05-30T13:14:29+00:00\",\"description\":\"Die Daten von meineimpfungen.ch, dem schweizerischen elektronischen Impfausweis, k\u00f6nnen gerettet werden.\",\"breadcrumb\":{\"@id\":\"https:\\\/\\\/news.save.ch\\\/e-impfdaten-sichere-plattform-bis-im-herbst\\\/#breadcrumb\"},\"inLanguage\":\"de\",\"potentialAction\":[{\"@type\":\"ReadAction\",\"target\":[\"https:\\\/\\\/news.save.ch\\\/e-impfdaten-sichere-plattform-bis-im-herbst\\\/\"]}]},{\"@type\":\"ImageObject\",\"inLanguage\":\"de\",\"@id\":\"https:\\\/\\\/news.save.ch\\\/e-impfdaten-sichere-plattform-bis-im-herbst\\\/#primaryimage\",\"url\":\"https:\\\/\\\/news.save.ch\\\/wp-content\\\/uploads\\\/2023\\\/05\\\/DepositphotoHayDmitriy.jpg\",\"contentUrl\":\"https:\\\/\\\/news.save.ch\\\/wp-content\\\/uploads\\\/2023\\\/05\\\/DepositphotoHayDmitriy.jpg\",\"width\":999,\"height\":667,\"caption\":\"Depositphotos, Hay Dmitriy\"},{\"@type\":\"BreadcrumbList\",\"@id\":\"https:\\\/\\\/news.save.ch\\\/e-impfdaten-sichere-plattform-bis-im-herbst\\\/#breadcrumb\",\"itemListElement\":[{\"@type\":\"ListItem\",\"position\":1,\"name\":\"Home\",\"item\":\"https:\\\/\\\/news.save.ch\\\/de\\\/\"},{\"@type\":\"ListItem\",\"position\":2,\"name\":\"E-Impfdaten: Ab Herbst soll man \u00fcber seine Daten verf\u00fcgen k\u00f6nnen\"}]},{\"@type\":\"WebSite\",\"@id\":\"https:\\\/\\\/news.save.ch\\\/de\\\/#website\",\"url\":\"https:\\\/\\\/news.save.ch\\\/de\\\/\",\"name\":\"Save\",\"description\":\"Schweizer Fachzeitschrift f\u00fcr Sicherheit\",\"publisher\":{\"@id\":\"https:\\\/\\\/news.save.ch\\\/de\\\/#organization\"},\"potentialAction\":[{\"@type\":\"SearchAction\",\"target\":{\"@type\":\"EntryPoint\",\"urlTemplate\":\"https:\\\/\\\/news.save.ch\\\/de\\\/?s={search_term_string}\"},\"query-input\":{\"@type\":\"PropertyValueSpecification\",\"valueRequired\":true,\"valueName\":\"search_term_string\"}}],\"inLanguage\":\"de\"},{\"@type\":\"Organization\",\"@id\":\"https:\\\/\\\/news.save.ch\\\/de\\\/#organization\",\"name\":\"Sicherheitsforum\",\"url\":\"https:\\\/\\\/news.save.ch\\\/de\\\/\",\"logo\":{\"@type\":\"ImageObject\",\"inLanguage\":\"de\",\"@id\":\"https:\\\/\\\/news.save.ch\\\/de\\\/#\\\/schema\\\/logo\\\/image\\\/\",\"url\":\"https:\\\/\\\/news.save.ch\\\/wp-content\\\/uploads\\\/2022\\\/06\\\/Logo_SF_2012.png\",\"contentUrl\":\"https:\\\/\\\/news.save.ch\\\/wp-content\\\/uploads\\\/2022\\\/06\\\/Logo_SF_2012.png\",\"width\":1100,\"height\":91,\"caption\":\"Sicherheitsforum\"},\"image\":{\"@id\":\"https:\\\/\\\/news.save.ch\\\/de\\\/#\\\/schema\\\/logo\\\/image\\\/\"}},{\"@type\":\"Person\",\"@id\":\"https:\\\/\\\/news.save.ch\\\/de\\\/#\\\/schema\\\/person\\\/d5022db048e0e2b9785c50e5b24da5aa\",\"name\":\"Roger Str\u00e4ssle\",\"image\":{\"@type\":\"ImageObject\",\"inLanguage\":\"de\",\"@id\":\"https:\\\/\\\/secure.gravatar.com\\\/avatar\\\/862a5569d087de48e5856e32f45d719a03804c891d6deb8d4f71a660e79e4a47?s=96&d=mm&r=g\",\"url\":\"https:\\\/\\\/secure.gravatar.com\\\/avatar\\\/862a5569d087de48e5856e32f45d719a03804c891d6deb8d4f71a660e79e4a47?s=96&d=mm&r=g\",\"contentUrl\":\"https:\\\/\\\/secure.gravatar.com\\\/avatar\\\/862a5569d087de48e5856e32f45d719a03804c891d6deb8d4f71a660e79e4a47?s=96&d=mm&r=g\",\"caption\":\"Roger Str\u00e4ssle\"},\"url\":\"https:\\\/\\\/news.save.ch\\\/de\\\/author\\\/roger-straessle\\\/\"}]}<\/script>\n<!-- \/ Yoast SEO plugin. -->","yoast_head_json":{"title":"E-Impfdaten: Ab Herbst soll man \u00fcber seine Daten verf\u00fcgen k\u00f6nnen - Save","description":"Die Daten von meineimpfungen.ch, dem schweizerischen elektronischen Impfausweis, k\u00f6nnen gerettet werden.","robots":{"index":"index","follow":"follow","max-snippet":"max-snippet:-1","max-image-preview":"max-image-preview:large","max-video-preview":"max-video-preview:-1"},"canonical":"https:\/\/news.save.ch\/de\/e-impfdaten-sichere-plattform-bis-im-herbst\/","og_locale":"de_DE","og_type":"article","og_title":"E-Impfdaten: Ab Herbst soll man \u00fcber seine Daten verf\u00fcgen k\u00f6nnen - Save","og_description":"Die Daten von meineimpfungen.ch, dem schweizerischen elektronischen Impfausweis, k\u00f6nnen gerettet werden.","og_url":"https:\/\/news.save.ch\/de\/e-impfdaten-sichere-plattform-bis-im-herbst\/","og_site_name":"Save","article_published_time":"2023-05-19T08:20:45+00:00","article_modified_time":"2023-05-30T13:14:29+00:00","og_image":[{"width":999,"height":667,"url":"https:\/\/news.save.ch\/wp-content\/uploads\/2023\/05\/DepositphotoHayDmitriy.jpg","type":"image\/jpeg"}],"author":"Roger Str\u00e4ssle","twitter_card":"summary_large_image","twitter_misc":{"Geschrieben von":"Roger Str\u00e4ssle","Gesch\u00e4tzte Lesezeit":"2\u00a0Minuten"},"schema":{"@context":"https:\/\/schema.org","@graph":[{"@type":"Article","@id":"https:\/\/news.save.ch\/e-impfdaten-sichere-plattform-bis-im-herbst\/#article","isPartOf":{"@id":"https:\/\/news.save.ch\/e-impfdaten-sichere-plattform-bis-im-herbst\/"},"author":{"name":"Roger Str\u00e4ssle","@id":"https:\/\/news.save.ch\/de\/#\/schema\/person\/d5022db048e0e2b9785c50e5b24da5aa"},"headline":"E-Impfdaten: Ab Herbst soll man \u00fcber seine Daten verf\u00fcgen k\u00f6nnen","datePublished":"2023-05-19T08:20:45+00:00","dateModified":"2023-05-30T13:14:29+00:00","mainEntityOfPage":{"@id":"https:\/\/news.save.ch\/e-impfdaten-sichere-plattform-bis-im-herbst\/"},"wordCount":376,"publisher":{"@id":"https:\/\/news.save.ch\/de\/#organization"},"image":{"@id":"https:\/\/news.save.ch\/e-impfdaten-sichere-plattform-bis-im-herbst\/#primaryimage"},"thumbnailUrl":"https:\/\/news.save.ch\/wp-content\/uploads\/2023\/05\/DepositphotoHayDmitriy.jpg","keywords":["elektronischer Impfausweis","Elektronisches Patientendossier","EPD","Impfdaten"],"articleSection":["HEALTH &amp; SAFETY"],"inLanguage":"de"},{"@type":"WebPage","@id":"https:\/\/news.save.ch\/e-impfdaten-sichere-plattform-bis-im-herbst\/","url":"https:\/\/news.save.ch\/e-impfdaten-sichere-plattform-bis-im-herbst\/","name":"E-Impfdaten: Ab Herbst soll man \u00fcber seine Daten verf\u00fcgen k\u00f6nnen - Save","isPartOf":{"@id":"https:\/\/news.save.ch\/de\/#website"},"primaryImageOfPage":{"@id":"https:\/\/news.save.ch\/e-impfdaten-sichere-plattform-bis-im-herbst\/#primaryimage"},"image":{"@id":"https:\/\/news.save.ch\/e-impfdaten-sichere-plattform-bis-im-herbst\/#primaryimage"},"thumbnailUrl":"https:\/\/news.save.ch\/wp-content\/uploads\/2023\/05\/DepositphotoHayDmitriy.jpg","datePublished":"2023-05-19T08:20:45+00:00","dateModified":"2023-05-30T13:14:29+00:00","description":"Die Daten von meineimpfungen.ch, dem schweizerischen elektronischen Impfausweis, k\u00f6nnen gerettet werden.","breadcrumb":{"@id":"https:\/\/news.save.ch\/e-impfdaten-sichere-plattform-bis-im-herbst\/#breadcrumb"},"inLanguage":"de","potentialAction":[{"@type":"ReadAction","target":["https:\/\/news.save.ch\/e-impfdaten-sichere-plattform-bis-im-herbst\/"]}]},{"@type":"ImageObject","inLanguage":"de","@id":"https:\/\/news.save.ch\/e-impfdaten-sichere-plattform-bis-im-herbst\/#primaryimage","url":"https:\/\/news.save.ch\/wp-content\/uploads\/2023\/05\/DepositphotoHayDmitriy.jpg","contentUrl":"https:\/\/news.save.ch\/wp-content\/uploads\/2023\/05\/DepositphotoHayDmitriy.jpg","width":999,"height":667,"caption":"Depositphotos, Hay Dmitriy"},{"@type":"BreadcrumbList","@id":"https:\/\/news.save.ch\/e-impfdaten-sichere-plattform-bis-im-herbst\/#breadcrumb","itemListElement":[{"@type":"ListItem","position":1,"name":"Home","item":"https:\/\/news.save.ch\/de\/"},{"@type":"ListItem","position":2,"name":"E-Impfdaten: Ab Herbst soll man \u00fcber seine Daten verf\u00fcgen k\u00f6nnen"}]},{"@type":"WebSite","@id":"https:\/\/news.save.ch\/de\/#website","url":"https:\/\/news.save.ch\/de\/","name":"Save","description":"Schweizer Fachzeitschrift f\u00fcr Sicherheit","publisher":{"@id":"https:\/\/news.save.ch\/de\/#organization"},"potentialAction":[{"@type":"SearchAction","target":{"@type":"EntryPoint","urlTemplate":"https:\/\/news.save.ch\/de\/?s={search_term_string}"},"query-input":{"@type":"PropertyValueSpecification","valueRequired":true,"valueName":"search_term_string"}}],"inLanguage":"de"},{"@type":"Organization","@id":"https:\/\/news.save.ch\/de\/#organization","name":"Sicherheitsforum","url":"https:\/\/news.save.ch\/de\/","logo":{"@type":"ImageObject","inLanguage":"de","@id":"https:\/\/news.save.ch\/de\/#\/schema\/logo\/image\/","url":"https:\/\/news.save.ch\/wp-content\/uploads\/2022\/06\/Logo_SF_2012.png","contentUrl":"https:\/\/news.save.ch\/wp-content\/uploads\/2022\/06\/Logo_SF_2012.png","width":1100,"height":91,"caption":"Sicherheitsforum"},"image":{"@id":"https:\/\/news.save.ch\/de\/#\/schema\/logo\/image\/"}},{"@type":"Person","@id":"https:\/\/news.save.ch\/de\/#\/schema\/person\/d5022db048e0e2b9785c50e5b24da5aa","name":"Roger Str\u00e4ssle","image":{"@type":"ImageObject","inLanguage":"de","@id":"https:\/\/secure.gravatar.com\/avatar\/862a5569d087de48e5856e32f45d719a03804c891d6deb8d4f71a660e79e4a47?s=96&d=mm&r=g","url":"https:\/\/secure.gravatar.com\/avatar\/862a5569d087de48e5856e32f45d719a03804c891d6deb8d4f71a660e79e4a47?s=96&d=mm&r=g","contentUrl":"https:\/\/secure.gravatar.com\/avatar\/862a5569d087de48e5856e32f45d719a03804c891d6deb8d4f71a660e79e4a47?s=96&d=mm&r=g","caption":"Roger Str\u00e4ssle"},"url":"https:\/\/news.save.ch\/de\/author\/roger-straessle\/"}]}},"_links":{"self":[{"href":"https:\/\/news.save.ch\/de\/wp-json\/wp\/v2\/posts\/19437","targetHints":{"allow":["GET"]}}],"collection":[{"href":"https:\/\/news.save.ch\/de\/wp-json\/wp\/v2\/posts"}],"about":[{"href":"https:\/\/news.save.ch\/de\/wp-json\/wp\/v2\/types\/post"}],"author":[{"embeddable":true,"href":"https:\/\/news.save.ch\/de\/wp-json\/wp\/v2\/users\/8"}],"replies":[{"embeddable":true,"href":"https:\/\/news.save.ch\/de\/wp-json\/wp\/v2\/comments?post=19437"}],"version-history":[{"count":9,"href":"https:\/\/news.save.ch\/de\/wp-json\/wp\/v2\/posts\/19437\/revisions"}],"predecessor-version":[{"id":19499,"href":"https:\/\/news.save.ch\/de\/wp-json\/wp\/v2\/posts\/19437\/revisions\/19499"}],"wp:featuredmedia":[{"embeddable":true,"href":"https:\/\/news.save.ch\/de\/wp-json\/wp\/v2\/media\/19438"}],"wp:attachment":[{"href":"https:\/\/news.save.ch\/de\/wp-json\/wp\/v2\/media?parent=19437"}],"wp:term":[{"taxonomy":"category","embeddable":true,"href":"https:\/\/news.save.ch\/de\/wp-json\/wp\/v2\/categories?post=19437"},{"taxonomy":"post_tag","embeddable":true,"href":"https:\/\/news.save.ch\/de\/wp-json\/wp\/v2\/tags?post=19437"}],"curies":[{"name":"wp","href":"https:\/\/api.w.org\/{rel}","templated":true}]}}