{"id":1946,"date":"2015-11-10T15:23:44","date_gmt":"2015-11-10T14:23:44","guid":{"rendered":"https:\/\/dev.sicherheitsforum.ch\/?p=1946"},"modified":"2015-11-10T15:23:44","modified_gmt":"2015-11-10T14:23:44","slug":"vbsf-vergibt-sicherheitspreis","status":null,"type":"post","link":"https:\/\/news.save.ch\/de\/vbsf-vergibt-sicherheitspreis\/","title":{"rendered":"VBSF vergibt Sicherheitspreis"},"content":{"rendered":"<figure id=\"attachment_1947\" aria-describedby=\"caption-attachment-1947\" style=\"width: 680px\" class=\"wp-caption alignnone\"><img loading=\"lazy\" decoding=\"async\" class=\"wp-image-1947 size-medium\" src=\"https:\/\/news.save.ch\/wp-content\/uploads\/2016\/12\/VBSF-vergibt-Sicherheitspreis-sicherheitsforum.jpg\" width=\"680\" height=\"453\" \/><figcaption id=\"caption-attachment-1947\" class=\"wp-caption-text\">V.l. Jurypr\u00e4sident Roger Holzer, Markus Spinnler, Paul Frey, Jean-Luc Marendaz (stellvertretend f\u00fcr Thierry Meyer) und VBSF-Pr\u00e4sident Marco Wunderle. Foto: R. Str\u00e4ssle<\/figcaption><\/figure>\n<p>Wer eine bedeutende Arbeit auf dem Gebiet der Sicherheit vorlegen kann, dem winkt eine sch\u00f6ne Preissumme, die der Schweizerische Verein von Brandschutz- und Sicherheitsfachleuten <a href=\"https:\/\/www.vbsf.ch\" target=\"_blank\" data-cke-saved-href=\"https:\/\/www.vbsf.ch\" rel=\"noopener\">(VBSF)<\/a> regelm\u00e4ssig vergibt. Am Dienstagabend war es wieder soweit. Im Rahmen der <a href=\"https:\/\/www.sicherheit-messe.ch\" target=\"_blank\" data-cke-saved-href=\"https:\/\/www.sicherheit-messe.ch\" rel=\"noopener\">Sicherheitsfachmesse<\/a>, die w\u00e4hrend vier Tagen in Z\u00fcrich Oerlikon stattfindet, konnte Jurypr\u00e4sident Roger Holzer und VBSF-Pr\u00e4sident Marco Wunderle den Hauptpreis von 5000 Franken (Kategorie A, wissenschaftlich) \u00fcberreichen. Vergeben wurden aber auch zwei Anerkennungspreise von je 2000 Franken in der Kategorie A und B (Erfindungen, Prototypen usw.).<\/p>\n<p>Der Gewinner des Hauptpreises, Paul Frey, hat sich dem Thema Brandschutzplanung mit ingenieurwissenschaftlichen Methoden angenommen. Laut Frey existiert dazu ein kaum \u00fcberblickbares, vor allem englischsprachiges Literaturangebot. Ein produktneutral gehaltenes Nachschlagewerk in deutscher Sprache fehlt aber. Diese L\u00fccke hat Frey jetzt geschlossen: Entstanden ist gem\u00e4ss VBSF-Jury ein \u00a0recht vollst\u00e4ndiges Kompendium, das nicht nur gut lesbar, sondern auch praxisbezogen ist.<\/p>\n<p>Der Anerkennungspreis in der Kategorie A ging an Markus Spinnler. Sein Thema: Brandschutz in den Depots der Schweizer Kunstmuseen. Er hat gem\u00e4ss Jugy eine innovative Arbeit im Bereich des Kulturg\u00fcterschutzes realisiert, die neuste Erkenntnisse ber\u00fccksichtigt.<\/p>\n<p>Einen weiteren Anerkennungspreis (Kategorie B) geht in die Westschweiz, der Preistr\u00e4ger heisst Thierry Meyer. Sein Thema: Un outil d\u2019\u00e9valuation et de cartographie des dangers.<\/p>\n<p>Insgesamt wurden f\u00fcr den VBSF-Sicherheitspreis 2015 sechs Arbeiten eingereicht. Der n\u00e4chste Wettbewerb findet 2017 statt.<\/p>\n","protected":false},"excerpt":{"rendered":"<p>Wer eine bedeutende Arbeit auf dem Gebiet der Sicherheit vorlegen kann, dem winkt eine sch\u00f6ne Preissumme, die der Schweizerische Verein von Brandschutz- und Sicherheitsfachleuten (VBSF) regelm\u00e4ssig vergibt. Am Dienstagabend war es wieder soweit. Im Rahmen der Sicherheitsfachmesse, die w\u00e4hrend vier Tagen in Z\u00fcrich Oerlikon stattfindet, konnte Jurypr\u00e4sident Roger Holzer und VBSF-Pr\u00e4sident Marco Wunderle den Hauptpreis [&hellip;]<\/p>\n","protected":false},"author":1,"featured_media":1947,"comment_status":"open","ping_status":"open","sticky":false,"template":"","format":"standard","meta":{"_acf_changed":false,"pgc_sgb_lightbox_settings":"","footnotes":""},"categories":[1],"tags":[84,142,66,143],"class_list":["post-1946","post","type-post","status-publish","format-standard","has-post-thumbnail","hentry","category-allgemein","tag-fachkongressfachmesse","tag-institutionen","tag-verbaende","tag-vereine"],"acf":[],"hkrextid":null,"publication":null,"issue":null,"workflow":null,"startPage":null,"spitzmarke":null,"_posts_by_tag_page_fields":{"widget_title":"","widget_tags":""},"_at_widget":"1","_yoast_wpseo_primary_category":"1","_yoast_wpseo_focuskw_text_input":"Sicherheitspreis","_yoast_wpseo_opengraph-image":"https:\/\/news.save.ch\/wp-content\/uploads\/2016\/12\/VBSF-vergibt-Sicherheitspreis-sicherheitsforum.jpg","_yoast_wpseo_opengraph-description":"Das Geheimnis ist gel\u00fcftet, der Sicherheitspreis 2015 des Vereins VBSF geht an Paul Frey, stellvertretender Leiter des Brandschutz-Inspektorates der Basellandschaftlichen Geb\u00e4ude-Versicherung.","_yoast_wpseo_opengraph-title":"VBSF vergibt Sicherheitspreis","enclosure":null,"_yoast_wpseo_twitter-title":null,"_yoast_wpseo_twitter-description":null,"_yoast_wpseo_twitter-image":null,"_wp_old_slug":null,"_yoast_wpseo_title":null,"_yoast_wpseo_canonical":null,"yoast_head":"<!-- This site is optimized with the Yoast SEO plugin v27.5 - https:\/\/yoast.com\/product\/yoast-seo-wordpress\/ -->\n<title>VBSF vergibt Sicherheitspreis - Save<\/title>\n<meta name=\"description\" content=\"Das Geheimnis ist gel\u00fcftet, der Sicherheitspreis 2015 des Vereins VBSF geht an Paul Frey, stellvertretender Leiter des BGV.\" \/>\n<meta name=\"robots\" content=\"index, follow, max-snippet:-1, max-image-preview:large, max-video-preview:-1\" \/>\n<link rel=\"canonical\" href=\"https:\/\/news.save.ch\/de\/vbsf-vergibt-sicherheitspreis\/\" \/>\n<meta property=\"og:locale\" content=\"de_DE\" \/>\n<meta property=\"og:type\" content=\"article\" \/>\n<meta property=\"og:title\" content=\"VBSF vergibt Sicherheitspreis\" \/>\n<meta property=\"og:description\" content=\"Das Geheimnis ist gel\u00fcftet, der Sicherheitspreis 2015 des Vereins VBSF geht an Paul Frey, stellvertretender Leiter des Brandschutz-Inspektorates der Basellandschaftlichen Geb\u00e4ude-Versicherung.\" \/>\n<meta property=\"og:url\" content=\"https:\/\/news.save.ch\/de\/vbsf-vergibt-sicherheitspreis\/\" \/>\n<meta property=\"og:site_name\" content=\"Save\" \/>\n<meta property=\"article:published_time\" content=\"2015-11-10T14:23:44+00:00\" \/>\n<meta property=\"og:image\" content=\"https:\/\/news.save.ch\/wp-content\/uploads\/2016\/12\/VBSF-vergibt-Sicherheitspreis-sicherheitsforum.jpg\" \/>\n<meta name=\"author\" content=\"admin\" \/>\n<meta name=\"twitter:card\" content=\"summary_large_image\" \/>\n<meta name=\"twitter:label1\" content=\"Geschrieben von\" \/>\n\t<meta name=\"twitter:data1\" content=\"admin\" \/>\n\t<meta name=\"twitter:label2\" content=\"Gesch\u00e4tzte Lesezeit\" \/>\n\t<meta name=\"twitter:data2\" content=\"1\u00a0Minute\" \/>\n<script type=\"application\/ld+json\" class=\"yoast-schema-graph\">{\"@context\":\"https:\\\/\\\/schema.org\",\"@graph\":[{\"@type\":\"Article\",\"@id\":\"https:\\\/\\\/news.save.ch\\\/vbsf-vergibt-sicherheitspreis\\\/#article\",\"isPartOf\":{\"@id\":\"https:\\\/\\\/news.save.ch\\\/vbsf-vergibt-sicherheitspreis\\\/\"},\"author\":{\"name\":\"admin\",\"@id\":\"https:\\\/\\\/news.save.ch\\\/de\\\/#\\\/schema\\\/person\\\/d49e199490bad7c70d64b9ab51142f2b\"},\"headline\":\"VBSF vergibt Sicherheitspreis\",\"datePublished\":\"2015-11-10T14:23:44+00:00\",\"mainEntityOfPage\":{\"@id\":\"https:\\\/\\\/news.save.ch\\\/vbsf-vergibt-sicherheitspreis\\\/\"},\"wordCount\":261,\"commentCount\":0,\"publisher\":{\"@id\":\"https:\\\/\\\/news.save.ch\\\/de\\\/#organization\"},\"image\":{\"@id\":\"https:\\\/\\\/news.save.ch\\\/vbsf-vergibt-sicherheitspreis\\\/#primaryimage\"},\"thumbnailUrl\":\"https:\\\/\\\/news.save.ch\\\/wp-content\\\/uploads\\\/2016\\\/12\\\/VBSF-vergibt-Sicherheitspreis-sicherheitsforum-scaled-1-scaled.jpg\",\"keywords\":[\"Fachkongress\\\/Fachmesse\",\"Institutionen\",\"Verb\u00e4nde\",\"Vereine\"],\"articleSection\":[\"ALLGEMEIN\"],\"inLanguage\":\"de\"},{\"@type\":\"WebPage\",\"@id\":\"https:\\\/\\\/news.save.ch\\\/vbsf-vergibt-sicherheitspreis\\\/\",\"url\":\"https:\\\/\\\/news.save.ch\\\/vbsf-vergibt-sicherheitspreis\\\/\",\"name\":\"VBSF vergibt Sicherheitspreis - Save\",\"isPartOf\":{\"@id\":\"https:\\\/\\\/news.save.ch\\\/de\\\/#website\"},\"primaryImageOfPage\":{\"@id\":\"https:\\\/\\\/news.save.ch\\\/vbsf-vergibt-sicherheitspreis\\\/#primaryimage\"},\"image\":{\"@id\":\"https:\\\/\\\/news.save.ch\\\/vbsf-vergibt-sicherheitspreis\\\/#primaryimage\"},\"thumbnailUrl\":\"https:\\\/\\\/news.save.ch\\\/wp-content\\\/uploads\\\/2016\\\/12\\\/VBSF-vergibt-Sicherheitspreis-sicherheitsforum-scaled-1-scaled.jpg\",\"datePublished\":\"2015-11-10T14:23:44+00:00\",\"description\":\"Das Geheimnis ist gel\u00fcftet, der Sicherheitspreis 2015 des Vereins VBSF geht an Paul Frey, stellvertretender Leiter des BGV.\",\"breadcrumb\":{\"@id\":\"https:\\\/\\\/news.save.ch\\\/vbsf-vergibt-sicherheitspreis\\\/#breadcrumb\"},\"inLanguage\":\"de\",\"potentialAction\":[{\"@type\":\"ReadAction\",\"target\":[\"https:\\\/\\\/news.save.ch\\\/vbsf-vergibt-sicherheitspreis\\\/\"]}]},{\"@type\":\"ImageObject\",\"inLanguage\":\"de\",\"@id\":\"https:\\\/\\\/news.save.ch\\\/vbsf-vergibt-sicherheitspreis\\\/#primaryimage\",\"url\":\"https:\\\/\\\/news.save.ch\\\/wp-content\\\/uploads\\\/2016\\\/12\\\/VBSF-vergibt-Sicherheitspreis-sicherheitsforum-scaled-1-scaled.jpg\",\"contentUrl\":\"https:\\\/\\\/news.save.ch\\\/wp-content\\\/uploads\\\/2016\\\/12\\\/VBSF-vergibt-Sicherheitspreis-sicherheitsforum-scaled-1-scaled.jpg\",\"width\":1400,\"height\":934,\"caption\":\"V.l. Jurypr\u00e4sident Roger Holzer, Markus Spinnler, Paul Frey, Jean-Luc Marendaz (stellvertretend f\u00fcr Thierry Meyer) und VBSF-Pr\u00e4sident Marco Wunderle. Foto: R. Str\u00e4ssle\"},{\"@type\":\"BreadcrumbList\",\"@id\":\"https:\\\/\\\/news.save.ch\\\/vbsf-vergibt-sicherheitspreis\\\/#breadcrumb\",\"itemListElement\":[{\"@type\":\"ListItem\",\"position\":1,\"name\":\"Home\",\"item\":\"https:\\\/\\\/news.save.ch\\\/de\\\/\"},{\"@type\":\"ListItem\",\"position\":2,\"name\":\"VBSF vergibt Sicherheitspreis\"}]},{\"@type\":\"WebSite\",\"@id\":\"https:\\\/\\\/news.save.ch\\\/de\\\/#website\",\"url\":\"https:\\\/\\\/news.save.ch\\\/de\\\/\",\"name\":\"Save\",\"description\":\"Schweizer Fachzeitschrift f\u00fcr Sicherheit\",\"publisher\":{\"@id\":\"https:\\\/\\\/news.save.ch\\\/de\\\/#organization\"},\"potentialAction\":[{\"@type\":\"SearchAction\",\"target\":{\"@type\":\"EntryPoint\",\"urlTemplate\":\"https:\\\/\\\/news.save.ch\\\/de\\\/?s={search_term_string}\"},\"query-input\":{\"@type\":\"PropertyValueSpecification\",\"valueRequired\":true,\"valueName\":\"search_term_string\"}}],\"inLanguage\":\"de\"},{\"@type\":\"Organization\",\"@id\":\"https:\\\/\\\/news.save.ch\\\/de\\\/#organization\",\"name\":\"Sicherheitsforum\",\"url\":\"https:\\\/\\\/news.save.ch\\\/de\\\/\",\"logo\":{\"@type\":\"ImageObject\",\"inLanguage\":\"de\",\"@id\":\"https:\\\/\\\/news.save.ch\\\/de\\\/#\\\/schema\\\/logo\\\/image\\\/\",\"url\":\"https:\\\/\\\/news.save.ch\\\/wp-content\\\/uploads\\\/2022\\\/06\\\/Logo_SF_2012.png\",\"contentUrl\":\"https:\\\/\\\/news.save.ch\\\/wp-content\\\/uploads\\\/2022\\\/06\\\/Logo_SF_2012.png\",\"width\":1100,\"height\":91,\"caption\":\"Sicherheitsforum\"},\"image\":{\"@id\":\"https:\\\/\\\/news.save.ch\\\/de\\\/#\\\/schema\\\/logo\\\/image\\\/\"}},{\"@type\":\"Person\",\"@id\":\"https:\\\/\\\/news.save.ch\\\/de\\\/#\\\/schema\\\/person\\\/d49e199490bad7c70d64b9ab51142f2b\",\"name\":\"admin\",\"image\":{\"@type\":\"ImageObject\",\"inLanguage\":\"de\",\"@id\":\"https:\\\/\\\/secure.gravatar.com\\\/avatar\\\/ae2f4d718e6c49043e314ce431e7e645d646302a24a5ef5a8bc8e3f5a032e319?s=96&d=mm&r=g\",\"url\":\"https:\\\/\\\/secure.gravatar.com\\\/avatar\\\/ae2f4d718e6c49043e314ce431e7e645d646302a24a5ef5a8bc8e3f5a032e319?s=96&d=mm&r=g\",\"contentUrl\":\"https:\\\/\\\/secure.gravatar.com\\\/avatar\\\/ae2f4d718e6c49043e314ce431e7e645d646302a24a5ef5a8bc8e3f5a032e319?s=96&d=mm&r=g\",\"caption\":\"admin\"},\"sameAs\":[\"https:\\\/\\\/develop.organisator.galledia.ch\"],\"url\":\"https:\\\/\\\/news.save.ch\\\/de\\\/author\\\/admin\\\/\"}]}<\/script>\n<!-- \/ Yoast SEO plugin. -->","yoast_head_json":{"title":"VBSF vergibt Sicherheitspreis - Save","description":"Das Geheimnis ist gel\u00fcftet, der Sicherheitspreis 2015 des Vereins VBSF geht an Paul Frey, stellvertretender Leiter des BGV.","robots":{"index":"index","follow":"follow","max-snippet":"max-snippet:-1","max-image-preview":"max-image-preview:large","max-video-preview":"max-video-preview:-1"},"canonical":"https:\/\/news.save.ch\/de\/vbsf-vergibt-sicherheitspreis\/","og_locale":"de_DE","og_type":"article","og_title":"VBSF vergibt Sicherheitspreis","og_description":"Das Geheimnis ist gel\u00fcftet, der Sicherheitspreis 2015 des Vereins VBSF geht an Paul Frey, stellvertretender Leiter des Brandschutz-Inspektorates der Basellandschaftlichen Geb\u00e4ude-Versicherung.","og_url":"https:\/\/news.save.ch\/de\/vbsf-vergibt-sicherheitspreis\/","og_site_name":"Save","article_published_time":"2015-11-10T14:23:44+00:00","og_image":[{"url":"https:\/\/news.save.ch\/wp-content\/uploads\/2016\/12\/VBSF-vergibt-Sicherheitspreis-sicherheitsforum.jpg","type":"","width":"","height":""}],"author":"admin","twitter_card":"summary_large_image","twitter_misc":{"Geschrieben von":"admin","Gesch\u00e4tzte Lesezeit":"1\u00a0Minute"},"schema":{"@context":"https:\/\/schema.org","@graph":[{"@type":"Article","@id":"https:\/\/news.save.ch\/vbsf-vergibt-sicherheitspreis\/#article","isPartOf":{"@id":"https:\/\/news.save.ch\/vbsf-vergibt-sicherheitspreis\/"},"author":{"name":"admin","@id":"https:\/\/news.save.ch\/de\/#\/schema\/person\/d49e199490bad7c70d64b9ab51142f2b"},"headline":"VBSF vergibt Sicherheitspreis","datePublished":"2015-11-10T14:23:44+00:00","mainEntityOfPage":{"@id":"https:\/\/news.save.ch\/vbsf-vergibt-sicherheitspreis\/"},"wordCount":261,"commentCount":0,"publisher":{"@id":"https:\/\/news.save.ch\/de\/#organization"},"image":{"@id":"https:\/\/news.save.ch\/vbsf-vergibt-sicherheitspreis\/#primaryimage"},"thumbnailUrl":"https:\/\/news.save.ch\/wp-content\/uploads\/2016\/12\/VBSF-vergibt-Sicherheitspreis-sicherheitsforum-scaled-1-scaled.jpg","keywords":["Fachkongress\/Fachmesse","Institutionen","Verb\u00e4nde","Vereine"],"articleSection":["ALLGEMEIN"],"inLanguage":"de"},{"@type":"WebPage","@id":"https:\/\/news.save.ch\/vbsf-vergibt-sicherheitspreis\/","url":"https:\/\/news.save.ch\/vbsf-vergibt-sicherheitspreis\/","name":"VBSF vergibt Sicherheitspreis - Save","isPartOf":{"@id":"https:\/\/news.save.ch\/de\/#website"},"primaryImageOfPage":{"@id":"https:\/\/news.save.ch\/vbsf-vergibt-sicherheitspreis\/#primaryimage"},"image":{"@id":"https:\/\/news.save.ch\/vbsf-vergibt-sicherheitspreis\/#primaryimage"},"thumbnailUrl":"https:\/\/news.save.ch\/wp-content\/uploads\/2016\/12\/VBSF-vergibt-Sicherheitspreis-sicherheitsforum-scaled-1-scaled.jpg","datePublished":"2015-11-10T14:23:44+00:00","description":"Das Geheimnis ist gel\u00fcftet, der Sicherheitspreis 2015 des Vereins VBSF geht an Paul Frey, stellvertretender Leiter des BGV.","breadcrumb":{"@id":"https:\/\/news.save.ch\/vbsf-vergibt-sicherheitspreis\/#breadcrumb"},"inLanguage":"de","potentialAction":[{"@type":"ReadAction","target":["https:\/\/news.save.ch\/vbsf-vergibt-sicherheitspreis\/"]}]},{"@type":"ImageObject","inLanguage":"de","@id":"https:\/\/news.save.ch\/vbsf-vergibt-sicherheitspreis\/#primaryimage","url":"https:\/\/news.save.ch\/wp-content\/uploads\/2016\/12\/VBSF-vergibt-Sicherheitspreis-sicherheitsforum-scaled-1-scaled.jpg","contentUrl":"https:\/\/news.save.ch\/wp-content\/uploads\/2016\/12\/VBSF-vergibt-Sicherheitspreis-sicherheitsforum-scaled-1-scaled.jpg","width":1400,"height":934,"caption":"V.l. Jurypr\u00e4sident Roger Holzer, Markus Spinnler, Paul Frey, Jean-Luc Marendaz (stellvertretend f\u00fcr Thierry Meyer) und VBSF-Pr\u00e4sident Marco Wunderle. Foto: R. Str\u00e4ssle"},{"@type":"BreadcrumbList","@id":"https:\/\/news.save.ch\/vbsf-vergibt-sicherheitspreis\/#breadcrumb","itemListElement":[{"@type":"ListItem","position":1,"name":"Home","item":"https:\/\/news.save.ch\/de\/"},{"@type":"ListItem","position":2,"name":"VBSF vergibt Sicherheitspreis"}]},{"@type":"WebSite","@id":"https:\/\/news.save.ch\/de\/#website","url":"https:\/\/news.save.ch\/de\/","name":"Save","description":"Schweizer Fachzeitschrift f\u00fcr Sicherheit","publisher":{"@id":"https:\/\/news.save.ch\/de\/#organization"},"potentialAction":[{"@type":"SearchAction","target":{"@type":"EntryPoint","urlTemplate":"https:\/\/news.save.ch\/de\/?s={search_term_string}"},"query-input":{"@type":"PropertyValueSpecification","valueRequired":true,"valueName":"search_term_string"}}],"inLanguage":"de"},{"@type":"Organization","@id":"https:\/\/news.save.ch\/de\/#organization","name":"Sicherheitsforum","url":"https:\/\/news.save.ch\/de\/","logo":{"@type":"ImageObject","inLanguage":"de","@id":"https:\/\/news.save.ch\/de\/#\/schema\/logo\/image\/","url":"https:\/\/news.save.ch\/wp-content\/uploads\/2022\/06\/Logo_SF_2012.png","contentUrl":"https:\/\/news.save.ch\/wp-content\/uploads\/2022\/06\/Logo_SF_2012.png","width":1100,"height":91,"caption":"Sicherheitsforum"},"image":{"@id":"https:\/\/news.save.ch\/de\/#\/schema\/logo\/image\/"}},{"@type":"Person","@id":"https:\/\/news.save.ch\/de\/#\/schema\/person\/d49e199490bad7c70d64b9ab51142f2b","name":"admin","image":{"@type":"ImageObject","inLanguage":"de","@id":"https:\/\/secure.gravatar.com\/avatar\/ae2f4d718e6c49043e314ce431e7e645d646302a24a5ef5a8bc8e3f5a032e319?s=96&d=mm&r=g","url":"https:\/\/secure.gravatar.com\/avatar\/ae2f4d718e6c49043e314ce431e7e645d646302a24a5ef5a8bc8e3f5a032e319?s=96&d=mm&r=g","contentUrl":"https:\/\/secure.gravatar.com\/avatar\/ae2f4d718e6c49043e314ce431e7e645d646302a24a5ef5a8bc8e3f5a032e319?s=96&d=mm&r=g","caption":"admin"},"sameAs":["https:\/\/develop.organisator.galledia.ch"],"url":"https:\/\/news.save.ch\/de\/author\/admin\/"}]}},"_links":{"self":[{"href":"https:\/\/news.save.ch\/de\/wp-json\/wp\/v2\/posts\/1946","targetHints":{"allow":["GET"]}}],"collection":[{"href":"https:\/\/news.save.ch\/de\/wp-json\/wp\/v2\/posts"}],"about":[{"href":"https:\/\/news.save.ch\/de\/wp-json\/wp\/v2\/types\/post"}],"author":[{"embeddable":true,"href":"https:\/\/news.save.ch\/de\/wp-json\/wp\/v2\/users\/1"}],"replies":[{"embeddable":true,"href":"https:\/\/news.save.ch\/de\/wp-json\/wp\/v2\/comments?post=1946"}],"version-history":[{"count":0,"href":"https:\/\/news.save.ch\/de\/wp-json\/wp\/v2\/posts\/1946\/revisions"}],"wp:featuredmedia":[{"embeddable":true,"href":"https:\/\/news.save.ch\/de\/wp-json\/wp\/v2\/media\/1947"}],"wp:attachment":[{"href":"https:\/\/news.save.ch\/de\/wp-json\/wp\/v2\/media?parent=1946"}],"wp:term":[{"taxonomy":"category","embeddable":true,"href":"https:\/\/news.save.ch\/de\/wp-json\/wp\/v2\/categories?post=1946"},{"taxonomy":"post_tag","embeddable":true,"href":"https:\/\/news.save.ch\/de\/wp-json\/wp\/v2\/tags?post=1946"}],"curies":[{"name":"wp","href":"https:\/\/api.w.org\/{rel}","templated":true}]}}