{"id":19489,"date":"2023-05-31T06:04:38","date_gmt":"2023-05-31T04:04:38","guid":{"rendered":"https:\/\/news.save.ch\/?p=19489"},"modified":"2023-05-30T14:24:12","modified_gmt":"2023-05-30T12:24:12","slug":"5-jahre-dsgvo-auf-loechrige-schutzschilde-koennen-wir-verzichten","status":null,"type":"post","link":"https:\/\/news.save.ch\/de\/5-jahre-dsgvo-auf-loechrige-schutzschilde-koennen-wir-verzichten\/","title":{"rendered":"Privacy Shield 2.0: Auf l\u00f6chrige Schutzschilder verzichten"},"content":{"rendered":"<figure id=\"attachment_19490\" aria-describedby=\"caption-attachment-19490\" style=\"width: 680px\" class=\"wp-caption aligncenter\"><img loading=\"lazy\" decoding=\"async\" class=\"size-medium wp-image-19490\" src=\"https:\/\/news.save.ch\/wp-content\/uploads\/2023\/05\/Depositphotos_174161888_S-680x434.jpg\" alt=\"\" width=\"680\" height=\"434\" srcset=\"https:\/\/news.save.ch\/wp-content\/uploads\/2023\/05\/Depositphotos_174161888_S-680x434.jpg 680w, https:\/\/news.save.ch\/wp-content\/uploads\/2023\/05\/Depositphotos_174161888_S-768x490.jpg 768w, https:\/\/news.save.ch\/wp-content\/uploads\/2023\/05\/Depositphotos_174161888_S-18x12.jpg 18w, https:\/\/news.save.ch\/wp-content\/uploads\/2023\/05\/Depositphotos_174161888_S-375x239.jpg 375w, https:\/\/news.save.ch\/wp-content\/uploads\/2023\/05\/Depositphotos_174161888_S-549x350.jpg 549w, https:\/\/news.save.ch\/wp-content\/uploads\/2023\/05\/Depositphotos_174161888_S.jpg 999w\" sizes=\"auto, (max-width: 680px) 100vw, 680px\" \/><figcaption id=\"caption-attachment-19490\" class=\"wp-caption-text\">Depositphotos, tbtb<\/figcaption><\/figure>\n<p>&nbsp;<\/p>\n<p style=\"margin: 0cm 0cm 11.25pt 0cm;\"><span style=\"font-size: 10pt; font-family: arial, helvetica, sans-serif;\">Seit dem 25. Mai 2020 ist die europ\u00e4ische Datenschutzgrundverordnung DSGVO in Kraft. Auch wenn sie bei ihrer Einf\u00fchrung die Verantwortlichen viele Nerven gekostet hat, kann sie als Erfolgsgeschichte gelten. Sie hat etwa \u00e4usserst Erfreuliches bewirkt: n\u00e4mlich das allgemeine Problembewusstsein f\u00fcr den Datenschutz gesch\u00e4rft. Daf\u00fcr haben nicht zuletzt die vielen Schlagzeilen \u00fcber die saftigen Bussgelder gesorgt, die wegen Verst\u00f6ssen gegen die DSGVO verh\u00e4ngt wurden. Selbst m\u00e4chtige US-Player m\u00fcssen vor ihr zittern. Das bekam j\u00fcngst auch der Meta-Konzern zu sp\u00fcren, der wegen der Weitergabe von europ\u00e4ischen Facebook-Nutzerdaten in die USA zu einer Rekordstrafe von 1,2 Milliarden Euro verdonnert wurde.<\/span><\/p>\n<h3><span style=\"font-family: arial, helvetica, sans-serif;\">Viele Nachahmer gefunden<\/span><\/h3>\n<p style=\"white-space: pre-wrap; margin: 0cm 0cm 11.25pt 0cm;\"><span style=\"font-size: 10pt; font-family: arial, helvetica, sans-serif;\">Dass die DSGVO eine Erfolgsgeschichte ist, zeigt auch die Tatsache, dass sie viele weltweite Nachahmer gefunden hat. Australien, Brasilien, S\u00fcdkorea, Thailand und sogar US-Staaten wie Kalifornien haben sie sich bei ihren Datenschutzgesetzen die zum Vorbild genommen. Und am 1. September 2023 wird in der Schweiz das neue Datenschutzgesetz (nDSG) in Kraft treten (<a href=\"https:\/\/news.save.ch\/de\/neues-datenschutzgesetz-tritt-in-einem-jahr-in-kraft-2\/\">vgl. hier<\/a>). Es wird die Rechte der Schweizer B\u00fcrgerinnen und B\u00fcrger im digitalen Zeitalter st\u00e4rken und den Datenschutz der Eidgenossenschaft auf ein mit den EU-Staaten vergleichbares Niveau heben \u2013 indem es sich ebenfalls an der DSGVO orientiert.<\/span><\/p>\n<p style=\"white-space: pre-wrap; margin: 0cm 0cm 11.25pt 0cm;\"><span style=\"font-size: 10pt; font-family: arial, helvetica, sans-serif;\">Dass Unternehmen sich an die Vorgaben der europ\u00e4ischen Datenschutzgrundverordnung halten sollten, versteht sich praktisch von selbst. Zu den guten vielen guten moralischen, rechtlichen und finanziellen Gr\u00fcnden kommt jetzt nach f\u00fcnf Jahren ein weiterer guter Grund hinzu: Unternehmen m\u00fcssen sich bei Verst\u00f6ssen k\u00fcnftig auch auf Schadenersatzforderungen f\u00fcr immaterielle Sch\u00e4den gefasst machen. In einem Grundsatzurteil best\u00e4tigte der Europ\u00e4ische Gerichtshof Anfang Mai 2023, dass Betroffene von Verst\u00f6ssen f\u00fcr immaterielle Beeintr\u00e4chtigungen wie beispielsweise Blossstellung Schadenersatz fordern k\u00f6nnen, \u00e4hnlich dem Schmerzensgeld bei K\u00f6rperverletzungen. F\u00fcr Unternehmen ist es deshalb wichtiger denn je, saubere Prozesse zur Erf\u00fcllung ihre Pflichten zu implementieren.<\/span><\/p>\n<h3><span style=\"font-family: arial, helvetica, sans-serif;\">Gefordert: ein &#8222;No Spy&#8220;-Abkommen<\/span><\/h3>\n<p style=\"white-space: pre-wrap; margin: 0cm 0cm 11.25pt 0cm;\"><span style=\"font-size: 10pt; font-family: arial, helvetica, sans-serif;\">F\u00fcr die Europ\u00e4ische Kommission w\u00e4re das f\u00fcnfj\u00e4hrige Jubil\u00e4um eigentlich der ideale Anlass, noch einmal in sich zu gehen. Sie ist n\u00e4mlich derzeit im Begriff, ein drittes Mal denselben Fehler zu begehen. In den vergangenen Jahren kippte der Europ\u00e4ische Gerichtshof bereits zwei Abkommen der Kommission mit den USA. Erst sollte \u201e<a href=\"https:\/\/de.wikipedia.org\/wiki\/Safe_Harbor\">Safe Harbor<\/a>\u201c und dann \u201e<a href=\"https:\/\/de.wikipedia.org\/wiki\/EU-US_Privacy_Shield\">Privacy Shield<\/a>\u201c einen sicheren Datentransfer von Europa nach Amerika gew\u00e4hrleisten, doch die obersten europ\u00e4ischen Richter zogen beides Mal die Notbremse. Wegen der umfassenden Zugriffsrechte der amerikanischen Geheimdienste, so ihre Begr\u00fcndung, seien die personenbezogenen Daten europ\u00e4ischer B\u00fcrger bei US-Unternehmen nicht genug im Sinne der DSGVO gesch\u00fctzt.<\/span><\/p>\n<p style=\"white-space: pre-wrap; margin: 0cm 0cm 11.25pt 0cm;\"><span style=\"font-size: 10pt; font-family: arial, helvetica, sans-serif;\">Vor kurzem haben sich die EU-Kommission und die US-Regierung auf eine neue Regelung geeinigt, der dasselbe Schicksal droht. Es deutet n\u00e4mlich nichts darauf hin, dass sich an den amerikanischen \u00dcberwachungsgesetzen \u2013 und damit am Grundproblem \u00ad\u00ad\u2013 irgendetwas \u00e4ndern wird. Datensch\u00fctzer gehen deshalb davon aus, dass der Europ\u00e4ische Gerichtshof auch dieses \u201ePrivacy Shield 2.0\u201c-Abkommen wieder kassieren wird. Unternehmen drohen dann beim Einsatz US-amerikanischer Cloud-L\u00f6sungen weitere Jahre der Rechtsunsicherheit. Um das zu verhindern, sollte die europ\u00e4ische Kommission sich anl\u00e4sslich des DSGVO-Jubil\u00e4um darauf besinnen, was es wirklich br\u00e4uchte: ein \u201eNo Spy\u201e-Abkommen mit den USA, das den Verzicht auf geheimdienstliche Aktivit\u00e4ten garantiert. Bis zu einem solchen Abkommen gilt, dass die Clouds von US-Anbietern f\u00fcr pers\u00f6nliche Daten nicht rechtssicher genutzt werden k\u00f6nnen. Gut, dass es digital souver\u00e4ne L\u00f6sungen als Alternativen gibt.<\/span><\/p>\n<p><span style=\"font-family: arial, helvetica, sans-serif; font-size: 10pt;\"><em>Autor: Holger Dyroff, Co-Founder und COO von ownCloud<\/em><\/span><\/p>\n","protected":false},"excerpt":{"rendered":"<p>&nbsp; Seit dem 25. Mai 2020 ist die europ\u00e4ische Datenschutzgrundverordnung DSGVO in Kraft. Auch wenn sie bei ihrer Einf\u00fchrung die Verantwortlichen viele Nerven gekostet hat, kann sie als Erfolgsgeschichte gelten. Sie hat etwa \u00e4usserst Erfreuliches bewirkt: n\u00e4mlich das allgemeine Problembewusstsein f\u00fcr den Datenschutz gesch\u00e4rft. Daf\u00fcr haben nicht zuletzt die vielen Schlagzeilen \u00fcber die saftigen Bussgelder [&hellip;]<\/p>\n","protected":false},"author":8,"featured_media":19490,"comment_status":"closed","ping_status":"closed","sticky":false,"template":"","format":"standard","meta":{"_acf_changed":false,"pgc_sgb_lightbox_settings":"","footnotes":""},"categories":[3313],"tags":[378,3386,3385],"class_list":["post-19489","post","type-post","status-publish","format-standard","has-post-thumbnail","hentry","category-digitalisierung","tag-dsgvo","tag-privacy-shield-2-0","tag-safe-harbor"],"acf":[],"hkrextid":null,"publication":null,"issue":null,"workflow":null,"startPage":null,"spitzmarke":null,"_posts_by_tag_page_fields":null,"_at_widget":null,"_yoast_wpseo_primary_category":"3313","_yoast_wpseo_focuskw_text_input":null,"_yoast_wpseo_opengraph-image":null,"_yoast_wpseo_opengraph-description":null,"_yoast_wpseo_opengraph-title":null,"enclosure":null,"_yoast_wpseo_twitter-title":null,"_yoast_wpseo_twitter-description":null,"_yoast_wpseo_twitter-image":null,"_wp_old_slug":null,"_yoast_wpseo_title":null,"_yoast_wpseo_canonical":null,"yoast_head":"<!-- This site is optimized with the Yoast SEO plugin v27.4 - https:\/\/yoast.com\/product\/yoast-seo-wordpress\/ -->\n<title>Privacy Shield 2.0: Auf l\u00f6chrige Schutzschilder verzichten - Save<\/title>\n<meta name=\"robots\" content=\"index, follow, max-snippet:-1, max-image-preview:large, max-video-preview:-1\" \/>\n<link rel=\"canonical\" href=\"https:\/\/news.save.ch\/de\/5-jahre-dsgvo-auf-loechrige-schutzschilde-koennen-wir-verzichten\/\" \/>\n<meta property=\"og:locale\" content=\"de_DE\" \/>\n<meta property=\"og:type\" content=\"article\" \/>\n<meta property=\"og:title\" content=\"Privacy Shield 2.0: Auf l\u00f6chrige Schutzschilder verzichten - Save\" \/>\n<meta property=\"og:description\" content=\"&nbsp; Seit dem 25. Mai 2020 ist die europ\u00e4ische Datenschutzgrundverordnung DSGVO in Kraft. Auch wenn sie bei ihrer Einf\u00fchrung die Verantwortlichen viele Nerven gekostet hat, kann sie als Erfolgsgeschichte gelten. Sie hat etwa \u00e4usserst Erfreuliches bewirkt: n\u00e4mlich das allgemeine Problembewusstsein f\u00fcr den Datenschutz gesch\u00e4rft. Daf\u00fcr haben nicht zuletzt die vielen Schlagzeilen \u00fcber die saftigen Bussgelder [&hellip;]\" \/>\n<meta property=\"og:url\" content=\"https:\/\/news.save.ch\/de\/5-jahre-dsgvo-auf-loechrige-schutzschilde-koennen-wir-verzichten\/\" \/>\n<meta property=\"og:site_name\" content=\"Save\" \/>\n<meta property=\"article:published_time\" content=\"2023-05-31T04:04:38+00:00\" \/>\n<meta property=\"og:image\" content=\"https:\/\/news.save.ch\/wp-content\/uploads\/2023\/05\/Depositphotos_174161888_S.jpg\" \/>\n\t<meta property=\"og:image:width\" content=\"999\" \/>\n\t<meta property=\"og:image:height\" content=\"637\" \/>\n\t<meta property=\"og:image:type\" content=\"image\/jpeg\" \/>\n<meta name=\"author\" content=\"Roger Str\u00e4ssle\" \/>\n<meta name=\"twitter:card\" content=\"summary_large_image\" \/>\n<meta name=\"twitter:label1\" content=\"Geschrieben von\" \/>\n\t<meta name=\"twitter:data1\" content=\"Roger Str\u00e4ssle\" \/>\n\t<meta name=\"twitter:label2\" content=\"Gesch\u00e4tzte Lesezeit\" \/>\n\t<meta name=\"twitter:data2\" content=\"4\u00a0Minuten\" \/>\n<script type=\"application\/ld+json\" class=\"yoast-schema-graph\">{\"@context\":\"https:\\\/\\\/schema.org\",\"@graph\":[{\"@type\":\"Article\",\"@id\":\"https:\\\/\\\/news.save.ch\\\/5-jahre-dsgvo-auf-loechrige-schutzschilde-koennen-wir-verzichten\\\/#article\",\"isPartOf\":{\"@id\":\"https:\\\/\\\/news.save.ch\\\/5-jahre-dsgvo-auf-loechrige-schutzschilde-koennen-wir-verzichten\\\/\"},\"author\":{\"name\":\"Roger Str\u00e4ssle\",\"@id\":\"https:\\\/\\\/news.save.ch\\\/de\\\/#\\\/schema\\\/person\\\/d5022db048e0e2b9785c50e5b24da5aa\"},\"headline\":\"Privacy Shield 2.0: Auf l\u00f6chrige Schutzschilder verzichten\",\"datePublished\":\"2023-05-31T04:04:38+00:00\",\"mainEntityOfPage\":{\"@id\":\"https:\\\/\\\/news.save.ch\\\/5-jahre-dsgvo-auf-loechrige-schutzschilde-koennen-wir-verzichten\\\/\"},\"wordCount\":591,\"publisher\":{\"@id\":\"https:\\\/\\\/news.save.ch\\\/de\\\/#organization\"},\"image\":{\"@id\":\"https:\\\/\\\/news.save.ch\\\/5-jahre-dsgvo-auf-loechrige-schutzschilde-koennen-wir-verzichten\\\/#primaryimage\"},\"thumbnailUrl\":\"https:\\\/\\\/news.save.ch\\\/wp-content\\\/uploads\\\/2023\\\/05\\\/Depositphotos_174161888_S.jpg\",\"keywords\":[\"DSGVO\",\"Privacy Shield 2.0\",\"Safe Harbor\"],\"articleSection\":[\"DIGITALISIERUNG\"],\"inLanguage\":\"de\"},{\"@type\":\"WebPage\",\"@id\":\"https:\\\/\\\/news.save.ch\\\/5-jahre-dsgvo-auf-loechrige-schutzschilde-koennen-wir-verzichten\\\/\",\"url\":\"https:\\\/\\\/news.save.ch\\\/5-jahre-dsgvo-auf-loechrige-schutzschilde-koennen-wir-verzichten\\\/\",\"name\":\"Privacy Shield 2.0: Auf l\u00f6chrige Schutzschilder verzichten - Save\",\"isPartOf\":{\"@id\":\"https:\\\/\\\/news.save.ch\\\/de\\\/#website\"},\"primaryImageOfPage\":{\"@id\":\"https:\\\/\\\/news.save.ch\\\/5-jahre-dsgvo-auf-loechrige-schutzschilde-koennen-wir-verzichten\\\/#primaryimage\"},\"image\":{\"@id\":\"https:\\\/\\\/news.save.ch\\\/5-jahre-dsgvo-auf-loechrige-schutzschilde-koennen-wir-verzichten\\\/#primaryimage\"},\"thumbnailUrl\":\"https:\\\/\\\/news.save.ch\\\/wp-content\\\/uploads\\\/2023\\\/05\\\/Depositphotos_174161888_S.jpg\",\"datePublished\":\"2023-05-31T04:04:38+00:00\",\"breadcrumb\":{\"@id\":\"https:\\\/\\\/news.save.ch\\\/5-jahre-dsgvo-auf-loechrige-schutzschilde-koennen-wir-verzichten\\\/#breadcrumb\"},\"inLanguage\":\"de\",\"potentialAction\":[{\"@type\":\"ReadAction\",\"target\":[\"https:\\\/\\\/news.save.ch\\\/5-jahre-dsgvo-auf-loechrige-schutzschilde-koennen-wir-verzichten\\\/\"]}]},{\"@type\":\"ImageObject\",\"inLanguage\":\"de\",\"@id\":\"https:\\\/\\\/news.save.ch\\\/5-jahre-dsgvo-auf-loechrige-schutzschilde-koennen-wir-verzichten\\\/#primaryimage\",\"url\":\"https:\\\/\\\/news.save.ch\\\/wp-content\\\/uploads\\\/2023\\\/05\\\/Depositphotos_174161888_S.jpg\",\"contentUrl\":\"https:\\\/\\\/news.save.ch\\\/wp-content\\\/uploads\\\/2023\\\/05\\\/Depositphotos_174161888_S.jpg\",\"width\":999,\"height\":637,\"caption\":\"Depositphotos, tbtb\"},{\"@type\":\"BreadcrumbList\",\"@id\":\"https:\\\/\\\/news.save.ch\\\/5-jahre-dsgvo-auf-loechrige-schutzschilde-koennen-wir-verzichten\\\/#breadcrumb\",\"itemListElement\":[{\"@type\":\"ListItem\",\"position\":1,\"name\":\"Home\",\"item\":\"https:\\\/\\\/news.save.ch\\\/de\\\/\"},{\"@type\":\"ListItem\",\"position\":2,\"name\":\"Privacy Shield 2.0: Auf l\u00f6chrige Schutzschilder verzichten\"}]},{\"@type\":\"WebSite\",\"@id\":\"https:\\\/\\\/news.save.ch\\\/de\\\/#website\",\"url\":\"https:\\\/\\\/news.save.ch\\\/de\\\/\",\"name\":\"Save\",\"description\":\"Schweizer Fachzeitschrift f\u00fcr Sicherheit\",\"publisher\":{\"@id\":\"https:\\\/\\\/news.save.ch\\\/de\\\/#organization\"},\"potentialAction\":[{\"@type\":\"SearchAction\",\"target\":{\"@type\":\"EntryPoint\",\"urlTemplate\":\"https:\\\/\\\/news.save.ch\\\/de\\\/?s={search_term_string}\"},\"query-input\":{\"@type\":\"PropertyValueSpecification\",\"valueRequired\":true,\"valueName\":\"search_term_string\"}}],\"inLanguage\":\"de\"},{\"@type\":\"Organization\",\"@id\":\"https:\\\/\\\/news.save.ch\\\/de\\\/#organization\",\"name\":\"Sicherheitsforum\",\"url\":\"https:\\\/\\\/news.save.ch\\\/de\\\/\",\"logo\":{\"@type\":\"ImageObject\",\"inLanguage\":\"de\",\"@id\":\"https:\\\/\\\/news.save.ch\\\/de\\\/#\\\/schema\\\/logo\\\/image\\\/\",\"url\":\"https:\\\/\\\/news.save.ch\\\/wp-content\\\/uploads\\\/2022\\\/06\\\/Logo_SF_2012.png\",\"contentUrl\":\"https:\\\/\\\/news.save.ch\\\/wp-content\\\/uploads\\\/2022\\\/06\\\/Logo_SF_2012.png\",\"width\":1100,\"height\":91,\"caption\":\"Sicherheitsforum\"},\"image\":{\"@id\":\"https:\\\/\\\/news.save.ch\\\/de\\\/#\\\/schema\\\/logo\\\/image\\\/\"}},{\"@type\":\"Person\",\"@id\":\"https:\\\/\\\/news.save.ch\\\/de\\\/#\\\/schema\\\/person\\\/d5022db048e0e2b9785c50e5b24da5aa\",\"name\":\"Roger Str\u00e4ssle\",\"image\":{\"@type\":\"ImageObject\",\"inLanguage\":\"de\",\"@id\":\"https:\\\/\\\/secure.gravatar.com\\\/avatar\\\/862a5569d087de48e5856e32f45d719a03804c891d6deb8d4f71a660e79e4a47?s=96&d=mm&r=g\",\"url\":\"https:\\\/\\\/secure.gravatar.com\\\/avatar\\\/862a5569d087de48e5856e32f45d719a03804c891d6deb8d4f71a660e79e4a47?s=96&d=mm&r=g\",\"contentUrl\":\"https:\\\/\\\/secure.gravatar.com\\\/avatar\\\/862a5569d087de48e5856e32f45d719a03804c891d6deb8d4f71a660e79e4a47?s=96&d=mm&r=g\",\"caption\":\"Roger Str\u00e4ssle\"},\"url\":\"https:\\\/\\\/news.save.ch\\\/de\\\/author\\\/roger-straessle\\\/\"}]}<\/script>\n<!-- \/ Yoast SEO plugin. -->","yoast_head_json":{"title":"Privacy Shield 2.0: Auf l\u00f6chrige Schutzschilder verzichten - Save","robots":{"index":"index","follow":"follow","max-snippet":"max-snippet:-1","max-image-preview":"max-image-preview:large","max-video-preview":"max-video-preview:-1"},"canonical":"https:\/\/news.save.ch\/de\/5-jahre-dsgvo-auf-loechrige-schutzschilde-koennen-wir-verzichten\/","og_locale":"de_DE","og_type":"article","og_title":"Privacy Shield 2.0: Auf l\u00f6chrige Schutzschilder verzichten - Save","og_description":"&nbsp; Seit dem 25. Mai 2020 ist die europ\u00e4ische Datenschutzgrundverordnung DSGVO in Kraft. Auch wenn sie bei ihrer Einf\u00fchrung die Verantwortlichen viele Nerven gekostet hat, kann sie als Erfolgsgeschichte gelten. Sie hat etwa \u00e4usserst Erfreuliches bewirkt: n\u00e4mlich das allgemeine Problembewusstsein f\u00fcr den Datenschutz gesch\u00e4rft. Daf\u00fcr haben nicht zuletzt die vielen Schlagzeilen \u00fcber die saftigen Bussgelder [&hellip;]","og_url":"https:\/\/news.save.ch\/de\/5-jahre-dsgvo-auf-loechrige-schutzschilde-koennen-wir-verzichten\/","og_site_name":"Save","article_published_time":"2023-05-31T04:04:38+00:00","og_image":[{"width":999,"height":637,"url":"https:\/\/news.save.ch\/wp-content\/uploads\/2023\/05\/Depositphotos_174161888_S.jpg","type":"image\/jpeg"}],"author":"Roger Str\u00e4ssle","twitter_card":"summary_large_image","twitter_misc":{"Geschrieben von":"Roger Str\u00e4ssle","Gesch\u00e4tzte Lesezeit":"4\u00a0Minuten"},"schema":{"@context":"https:\/\/schema.org","@graph":[{"@type":"Article","@id":"https:\/\/news.save.ch\/5-jahre-dsgvo-auf-loechrige-schutzschilde-koennen-wir-verzichten\/#article","isPartOf":{"@id":"https:\/\/news.save.ch\/5-jahre-dsgvo-auf-loechrige-schutzschilde-koennen-wir-verzichten\/"},"author":{"name":"Roger Str\u00e4ssle","@id":"https:\/\/news.save.ch\/de\/#\/schema\/person\/d5022db048e0e2b9785c50e5b24da5aa"},"headline":"Privacy Shield 2.0: Auf l\u00f6chrige Schutzschilder verzichten","datePublished":"2023-05-31T04:04:38+00:00","mainEntityOfPage":{"@id":"https:\/\/news.save.ch\/5-jahre-dsgvo-auf-loechrige-schutzschilde-koennen-wir-verzichten\/"},"wordCount":591,"publisher":{"@id":"https:\/\/news.save.ch\/de\/#organization"},"image":{"@id":"https:\/\/news.save.ch\/5-jahre-dsgvo-auf-loechrige-schutzschilde-koennen-wir-verzichten\/#primaryimage"},"thumbnailUrl":"https:\/\/news.save.ch\/wp-content\/uploads\/2023\/05\/Depositphotos_174161888_S.jpg","keywords":["DSGVO","Privacy Shield 2.0","Safe Harbor"],"articleSection":["DIGITALISIERUNG"],"inLanguage":"de"},{"@type":"WebPage","@id":"https:\/\/news.save.ch\/5-jahre-dsgvo-auf-loechrige-schutzschilde-koennen-wir-verzichten\/","url":"https:\/\/news.save.ch\/5-jahre-dsgvo-auf-loechrige-schutzschilde-koennen-wir-verzichten\/","name":"Privacy Shield 2.0: Auf l\u00f6chrige Schutzschilder verzichten - Save","isPartOf":{"@id":"https:\/\/news.save.ch\/de\/#website"},"primaryImageOfPage":{"@id":"https:\/\/news.save.ch\/5-jahre-dsgvo-auf-loechrige-schutzschilde-koennen-wir-verzichten\/#primaryimage"},"image":{"@id":"https:\/\/news.save.ch\/5-jahre-dsgvo-auf-loechrige-schutzschilde-koennen-wir-verzichten\/#primaryimage"},"thumbnailUrl":"https:\/\/news.save.ch\/wp-content\/uploads\/2023\/05\/Depositphotos_174161888_S.jpg","datePublished":"2023-05-31T04:04:38+00:00","breadcrumb":{"@id":"https:\/\/news.save.ch\/5-jahre-dsgvo-auf-loechrige-schutzschilde-koennen-wir-verzichten\/#breadcrumb"},"inLanguage":"de","potentialAction":[{"@type":"ReadAction","target":["https:\/\/news.save.ch\/5-jahre-dsgvo-auf-loechrige-schutzschilde-koennen-wir-verzichten\/"]}]},{"@type":"ImageObject","inLanguage":"de","@id":"https:\/\/news.save.ch\/5-jahre-dsgvo-auf-loechrige-schutzschilde-koennen-wir-verzichten\/#primaryimage","url":"https:\/\/news.save.ch\/wp-content\/uploads\/2023\/05\/Depositphotos_174161888_S.jpg","contentUrl":"https:\/\/news.save.ch\/wp-content\/uploads\/2023\/05\/Depositphotos_174161888_S.jpg","width":999,"height":637,"caption":"Depositphotos, tbtb"},{"@type":"BreadcrumbList","@id":"https:\/\/news.save.ch\/5-jahre-dsgvo-auf-loechrige-schutzschilde-koennen-wir-verzichten\/#breadcrumb","itemListElement":[{"@type":"ListItem","position":1,"name":"Home","item":"https:\/\/news.save.ch\/de\/"},{"@type":"ListItem","position":2,"name":"Privacy Shield 2.0: Auf l\u00f6chrige Schutzschilder verzichten"}]},{"@type":"WebSite","@id":"https:\/\/news.save.ch\/de\/#website","url":"https:\/\/news.save.ch\/de\/","name":"Save","description":"Schweizer Fachzeitschrift f\u00fcr Sicherheit","publisher":{"@id":"https:\/\/news.save.ch\/de\/#organization"},"potentialAction":[{"@type":"SearchAction","target":{"@type":"EntryPoint","urlTemplate":"https:\/\/news.save.ch\/de\/?s={search_term_string}"},"query-input":{"@type":"PropertyValueSpecification","valueRequired":true,"valueName":"search_term_string"}}],"inLanguage":"de"},{"@type":"Organization","@id":"https:\/\/news.save.ch\/de\/#organization","name":"Sicherheitsforum","url":"https:\/\/news.save.ch\/de\/","logo":{"@type":"ImageObject","inLanguage":"de","@id":"https:\/\/news.save.ch\/de\/#\/schema\/logo\/image\/","url":"https:\/\/news.save.ch\/wp-content\/uploads\/2022\/06\/Logo_SF_2012.png","contentUrl":"https:\/\/news.save.ch\/wp-content\/uploads\/2022\/06\/Logo_SF_2012.png","width":1100,"height":91,"caption":"Sicherheitsforum"},"image":{"@id":"https:\/\/news.save.ch\/de\/#\/schema\/logo\/image\/"}},{"@type":"Person","@id":"https:\/\/news.save.ch\/de\/#\/schema\/person\/d5022db048e0e2b9785c50e5b24da5aa","name":"Roger Str\u00e4ssle","image":{"@type":"ImageObject","inLanguage":"de","@id":"https:\/\/secure.gravatar.com\/avatar\/862a5569d087de48e5856e32f45d719a03804c891d6deb8d4f71a660e79e4a47?s=96&d=mm&r=g","url":"https:\/\/secure.gravatar.com\/avatar\/862a5569d087de48e5856e32f45d719a03804c891d6deb8d4f71a660e79e4a47?s=96&d=mm&r=g","contentUrl":"https:\/\/secure.gravatar.com\/avatar\/862a5569d087de48e5856e32f45d719a03804c891d6deb8d4f71a660e79e4a47?s=96&d=mm&r=g","caption":"Roger Str\u00e4ssle"},"url":"https:\/\/news.save.ch\/de\/author\/roger-straessle\/"}]}},"_links":{"self":[{"href":"https:\/\/news.save.ch\/de\/wp-json\/wp\/v2\/posts\/19489","targetHints":{"allow":["GET"]}}],"collection":[{"href":"https:\/\/news.save.ch\/de\/wp-json\/wp\/v2\/posts"}],"about":[{"href":"https:\/\/news.save.ch\/de\/wp-json\/wp\/v2\/types\/post"}],"author":[{"embeddable":true,"href":"https:\/\/news.save.ch\/de\/wp-json\/wp\/v2\/users\/8"}],"replies":[{"embeddable":true,"href":"https:\/\/news.save.ch\/de\/wp-json\/wp\/v2\/comments?post=19489"}],"version-history":[{"count":4,"href":"https:\/\/news.save.ch\/de\/wp-json\/wp\/v2\/posts\/19489\/revisions"}],"predecessor-version":[{"id":19492,"href":"https:\/\/news.save.ch\/de\/wp-json\/wp\/v2\/posts\/19489\/revisions\/19492"}],"wp:featuredmedia":[{"embeddable":true,"href":"https:\/\/news.save.ch\/de\/wp-json\/wp\/v2\/media\/19490"}],"wp:attachment":[{"href":"https:\/\/news.save.ch\/de\/wp-json\/wp\/v2\/media?parent=19489"}],"wp:term":[{"taxonomy":"category","embeddable":true,"href":"https:\/\/news.save.ch\/de\/wp-json\/wp\/v2\/categories?post=19489"},{"taxonomy":"post_tag","embeddable":true,"href":"https:\/\/news.save.ch\/de\/wp-json\/wp\/v2\/tags?post=19489"}],"curies":[{"name":"wp","href":"https:\/\/api.w.org\/{rel}","templated":true}]}}