{"id":19517,"date":"2023-06-01T10:16:50","date_gmt":"2023-06-01T08:16:50","guid":{"rendered":"https:\/\/news.save.ch\/?p=19517"},"modified":"2023-06-01T10:18:20","modified_gmt":"2023-06-01T08:18:20","slug":"wenn-der-roboter-feuer-bekaempft","status":null,"type":"post","link":"https:\/\/news.save.ch\/de\/wenn-der-roboter-feuer-bekaempft\/","title":{"rendered":"Suisse Public: Wo die Digitalisierung Einzug h\u00e4lt"},"content":{"rendered":"<figure id=\"attachment_19518\" aria-describedby=\"caption-attachment-19518\" style=\"width: 680px\" class=\"wp-caption aligncenter\"><img loading=\"lazy\" decoding=\"async\" class=\"wp-image-19518 size-medium\" src=\"https:\/\/news.save.ch\/wp-content\/uploads\/2023\/06\/SPU17_PB06-scaled-1-680x453.jpg\" alt=\"Blick aufs Messegel\u00e4nde. Bild: Suisse Public\" width=\"680\" height=\"453\" srcset=\"https:\/\/news.save.ch\/wp-content\/uploads\/2023\/06\/SPU17_PB06-scaled-1-680x453.jpg 680w, https:\/\/news.save.ch\/wp-content\/uploads\/2023\/06\/SPU17_PB06-scaled-1-1024x683.jpg 1024w, https:\/\/news.save.ch\/wp-content\/uploads\/2023\/06\/SPU17_PB06-scaled-1-768x512.jpg 768w, https:\/\/news.save.ch\/wp-content\/uploads\/2023\/06\/SPU17_PB06-scaled-1-1536x1024.jpg 1536w, https:\/\/news.save.ch\/wp-content\/uploads\/2023\/06\/SPU17_PB06-scaled-1-2048x1366.jpg 2048w, https:\/\/news.save.ch\/wp-content\/uploads\/2023\/06\/SPU17_PB06-scaled-1-18x12.jpg 18w, https:\/\/news.save.ch\/wp-content\/uploads\/2023\/06\/SPU17_PB06-scaled-1-375x250.jpg 375w, https:\/\/news.save.ch\/wp-content\/uploads\/2023\/06\/SPU17_PB06-scaled-1-525x350.jpg 525w, https:\/\/news.save.ch\/wp-content\/uploads\/2023\/06\/SPU17_PB06-scaled-1-1000x667.jpg 1000w, https:\/\/news.save.ch\/wp-content\/uploads\/2023\/06\/SPU17_PB06-scaled-1-scaled.jpg 1200w\" sizes=\"auto, (max-width: 680px) 100vw, 680px\" \/><figcaption id=\"caption-attachment-19518\" class=\"wp-caption-text\">Suisse Public<\/figcaption><\/figure>\n<p>Vom 6. bis 9. Juni zeigt die Suisse Public Fachleuten und Beschaffungsverantwortlichen aus Gemeinden-, Kantons- und Bundesbeh\u00f6rden eine umfassende Branchen\u00fcbersicht und Netzwerkplattform auf dem Bernexpo-Gel\u00e4nde (<a href=\"https:\/\/news.save.ch\/de\/suisse-public-oeffnet-schon-bald-ihre-tueren\/\">vgl. auch hier<\/a>). Doch da ist noch mehr: W\u00e4hrend der Suisse Public SMART, quasi eine Messe in der Messe, werden w\u00e4hrend Podiumsgespr\u00e4chen und Vortr\u00e4gen aktuelle Themen mit Fachexpertinnen und Fachexperten diskutiert und diverse Exponate in einer Miniatur-Smart-City direkt vor Ort vorgef\u00fchrt. So k\u00f6nnen hautnah neue Drohnen, smarte Lichtsysteme und Velowege, moderne Carsharing-Angebote, intelligente Video\u00fcberwachungssysteme und vieles mehr direkt im sogenannten \u00abSolution Park\u00bb begutachtet werden. Dieser Ort der Praxis zeigt anschaulich, wie intelligente Technologie immer st\u00e4rker Einzug in unseren Alltag h\u00e4lt.<\/p>\n<h3>Herausforderungen f\u00fcr Gemeinden und Blaulicht-Organisationen<\/h3>\n<p>Wie sieht eigentlich der Werkhof der Zukunft aus? Werden schon bald voll automatisierte Putzkolonnen die Strassen s\u00e4ubern? Am Dienstag, 6.6., gibt es Antworten. Sicher ist aber jetzt schon, dass die Anzahl an elektronischen Fahrzeugen, die im Dienst einer Gemeinde stehen, st\u00e4ndig steigt. Kurz: So viele Elektro-Autos von verschiedenen Herstellern gab es vor Ort noch nie zu begutachten. This Schwendimann von System Alpenluft und andere werden \u00fcber dieses Themengebiet referieren.<\/p>\n<p>Am Mittwoch, 7.6., steht die smarte Weiterentwicklung kommunaler Infrastrukturen in den Schweizer Gemeinden im Fokus. Wie werden KI und Open Data f\u00fcr Serviceleistungen und Infrastruktur genutzt und welche Projekte sind in der Pipeline? Wie h\u00e4ngt das alles mit Klimaneutralit\u00e4t und Mobilit\u00e4tswende zusammen? Und in welchen Bereichen m\u00fcssen sich die Gemeinden noch verbessern? Unter anderem werden Marco Rupp, Gemeindepr\u00e4sident Ittigen, und Marco Sonderegger, Pr\u00e4sident Schweizerischer Verband Kommunale Infrastruktur, Rede und Antwort stehen.<\/p>\n<p>\u00dcberfordert die Digitalisierung die kommunale Verwaltung? Welche Wege werden von Gemeinden beschritten, um die digitale Transformation voranzutreiben? Und wo gibt es immer noch Widerst\u00e4nde? Unter anderem werden Madeleine Deckert, Gemeindepr\u00e4sidentin Leubringen\/Magglingen, Jolanda Brunner, Gemeindepr\u00e4sidentin Spiez, und Erich Fehr, Stadtpr\u00e4sident Biel, an einem Podiumsgespr\u00e4ch teilnehmen und sich mit anderen am Donnerstag austauschen. Zus\u00e4tzlich wird eine repr\u00e4sentative Umfrage zum Thema Stand der Digitalisierungs-Strategien und -Projekten pr\u00e4sentiert, wo gut drei Viertel aller Schweizer Gemeinden teilgenommen haben.<\/p>\n<p>Was m\u00fcssen die Rettungskr\u00e4fte alles beachten, wenn ein Elektro-Auto oder gleich mehrere an einem Ort brennen und warum ist das eine neue Herausforderung, der sich die Einsatzkr\u00e4fte stellen m\u00fcssen? Am Freitag, 9.6., gibt es dazu Antworten. Zudem: Infrastrukturbetreiberinnen setzen vermehrt auf die Digitalisierung, um ihre Dienstleistungen zu optimieren. Welche Herausforderungen entstehen dabei f\u00fcr Polizei, Feuerwehr und Rettungsdienste? Welche smarten Helfer sind bereits jetzt im Einsatz und welche stehen in den Startl\u00f6chern? Unter anderem wird Christian Bieri, Leiter Einsatz und Ausbildung Feuerwehr Kanton Bern, dieses Thema er\u00f6rtern.<\/p>\n<h3>Feuerwehr in Action<\/h3>\n<p>Und wer nach dem Theorie-Block Lust auf Action und Bewegung hat, kann einem Feuerwehr-Live-Event beiwohnen. Denn die \u00abFireFit Europe Tour\u00bb macht exklusiv Halt in Bern. Interessierte k\u00f6nnen Augenzeuge werden, wenn Feuerwehrm\u00e4nner und -frauen am Dienstag und Mittwoch am spektakul\u00e4ren Trainingsturm \u00fcben, sich am Donnerstag und Freitag dann im Wettkampf messen und vor Live-Publikum zeigen, was sie draufhaben und mit welch grossem Geschick sie sich zahlreichen Gefahren stellen.<\/p>\n<p><em>Quelle: <a href=\"https:\/\/info.suissepublic.ch\/\">Suisse Public<\/a><\/em><\/p>\n<p>&nbsp;<\/p>\n","protected":false},"excerpt":{"rendered":"<p>Vom 6. bis 9. Juni zeigt die Suisse Public Fachleuten und Beschaffungsverantwortlichen aus Gemeinden-, Kantons- und Bundesbeh\u00f6rden eine umfassende Branchen\u00fcbersicht und Netzwerkplattform auf dem Bernexpo-Gel\u00e4nde (vgl. auch hier). Doch da ist noch mehr: W\u00e4hrend der Suisse Public SMART, quasi eine Messe in der Messe, werden w\u00e4hrend Podiumsgespr\u00e4chen und Vortr\u00e4gen aktuelle Themen mit Fachexpertinnen und Fachexperten [&hellip;]<\/p>\n","protected":false},"author":8,"featured_media":19518,"comment_status":"closed","ping_status":"closed","sticky":false,"template":"","format":"standard","meta":{"_acf_changed":false,"pgc_sgb_lightbox_settings":"","footnotes":""},"categories":[3313],"tags":[278,785],"class_list":["post-19517","post","type-post","status-publish","format-standard","has-post-thumbnail","hentry","category-digitalisierung","tag-fachkongress-fachmesse","tag-suisse-public"],"acf":[],"hkrextid":null,"publication":null,"issue":null,"workflow":null,"startPage":null,"spitzmarke":null,"_posts_by_tag_page_fields":null,"_at_widget":null,"_yoast_wpseo_primary_category":"3313","_yoast_wpseo_focuskw_text_input":null,"_yoast_wpseo_opengraph-image":null,"_yoast_wpseo_opengraph-description":null,"_yoast_wpseo_opengraph-title":null,"enclosure":null,"_yoast_wpseo_twitter-title":null,"_yoast_wpseo_twitter-description":null,"_yoast_wpseo_twitter-image":null,"_wp_old_slug":null,"_yoast_wpseo_title":null,"_yoast_wpseo_canonical":null,"yoast_head":"<!-- This site is optimized with the Yoast SEO plugin v27.5 - https:\/\/yoast.com\/product\/yoast-seo-wordpress\/ -->\n<title>Suisse Public: Wo die Digitalisierung Einzug h\u00e4lt - Save<\/title>\n<meta name=\"description\" content=\"Vom 6. bis 9. Juni zeigt die Suisse Public eine umfassende Branchen\u00fcbersicht und Netzwerkplattform auf dem Bernexpo-Gel\u00e4nde.\" \/>\n<meta name=\"robots\" content=\"index, follow, max-snippet:-1, max-image-preview:large, max-video-preview:-1\" \/>\n<link rel=\"canonical\" href=\"https:\/\/news.save.ch\/de\/wenn-der-roboter-feuer-bekaempft\/\" \/>\n<meta property=\"og:locale\" content=\"de_DE\" \/>\n<meta property=\"og:type\" content=\"article\" \/>\n<meta property=\"og:title\" content=\"Suisse Public: Wo die Digitalisierung Einzug h\u00e4lt - Save\" \/>\n<meta property=\"og:description\" content=\"Vom 6. bis 9. Juni zeigt die Suisse Public eine umfassende Branchen\u00fcbersicht und Netzwerkplattform auf dem Bernexpo-Gel\u00e4nde.\" \/>\n<meta property=\"og:url\" content=\"https:\/\/news.save.ch\/de\/wenn-der-roboter-feuer-bekaempft\/\" \/>\n<meta property=\"og:site_name\" content=\"Save\" \/>\n<meta property=\"article:published_time\" content=\"2023-06-01T08:16:50+00:00\" \/>\n<meta property=\"article:modified_time\" content=\"2023-06-01T08:18:20+00:00\" \/>\n<meta property=\"og:image\" content=\"https:\/\/news.save.ch\/wp-content\/uploads\/2023\/06\/SPU17_PB06-scaled-1-scaled.jpg\" \/>\n\t<meta property=\"og:image:width\" content=\"1200\" \/>\n\t<meta property=\"og:image:height\" content=\"801\" \/>\n\t<meta property=\"og:image:type\" content=\"image\/jpeg\" \/>\n<meta name=\"author\" content=\"Roger Str\u00e4ssle\" \/>\n<meta name=\"twitter:card\" content=\"summary_large_image\" \/>\n<meta name=\"twitter:label1\" content=\"Geschrieben von\" \/>\n\t<meta name=\"twitter:data1\" content=\"Roger Str\u00e4ssle\" \/>\n\t<meta name=\"twitter:label2\" content=\"Gesch\u00e4tzte Lesezeit\" \/>\n\t<meta name=\"twitter:data2\" content=\"3\u00a0Minuten\" \/>\n<script type=\"application\/ld+json\" class=\"yoast-schema-graph\">{\"@context\":\"https:\\\/\\\/schema.org\",\"@graph\":[{\"@type\":\"Article\",\"@id\":\"https:\\\/\\\/news.save.ch\\\/wenn-der-roboter-feuer-bekaempft\\\/#article\",\"isPartOf\":{\"@id\":\"https:\\\/\\\/news.save.ch\\\/wenn-der-roboter-feuer-bekaempft\\\/\"},\"author\":{\"name\":\"Roger Str\u00e4ssle\",\"@id\":\"https:\\\/\\\/news.save.ch\\\/de\\\/#\\\/schema\\\/person\\\/d5022db048e0e2b9785c50e5b24da5aa\"},\"headline\":\"Suisse Public: Wo die Digitalisierung Einzug h\u00e4lt\",\"datePublished\":\"2023-06-01T08:16:50+00:00\",\"dateModified\":\"2023-06-01T08:18:20+00:00\",\"mainEntityOfPage\":{\"@id\":\"https:\\\/\\\/news.save.ch\\\/wenn-der-roboter-feuer-bekaempft\\\/\"},\"wordCount\":536,\"publisher\":{\"@id\":\"https:\\\/\\\/news.save.ch\\\/de\\\/#organization\"},\"image\":{\"@id\":\"https:\\\/\\\/news.save.ch\\\/wenn-der-roboter-feuer-bekaempft\\\/#primaryimage\"},\"thumbnailUrl\":\"https:\\\/\\\/news.save.ch\\\/wp-content\\\/uploads\\\/2023\\\/06\\\/SPU17_PB06-scaled-1-scaled.jpg\",\"keywords\":[\"Fachkongress \\\/ Fachmesse\",\"Suisse Public\"],\"articleSection\":[\"DIGITALISIERUNG\"],\"inLanguage\":\"de\"},{\"@type\":\"WebPage\",\"@id\":\"https:\\\/\\\/news.save.ch\\\/wenn-der-roboter-feuer-bekaempft\\\/\",\"url\":\"https:\\\/\\\/news.save.ch\\\/wenn-der-roboter-feuer-bekaempft\\\/\",\"name\":\"Suisse Public: Wo die Digitalisierung Einzug h\u00e4lt - Save\",\"isPartOf\":{\"@id\":\"https:\\\/\\\/news.save.ch\\\/de\\\/#website\"},\"primaryImageOfPage\":{\"@id\":\"https:\\\/\\\/news.save.ch\\\/wenn-der-roboter-feuer-bekaempft\\\/#primaryimage\"},\"image\":{\"@id\":\"https:\\\/\\\/news.save.ch\\\/wenn-der-roboter-feuer-bekaempft\\\/#primaryimage\"},\"thumbnailUrl\":\"https:\\\/\\\/news.save.ch\\\/wp-content\\\/uploads\\\/2023\\\/06\\\/SPU17_PB06-scaled-1-scaled.jpg\",\"datePublished\":\"2023-06-01T08:16:50+00:00\",\"dateModified\":\"2023-06-01T08:18:20+00:00\",\"description\":\"Vom 6. bis 9. Juni zeigt die Suisse Public eine umfassende Branchen\u00fcbersicht und Netzwerkplattform auf dem Bernexpo-Gel\u00e4nde.\",\"breadcrumb\":{\"@id\":\"https:\\\/\\\/news.save.ch\\\/wenn-der-roboter-feuer-bekaempft\\\/#breadcrumb\"},\"inLanguage\":\"de\",\"potentialAction\":[{\"@type\":\"ReadAction\",\"target\":[\"https:\\\/\\\/news.save.ch\\\/wenn-der-roboter-feuer-bekaempft\\\/\"]}]},{\"@type\":\"ImageObject\",\"inLanguage\":\"de\",\"@id\":\"https:\\\/\\\/news.save.ch\\\/wenn-der-roboter-feuer-bekaempft\\\/#primaryimage\",\"url\":\"https:\\\/\\\/news.save.ch\\\/wp-content\\\/uploads\\\/2023\\\/06\\\/SPU17_PB06-scaled-1-scaled.jpg\",\"contentUrl\":\"https:\\\/\\\/news.save.ch\\\/wp-content\\\/uploads\\\/2023\\\/06\\\/SPU17_PB06-scaled-1-scaled.jpg\",\"width\":1200,\"height\":801,\"caption\":\"Suisse Public\"},{\"@type\":\"BreadcrumbList\",\"@id\":\"https:\\\/\\\/news.save.ch\\\/wenn-der-roboter-feuer-bekaempft\\\/#breadcrumb\",\"itemListElement\":[{\"@type\":\"ListItem\",\"position\":1,\"name\":\"Home\",\"item\":\"https:\\\/\\\/news.save.ch\\\/de\\\/\"},{\"@type\":\"ListItem\",\"position\":2,\"name\":\"Suisse Public: Wo die Digitalisierung Einzug h\u00e4lt\"}]},{\"@type\":\"WebSite\",\"@id\":\"https:\\\/\\\/news.save.ch\\\/de\\\/#website\",\"url\":\"https:\\\/\\\/news.save.ch\\\/de\\\/\",\"name\":\"Save\",\"description\":\"Schweizer Fachzeitschrift f\u00fcr Sicherheit\",\"publisher\":{\"@id\":\"https:\\\/\\\/news.save.ch\\\/de\\\/#organization\"},\"potentialAction\":[{\"@type\":\"SearchAction\",\"target\":{\"@type\":\"EntryPoint\",\"urlTemplate\":\"https:\\\/\\\/news.save.ch\\\/de\\\/?s={search_term_string}\"},\"query-input\":{\"@type\":\"PropertyValueSpecification\",\"valueRequired\":true,\"valueName\":\"search_term_string\"}}],\"inLanguage\":\"de\"},{\"@type\":\"Organization\",\"@id\":\"https:\\\/\\\/news.save.ch\\\/de\\\/#organization\",\"name\":\"Sicherheitsforum\",\"url\":\"https:\\\/\\\/news.save.ch\\\/de\\\/\",\"logo\":{\"@type\":\"ImageObject\",\"inLanguage\":\"de\",\"@id\":\"https:\\\/\\\/news.save.ch\\\/de\\\/#\\\/schema\\\/logo\\\/image\\\/\",\"url\":\"https:\\\/\\\/news.save.ch\\\/wp-content\\\/uploads\\\/2022\\\/06\\\/Logo_SF_2012.png\",\"contentUrl\":\"https:\\\/\\\/news.save.ch\\\/wp-content\\\/uploads\\\/2022\\\/06\\\/Logo_SF_2012.png\",\"width\":1100,\"height\":91,\"caption\":\"Sicherheitsforum\"},\"image\":{\"@id\":\"https:\\\/\\\/news.save.ch\\\/de\\\/#\\\/schema\\\/logo\\\/image\\\/\"}},{\"@type\":\"Person\",\"@id\":\"https:\\\/\\\/news.save.ch\\\/de\\\/#\\\/schema\\\/person\\\/d5022db048e0e2b9785c50e5b24da5aa\",\"name\":\"Roger Str\u00e4ssle\",\"image\":{\"@type\":\"ImageObject\",\"inLanguage\":\"de\",\"@id\":\"https:\\\/\\\/secure.gravatar.com\\\/avatar\\\/862a5569d087de48e5856e32f45d719a03804c891d6deb8d4f71a660e79e4a47?s=96&d=mm&r=g\",\"url\":\"https:\\\/\\\/secure.gravatar.com\\\/avatar\\\/862a5569d087de48e5856e32f45d719a03804c891d6deb8d4f71a660e79e4a47?s=96&d=mm&r=g\",\"contentUrl\":\"https:\\\/\\\/secure.gravatar.com\\\/avatar\\\/862a5569d087de48e5856e32f45d719a03804c891d6deb8d4f71a660e79e4a47?s=96&d=mm&r=g\",\"caption\":\"Roger Str\u00e4ssle\"},\"url\":\"https:\\\/\\\/news.save.ch\\\/de\\\/author\\\/roger-straessle\\\/\"}]}<\/script>\n<!-- \/ Yoast SEO plugin. -->","yoast_head_json":{"title":"Suisse Public: Wo die Digitalisierung Einzug h\u00e4lt - Save","description":"Vom 6. bis 9. Juni zeigt die Suisse Public eine umfassende Branchen\u00fcbersicht und Netzwerkplattform auf dem Bernexpo-Gel\u00e4nde.","robots":{"index":"index","follow":"follow","max-snippet":"max-snippet:-1","max-image-preview":"max-image-preview:large","max-video-preview":"max-video-preview:-1"},"canonical":"https:\/\/news.save.ch\/de\/wenn-der-roboter-feuer-bekaempft\/","og_locale":"de_DE","og_type":"article","og_title":"Suisse Public: Wo die Digitalisierung Einzug h\u00e4lt - Save","og_description":"Vom 6. bis 9. Juni zeigt die Suisse Public eine umfassende Branchen\u00fcbersicht und Netzwerkplattform auf dem Bernexpo-Gel\u00e4nde.","og_url":"https:\/\/news.save.ch\/de\/wenn-der-roboter-feuer-bekaempft\/","og_site_name":"Save","article_published_time":"2023-06-01T08:16:50+00:00","article_modified_time":"2023-06-01T08:18:20+00:00","og_image":[{"width":1200,"height":801,"url":"https:\/\/news.save.ch\/wp-content\/uploads\/2023\/06\/SPU17_PB06-scaled-1-scaled.jpg","type":"image\/jpeg"}],"author":"Roger Str\u00e4ssle","twitter_card":"summary_large_image","twitter_misc":{"Geschrieben von":"Roger Str\u00e4ssle","Gesch\u00e4tzte Lesezeit":"3\u00a0Minuten"},"schema":{"@context":"https:\/\/schema.org","@graph":[{"@type":"Article","@id":"https:\/\/news.save.ch\/wenn-der-roboter-feuer-bekaempft\/#article","isPartOf":{"@id":"https:\/\/news.save.ch\/wenn-der-roboter-feuer-bekaempft\/"},"author":{"name":"Roger Str\u00e4ssle","@id":"https:\/\/news.save.ch\/de\/#\/schema\/person\/d5022db048e0e2b9785c50e5b24da5aa"},"headline":"Suisse Public: Wo die Digitalisierung Einzug h\u00e4lt","datePublished":"2023-06-01T08:16:50+00:00","dateModified":"2023-06-01T08:18:20+00:00","mainEntityOfPage":{"@id":"https:\/\/news.save.ch\/wenn-der-roboter-feuer-bekaempft\/"},"wordCount":536,"publisher":{"@id":"https:\/\/news.save.ch\/de\/#organization"},"image":{"@id":"https:\/\/news.save.ch\/wenn-der-roboter-feuer-bekaempft\/#primaryimage"},"thumbnailUrl":"https:\/\/news.save.ch\/wp-content\/uploads\/2023\/06\/SPU17_PB06-scaled-1-scaled.jpg","keywords":["Fachkongress \/ Fachmesse","Suisse Public"],"articleSection":["DIGITALISIERUNG"],"inLanguage":"de"},{"@type":"WebPage","@id":"https:\/\/news.save.ch\/wenn-der-roboter-feuer-bekaempft\/","url":"https:\/\/news.save.ch\/wenn-der-roboter-feuer-bekaempft\/","name":"Suisse Public: Wo die Digitalisierung Einzug h\u00e4lt - Save","isPartOf":{"@id":"https:\/\/news.save.ch\/de\/#website"},"primaryImageOfPage":{"@id":"https:\/\/news.save.ch\/wenn-der-roboter-feuer-bekaempft\/#primaryimage"},"image":{"@id":"https:\/\/news.save.ch\/wenn-der-roboter-feuer-bekaempft\/#primaryimage"},"thumbnailUrl":"https:\/\/news.save.ch\/wp-content\/uploads\/2023\/06\/SPU17_PB06-scaled-1-scaled.jpg","datePublished":"2023-06-01T08:16:50+00:00","dateModified":"2023-06-01T08:18:20+00:00","description":"Vom 6. bis 9. Juni zeigt die Suisse Public eine umfassende Branchen\u00fcbersicht und Netzwerkplattform auf dem Bernexpo-Gel\u00e4nde.","breadcrumb":{"@id":"https:\/\/news.save.ch\/wenn-der-roboter-feuer-bekaempft\/#breadcrumb"},"inLanguage":"de","potentialAction":[{"@type":"ReadAction","target":["https:\/\/news.save.ch\/wenn-der-roboter-feuer-bekaempft\/"]}]},{"@type":"ImageObject","inLanguage":"de","@id":"https:\/\/news.save.ch\/wenn-der-roboter-feuer-bekaempft\/#primaryimage","url":"https:\/\/news.save.ch\/wp-content\/uploads\/2023\/06\/SPU17_PB06-scaled-1-scaled.jpg","contentUrl":"https:\/\/news.save.ch\/wp-content\/uploads\/2023\/06\/SPU17_PB06-scaled-1-scaled.jpg","width":1200,"height":801,"caption":"Suisse Public"},{"@type":"BreadcrumbList","@id":"https:\/\/news.save.ch\/wenn-der-roboter-feuer-bekaempft\/#breadcrumb","itemListElement":[{"@type":"ListItem","position":1,"name":"Home","item":"https:\/\/news.save.ch\/de\/"},{"@type":"ListItem","position":2,"name":"Suisse Public: Wo die Digitalisierung Einzug h\u00e4lt"}]},{"@type":"WebSite","@id":"https:\/\/news.save.ch\/de\/#website","url":"https:\/\/news.save.ch\/de\/","name":"Save","description":"Schweizer Fachzeitschrift f\u00fcr Sicherheit","publisher":{"@id":"https:\/\/news.save.ch\/de\/#organization"},"potentialAction":[{"@type":"SearchAction","target":{"@type":"EntryPoint","urlTemplate":"https:\/\/news.save.ch\/de\/?s={search_term_string}"},"query-input":{"@type":"PropertyValueSpecification","valueRequired":true,"valueName":"search_term_string"}}],"inLanguage":"de"},{"@type":"Organization","@id":"https:\/\/news.save.ch\/de\/#organization","name":"Sicherheitsforum","url":"https:\/\/news.save.ch\/de\/","logo":{"@type":"ImageObject","inLanguage":"de","@id":"https:\/\/news.save.ch\/de\/#\/schema\/logo\/image\/","url":"https:\/\/news.save.ch\/wp-content\/uploads\/2022\/06\/Logo_SF_2012.png","contentUrl":"https:\/\/news.save.ch\/wp-content\/uploads\/2022\/06\/Logo_SF_2012.png","width":1100,"height":91,"caption":"Sicherheitsforum"},"image":{"@id":"https:\/\/news.save.ch\/de\/#\/schema\/logo\/image\/"}},{"@type":"Person","@id":"https:\/\/news.save.ch\/de\/#\/schema\/person\/d5022db048e0e2b9785c50e5b24da5aa","name":"Roger Str\u00e4ssle","image":{"@type":"ImageObject","inLanguage":"de","@id":"https:\/\/secure.gravatar.com\/avatar\/862a5569d087de48e5856e32f45d719a03804c891d6deb8d4f71a660e79e4a47?s=96&d=mm&r=g","url":"https:\/\/secure.gravatar.com\/avatar\/862a5569d087de48e5856e32f45d719a03804c891d6deb8d4f71a660e79e4a47?s=96&d=mm&r=g","contentUrl":"https:\/\/secure.gravatar.com\/avatar\/862a5569d087de48e5856e32f45d719a03804c891d6deb8d4f71a660e79e4a47?s=96&d=mm&r=g","caption":"Roger Str\u00e4ssle"},"url":"https:\/\/news.save.ch\/de\/author\/roger-straessle\/"}]}},"_links":{"self":[{"href":"https:\/\/news.save.ch\/de\/wp-json\/wp\/v2\/posts\/19517","targetHints":{"allow":["GET"]}}],"collection":[{"href":"https:\/\/news.save.ch\/de\/wp-json\/wp\/v2\/posts"}],"about":[{"href":"https:\/\/news.save.ch\/de\/wp-json\/wp\/v2\/types\/post"}],"author":[{"embeddable":true,"href":"https:\/\/news.save.ch\/de\/wp-json\/wp\/v2\/users\/8"}],"replies":[{"embeddable":true,"href":"https:\/\/news.save.ch\/de\/wp-json\/wp\/v2\/comments?post=19517"}],"version-history":[{"count":2,"href":"https:\/\/news.save.ch\/de\/wp-json\/wp\/v2\/posts\/19517\/revisions"}],"predecessor-version":[{"id":19520,"href":"https:\/\/news.save.ch\/de\/wp-json\/wp\/v2\/posts\/19517\/revisions\/19520"}],"wp:featuredmedia":[{"embeddable":true,"href":"https:\/\/news.save.ch\/de\/wp-json\/wp\/v2\/media\/19518"}],"wp:attachment":[{"href":"https:\/\/news.save.ch\/de\/wp-json\/wp\/v2\/media?parent=19517"}],"wp:term":[{"taxonomy":"category","embeddable":true,"href":"https:\/\/news.save.ch\/de\/wp-json\/wp\/v2\/categories?post=19517"},{"taxonomy":"post_tag","embeddable":true,"href":"https:\/\/news.save.ch\/de\/wp-json\/wp\/v2\/tags?post=19517"}],"curies":[{"name":"wp","href":"https:\/\/api.w.org\/{rel}","templated":true}]}}