{"id":1955,"date":"2017-04-21T08:02:34","date_gmt":"2017-04-21T06:02:34","guid":{"rendered":"https:\/\/news.save.ch\/?p=1955"},"modified":"2023-03-14T09:05:35","modified_gmt":"2023-03-14T08:05:35","slug":"schweizer-arbeitnehmer-sind-ueberaus-anpassungsfaehig","status":null,"type":"post","link":"https:\/\/news.save.ch\/de\/schweizer-arbeitnehmer-sind-ueberaus-anpassungsfaehig\/","title":{"rendered":"Schweizer Arbeitssuchende sind \u00fcberaus anpassungsf\u00e4hig"},"content":{"rendered":"<p>Fast drei\u00a0Viertel (72%) der Schweizer Stellensuchenden erwarten, ihre Kompetenzen im Laufe der kommenden zw\u00f6lf Monate weiterzuentwickeln. Dies ist der h\u00f6chste Stand seit Beginn des Index Ende 2014. In der Deutschschweiz ist die Zuversicht besonders hoch: Sie betrug 77% im Vergleich zu 71% in der Romandie. Dies zeigt der PageGroup Confidence Index, eine quartalsweise Studie, welche die Zuversicht von Arbeitsuchenden in verschiedenen Europ\u00e4ischen L\u00e4ndern misst und vergleicht.<\/p>\n<p>&nbsp;<\/p>\n<figure id=\"attachment_1956\" aria-describedby=\"caption-attachment-1956\" style=\"width: 680px\" class=\"wp-caption alignnone\"><img loading=\"lazy\" decoding=\"async\" class=\"size-medium wp-image-1956\" src=\"http:\/\/develop.safety-plus.ch\/wp-content\/uploads\/2017\/04\/Confidence-Index.jpg\" alt=\"\" width=\"680\" height=\"412\" \/><figcaption id=\"caption-attachment-1956\" class=\"wp-caption-text\">Zuversichtliche Schweizer: Sie gehen davon aus, dass sich ihre Kompetenzen weiterentwickeln werden.<\/figcaption><\/figure>\n<p>Schweizer Arbeitssuchende im Alter von 30 bis 50 Jahren bilden die gr\u00f6sste Gruppe auf dem Arbeitsmarkt. Bei ihnen betr\u00e4gt der Prozentsatz 75%. Er war damit h\u00f6her als in den Nachbarl\u00e4ndern Deutschland (71%), Frankreich (69%) und Italien (55%).<\/p>\n<p><strong>Auch \u00e4ltere Stellensuchende zuversichtlich<\/strong><\/p>\n<p>Schweizer Stellensuchende \u00fcber 50 sind gem\u00e4ss der Studie ebenfalls bedeutend zuversichtlicher als in den Nachbarl\u00e4ndern. \u00dcber die H\u00e4lfte (58%) geht davon aus, ihre Kompetenzen w\u00e4hrend der n\u00e4chsten zw\u00f6lf Monate weiterzuentwickeln. Arbeitssuchende \u00fcber 50 Jahre in der Deutschschweiz sind in Hinblick auf die k\u00fcnftige Entwicklung der eigenen Kompetenzen erheblich zuversichtlicher (63%) als ihre Kolleginnen und Kollegen in der Romandie (56%).<\/p>\n<p><strong>Lebenslange Weiterentwicklung<\/strong><\/p>\n<p>Xavier Chauville zufolge, Executive Director bei Page Personnel, \u00abbest\u00e4rkt der Wandel der Schweizer Wirtschaft und die zunehmende Komplexit\u00e4t der einzelnen Branchen den Ansatz \u2018Lebenslanges Lernen\u2019, der in der Schweiz bereits vom Bildungssystem gef\u00f6rdert wird. Deshalb empfehlen wir unseren Kandidaten dringend, auch im Arbeitsalltag jede Chance wahrzunehmen, um ihre Kompetenzen weiterzuentwickeln und interne Ausbildungsangebote zu nutzen.\u00bb<\/p>\n<p>Der PageGroup Confidence Index misst die Zuversicht von Arbeitsuchenden in den folgenden L\u00e4ndern Kontinentaleuropas: Schweiz, Deutschland, Frankreich, Italien, \u00d6sterreich, Spanien, Portugal, T\u00fcrkei, Po-len, Holland, Schweden und Belgien. Die Studie misst die Zuversicht der Arbeitssuchenden, eine neue Stelle zu finden, die Annahme \u00fcber die Dauer der Stellensuche, Gr\u00fcnde f\u00fcr einen Stellenwechsel sowie die Erwartungen an Arbeitsbedingungen und das wirtschaftliche Umfeld. Die Studie wird seit Juli 2014 in der Schweiz und seit Januar 2016 in Kontinentaleuropa durchgef\u00fchrt. Online erfasst werden die Kandidaten, die sich auf eine auf der Website von Michael Page oder Page Personnel ausgeschriebene Stelle beworben haben. Die Datenbasis f\u00fcr Kontinentaleuropa bilden quartalsweise Antworten von mindestens 13&#8217;000 Kandidaten, davon 900 in der Schweiz. Die Auswertung der Studie erfolgt quartalsweise.<\/p>\n<p>Quelle: PageGroup<\/p>\n","protected":false},"excerpt":{"rendered":"<p>Fast drei\u00a0Viertel (72%) der Schweizer Stellensuchenden erwarten, ihre Kompetenzen im Laufe der kommenden zw\u00f6lf Monate weiterzuentwickeln. Dies ist der h\u00f6chste Stand seit Beginn des Index Ende 2014. In der Deutschschweiz ist die Zuversicht besonders hoch: Sie betrug 77% im Vergleich zu 71% in der Romandie. Dies zeigt der PageGroup Confidence Index, eine quartalsweise Studie, welche [&hellip;]<\/p>\n","protected":false},"author":1,"featured_media":16193,"comment_status":"open","ping_status":"open","sticky":false,"template":"","format":"standard","meta":{"_acf_changed":false,"pgc_sgb_lightbox_settings":"","footnotes":""},"categories":[3314],"tags":[1673,2729,64],"class_list":["post-1955","post","type-post","status-publish","format-standard","has-post-thumbnail","hentry","category-health-safety","tag-arbeitssuche","tag-psychische-gesundheit","tag-studie"],"acf":[],"hkrextid":null,"publication":null,"issue":null,"workflow":null,"startPage":null,"spitzmarke":null,"_posts_by_tag_page_fields":{"widget_title":"","widget_tags":""},"_at_widget":"1","_yoast_wpseo_primary_category":"3303","_yoast_wpseo_focuskw_text_input":"Arbeitssuchende","_yoast_wpseo_opengraph-image":null,"_yoast_wpseo_opengraph-description":null,"_yoast_wpseo_opengraph-title":null,"enclosure":null,"_yoast_wpseo_twitter-title":null,"_yoast_wpseo_twitter-description":null,"_yoast_wpseo_twitter-image":null,"_wp_old_slug":null,"_yoast_wpseo_title":null,"_yoast_wpseo_canonical":null,"yoast_head":"<!-- This site is optimized with the Yoast SEO plugin v27.5 - https:\/\/yoast.com\/product\/yoast-seo-wordpress\/ -->\n<title>Schweizer Arbeitssuchende sind \u00fcberaus anpassungsf\u00e4hig - Save<\/title>\n<meta name=\"description\" content=\"Lebenslanges Lernen als Maxime: Die meisten Stellensuchenden in der Schweiz wollen ihre Kompetenzen weiterentwickeln - mehr als in den Nachbarl\u00e4ndern.\" \/>\n<meta name=\"robots\" content=\"index, follow, max-snippet:-1, max-image-preview:large, max-video-preview:-1\" \/>\n<link rel=\"canonical\" href=\"https:\/\/news.save.ch\/de\/schweizer-arbeitnehmer-sind-ueberaus-anpassungsfaehig\/\" \/>\n<meta property=\"og:locale\" content=\"de_DE\" \/>\n<meta property=\"og:type\" content=\"article\" \/>\n<meta property=\"og:title\" content=\"Schweizer Arbeitssuchende sind \u00fcberaus anpassungsf\u00e4hig - Save\" \/>\n<meta property=\"og:description\" content=\"Lebenslanges Lernen als Maxime: Die meisten Stellensuchenden in der Schweiz wollen ihre Kompetenzen weiterentwickeln - mehr als in den Nachbarl\u00e4ndern.\" \/>\n<meta property=\"og:url\" content=\"https:\/\/news.save.ch\/de\/schweizer-arbeitnehmer-sind-ueberaus-anpassungsfaehig\/\" \/>\n<meta property=\"og:site_name\" content=\"Save\" \/>\n<meta property=\"article:published_time\" content=\"2017-04-21T06:02:34+00:00\" \/>\n<meta property=\"article:modified_time\" content=\"2023-03-14T08:05:35+00:00\" \/>\n<meta property=\"og:image\" content=\"https:\/\/news.save.ch\/wp-content\/uploads\/2017\/04\/Depositphotos_26377175_l-2015-scaled-1.jpg\" \/>\n\t<meta property=\"og:image:width\" content=\"1200\" \/>\n\t<meta property=\"og:image:height\" content=\"800\" \/>\n\t<meta property=\"og:image:type\" content=\"image\/jpeg\" \/>\n<meta name=\"author\" content=\"admin\" \/>\n<meta name=\"twitter:card\" content=\"summary_large_image\" \/>\n<meta name=\"twitter:label1\" content=\"Geschrieben von\" \/>\n\t<meta name=\"twitter:data1\" content=\"admin\" \/>\n\t<meta name=\"twitter:label2\" content=\"Gesch\u00e4tzte Lesezeit\" \/>\n\t<meta name=\"twitter:data2\" content=\"2\u00a0Minuten\" \/>\n<script type=\"application\/ld+json\" class=\"yoast-schema-graph\">{\"@context\":\"https:\\\/\\\/schema.org\",\"@graph\":[{\"@type\":\"Article\",\"@id\":\"https:\\\/\\\/news.save.ch\\\/schweizer-arbeitnehmer-sind-ueberaus-anpassungsfaehig\\\/#article\",\"isPartOf\":{\"@id\":\"https:\\\/\\\/news.save.ch\\\/schweizer-arbeitnehmer-sind-ueberaus-anpassungsfaehig\\\/\"},\"author\":{\"name\":\"admin\",\"@id\":\"https:\\\/\\\/news.save.ch\\\/de\\\/#\\\/schema\\\/person\\\/d49e199490bad7c70d64b9ab51142f2b\"},\"headline\":\"Schweizer Arbeitssuchende sind \u00fcberaus anpassungsf\u00e4hig\",\"datePublished\":\"2017-04-21T06:02:34+00:00\",\"dateModified\":\"2023-03-14T08:05:35+00:00\",\"mainEntityOfPage\":{\"@id\":\"https:\\\/\\\/news.save.ch\\\/schweizer-arbeitnehmer-sind-ueberaus-anpassungsfaehig\\\/\"},\"wordCount\":376,\"commentCount\":0,\"publisher\":{\"@id\":\"https:\\\/\\\/news.save.ch\\\/de\\\/#organization\"},\"image\":{\"@id\":\"https:\\\/\\\/news.save.ch\\\/schweizer-arbeitnehmer-sind-ueberaus-anpassungsfaehig\\\/#primaryimage\"},\"thumbnailUrl\":\"https:\\\/\\\/news.save.ch\\\/wp-content\\\/uploads\\\/2017\\\/04\\\/Depositphotos_26377175_l-2015-scaled-1.jpg\",\"keywords\":[\"Arbeitssuche\",\"Psychische Gesundheit\",\"Studie\"],\"articleSection\":[\"HEALTH &amp; SAFETY\"],\"inLanguage\":\"de\"},{\"@type\":\"WebPage\",\"@id\":\"https:\\\/\\\/news.save.ch\\\/schweizer-arbeitnehmer-sind-ueberaus-anpassungsfaehig\\\/\",\"url\":\"https:\\\/\\\/news.save.ch\\\/schweizer-arbeitnehmer-sind-ueberaus-anpassungsfaehig\\\/\",\"name\":\"Schweizer Arbeitssuchende sind \u00fcberaus anpassungsf\u00e4hig - Save\",\"isPartOf\":{\"@id\":\"https:\\\/\\\/news.save.ch\\\/de\\\/#website\"},\"primaryImageOfPage\":{\"@id\":\"https:\\\/\\\/news.save.ch\\\/schweizer-arbeitnehmer-sind-ueberaus-anpassungsfaehig\\\/#primaryimage\"},\"image\":{\"@id\":\"https:\\\/\\\/news.save.ch\\\/schweizer-arbeitnehmer-sind-ueberaus-anpassungsfaehig\\\/#primaryimage\"},\"thumbnailUrl\":\"https:\\\/\\\/news.save.ch\\\/wp-content\\\/uploads\\\/2017\\\/04\\\/Depositphotos_26377175_l-2015-scaled-1.jpg\",\"datePublished\":\"2017-04-21T06:02:34+00:00\",\"dateModified\":\"2023-03-14T08:05:35+00:00\",\"description\":\"Lebenslanges Lernen als Maxime: Die meisten Stellensuchenden in der Schweiz wollen ihre Kompetenzen weiterentwickeln - mehr als in den Nachbarl\u00e4ndern.\",\"breadcrumb\":{\"@id\":\"https:\\\/\\\/news.save.ch\\\/schweizer-arbeitnehmer-sind-ueberaus-anpassungsfaehig\\\/#breadcrumb\"},\"inLanguage\":\"de\",\"potentialAction\":[{\"@type\":\"ReadAction\",\"target\":[\"https:\\\/\\\/news.save.ch\\\/schweizer-arbeitnehmer-sind-ueberaus-anpassungsfaehig\\\/\"]}]},{\"@type\":\"ImageObject\",\"inLanguage\":\"de\",\"@id\":\"https:\\\/\\\/news.save.ch\\\/schweizer-arbeitnehmer-sind-ueberaus-anpassungsfaehig\\\/#primaryimage\",\"url\":\"https:\\\/\\\/news.save.ch\\\/wp-content\\\/uploads\\\/2017\\\/04\\\/Depositphotos_26377175_l-2015-scaled-1.jpg\",\"contentUrl\":\"https:\\\/\\\/news.save.ch\\\/wp-content\\\/uploads\\\/2017\\\/04\\\/Depositphotos_26377175_l-2015-scaled-1.jpg\",\"width\":1200,\"height\":800,\"caption\":\"Schweizer Stellensuchende sind optimistischer als ihre Nachbarn\"},{\"@type\":\"BreadcrumbList\",\"@id\":\"https:\\\/\\\/news.save.ch\\\/schweizer-arbeitnehmer-sind-ueberaus-anpassungsfaehig\\\/#breadcrumb\",\"itemListElement\":[{\"@type\":\"ListItem\",\"position\":1,\"name\":\"Home\",\"item\":\"https:\\\/\\\/news.save.ch\\\/de\\\/\"},{\"@type\":\"ListItem\",\"position\":2,\"name\":\"Schweizer Arbeitssuchende sind \u00fcberaus anpassungsf\u00e4hig\"}]},{\"@type\":\"WebSite\",\"@id\":\"https:\\\/\\\/news.save.ch\\\/de\\\/#website\",\"url\":\"https:\\\/\\\/news.save.ch\\\/de\\\/\",\"name\":\"Save\",\"description\":\"Schweizer Fachzeitschrift f\u00fcr Sicherheit\",\"publisher\":{\"@id\":\"https:\\\/\\\/news.save.ch\\\/de\\\/#organization\"},\"potentialAction\":[{\"@type\":\"SearchAction\",\"target\":{\"@type\":\"EntryPoint\",\"urlTemplate\":\"https:\\\/\\\/news.save.ch\\\/de\\\/?s={search_term_string}\"},\"query-input\":{\"@type\":\"PropertyValueSpecification\",\"valueRequired\":true,\"valueName\":\"search_term_string\"}}],\"inLanguage\":\"de\"},{\"@type\":\"Organization\",\"@id\":\"https:\\\/\\\/news.save.ch\\\/de\\\/#organization\",\"name\":\"Sicherheitsforum\",\"url\":\"https:\\\/\\\/news.save.ch\\\/de\\\/\",\"logo\":{\"@type\":\"ImageObject\",\"inLanguage\":\"de\",\"@id\":\"https:\\\/\\\/news.save.ch\\\/de\\\/#\\\/schema\\\/logo\\\/image\\\/\",\"url\":\"https:\\\/\\\/news.save.ch\\\/wp-content\\\/uploads\\\/2022\\\/06\\\/Logo_SF_2012.png\",\"contentUrl\":\"https:\\\/\\\/news.save.ch\\\/wp-content\\\/uploads\\\/2022\\\/06\\\/Logo_SF_2012.png\",\"width\":1100,\"height\":91,\"caption\":\"Sicherheitsforum\"},\"image\":{\"@id\":\"https:\\\/\\\/news.save.ch\\\/de\\\/#\\\/schema\\\/logo\\\/image\\\/\"}},{\"@type\":\"Person\",\"@id\":\"https:\\\/\\\/news.save.ch\\\/de\\\/#\\\/schema\\\/person\\\/d49e199490bad7c70d64b9ab51142f2b\",\"name\":\"admin\",\"image\":{\"@type\":\"ImageObject\",\"inLanguage\":\"de\",\"@id\":\"https:\\\/\\\/secure.gravatar.com\\\/avatar\\\/ae2f4d718e6c49043e314ce431e7e645d646302a24a5ef5a8bc8e3f5a032e319?s=96&d=mm&r=g\",\"url\":\"https:\\\/\\\/secure.gravatar.com\\\/avatar\\\/ae2f4d718e6c49043e314ce431e7e645d646302a24a5ef5a8bc8e3f5a032e319?s=96&d=mm&r=g\",\"contentUrl\":\"https:\\\/\\\/secure.gravatar.com\\\/avatar\\\/ae2f4d718e6c49043e314ce431e7e645d646302a24a5ef5a8bc8e3f5a032e319?s=96&d=mm&r=g\",\"caption\":\"admin\"},\"sameAs\":[\"https:\\\/\\\/develop.organisator.galledia.ch\"],\"url\":\"https:\\\/\\\/news.save.ch\\\/de\\\/author\\\/admin\\\/\"}]}<\/script>\n<!-- \/ Yoast SEO plugin. -->","yoast_head_json":{"title":"Schweizer Arbeitssuchende sind \u00fcberaus anpassungsf\u00e4hig - Save","description":"Lebenslanges Lernen als Maxime: Die meisten Stellensuchenden in der Schweiz wollen ihre Kompetenzen weiterentwickeln - mehr als in den Nachbarl\u00e4ndern.","robots":{"index":"index","follow":"follow","max-snippet":"max-snippet:-1","max-image-preview":"max-image-preview:large","max-video-preview":"max-video-preview:-1"},"canonical":"https:\/\/news.save.ch\/de\/schweizer-arbeitnehmer-sind-ueberaus-anpassungsfaehig\/","og_locale":"de_DE","og_type":"article","og_title":"Schweizer Arbeitssuchende sind \u00fcberaus anpassungsf\u00e4hig - Save","og_description":"Lebenslanges Lernen als Maxime: Die meisten Stellensuchenden in der Schweiz wollen ihre Kompetenzen weiterentwickeln - mehr als in den Nachbarl\u00e4ndern.","og_url":"https:\/\/news.save.ch\/de\/schweizer-arbeitnehmer-sind-ueberaus-anpassungsfaehig\/","og_site_name":"Save","article_published_time":"2017-04-21T06:02:34+00:00","article_modified_time":"2023-03-14T08:05:35+00:00","og_image":[{"width":1200,"height":800,"url":"https:\/\/news.save.ch\/wp-content\/uploads\/2017\/04\/Depositphotos_26377175_l-2015-scaled-1.jpg","type":"image\/jpeg"}],"author":"admin","twitter_card":"summary_large_image","twitter_misc":{"Geschrieben von":"admin","Gesch\u00e4tzte Lesezeit":"2\u00a0Minuten"},"schema":{"@context":"https:\/\/schema.org","@graph":[{"@type":"Article","@id":"https:\/\/news.save.ch\/schweizer-arbeitnehmer-sind-ueberaus-anpassungsfaehig\/#article","isPartOf":{"@id":"https:\/\/news.save.ch\/schweizer-arbeitnehmer-sind-ueberaus-anpassungsfaehig\/"},"author":{"name":"admin","@id":"https:\/\/news.save.ch\/de\/#\/schema\/person\/d49e199490bad7c70d64b9ab51142f2b"},"headline":"Schweizer Arbeitssuchende sind \u00fcberaus anpassungsf\u00e4hig","datePublished":"2017-04-21T06:02:34+00:00","dateModified":"2023-03-14T08:05:35+00:00","mainEntityOfPage":{"@id":"https:\/\/news.save.ch\/schweizer-arbeitnehmer-sind-ueberaus-anpassungsfaehig\/"},"wordCount":376,"commentCount":0,"publisher":{"@id":"https:\/\/news.save.ch\/de\/#organization"},"image":{"@id":"https:\/\/news.save.ch\/schweizer-arbeitnehmer-sind-ueberaus-anpassungsfaehig\/#primaryimage"},"thumbnailUrl":"https:\/\/news.save.ch\/wp-content\/uploads\/2017\/04\/Depositphotos_26377175_l-2015-scaled-1.jpg","keywords":["Arbeitssuche","Psychische Gesundheit","Studie"],"articleSection":["HEALTH &amp; SAFETY"],"inLanguage":"de"},{"@type":"WebPage","@id":"https:\/\/news.save.ch\/schweizer-arbeitnehmer-sind-ueberaus-anpassungsfaehig\/","url":"https:\/\/news.save.ch\/schweizer-arbeitnehmer-sind-ueberaus-anpassungsfaehig\/","name":"Schweizer Arbeitssuchende sind \u00fcberaus anpassungsf\u00e4hig - Save","isPartOf":{"@id":"https:\/\/news.save.ch\/de\/#website"},"primaryImageOfPage":{"@id":"https:\/\/news.save.ch\/schweizer-arbeitnehmer-sind-ueberaus-anpassungsfaehig\/#primaryimage"},"image":{"@id":"https:\/\/news.save.ch\/schweizer-arbeitnehmer-sind-ueberaus-anpassungsfaehig\/#primaryimage"},"thumbnailUrl":"https:\/\/news.save.ch\/wp-content\/uploads\/2017\/04\/Depositphotos_26377175_l-2015-scaled-1.jpg","datePublished":"2017-04-21T06:02:34+00:00","dateModified":"2023-03-14T08:05:35+00:00","description":"Lebenslanges Lernen als Maxime: Die meisten Stellensuchenden in der Schweiz wollen ihre Kompetenzen weiterentwickeln - mehr als in den Nachbarl\u00e4ndern.","breadcrumb":{"@id":"https:\/\/news.save.ch\/schweizer-arbeitnehmer-sind-ueberaus-anpassungsfaehig\/#breadcrumb"},"inLanguage":"de","potentialAction":[{"@type":"ReadAction","target":["https:\/\/news.save.ch\/schweizer-arbeitnehmer-sind-ueberaus-anpassungsfaehig\/"]}]},{"@type":"ImageObject","inLanguage":"de","@id":"https:\/\/news.save.ch\/schweizer-arbeitnehmer-sind-ueberaus-anpassungsfaehig\/#primaryimage","url":"https:\/\/news.save.ch\/wp-content\/uploads\/2017\/04\/Depositphotos_26377175_l-2015-scaled-1.jpg","contentUrl":"https:\/\/news.save.ch\/wp-content\/uploads\/2017\/04\/Depositphotos_26377175_l-2015-scaled-1.jpg","width":1200,"height":800,"caption":"Schweizer Stellensuchende sind optimistischer als ihre Nachbarn"},{"@type":"BreadcrumbList","@id":"https:\/\/news.save.ch\/schweizer-arbeitnehmer-sind-ueberaus-anpassungsfaehig\/#breadcrumb","itemListElement":[{"@type":"ListItem","position":1,"name":"Home","item":"https:\/\/news.save.ch\/de\/"},{"@type":"ListItem","position":2,"name":"Schweizer Arbeitssuchende sind \u00fcberaus anpassungsf\u00e4hig"}]},{"@type":"WebSite","@id":"https:\/\/news.save.ch\/de\/#website","url":"https:\/\/news.save.ch\/de\/","name":"Save","description":"Schweizer Fachzeitschrift f\u00fcr Sicherheit","publisher":{"@id":"https:\/\/news.save.ch\/de\/#organization"},"potentialAction":[{"@type":"SearchAction","target":{"@type":"EntryPoint","urlTemplate":"https:\/\/news.save.ch\/de\/?s={search_term_string}"},"query-input":{"@type":"PropertyValueSpecification","valueRequired":true,"valueName":"search_term_string"}}],"inLanguage":"de"},{"@type":"Organization","@id":"https:\/\/news.save.ch\/de\/#organization","name":"Sicherheitsforum","url":"https:\/\/news.save.ch\/de\/","logo":{"@type":"ImageObject","inLanguage":"de","@id":"https:\/\/news.save.ch\/de\/#\/schema\/logo\/image\/","url":"https:\/\/news.save.ch\/wp-content\/uploads\/2022\/06\/Logo_SF_2012.png","contentUrl":"https:\/\/news.save.ch\/wp-content\/uploads\/2022\/06\/Logo_SF_2012.png","width":1100,"height":91,"caption":"Sicherheitsforum"},"image":{"@id":"https:\/\/news.save.ch\/de\/#\/schema\/logo\/image\/"}},{"@type":"Person","@id":"https:\/\/news.save.ch\/de\/#\/schema\/person\/d49e199490bad7c70d64b9ab51142f2b","name":"admin","image":{"@type":"ImageObject","inLanguage":"de","@id":"https:\/\/secure.gravatar.com\/avatar\/ae2f4d718e6c49043e314ce431e7e645d646302a24a5ef5a8bc8e3f5a032e319?s=96&d=mm&r=g","url":"https:\/\/secure.gravatar.com\/avatar\/ae2f4d718e6c49043e314ce431e7e645d646302a24a5ef5a8bc8e3f5a032e319?s=96&d=mm&r=g","contentUrl":"https:\/\/secure.gravatar.com\/avatar\/ae2f4d718e6c49043e314ce431e7e645d646302a24a5ef5a8bc8e3f5a032e319?s=96&d=mm&r=g","caption":"admin"},"sameAs":["https:\/\/develop.organisator.galledia.ch"],"url":"https:\/\/news.save.ch\/de\/author\/admin\/"}]}},"_links":{"self":[{"href":"https:\/\/news.save.ch\/de\/wp-json\/wp\/v2\/posts\/1955","targetHints":{"allow":["GET"]}}],"collection":[{"href":"https:\/\/news.save.ch\/de\/wp-json\/wp\/v2\/posts"}],"about":[{"href":"https:\/\/news.save.ch\/de\/wp-json\/wp\/v2\/types\/post"}],"author":[{"embeddable":true,"href":"https:\/\/news.save.ch\/de\/wp-json\/wp\/v2\/users\/1"}],"replies":[{"embeddable":true,"href":"https:\/\/news.save.ch\/de\/wp-json\/wp\/v2\/comments?post=1955"}],"version-history":[{"count":1,"href":"https:\/\/news.save.ch\/de\/wp-json\/wp\/v2\/posts\/1955\/revisions"}],"predecessor-version":[{"id":19015,"href":"https:\/\/news.save.ch\/de\/wp-json\/wp\/v2\/posts\/1955\/revisions\/19015"}],"wp:featuredmedia":[{"embeddable":true,"href":"https:\/\/news.save.ch\/de\/wp-json\/wp\/v2\/media\/16193"}],"wp:attachment":[{"href":"https:\/\/news.save.ch\/de\/wp-json\/wp\/v2\/media?parent=1955"}],"wp:term":[{"taxonomy":"category","embeddable":true,"href":"https:\/\/news.save.ch\/de\/wp-json\/wp\/v2\/categories?post=1955"},{"taxonomy":"post_tag","embeddable":true,"href":"https:\/\/news.save.ch\/de\/wp-json\/wp\/v2\/tags?post=1955"}],"curies":[{"name":"wp","href":"https:\/\/api.w.org\/{rel}","templated":true}]}}