{"id":19694,"date":"2023-06-07T10:57:41","date_gmt":"2023-06-07T08:57:41","guid":{"rendered":"https:\/\/news.save.ch\/?p=19694"},"modified":"2023-06-10T09:31:26","modified_gmt":"2023-06-10T07:31:26","slug":"koordinierter-sanitaetsdienst-mit-neuem-chef","status":null,"type":"post","link":"https:\/\/news.save.ch\/de\/koordinierter-sanitaetsdienst-mit-neuem-chef\/","title":{"rendered":"Koordinierter Sanit\u00e4tsdienst mit neuem Chef"},"content":{"rendered":"<p>&nbsp;<\/p>\n<figure id=\"attachment_19697\" aria-describedby=\"caption-attachment-19697\" style=\"width: 680px\" class=\"wp-caption aligncenter\"><img loading=\"lazy\" decoding=\"async\" class=\"size-medium wp-image-19697\" src=\"https:\/\/news.save.ch\/wp-content\/uploads\/2023\/06\/Screenshot-2023-06-07-105831-680x569.jpg\" alt=\"Koordinierte Sanit\u00e4tsdienste\" width=\"680\" height=\"569\" srcset=\"https:\/\/news.save.ch\/wp-content\/uploads\/2023\/06\/Screenshot-2023-06-07-105831-680x569.jpg 680w, https:\/\/news.save.ch\/wp-content\/uploads\/2023\/06\/Screenshot-2023-06-07-105831-14x12.jpg 14w, https:\/\/news.save.ch\/wp-content\/uploads\/2023\/06\/Screenshot-2023-06-07-105831-358x300.jpg 358w, https:\/\/news.save.ch\/wp-content\/uploads\/2023\/06\/Screenshot-2023-06-07-105831-418x350.jpg 418w, https:\/\/news.save.ch\/wp-content\/uploads\/2023\/06\/Screenshot-2023-06-07-105831.jpg 689w\" sizes=\"auto, (max-width: 680px) 100vw, 680px\" \/><figcaption id=\"caption-attachment-19697\" class=\"wp-caption-text\">Tenzin Lamdark \u00fcbernimmt Anfang Juli die Leitung des Koordinierten Sanit\u00e4tsdienstes. Bild: zVg<\/figcaption><\/figure>\n<p>Der Koordinierte Sanit\u00e4tsdienst (KSD) ist per 1. Januar 2023 ins Bundesamt f\u00fcr Bev\u00f6lkerungsschutz (Babs) integriert worden. Er geh\u00f6rt zum Gesch\u00e4ftsbereich Nationale Alarmzentrale und Ereignisbew\u00e4ltigung (NEOC \u2013 National Emergency Operations Center), in dem die Kompetenzen in der Ereignisbew\u00e4ltigung ausgebaut und geb\u00fcndelt werden. Mit der Ansiedelung des KSD innerhalb dieses Gesch\u00e4ftsbereichs werden Synergien mit anderen Bereichen und Netzwerken des Notfall- und Krisenmanagements genutzt, wie das Babs schreibt.<\/p>\n<h3>Einsatzkonzepte f\u00fcr die Partner des Sanit\u00e4tswesens im Ereignisfall<\/h3>\n<p>Im Rahmen der Neuausrichtung des KSD sorge der Beauftragte KSD zusammen mit den verschiedenen Partnern des Bundes, der Kantone und im Gesundheitswesen f\u00fcr die Vorsorge und die Koordination des Gesundheitswesens im Ereignisfall. Daf\u00fcr entwickele und leite er die notwendigen Koordinationsstrukturen. Wichtige anstehende Arbeiten betr\u00e4fen vor allem die Weiterentwicklung von Vorsorgekonzepten und Krisenreaktionspl\u00e4nen f\u00fcr Ereignisse mit einem Massenanfall von Verletzten bzw. Patienten.<br \/>\nDabei m\u00fcssten Patientinnen und Patienten auf Spit\u00e4ler in der ganzen Schweiz verteilt und kurzfristig zus\u00e4tzliche Kapazit\u00e4ten zur Verf\u00fcgung gestellt werden. Gemeinsame Vorsorgeplanungen stellten sicher, dass in diesem Bereich schweizweit die Kapazit\u00e4ten aufgebaut und bekannt seien, dass nach der gleichen Systematik gearbeitet werde und dass alle Partner im Gesundheitswesen ihre Rolle kennen und wahrnehmen w\u00fcrden.<br \/>\nNebst seiner Funktion als Beauftragter KSD \u00fcbernimmt Tenzin Lamdark laut Babs die Leitung des gesamten Fachbereichs Partnerverbund der Nationalen Alarmzentrale, zu dem neben der Gesch\u00e4ftsstelle KSD unter anderem auch die Gesch\u00e4ftsstelle ABC-Schutz geh\u00f6rt. So k\u00f6nnten in der Zusammenarbeit mit den verschiedenen Partnern Synergien optimal genutzt werden.<\/p>\n<h3>Langj\u00e4hrige Erfahrungen im Notfall- und Krisenmanagement<\/h3>\n<p>Tenzin Lamdark sei Facharzt FMH f\u00fcr Chirurgie mit Schwerpunkttitel f\u00fcr Allgemeinchirurgie und Traumatologie. Er habe bis 2022 als Chirurg und Oberarzt am Kantonsspital Winterthur gearbeitet. Er bringe neben dem medizinischen Wissen auch Erfahrung im Notfall- und Krisenmanagement mit, die im Aufgabenbereich des KSD von grosser Wichtigkeit seien. Laut Angaben arbeitete er unter anderem am Katastrophenkonzept f\u00fcr das Gold Coast University Hospital anl\u00e4sslich der Commonwealth Games 2018 in Australien und am Krisenkonzept f\u00fcr das Kantonsspital Winterthur mit. 2020 wurde er im Kantonsspital Winterthur im Pandemiemanagement eingesetzt, wie das Babs ferner betont. Zudem verf\u00fcge Lamdark \u00fcber einen Executive MBA in General Management und ein CAS f\u00fcr Krisenkommunikation. Milit\u00e4risch sei Tenzin Lamdark Generalstabsoffizier und Unterstabschef Logistik des Heeres.<\/p>\n<p><em>Quelle: <a href=\"https:\/\/www.babs.admin.ch\/\">Bundesamt f\u00fcr Bev\u00f6lkerungsschutz<\/a><\/em><\/p>\n","protected":false},"excerpt":{"rendered":"<p>&nbsp; Der Koordinierte Sanit\u00e4tsdienst (KSD) ist per 1. Januar 2023 ins Bundesamt f\u00fcr Bev\u00f6lkerungsschutz (Babs) integriert worden. Er geh\u00f6rt zum Gesch\u00e4ftsbereich Nationale Alarmzentrale und Ereignisbew\u00e4ltigung (NEOC \u2013 National Emergency Operations Center), in dem die Kompetenzen in der Ereignisbew\u00e4ltigung ausgebaut und geb\u00fcndelt werden. Mit der Ansiedelung des KSD innerhalb dieses Gesch\u00e4ftsbereichs werden Synergien mit anderen Bereichen [&hellip;]<\/p>\n","protected":false},"author":8,"featured_media":19697,"comment_status":"closed","ping_status":"closed","sticky":false,"template":"","format":"standard","meta":{"_acf_changed":false,"pgc_sgb_lightbox_settings":"","footnotes":""},"categories":[3312],"tags":[1557,3738,571,3736,3737,745,3739],"class_list":["post-19694","post","type-post","status-publish","format-standard","has-post-thumbnail","hentry","category-sicherheit","tag-babs-bundesamt-fuer-bevoelkerungsschutz","tag-beauftragter-ksd","tag-bundesamt-fuer-bevoelkerungsschutz","tag-koordinierter-sanitaetsdienst","tag-neoc","tag-notfall-und-krisenmanagement","tag-tenzin-lamdark"],"acf":[],"hkrextid":null,"publication":null,"issue":null,"workflow":null,"startPage":null,"spitzmarke":null,"_posts_by_tag_page_fields":null,"_at_widget":null,"_yoast_wpseo_primary_category":"3312","_yoast_wpseo_focuskw_text_input":null,"_yoast_wpseo_opengraph-image":null,"_yoast_wpseo_opengraph-description":null,"_yoast_wpseo_opengraph-title":null,"enclosure":null,"_yoast_wpseo_twitter-title":null,"_yoast_wpseo_twitter-description":null,"_yoast_wpseo_twitter-image":null,"_wp_old_slug":null,"_yoast_wpseo_title":null,"_yoast_wpseo_canonical":null,"yoast_head":"<!-- This site is optimized with the Yoast SEO plugin v27.5 - https:\/\/yoast.com\/product\/yoast-seo-wordpress\/ -->\n<title>Koordinierter Sanit\u00e4tsdienst mit neuem Chef - Save<\/title>\n<meta name=\"description\" content=\"Der 46-j\u00e4hrige Chirurg Tenzin Lamdark \u00fcbernimmt am 1. Juli 2023 die Leitung des Koordinierten Sanit\u00e4tsdienstes sowie gleichzeitig die F\u00fchrung des gesamten Fachbereichs Partnerverbund der Nationalen Alarmzentrale.\" \/>\n<meta name=\"robots\" content=\"index, follow, max-snippet:-1, max-image-preview:large, max-video-preview:-1\" \/>\n<link rel=\"canonical\" href=\"https:\/\/news.save.ch\/de\/koordinierter-sanitaetsdienst-mit-neuem-chef\/\" \/>\n<meta property=\"og:locale\" content=\"de_DE\" \/>\n<meta property=\"og:type\" content=\"article\" \/>\n<meta property=\"og:title\" content=\"Koordinierter Sanit\u00e4tsdienst mit neuem Chef - Save\" \/>\n<meta property=\"og:description\" content=\"Der 46-j\u00e4hrige Chirurg Tenzin Lamdark \u00fcbernimmt am 1. Juli 2023 die Leitung des Koordinierten Sanit\u00e4tsdienstes sowie gleichzeitig die F\u00fchrung des gesamten Fachbereichs Partnerverbund der Nationalen Alarmzentrale.\" \/>\n<meta property=\"og:url\" content=\"https:\/\/news.save.ch\/de\/koordinierter-sanitaetsdienst-mit-neuem-chef\/\" \/>\n<meta property=\"og:site_name\" content=\"Save\" \/>\n<meta property=\"article:published_time\" content=\"2023-06-07T08:57:41+00:00\" \/>\n<meta property=\"article:modified_time\" content=\"2023-06-10T07:31:26+00:00\" \/>\n<meta property=\"og:image\" content=\"https:\/\/news.save.ch\/wp-content\/uploads\/2023\/06\/Screenshot-2023-06-07-105831.jpg\" \/>\n\t<meta property=\"og:image:width\" content=\"689\" \/>\n\t<meta property=\"og:image:height\" content=\"577\" \/>\n\t<meta property=\"og:image:type\" content=\"image\/jpeg\" \/>\n<meta name=\"author\" content=\"Roger Str\u00e4ssle\" \/>\n<meta name=\"twitter:card\" content=\"summary_large_image\" \/>\n<meta name=\"twitter:label1\" content=\"Geschrieben von\" \/>\n\t<meta name=\"twitter:data1\" content=\"Roger Str\u00e4ssle\" \/>\n\t<meta name=\"twitter:label2\" content=\"Gesch\u00e4tzte Lesezeit\" \/>\n\t<meta name=\"twitter:data2\" content=\"3\u00a0Minuten\" \/>\n<script type=\"application\/ld+json\" class=\"yoast-schema-graph\">{\"@context\":\"https:\\\/\\\/schema.org\",\"@graph\":[{\"@type\":\"Article\",\"@id\":\"https:\\\/\\\/news.save.ch\\\/koordinierter-sanitaetsdienst-mit-neuem-chef\\\/#article\",\"isPartOf\":{\"@id\":\"https:\\\/\\\/news.save.ch\\\/koordinierter-sanitaetsdienst-mit-neuem-chef\\\/\"},\"author\":{\"name\":\"Roger Str\u00e4ssle\",\"@id\":\"https:\\\/\\\/news.save.ch\\\/de\\\/#\\\/schema\\\/person\\\/d5022db048e0e2b9785c50e5b24da5aa\"},\"headline\":\"Koordinierter Sanit\u00e4tsdienst mit neuem Chef\",\"datePublished\":\"2023-06-07T08:57:41+00:00\",\"dateModified\":\"2023-06-10T07:31:26+00:00\",\"mainEntityOfPage\":{\"@id\":\"https:\\\/\\\/news.save.ch\\\/koordinierter-sanitaetsdienst-mit-neuem-chef\\\/\"},\"wordCount\":418,\"publisher\":{\"@id\":\"https:\\\/\\\/news.save.ch\\\/de\\\/#organization\"},\"image\":{\"@id\":\"https:\\\/\\\/news.save.ch\\\/koordinierter-sanitaetsdienst-mit-neuem-chef\\\/#primaryimage\"},\"thumbnailUrl\":\"https:\\\/\\\/news.save.ch\\\/wp-content\\\/uploads\\\/2023\\\/06\\\/Screenshot-2023-06-07-105831.jpg\",\"keywords\":[\"BABS - Bundesamt f\u00fcr Bev\u00f6lkerungsschutz\",\"Beauftragter KSD\",\"Bundesamt f\u00fcr Bev\u00f6lkerungsschutz\",\"Koordinierter Sanit\u00e4tsdienst\",\"NEOC\",\"Notfall- und Krisenmanagement\",\"Tenzin Lamdark\"],\"articleSection\":[\"SICHERHEIT\"],\"inLanguage\":\"de\"},{\"@type\":\"WebPage\",\"@id\":\"https:\\\/\\\/news.save.ch\\\/koordinierter-sanitaetsdienst-mit-neuem-chef\\\/\",\"url\":\"https:\\\/\\\/news.save.ch\\\/koordinierter-sanitaetsdienst-mit-neuem-chef\\\/\",\"name\":\"Koordinierter Sanit\u00e4tsdienst mit neuem Chef - Save\",\"isPartOf\":{\"@id\":\"https:\\\/\\\/news.save.ch\\\/de\\\/#website\"},\"primaryImageOfPage\":{\"@id\":\"https:\\\/\\\/news.save.ch\\\/koordinierter-sanitaetsdienst-mit-neuem-chef\\\/#primaryimage\"},\"image\":{\"@id\":\"https:\\\/\\\/news.save.ch\\\/koordinierter-sanitaetsdienst-mit-neuem-chef\\\/#primaryimage\"},\"thumbnailUrl\":\"https:\\\/\\\/news.save.ch\\\/wp-content\\\/uploads\\\/2023\\\/06\\\/Screenshot-2023-06-07-105831.jpg\",\"datePublished\":\"2023-06-07T08:57:41+00:00\",\"dateModified\":\"2023-06-10T07:31:26+00:00\",\"description\":\"Der 46-j\u00e4hrige Chirurg Tenzin Lamdark \u00fcbernimmt am 1. Juli 2023 die Leitung des Koordinierten Sanit\u00e4tsdienstes sowie gleichzeitig die F\u00fchrung des gesamten Fachbereichs Partnerverbund der Nationalen Alarmzentrale.\",\"breadcrumb\":{\"@id\":\"https:\\\/\\\/news.save.ch\\\/koordinierter-sanitaetsdienst-mit-neuem-chef\\\/#breadcrumb\"},\"inLanguage\":\"de\",\"potentialAction\":[{\"@type\":\"ReadAction\",\"target\":[\"https:\\\/\\\/news.save.ch\\\/koordinierter-sanitaetsdienst-mit-neuem-chef\\\/\"]}]},{\"@type\":\"ImageObject\",\"inLanguage\":\"de\",\"@id\":\"https:\\\/\\\/news.save.ch\\\/koordinierter-sanitaetsdienst-mit-neuem-chef\\\/#primaryimage\",\"url\":\"https:\\\/\\\/news.save.ch\\\/wp-content\\\/uploads\\\/2023\\\/06\\\/Screenshot-2023-06-07-105831.jpg\",\"contentUrl\":\"https:\\\/\\\/news.save.ch\\\/wp-content\\\/uploads\\\/2023\\\/06\\\/Screenshot-2023-06-07-105831.jpg\",\"width\":689,\"height\":577,\"caption\":\"Tenzin Lamdark \u00fcbernimmt Anfang Juli die Leitung des Koordinierten Sanit\u00e4tsdienstes. Bild: zvg\"},{\"@type\":\"BreadcrumbList\",\"@id\":\"https:\\\/\\\/news.save.ch\\\/koordinierter-sanitaetsdienst-mit-neuem-chef\\\/#breadcrumb\",\"itemListElement\":[{\"@type\":\"ListItem\",\"position\":1,\"name\":\"Home\",\"item\":\"https:\\\/\\\/news.save.ch\\\/de\\\/\"},{\"@type\":\"ListItem\",\"position\":2,\"name\":\"Koordinierter Sanit\u00e4tsdienst mit neuem Chef\"}]},{\"@type\":\"WebSite\",\"@id\":\"https:\\\/\\\/news.save.ch\\\/de\\\/#website\",\"url\":\"https:\\\/\\\/news.save.ch\\\/de\\\/\",\"name\":\"Save\",\"description\":\"Schweizer Fachzeitschrift f\u00fcr Sicherheit\",\"publisher\":{\"@id\":\"https:\\\/\\\/news.save.ch\\\/de\\\/#organization\"},\"potentialAction\":[{\"@type\":\"SearchAction\",\"target\":{\"@type\":\"EntryPoint\",\"urlTemplate\":\"https:\\\/\\\/news.save.ch\\\/de\\\/?s={search_term_string}\"},\"query-input\":{\"@type\":\"PropertyValueSpecification\",\"valueRequired\":true,\"valueName\":\"search_term_string\"}}],\"inLanguage\":\"de\"},{\"@type\":\"Organization\",\"@id\":\"https:\\\/\\\/news.save.ch\\\/de\\\/#organization\",\"name\":\"Sicherheitsforum\",\"url\":\"https:\\\/\\\/news.save.ch\\\/de\\\/\",\"logo\":{\"@type\":\"ImageObject\",\"inLanguage\":\"de\",\"@id\":\"https:\\\/\\\/news.save.ch\\\/de\\\/#\\\/schema\\\/logo\\\/image\\\/\",\"url\":\"https:\\\/\\\/news.save.ch\\\/wp-content\\\/uploads\\\/2022\\\/06\\\/Logo_SF_2012.png\",\"contentUrl\":\"https:\\\/\\\/news.save.ch\\\/wp-content\\\/uploads\\\/2022\\\/06\\\/Logo_SF_2012.png\",\"width\":1100,\"height\":91,\"caption\":\"Sicherheitsforum\"},\"image\":{\"@id\":\"https:\\\/\\\/news.save.ch\\\/de\\\/#\\\/schema\\\/logo\\\/image\\\/\"}},{\"@type\":\"Person\",\"@id\":\"https:\\\/\\\/news.save.ch\\\/de\\\/#\\\/schema\\\/person\\\/d5022db048e0e2b9785c50e5b24da5aa\",\"name\":\"Roger Str\u00e4ssle\",\"image\":{\"@type\":\"ImageObject\",\"inLanguage\":\"de\",\"@id\":\"https:\\\/\\\/secure.gravatar.com\\\/avatar\\\/862a5569d087de48e5856e32f45d719a03804c891d6deb8d4f71a660e79e4a47?s=96&d=mm&r=g\",\"url\":\"https:\\\/\\\/secure.gravatar.com\\\/avatar\\\/862a5569d087de48e5856e32f45d719a03804c891d6deb8d4f71a660e79e4a47?s=96&d=mm&r=g\",\"contentUrl\":\"https:\\\/\\\/secure.gravatar.com\\\/avatar\\\/862a5569d087de48e5856e32f45d719a03804c891d6deb8d4f71a660e79e4a47?s=96&d=mm&r=g\",\"caption\":\"Roger Str\u00e4ssle\"},\"url\":\"https:\\\/\\\/news.save.ch\\\/de\\\/author\\\/roger-straessle\\\/\"}]}<\/script>\n<!-- \/ Yoast SEO plugin. -->","yoast_head_json":{"title":"Koordinierter Sanit\u00e4tsdienst mit neuem Chef - Save","description":"Der 46-j\u00e4hrige Chirurg Tenzin Lamdark \u00fcbernimmt am 1. Juli 2023 die Leitung des Koordinierten Sanit\u00e4tsdienstes sowie gleichzeitig die F\u00fchrung des gesamten Fachbereichs Partnerverbund der Nationalen Alarmzentrale.","robots":{"index":"index","follow":"follow","max-snippet":"max-snippet:-1","max-image-preview":"max-image-preview:large","max-video-preview":"max-video-preview:-1"},"canonical":"https:\/\/news.save.ch\/de\/koordinierter-sanitaetsdienst-mit-neuem-chef\/","og_locale":"de_DE","og_type":"article","og_title":"Koordinierter Sanit\u00e4tsdienst mit neuem Chef - Save","og_description":"Der 46-j\u00e4hrige Chirurg Tenzin Lamdark \u00fcbernimmt am 1. Juli 2023 die Leitung des Koordinierten Sanit\u00e4tsdienstes sowie gleichzeitig die F\u00fchrung des gesamten Fachbereichs Partnerverbund der Nationalen Alarmzentrale.","og_url":"https:\/\/news.save.ch\/de\/koordinierter-sanitaetsdienst-mit-neuem-chef\/","og_site_name":"Save","article_published_time":"2023-06-07T08:57:41+00:00","article_modified_time":"2023-06-10T07:31:26+00:00","og_image":[{"width":689,"height":577,"url":"https:\/\/news.save.ch\/wp-content\/uploads\/2023\/06\/Screenshot-2023-06-07-105831.jpg","type":"image\/jpeg"}],"author":"Roger Str\u00e4ssle","twitter_card":"summary_large_image","twitter_misc":{"Geschrieben von":"Roger Str\u00e4ssle","Gesch\u00e4tzte Lesezeit":"3\u00a0Minuten"},"schema":{"@context":"https:\/\/schema.org","@graph":[{"@type":"Article","@id":"https:\/\/news.save.ch\/koordinierter-sanitaetsdienst-mit-neuem-chef\/#article","isPartOf":{"@id":"https:\/\/news.save.ch\/koordinierter-sanitaetsdienst-mit-neuem-chef\/"},"author":{"name":"Roger Str\u00e4ssle","@id":"https:\/\/news.save.ch\/de\/#\/schema\/person\/d5022db048e0e2b9785c50e5b24da5aa"},"headline":"Koordinierter Sanit\u00e4tsdienst mit neuem Chef","datePublished":"2023-06-07T08:57:41+00:00","dateModified":"2023-06-10T07:31:26+00:00","mainEntityOfPage":{"@id":"https:\/\/news.save.ch\/koordinierter-sanitaetsdienst-mit-neuem-chef\/"},"wordCount":418,"publisher":{"@id":"https:\/\/news.save.ch\/de\/#organization"},"image":{"@id":"https:\/\/news.save.ch\/koordinierter-sanitaetsdienst-mit-neuem-chef\/#primaryimage"},"thumbnailUrl":"https:\/\/news.save.ch\/wp-content\/uploads\/2023\/06\/Screenshot-2023-06-07-105831.jpg","keywords":["BABS - Bundesamt f\u00fcr Bev\u00f6lkerungsschutz","Beauftragter KSD","Bundesamt f\u00fcr Bev\u00f6lkerungsschutz","Koordinierter Sanit\u00e4tsdienst","NEOC","Notfall- und Krisenmanagement","Tenzin Lamdark"],"articleSection":["SICHERHEIT"],"inLanguage":"de"},{"@type":"WebPage","@id":"https:\/\/news.save.ch\/koordinierter-sanitaetsdienst-mit-neuem-chef\/","url":"https:\/\/news.save.ch\/koordinierter-sanitaetsdienst-mit-neuem-chef\/","name":"Koordinierter Sanit\u00e4tsdienst mit neuem Chef - Save","isPartOf":{"@id":"https:\/\/news.save.ch\/de\/#website"},"primaryImageOfPage":{"@id":"https:\/\/news.save.ch\/koordinierter-sanitaetsdienst-mit-neuem-chef\/#primaryimage"},"image":{"@id":"https:\/\/news.save.ch\/koordinierter-sanitaetsdienst-mit-neuem-chef\/#primaryimage"},"thumbnailUrl":"https:\/\/news.save.ch\/wp-content\/uploads\/2023\/06\/Screenshot-2023-06-07-105831.jpg","datePublished":"2023-06-07T08:57:41+00:00","dateModified":"2023-06-10T07:31:26+00:00","description":"Der 46-j\u00e4hrige Chirurg Tenzin Lamdark \u00fcbernimmt am 1. Juli 2023 die Leitung des Koordinierten Sanit\u00e4tsdienstes sowie gleichzeitig die F\u00fchrung des gesamten Fachbereichs Partnerverbund der Nationalen Alarmzentrale.","breadcrumb":{"@id":"https:\/\/news.save.ch\/koordinierter-sanitaetsdienst-mit-neuem-chef\/#breadcrumb"},"inLanguage":"de","potentialAction":[{"@type":"ReadAction","target":["https:\/\/news.save.ch\/koordinierter-sanitaetsdienst-mit-neuem-chef\/"]}]},{"@type":"ImageObject","inLanguage":"de","@id":"https:\/\/news.save.ch\/koordinierter-sanitaetsdienst-mit-neuem-chef\/#primaryimage","url":"https:\/\/news.save.ch\/wp-content\/uploads\/2023\/06\/Screenshot-2023-06-07-105831.jpg","contentUrl":"https:\/\/news.save.ch\/wp-content\/uploads\/2023\/06\/Screenshot-2023-06-07-105831.jpg","width":689,"height":577,"caption":"Tenzin Lamdark \u00fcbernimmt Anfang Juli die Leitung des Koordinierten Sanit\u00e4tsdienstes. Bild: zvg"},{"@type":"BreadcrumbList","@id":"https:\/\/news.save.ch\/koordinierter-sanitaetsdienst-mit-neuem-chef\/#breadcrumb","itemListElement":[{"@type":"ListItem","position":1,"name":"Home","item":"https:\/\/news.save.ch\/de\/"},{"@type":"ListItem","position":2,"name":"Koordinierter Sanit\u00e4tsdienst mit neuem Chef"}]},{"@type":"WebSite","@id":"https:\/\/news.save.ch\/de\/#website","url":"https:\/\/news.save.ch\/de\/","name":"Save","description":"Schweizer Fachzeitschrift f\u00fcr Sicherheit","publisher":{"@id":"https:\/\/news.save.ch\/de\/#organization"},"potentialAction":[{"@type":"SearchAction","target":{"@type":"EntryPoint","urlTemplate":"https:\/\/news.save.ch\/de\/?s={search_term_string}"},"query-input":{"@type":"PropertyValueSpecification","valueRequired":true,"valueName":"search_term_string"}}],"inLanguage":"de"},{"@type":"Organization","@id":"https:\/\/news.save.ch\/de\/#organization","name":"Sicherheitsforum","url":"https:\/\/news.save.ch\/de\/","logo":{"@type":"ImageObject","inLanguage":"de","@id":"https:\/\/news.save.ch\/de\/#\/schema\/logo\/image\/","url":"https:\/\/news.save.ch\/wp-content\/uploads\/2022\/06\/Logo_SF_2012.png","contentUrl":"https:\/\/news.save.ch\/wp-content\/uploads\/2022\/06\/Logo_SF_2012.png","width":1100,"height":91,"caption":"Sicherheitsforum"},"image":{"@id":"https:\/\/news.save.ch\/de\/#\/schema\/logo\/image\/"}},{"@type":"Person","@id":"https:\/\/news.save.ch\/de\/#\/schema\/person\/d5022db048e0e2b9785c50e5b24da5aa","name":"Roger Str\u00e4ssle","image":{"@type":"ImageObject","inLanguage":"de","@id":"https:\/\/secure.gravatar.com\/avatar\/862a5569d087de48e5856e32f45d719a03804c891d6deb8d4f71a660e79e4a47?s=96&d=mm&r=g","url":"https:\/\/secure.gravatar.com\/avatar\/862a5569d087de48e5856e32f45d719a03804c891d6deb8d4f71a660e79e4a47?s=96&d=mm&r=g","contentUrl":"https:\/\/secure.gravatar.com\/avatar\/862a5569d087de48e5856e32f45d719a03804c891d6deb8d4f71a660e79e4a47?s=96&d=mm&r=g","caption":"Roger Str\u00e4ssle"},"url":"https:\/\/news.save.ch\/de\/author\/roger-straessle\/"}]}},"_links":{"self":[{"href":"https:\/\/news.save.ch\/de\/wp-json\/wp\/v2\/posts\/19694","targetHints":{"allow":["GET"]}}],"collection":[{"href":"https:\/\/news.save.ch\/de\/wp-json\/wp\/v2\/posts"}],"about":[{"href":"https:\/\/news.save.ch\/de\/wp-json\/wp\/v2\/types\/post"}],"author":[{"embeddable":true,"href":"https:\/\/news.save.ch\/de\/wp-json\/wp\/v2\/users\/8"}],"replies":[{"embeddable":true,"href":"https:\/\/news.save.ch\/de\/wp-json\/wp\/v2\/comments?post=19694"}],"version-history":[{"count":4,"href":"https:\/\/news.save.ch\/de\/wp-json\/wp\/v2\/posts\/19694\/revisions"}],"predecessor-version":[{"id":19700,"href":"https:\/\/news.save.ch\/de\/wp-json\/wp\/v2\/posts\/19694\/revisions\/19700"}],"wp:featuredmedia":[{"embeddable":true,"href":"https:\/\/news.save.ch\/de\/wp-json\/wp\/v2\/media\/19697"}],"wp:attachment":[{"href":"https:\/\/news.save.ch\/de\/wp-json\/wp\/v2\/media?parent=19694"}],"wp:term":[{"taxonomy":"category","embeddable":true,"href":"https:\/\/news.save.ch\/de\/wp-json\/wp\/v2\/categories?post=19694"},{"taxonomy":"post_tag","embeddable":true,"href":"https:\/\/news.save.ch\/de\/wp-json\/wp\/v2\/tags?post=19694"}],"curies":[{"name":"wp","href":"https:\/\/api.w.org\/{rel}","templated":true}]}}