{"id":19891,"date":"2023-06-12T09:57:14","date_gmt":"2023-06-12T07:57:14","guid":{"rendered":"https:\/\/news.save.ch\/?p=19891"},"modified":"2023-06-12T09:57:32","modified_gmt":"2023-06-12T07:57:32","slug":"im-ausland-erbrachte-private-sicherheitsdienstleistungen-2","status":null,"type":"post","link":"https:\/\/news.save.ch\/de\/im-ausland-erbrachte-private-sicherheitsdienstleistungen-2\/","title":{"rendered":"Im Ausland erbrachte private Sicherheitsdienstleistungen"},"content":{"rendered":"<figure id=\"attachment_19892\" aria-describedby=\"caption-attachment-19892\" style=\"width: 680px\" class=\"wp-caption aligncenter\"><img loading=\"lazy\" decoding=\"async\" class=\"size-medium wp-image-19892\" src=\"https:\/\/news.save.ch\/wp-content\/uploads\/2023\/06\/Depositphotos_406614584_S-680x313.jpg\" alt=\"private Sicherheitsdienstleistungen\" width=\"680\" height=\"313\" srcset=\"https:\/\/news.save.ch\/wp-content\/uploads\/2023\/06\/Depositphotos_406614584_S-680x313.jpg 680w, https:\/\/news.save.ch\/wp-content\/uploads\/2023\/06\/Depositphotos_406614584_S-768x354.jpg 768w, https:\/\/news.save.ch\/wp-content\/uploads\/2023\/06\/Depositphotos_406614584_S-18x8.jpg 18w, https:\/\/news.save.ch\/wp-content\/uploads\/2023\/06\/Depositphotos_406614584_S-375x173.jpg 375w, https:\/\/news.save.ch\/wp-content\/uploads\/2023\/06\/Depositphotos_406614584_S-760x350.jpg 760w, https:\/\/news.save.ch\/wp-content\/uploads\/2023\/06\/Depositphotos_406614584_S.jpg 1000w\" sizes=\"auto, (max-width: 680px) 100vw, 680px\" \/><figcaption id=\"caption-attachment-19892\" class=\"wp-caption-text\">Depositphotos, Sharomka<\/figcaption><\/figure>\n<p>Die zust\u00e4ndige Stelle f\u00fcr die Umsetzung des Bundesgesetzes \u00fcber die im Ausland erbrachten privaten Sicherheitsdienstleistungen (BPS)\u00a0ist die Sektion Exportkontrolle und private Sicherheitsdienste (SEPS) des Eidgen\u00f6ssischen Departements f\u00fcr ausw\u00e4rtige Angelegenheiten (EDA). Laut bundesr\u00e4tlicher Mitteilung gingen im Jahr 2022 bei der SEPS 95 Meldungen ein. Sie betrafen haupts\u00e4chlich vier Gruppen von T\u00e4tigkeiten: Personenschutz und Bewachung von G\u00fctern und Liegenschaften in einem komplexen Umfeld, operationelle oder logistische Unterst\u00fctzung von Streit- oder Sicherheitskr\u00e4ften, private nachrichtendienstliche T\u00e4tigkeiten und Ordnungsdienste.<\/p>\n<h3><strong>Keine Verbote ausgesprochen<\/strong><\/h3>\n<p>Die SEPS hat 2022 zwei Pr\u00fcfverfahren eingeleitet. Verbot wurde keines ausgesprochen, wie es in der Medienmitteilung heisst. Private Sicherheitsdienstleistungen, die zu einer unmittelbaren Teilnahme an Feindseligkeiten oder zu schweren Menschenrechtsverletzungen f\u00fchren k\u00f6nnten, seien 2022 keine festgestellt worden. Solche Aktivit\u00e4ten seien gem\u00e4ss Artikel 8 und 9 BPS verboten.<\/p>\n<p>Laut Bundesrat war das Jahr 2022 zudem stark gepr\u00e4gt durch die Auswirkungen der Revision der Verordnung zum BPS. Aufgrund dieser Revision sei die Zahl der meldepflichtigen Aktivit\u00e4ten stark zur\u00fcckgegangen.<\/p>\n<h3><strong>\u00dcberpr\u00fcfung\u00a0<\/strong><\/h3>\n<p>Laut Mitteilung \u00fcberpr\u00fcfte die Eidgen\u00f6ssische Finanzkontrolle (EFK) Anfang 2022 die Wirksamkeit des BPS und die korrekte Umsetzung des Gesetzes durch die SEPS. Im Rahmen ihrer Pr\u00fcfung sei die EFK zum Schluss gekommen, dass die SEPS angemessene Melde- und Pr\u00fcfverfahren etabliert habe und diese wirksam umgesetzt seien.<\/p>\n<h3><strong>SEPS f\u00fchrt ihre Informations- und Sensibilisierungsarbeit fort<\/strong><\/h3>\n<p>Auf nationaler Ebene haben viele Unternehmen nach wie vor Schwierigkeiten einzusch\u00e4tzen, ob eine geplante T\u00e4tigkeit die neue, pr\u00e4zisere Definition der privaten Sicherheitsdienstleistungen erf\u00fcllt oder ob sie unter die Ausnahmen von der Meldepflicht f\u00e4llt, wie der Bundesrat schreibt. Die SEPS habe 2022 Kontakte zu Unternehmen aufgebaut, die in verschiedenen relevanten Bereichen t\u00e4tig seien, um festzustellen, inwieweit sie vom BPS betroffen sein k\u00f6nnten.<\/p>\n<p>Im Zusammenhang mit dem Ukraine-Krieg war die zust\u00e4ndige Beh\u00f6rde, so der Bundesrat, immer wieder mit diversen Fragestellungen konfrontiert, insbesondere zum Geltungsbereich des BPS und zur Verordnung vom 4. M\u00e4rz 2022 \u00fcber Massnahmen im Zusammenhang mit der Situation in der Ukraine.<\/p>\n<p>Auf internationaler Ebene hat die SEPS an mehreren Veranstaltungen teilgenommen, die sich mit der Regulierung privater Sicherheitsdienste und Fragen des V\u00f6lkerrechts befassten, wie es in der Medienmitteilung heisst. Besonders hervorzuheben sei die Teilnahme der SEPS an der dritten Sitzung der zwischenstaatlichen Arbeitsgruppe des\u00a0Menschenrechtsrates der Vereinten Nationen, die ein internationales Regelwerk zur Regulierung privater Milit\u00e4r- und Sicherheitsunternehmen erarbeiten solle. Ausserdem habe man informelle Kontakte zu einer Reihe von nationalen Regulierungsbeh\u00f6rden aufgebaut, um den zwischenstaatlichen Austausch im Bereich der privaten Sicherheitsdienste zu f\u00f6rdern.<\/p>\n<p>Schliesslich sei die Arbeit der SEPS in der zweiten Jahresh\u00e4lfte 2022 von der Vorbereitung auf die Einsitznahme der Schweiz im UNO-Sicherheitsrat gepr\u00e4gt gewesen. Als Fachstelle f\u00fcr private Sicherheitsdienste im Ausland konnte die zust\u00e4ndige Beh\u00f6rde ihr Wissen bei Arbeiten im Zusammenhang mit klassischen privaten Milit\u00e4r- und Sicherheitsunternehmen einbringen und ihr Fachwissen zu Akteuren wie der Gruppe Wagner zur Verf\u00fcgung stellen, wie es abschliessend heisst.<\/p>\n<p><a href=\"https:\/\/www.newsd.admin.ch\/newsd\/message\/attachments\/79379.pdf\" target=\"_blank\" rel=\"noopener\"><em>Hier geht\u2019s zum T\u00e4tigkeitsbericht<\/em><\/a><\/p>\n<p>&nbsp;<\/p>\n","protected":false},"excerpt":{"rendered":"<p>Die zust\u00e4ndige Stelle f\u00fcr die Umsetzung des Bundesgesetzes \u00fcber die im Ausland erbrachten privaten Sicherheitsdienstleistungen (BPS)\u00a0ist die Sektion Exportkontrolle und private Sicherheitsdienste (SEPS) des Eidgen\u00f6ssischen Departements f\u00fcr ausw\u00e4rtige Angelegenheiten (EDA). Laut bundesr\u00e4tlicher Mitteilung gingen im Jahr 2022 bei der SEPS 95 Meldungen ein. Sie betrafen haupts\u00e4chlich vier Gruppen von T\u00e4tigkeiten: Personenschutz und Bewachung von G\u00fctern [&hellip;]<\/p>\n","protected":false},"author":8,"featured_media":19892,"comment_status":"closed","ping_status":"closed","sticky":false,"template":"","format":"standard","meta":{"_acf_changed":false,"pgc_sgb_lightbox_settings":"","footnotes":""},"categories":[3312],"tags":[103],"class_list":["post-19891","post","type-post","status-publish","format-standard","has-post-thumbnail","hentry","category-sicherheit","tag-private-sicherheitsfirma"],"acf":[],"hkrextid":null,"publication":null,"issue":null,"workflow":null,"startPage":null,"spitzmarke":null,"_posts_by_tag_page_fields":null,"_at_widget":null,"_yoast_wpseo_primary_category":"3312","_yoast_wpseo_focuskw_text_input":null,"_yoast_wpseo_opengraph-image":null,"_yoast_wpseo_opengraph-description":null,"_yoast_wpseo_opengraph-title":null,"enclosure":null,"_yoast_wpseo_twitter-title":null,"_yoast_wpseo_twitter-description":null,"_yoast_wpseo_twitter-image":null,"_wp_old_slug":null,"_yoast_wpseo_title":null,"_yoast_wpseo_canonical":null,"yoast_head":"<!-- This site is optimized with the Yoast SEO plugin v27.4 - https:\/\/yoast.com\/product\/yoast-seo-wordpress\/ -->\n<title>Im Ausland erbrachte private Sicherheitsdienstleistungen - Save<\/title>\n<meta name=\"description\" content=\"Private Sicherheitsdienstleistungen im Ausland: Im Jahr 2022 gingen beim EDA 95 Meldungen von Unternehmen ein.\" \/>\n<meta name=\"robots\" content=\"index, follow, max-snippet:-1, max-image-preview:large, max-video-preview:-1\" \/>\n<link rel=\"canonical\" href=\"https:\/\/news.save.ch\/de\/im-ausland-erbrachte-private-sicherheitsdienstleistungen-2\/\" \/>\n<meta property=\"og:locale\" content=\"de_DE\" \/>\n<meta property=\"og:type\" content=\"article\" \/>\n<meta property=\"og:title\" content=\"Im Ausland erbrachte private Sicherheitsdienstleistungen - Save\" \/>\n<meta property=\"og:description\" content=\"Private Sicherheitsdienstleistungen im Ausland: Im Jahr 2022 gingen beim EDA 95 Meldungen von Unternehmen ein.\" \/>\n<meta property=\"og:url\" content=\"https:\/\/news.save.ch\/de\/im-ausland-erbrachte-private-sicherheitsdienstleistungen-2\/\" \/>\n<meta property=\"og:site_name\" content=\"Save\" \/>\n<meta property=\"article:published_time\" content=\"2023-06-12T07:57:14+00:00\" \/>\n<meta property=\"article:modified_time\" content=\"2023-06-12T07:57:32+00:00\" \/>\n<meta property=\"og:image\" content=\"https:\/\/news.save.ch\/wp-content\/uploads\/2023\/06\/Depositphotos_406614584_S.jpg\" \/>\n\t<meta property=\"og:image:width\" content=\"1000\" \/>\n\t<meta property=\"og:image:height\" content=\"461\" \/>\n\t<meta property=\"og:image:type\" content=\"image\/jpeg\" \/>\n<meta name=\"author\" content=\"Roger Str\u00e4ssle\" \/>\n<meta name=\"twitter:card\" content=\"summary_large_image\" \/>\n<meta name=\"twitter:label1\" content=\"Geschrieben von\" \/>\n\t<meta name=\"twitter:data1\" content=\"Roger Str\u00e4ssle\" \/>\n\t<meta name=\"twitter:label2\" content=\"Gesch\u00e4tzte Lesezeit\" \/>\n\t<meta name=\"twitter:data2\" content=\"3\u00a0Minuten\" \/>\n<script type=\"application\/ld+json\" class=\"yoast-schema-graph\">{\"@context\":\"https:\\\/\\\/schema.org\",\"@graph\":[{\"@type\":\"Article\",\"@id\":\"https:\\\/\\\/news.save.ch\\\/im-ausland-erbrachte-private-sicherheitsdienstleistungen-2\\\/#article\",\"isPartOf\":{\"@id\":\"https:\\\/\\\/news.save.ch\\\/im-ausland-erbrachte-private-sicherheitsdienstleistungen-2\\\/\"},\"author\":{\"name\":\"Roger Str\u00e4ssle\",\"@id\":\"https:\\\/\\\/news.save.ch\\\/de\\\/#\\\/schema\\\/person\\\/d5022db048e0e2b9785c50e5b24da5aa\"},\"headline\":\"Im Ausland erbrachte private Sicherheitsdienstleistungen\",\"datePublished\":\"2023-06-12T07:57:14+00:00\",\"dateModified\":\"2023-06-12T07:57:32+00:00\",\"mainEntityOfPage\":{\"@id\":\"https:\\\/\\\/news.save.ch\\\/im-ausland-erbrachte-private-sicherheitsdienstleistungen-2\\\/\"},\"wordCount\":510,\"publisher\":{\"@id\":\"https:\\\/\\\/news.save.ch\\\/de\\\/#organization\"},\"image\":{\"@id\":\"https:\\\/\\\/news.save.ch\\\/im-ausland-erbrachte-private-sicherheitsdienstleistungen-2\\\/#primaryimage\"},\"thumbnailUrl\":\"https:\\\/\\\/news.save.ch\\\/wp-content\\\/uploads\\\/2023\\\/06\\\/Depositphotos_406614584_S.jpg\",\"keywords\":[\"Private Sicherheitsfirma\"],\"articleSection\":[\"SICHERHEIT\"],\"inLanguage\":\"de\"},{\"@type\":\"WebPage\",\"@id\":\"https:\\\/\\\/news.save.ch\\\/im-ausland-erbrachte-private-sicherheitsdienstleistungen-2\\\/\",\"url\":\"https:\\\/\\\/news.save.ch\\\/im-ausland-erbrachte-private-sicherheitsdienstleistungen-2\\\/\",\"name\":\"Im Ausland erbrachte private Sicherheitsdienstleistungen - Save\",\"isPartOf\":{\"@id\":\"https:\\\/\\\/news.save.ch\\\/de\\\/#website\"},\"primaryImageOfPage\":{\"@id\":\"https:\\\/\\\/news.save.ch\\\/im-ausland-erbrachte-private-sicherheitsdienstleistungen-2\\\/#primaryimage\"},\"image\":{\"@id\":\"https:\\\/\\\/news.save.ch\\\/im-ausland-erbrachte-private-sicherheitsdienstleistungen-2\\\/#primaryimage\"},\"thumbnailUrl\":\"https:\\\/\\\/news.save.ch\\\/wp-content\\\/uploads\\\/2023\\\/06\\\/Depositphotos_406614584_S.jpg\",\"datePublished\":\"2023-06-12T07:57:14+00:00\",\"dateModified\":\"2023-06-12T07:57:32+00:00\",\"description\":\"Private Sicherheitsdienstleistungen im Ausland: Im Jahr 2022 gingen beim EDA 95 Meldungen von Unternehmen ein.\",\"breadcrumb\":{\"@id\":\"https:\\\/\\\/news.save.ch\\\/im-ausland-erbrachte-private-sicherheitsdienstleistungen-2\\\/#breadcrumb\"},\"inLanguage\":\"de\",\"potentialAction\":[{\"@type\":\"ReadAction\",\"target\":[\"https:\\\/\\\/news.save.ch\\\/im-ausland-erbrachte-private-sicherheitsdienstleistungen-2\\\/\"]}]},{\"@type\":\"ImageObject\",\"inLanguage\":\"de\",\"@id\":\"https:\\\/\\\/news.save.ch\\\/im-ausland-erbrachte-private-sicherheitsdienstleistungen-2\\\/#primaryimage\",\"url\":\"https:\\\/\\\/news.save.ch\\\/wp-content\\\/uploads\\\/2023\\\/06\\\/Depositphotos_406614584_S.jpg\",\"contentUrl\":\"https:\\\/\\\/news.save.ch\\\/wp-content\\\/uploads\\\/2023\\\/06\\\/Depositphotos_406614584_S.jpg\",\"width\":1000,\"height\":461,\"caption\":\"Depositphotos, Sharomka\"},{\"@type\":\"BreadcrumbList\",\"@id\":\"https:\\\/\\\/news.save.ch\\\/im-ausland-erbrachte-private-sicherheitsdienstleistungen-2\\\/#breadcrumb\",\"itemListElement\":[{\"@type\":\"ListItem\",\"position\":1,\"name\":\"Home\",\"item\":\"https:\\\/\\\/news.save.ch\\\/de\\\/\"},{\"@type\":\"ListItem\",\"position\":2,\"name\":\"Im Ausland erbrachte private Sicherheitsdienstleistungen\"}]},{\"@type\":\"WebSite\",\"@id\":\"https:\\\/\\\/news.save.ch\\\/de\\\/#website\",\"url\":\"https:\\\/\\\/news.save.ch\\\/de\\\/\",\"name\":\"Save\",\"description\":\"Schweizer Fachzeitschrift f\u00fcr Sicherheit\",\"publisher\":{\"@id\":\"https:\\\/\\\/news.save.ch\\\/de\\\/#organization\"},\"potentialAction\":[{\"@type\":\"SearchAction\",\"target\":{\"@type\":\"EntryPoint\",\"urlTemplate\":\"https:\\\/\\\/news.save.ch\\\/de\\\/?s={search_term_string}\"},\"query-input\":{\"@type\":\"PropertyValueSpecification\",\"valueRequired\":true,\"valueName\":\"search_term_string\"}}],\"inLanguage\":\"de\"},{\"@type\":\"Organization\",\"@id\":\"https:\\\/\\\/news.save.ch\\\/de\\\/#organization\",\"name\":\"Sicherheitsforum\",\"url\":\"https:\\\/\\\/news.save.ch\\\/de\\\/\",\"logo\":{\"@type\":\"ImageObject\",\"inLanguage\":\"de\",\"@id\":\"https:\\\/\\\/news.save.ch\\\/de\\\/#\\\/schema\\\/logo\\\/image\\\/\",\"url\":\"https:\\\/\\\/news.save.ch\\\/wp-content\\\/uploads\\\/2022\\\/06\\\/Logo_SF_2012.png\",\"contentUrl\":\"https:\\\/\\\/news.save.ch\\\/wp-content\\\/uploads\\\/2022\\\/06\\\/Logo_SF_2012.png\",\"width\":1100,\"height\":91,\"caption\":\"Sicherheitsforum\"},\"image\":{\"@id\":\"https:\\\/\\\/news.save.ch\\\/de\\\/#\\\/schema\\\/logo\\\/image\\\/\"}},{\"@type\":\"Person\",\"@id\":\"https:\\\/\\\/news.save.ch\\\/de\\\/#\\\/schema\\\/person\\\/d5022db048e0e2b9785c50e5b24da5aa\",\"name\":\"Roger Str\u00e4ssle\",\"image\":{\"@type\":\"ImageObject\",\"inLanguage\":\"de\",\"@id\":\"https:\\\/\\\/secure.gravatar.com\\\/avatar\\\/862a5569d087de48e5856e32f45d719a03804c891d6deb8d4f71a660e79e4a47?s=96&d=mm&r=g\",\"url\":\"https:\\\/\\\/secure.gravatar.com\\\/avatar\\\/862a5569d087de48e5856e32f45d719a03804c891d6deb8d4f71a660e79e4a47?s=96&d=mm&r=g\",\"contentUrl\":\"https:\\\/\\\/secure.gravatar.com\\\/avatar\\\/862a5569d087de48e5856e32f45d719a03804c891d6deb8d4f71a660e79e4a47?s=96&d=mm&r=g\",\"caption\":\"Roger Str\u00e4ssle\"},\"url\":\"https:\\\/\\\/news.save.ch\\\/de\\\/author\\\/roger-straessle\\\/\"}]}<\/script>\n<!-- \/ Yoast SEO plugin. -->","yoast_head_json":{"title":"Im Ausland erbrachte private Sicherheitsdienstleistungen - Save","description":"Private Sicherheitsdienstleistungen im Ausland: Im Jahr 2022 gingen beim EDA 95 Meldungen von Unternehmen ein.","robots":{"index":"index","follow":"follow","max-snippet":"max-snippet:-1","max-image-preview":"max-image-preview:large","max-video-preview":"max-video-preview:-1"},"canonical":"https:\/\/news.save.ch\/de\/im-ausland-erbrachte-private-sicherheitsdienstleistungen-2\/","og_locale":"de_DE","og_type":"article","og_title":"Im Ausland erbrachte private Sicherheitsdienstleistungen - Save","og_description":"Private Sicherheitsdienstleistungen im Ausland: Im Jahr 2022 gingen beim EDA 95 Meldungen von Unternehmen ein.","og_url":"https:\/\/news.save.ch\/de\/im-ausland-erbrachte-private-sicherheitsdienstleistungen-2\/","og_site_name":"Save","article_published_time":"2023-06-12T07:57:14+00:00","article_modified_time":"2023-06-12T07:57:32+00:00","og_image":[{"width":1000,"height":461,"url":"https:\/\/news.save.ch\/wp-content\/uploads\/2023\/06\/Depositphotos_406614584_S.jpg","type":"image\/jpeg"}],"author":"Roger Str\u00e4ssle","twitter_card":"summary_large_image","twitter_misc":{"Geschrieben von":"Roger Str\u00e4ssle","Gesch\u00e4tzte Lesezeit":"3\u00a0Minuten"},"schema":{"@context":"https:\/\/schema.org","@graph":[{"@type":"Article","@id":"https:\/\/news.save.ch\/im-ausland-erbrachte-private-sicherheitsdienstleistungen-2\/#article","isPartOf":{"@id":"https:\/\/news.save.ch\/im-ausland-erbrachte-private-sicherheitsdienstleistungen-2\/"},"author":{"name":"Roger Str\u00e4ssle","@id":"https:\/\/news.save.ch\/de\/#\/schema\/person\/d5022db048e0e2b9785c50e5b24da5aa"},"headline":"Im Ausland erbrachte private Sicherheitsdienstleistungen","datePublished":"2023-06-12T07:57:14+00:00","dateModified":"2023-06-12T07:57:32+00:00","mainEntityOfPage":{"@id":"https:\/\/news.save.ch\/im-ausland-erbrachte-private-sicherheitsdienstleistungen-2\/"},"wordCount":510,"publisher":{"@id":"https:\/\/news.save.ch\/de\/#organization"},"image":{"@id":"https:\/\/news.save.ch\/im-ausland-erbrachte-private-sicherheitsdienstleistungen-2\/#primaryimage"},"thumbnailUrl":"https:\/\/news.save.ch\/wp-content\/uploads\/2023\/06\/Depositphotos_406614584_S.jpg","keywords":["Private Sicherheitsfirma"],"articleSection":["SICHERHEIT"],"inLanguage":"de"},{"@type":"WebPage","@id":"https:\/\/news.save.ch\/im-ausland-erbrachte-private-sicherheitsdienstleistungen-2\/","url":"https:\/\/news.save.ch\/im-ausland-erbrachte-private-sicherheitsdienstleistungen-2\/","name":"Im Ausland erbrachte private Sicherheitsdienstleistungen - Save","isPartOf":{"@id":"https:\/\/news.save.ch\/de\/#website"},"primaryImageOfPage":{"@id":"https:\/\/news.save.ch\/im-ausland-erbrachte-private-sicherheitsdienstleistungen-2\/#primaryimage"},"image":{"@id":"https:\/\/news.save.ch\/im-ausland-erbrachte-private-sicherheitsdienstleistungen-2\/#primaryimage"},"thumbnailUrl":"https:\/\/news.save.ch\/wp-content\/uploads\/2023\/06\/Depositphotos_406614584_S.jpg","datePublished":"2023-06-12T07:57:14+00:00","dateModified":"2023-06-12T07:57:32+00:00","description":"Private Sicherheitsdienstleistungen im Ausland: Im Jahr 2022 gingen beim EDA 95 Meldungen von Unternehmen ein.","breadcrumb":{"@id":"https:\/\/news.save.ch\/im-ausland-erbrachte-private-sicherheitsdienstleistungen-2\/#breadcrumb"},"inLanguage":"de","potentialAction":[{"@type":"ReadAction","target":["https:\/\/news.save.ch\/im-ausland-erbrachte-private-sicherheitsdienstleistungen-2\/"]}]},{"@type":"ImageObject","inLanguage":"de","@id":"https:\/\/news.save.ch\/im-ausland-erbrachte-private-sicherheitsdienstleistungen-2\/#primaryimage","url":"https:\/\/news.save.ch\/wp-content\/uploads\/2023\/06\/Depositphotos_406614584_S.jpg","contentUrl":"https:\/\/news.save.ch\/wp-content\/uploads\/2023\/06\/Depositphotos_406614584_S.jpg","width":1000,"height":461,"caption":"Depositphotos, Sharomka"},{"@type":"BreadcrumbList","@id":"https:\/\/news.save.ch\/im-ausland-erbrachte-private-sicherheitsdienstleistungen-2\/#breadcrumb","itemListElement":[{"@type":"ListItem","position":1,"name":"Home","item":"https:\/\/news.save.ch\/de\/"},{"@type":"ListItem","position":2,"name":"Im Ausland erbrachte private Sicherheitsdienstleistungen"}]},{"@type":"WebSite","@id":"https:\/\/news.save.ch\/de\/#website","url":"https:\/\/news.save.ch\/de\/","name":"Save","description":"Schweizer Fachzeitschrift f\u00fcr Sicherheit","publisher":{"@id":"https:\/\/news.save.ch\/de\/#organization"},"potentialAction":[{"@type":"SearchAction","target":{"@type":"EntryPoint","urlTemplate":"https:\/\/news.save.ch\/de\/?s={search_term_string}"},"query-input":{"@type":"PropertyValueSpecification","valueRequired":true,"valueName":"search_term_string"}}],"inLanguage":"de"},{"@type":"Organization","@id":"https:\/\/news.save.ch\/de\/#organization","name":"Sicherheitsforum","url":"https:\/\/news.save.ch\/de\/","logo":{"@type":"ImageObject","inLanguage":"de","@id":"https:\/\/news.save.ch\/de\/#\/schema\/logo\/image\/","url":"https:\/\/news.save.ch\/wp-content\/uploads\/2022\/06\/Logo_SF_2012.png","contentUrl":"https:\/\/news.save.ch\/wp-content\/uploads\/2022\/06\/Logo_SF_2012.png","width":1100,"height":91,"caption":"Sicherheitsforum"},"image":{"@id":"https:\/\/news.save.ch\/de\/#\/schema\/logo\/image\/"}},{"@type":"Person","@id":"https:\/\/news.save.ch\/de\/#\/schema\/person\/d5022db048e0e2b9785c50e5b24da5aa","name":"Roger Str\u00e4ssle","image":{"@type":"ImageObject","inLanguage":"de","@id":"https:\/\/secure.gravatar.com\/avatar\/862a5569d087de48e5856e32f45d719a03804c891d6deb8d4f71a660e79e4a47?s=96&d=mm&r=g","url":"https:\/\/secure.gravatar.com\/avatar\/862a5569d087de48e5856e32f45d719a03804c891d6deb8d4f71a660e79e4a47?s=96&d=mm&r=g","contentUrl":"https:\/\/secure.gravatar.com\/avatar\/862a5569d087de48e5856e32f45d719a03804c891d6deb8d4f71a660e79e4a47?s=96&d=mm&r=g","caption":"Roger Str\u00e4ssle"},"url":"https:\/\/news.save.ch\/de\/author\/roger-straessle\/"}]}},"_links":{"self":[{"href":"https:\/\/news.save.ch\/de\/wp-json\/wp\/v2\/posts\/19891","targetHints":{"allow":["GET"]}}],"collection":[{"href":"https:\/\/news.save.ch\/de\/wp-json\/wp\/v2\/posts"}],"about":[{"href":"https:\/\/news.save.ch\/de\/wp-json\/wp\/v2\/types\/post"}],"author":[{"embeddable":true,"href":"https:\/\/news.save.ch\/de\/wp-json\/wp\/v2\/users\/8"}],"replies":[{"embeddable":true,"href":"https:\/\/news.save.ch\/de\/wp-json\/wp\/v2\/comments?post=19891"}],"version-history":[{"count":2,"href":"https:\/\/news.save.ch\/de\/wp-json\/wp\/v2\/posts\/19891\/revisions"}],"predecessor-version":[{"id":19894,"href":"https:\/\/news.save.ch\/de\/wp-json\/wp\/v2\/posts\/19891\/revisions\/19894"}],"wp:featuredmedia":[{"embeddable":true,"href":"https:\/\/news.save.ch\/de\/wp-json\/wp\/v2\/media\/19892"}],"wp:attachment":[{"href":"https:\/\/news.save.ch\/de\/wp-json\/wp\/v2\/media?parent=19891"}],"wp:term":[{"taxonomy":"category","embeddable":true,"href":"https:\/\/news.save.ch\/de\/wp-json\/wp\/v2\/categories?post=19891"},{"taxonomy":"post_tag","embeddable":true,"href":"https:\/\/news.save.ch\/de\/wp-json\/wp\/v2\/tags?post=19891"}],"curies":[{"name":"wp","href":"https:\/\/api.w.org\/{rel}","templated":true}]}}