{"id":19971,"date":"2023-06-13T14:03:01","date_gmt":"2023-06-13T12:03:01","guid":{"rendered":"https:\/\/news.save.ch\/?p=19971"},"modified":"2023-06-13T14:06:06","modified_gmt":"2023-06-13T12:06:06","slug":"bfu-sicherheitsbarometer-deutlich-mehr-verkehrstote","status":null,"type":"post","link":"https:\/\/news.save.ch\/de\/bfu-sicherheitsbarometer-deutlich-mehr-verkehrstote\/","title":{"rendered":"BFU-Sicherheitsbarometer: mehr Verkehrstote &#8211; mehr Engagement n\u00f6tig"},"content":{"rendered":"<figure id=\"attachment_19972\" aria-describedby=\"caption-attachment-19972\" style=\"width: 680px\" class=\"wp-caption aligncenter\"><img loading=\"lazy\" decoding=\"async\" class=\"size-medium wp-image-19972\" src=\"https:\/\/news.save.ch\/wp-content\/uploads\/2023\/06\/Depositphotos_95676866_S-680x454.jpg\" alt=\"Beratungsstelle f\u00fcr Unfallverh\u00fctung\" width=\"680\" height=\"454\" srcset=\"https:\/\/news.save.ch\/wp-content\/uploads\/2023\/06\/Depositphotos_95676866_S-680x454.jpg 680w, https:\/\/news.save.ch\/wp-content\/uploads\/2023\/06\/Depositphotos_95676866_S-768x512.jpg 768w, https:\/\/news.save.ch\/wp-content\/uploads\/2023\/06\/Depositphotos_95676866_S-18x12.jpg 18w, https:\/\/news.save.ch\/wp-content\/uploads\/2023\/06\/Depositphotos_95676866_S-375x250.jpg 375w, https:\/\/news.save.ch\/wp-content\/uploads\/2023\/06\/Depositphotos_95676866_S-525x350.jpg 525w, https:\/\/news.save.ch\/wp-content\/uploads\/2023\/06\/Depositphotos_95676866_S.jpg 1000w\" sizes=\"auto, (max-width: 680px) 100vw, 680px\" \/><figcaption id=\"caption-attachment-19972\" class=\"wp-caption-text\">Durch eine konsequentere Einf\u00fchrung von Tempo 30 lassen sich laut BFU mindestens ein Drittel der schweren Innerortsunf\u00e4lle auf Tempo-50-Strecken verhindern. (Depositphotos, ginasanders)<\/figcaption><\/figure>\n<p>Auf Schweizer Strassen sind im letzten Jahr 241 Menschen ums Leben gekommen, 4002 wurden schwer verletzt. 2022 gab es somit 20% mehr Todesopfer im Strassenverkehr als im Vorjahr und so viele wie seit sieben Jahren nicht mehr. Die Zahl der Schwerverletzten stieg um 2%. <a href=\"https:\/\/www.bfu.ch\/api\/publications\/bfu_2.502.01_Sicherheitsbarometer%202023%20%E2%80%93%20Sicherheitsniveau%20auf%20Schweizer%20Strassen.pdf\">Das\u00a0Sicherheitsbarometer 2023<\/a>\u00a0der BFU zeigt die aktuellen Kennzahlen zur Verkehrssicherheit in der Schweiz und benennt die zentralen Herausforderungen.<\/p>\n<h3><strong>Zahlen lassen aufhorchen<\/strong><\/h3>\n<p>Insgesamt geh\u00f6ren die Schweizer Strassen zu den sichersten in Europa; der Anstieg der schweren Unf\u00e4lle im vergangenen Jahr l\u00e4sst jedoch aufhorchen, wie die BFU betont. Am st\u00e4rksten zugenommen habe die Zahl der t\u00f6dlichen Unf\u00e4lle bei den E-Bike-Lenkenden (von 17 auf 23 Get\u00f6tete) sowie bei den Autoinsassinnen und Autoinsassen (von 65 auf 87). Mit 40 Get\u00f6teten seien auch Fussg\u00e4ngerinnen und Fussg\u00e4nger h\u00e4ufig betroffen. \u00abEntscheidungstr\u00e4gerinnen, Strasseneigent\u00fcmer und Pr\u00e4ventionsakteure haben noch viel Arbeit vor sich\u00bb, sagt BFU-Direktor Stefan Siegrist. Es gelte, den Verkehr in der Schweiz f\u00fcr alle sicherer zu machen. \u00abBesonders innerorts bestehe noch grosser Handlungsbedarf\u00bb, so Siegrist weiter.<\/p>\n<h3><strong>Schwache Verkehrsteilnehmende innerorts sch\u00fctzen<\/strong><\/h3>\n<p>Fast jeder zweite schwere Unfall innerorts betreffe Fussg\u00e4ngerinnen und Fussg\u00e4nger sowie Velofahrende. Das hange nicht zuletzt mit den Kollisionsgeschwindigkeiten zusammen. Durch eine konsequentere Einf\u00fchrung von Tempo 30 w\u00fcrden sich mindestens ein Drittel der schweren Innerortsunf\u00e4lle auf Tempo-50-Strecken verhindern lassen. Die BFU setze sich deshalb f\u00fcr einen Paradigmenwechsel in der Verkehrsplanung ein. Der Fokus d\u00fcrfe nicht ausschliesslich auf Quartierstrassen liegen. Vielmehr m\u00fcssen \u2013 vor allem in st\u00e4dtischen Gebieten und \u00fcberall dort, wo es die Verkehrssicherheit erfordert \u2013 auch Hauptverkehrsachsen einbezogen werden, die vortrittsberechtigt bleiben, wie die Unfallberatungsstelle schreibt.<\/p>\n<p>Auch eine selbsterkl\u00e4rende und fehlerverzeihende Strasseninfrastruktur komme allen Verkehrsteilnehmenden zugute. Zudem sollen laut BFU sicherheitsorientierte Fahrerassistenzsysteme konsequent genutzt werden. So k\u00f6nne beispielsweise der Notbremsassistent gerade innerorts eine zus\u00e4tzliche Sicherheit f\u00fcr die schw\u00e4cheren Verkehrsteilnehmenden darstellen.<\/p>\n<h3><strong>Mehr Engagement f\u00fcr die eigene Sicherheit<\/strong><\/h3>\n<p>Viele Sicherheitsmassnahmen seien heute dank den entsprechenden gesetzlichen Regelungen Standard: Es gurten sich 95% im Auto vorne an und 91% tragen auf dem schnellen E-Bike einen Helm. Potenzial gibt es laut BFU noch im Tragen des Sicherheitsgurts auf dem R\u00fccksitz (88%). Auf dem Velo und langsamen E-Bike sei der Helm noch nicht selbstverst\u00e4ndlich. Ausserdem w\u00fcrden erst 3% auf dem Velo und E-Bike heute bei Tageslicht eine Leuchtweste tragen.<\/p>\n<p><em>Das <a href=\"https:\/\/www.bfu.ch\/api\/publications\/bfu_2.502.01_Sicherheitsbarometer%202023%20%E2%80%93%20Sicherheitsniveau%20auf%20Schweizer%20Strassen.pdf\">Sicherheitsbarometer der BFU<\/a> bewertet seit 2017 j\u00e4hrlich die Verkehrssicherheit in der Schweiz. Die Expertinnen und Experten der BFU beurteilen dazu statistische Ver\u00e4nderungen im Unfallgeschehen. Zudem erhebt die BFU j\u00e4hrlich Sicherheitsindikatoren, etwa zum Verhalten der Verkehrsteilnehmenden. Der Vergleich mit der Verkehrssicherheit in anderen L\u00e4ndern fliesst ebenfalls in die Bewertung ein.<\/em><\/p>\n","protected":false},"excerpt":{"rendered":"<p>Auf Schweizer Strassen sind im letzten Jahr 241 Menschen ums Leben gekommen, 4002 wurden schwer verletzt. 2022 gab es somit 20% mehr Todesopfer im Strassenverkehr als im Vorjahr und so viele wie seit sieben Jahren nicht mehr. Die Zahl der Schwerverletzten stieg um 2%. Das\u00a0Sicherheitsbarometer 2023\u00a0der BFU zeigt die aktuellen Kennzahlen zur Verkehrssicherheit in der [&hellip;]<\/p>\n","protected":false},"author":8,"featured_media":19972,"comment_status":"closed","ping_status":"closed","sticky":false,"template":"","format":"standard","meta":{"_acf_changed":false,"pgc_sgb_lightbox_settings":"","footnotes":""},"categories":[3312],"tags":[327,755],"class_list":["post-19971","post","type-post","status-publish","format-standard","has-post-thumbnail","hentry","category-sicherheit","tag-strassenverkehr","tag-strassenverkehrsunfallstatistik"],"acf":[],"hkrextid":null,"publication":null,"issue":null,"workflow":null,"startPage":null,"spitzmarke":null,"_posts_by_tag_page_fields":null,"_at_widget":null,"_yoast_wpseo_primary_category":"3312","_yoast_wpseo_focuskw_text_input":null,"_yoast_wpseo_opengraph-image":null,"_yoast_wpseo_opengraph-description":null,"_yoast_wpseo_opengraph-title":null,"enclosure":null,"_yoast_wpseo_twitter-title":null,"_yoast_wpseo_twitter-description":null,"_yoast_wpseo_twitter-image":null,"_wp_old_slug":null,"_yoast_wpseo_title":null,"_yoast_wpseo_canonical":null,"yoast_head":"<!-- This site is optimized with the Yoast SEO plugin v27.5 - https:\/\/yoast.com\/product\/yoast-seo-wordpress\/ -->\n<title>BFU-Sicherheitsbarometer: mehr Verkehrstote - mehr Engagement n\u00f6tig - Save<\/title>\n<meta name=\"description\" content=\"Im letzten Jahr haben auf Schweizer Strassen wieder deutlich mehr Menschen ihr Leben verloren als im Jahr davor.\" \/>\n<meta name=\"robots\" content=\"index, follow, max-snippet:-1, max-image-preview:large, max-video-preview:-1\" \/>\n<link rel=\"canonical\" href=\"https:\/\/news.save.ch\/de\/bfu-sicherheitsbarometer-deutlich-mehr-verkehrstote\/\" \/>\n<meta property=\"og:locale\" content=\"de_DE\" \/>\n<meta property=\"og:type\" content=\"article\" \/>\n<meta property=\"og:title\" content=\"BFU-Sicherheitsbarometer: mehr Verkehrstote - mehr Engagement n\u00f6tig - Save\" \/>\n<meta property=\"og:description\" content=\"Im letzten Jahr haben auf Schweizer Strassen wieder deutlich mehr Menschen ihr Leben verloren als im Jahr davor.\" \/>\n<meta property=\"og:url\" content=\"https:\/\/news.save.ch\/de\/bfu-sicherheitsbarometer-deutlich-mehr-verkehrstote\/\" \/>\n<meta property=\"og:site_name\" content=\"Save\" \/>\n<meta property=\"article:published_time\" content=\"2023-06-13T12:03:01+00:00\" \/>\n<meta property=\"article:modified_time\" content=\"2023-06-13T12:06:06+00:00\" \/>\n<meta property=\"og:image\" content=\"https:\/\/news.save.ch\/wp-content\/uploads\/2023\/06\/Depositphotos_95676866_S.jpg\" \/>\n\t<meta property=\"og:image:width\" content=\"1000\" \/>\n\t<meta property=\"og:image:height\" content=\"667\" \/>\n\t<meta property=\"og:image:type\" content=\"image\/jpeg\" \/>\n<meta name=\"author\" content=\"Roger Str\u00e4ssle\" \/>\n<meta name=\"twitter:card\" content=\"summary_large_image\" \/>\n<meta name=\"twitter:label1\" content=\"Geschrieben von\" \/>\n\t<meta name=\"twitter:data1\" content=\"Roger Str\u00e4ssle\" \/>\n\t<meta name=\"twitter:label2\" content=\"Gesch\u00e4tzte Lesezeit\" \/>\n\t<meta name=\"twitter:data2\" content=\"3\u00a0Minuten\" \/>\n<script type=\"application\/ld+json\" class=\"yoast-schema-graph\">{\"@context\":\"https:\\\/\\\/schema.org\",\"@graph\":[{\"@type\":\"Article\",\"@id\":\"https:\\\/\\\/news.save.ch\\\/bfu-sicherheitsbarometer-deutlich-mehr-verkehrstote\\\/#article\",\"isPartOf\":{\"@id\":\"https:\\\/\\\/news.save.ch\\\/bfu-sicherheitsbarometer-deutlich-mehr-verkehrstote\\\/\"},\"author\":{\"name\":\"Roger Str\u00e4ssle\",\"@id\":\"https:\\\/\\\/news.save.ch\\\/de\\\/#\\\/schema\\\/person\\\/d5022db048e0e2b9785c50e5b24da5aa\"},\"headline\":\"BFU-Sicherheitsbarometer: mehr Verkehrstote &#8211; mehr Engagement n\u00f6tig\",\"datePublished\":\"2023-06-13T12:03:01+00:00\",\"dateModified\":\"2023-06-13T12:06:06+00:00\",\"mainEntityOfPage\":{\"@id\":\"https:\\\/\\\/news.save.ch\\\/bfu-sicherheitsbarometer-deutlich-mehr-verkehrstote\\\/\"},\"wordCount\":471,\"publisher\":{\"@id\":\"https:\\\/\\\/news.save.ch\\\/de\\\/#organization\"},\"image\":{\"@id\":\"https:\\\/\\\/news.save.ch\\\/bfu-sicherheitsbarometer-deutlich-mehr-verkehrstote\\\/#primaryimage\"},\"thumbnailUrl\":\"https:\\\/\\\/news.save.ch\\\/wp-content\\\/uploads\\\/2023\\\/06\\\/Depositphotos_95676866_S.jpg\",\"keywords\":[\"Strassenverkehr\",\"Strassenverkehrsunfallstatistik\"],\"articleSection\":[\"SICHERHEIT\"],\"inLanguage\":\"de\"},{\"@type\":\"WebPage\",\"@id\":\"https:\\\/\\\/news.save.ch\\\/bfu-sicherheitsbarometer-deutlich-mehr-verkehrstote\\\/\",\"url\":\"https:\\\/\\\/news.save.ch\\\/bfu-sicherheitsbarometer-deutlich-mehr-verkehrstote\\\/\",\"name\":\"BFU-Sicherheitsbarometer: mehr Verkehrstote - mehr Engagement n\u00f6tig - Save\",\"isPartOf\":{\"@id\":\"https:\\\/\\\/news.save.ch\\\/de\\\/#website\"},\"primaryImageOfPage\":{\"@id\":\"https:\\\/\\\/news.save.ch\\\/bfu-sicherheitsbarometer-deutlich-mehr-verkehrstote\\\/#primaryimage\"},\"image\":{\"@id\":\"https:\\\/\\\/news.save.ch\\\/bfu-sicherheitsbarometer-deutlich-mehr-verkehrstote\\\/#primaryimage\"},\"thumbnailUrl\":\"https:\\\/\\\/news.save.ch\\\/wp-content\\\/uploads\\\/2023\\\/06\\\/Depositphotos_95676866_S.jpg\",\"datePublished\":\"2023-06-13T12:03:01+00:00\",\"dateModified\":\"2023-06-13T12:06:06+00:00\",\"description\":\"Im letzten Jahr haben auf Schweizer Strassen wieder deutlich mehr Menschen ihr Leben verloren als im Jahr davor.\",\"breadcrumb\":{\"@id\":\"https:\\\/\\\/news.save.ch\\\/bfu-sicherheitsbarometer-deutlich-mehr-verkehrstote\\\/#breadcrumb\"},\"inLanguage\":\"de\",\"potentialAction\":[{\"@type\":\"ReadAction\",\"target\":[\"https:\\\/\\\/news.save.ch\\\/bfu-sicherheitsbarometer-deutlich-mehr-verkehrstote\\\/\"]}]},{\"@type\":\"ImageObject\",\"inLanguage\":\"de\",\"@id\":\"https:\\\/\\\/news.save.ch\\\/bfu-sicherheitsbarometer-deutlich-mehr-verkehrstote\\\/#primaryimage\",\"url\":\"https:\\\/\\\/news.save.ch\\\/wp-content\\\/uploads\\\/2023\\\/06\\\/Depositphotos_95676866_S.jpg\",\"contentUrl\":\"https:\\\/\\\/news.save.ch\\\/wp-content\\\/uploads\\\/2023\\\/06\\\/Depositphotos_95676866_S.jpg\",\"width\":1000,\"height\":667,\"caption\":\"Durch eine konsequentere Einf\u00fchrung von Tempo 30 w\u00fcrden sich mindestens ein Drittel der schweren Innerortsunf\u00e4lle auf Tempo-50-Strecken verhindern. (Depositphotos, ginasanders)\"},{\"@type\":\"BreadcrumbList\",\"@id\":\"https:\\\/\\\/news.save.ch\\\/bfu-sicherheitsbarometer-deutlich-mehr-verkehrstote\\\/#breadcrumb\",\"itemListElement\":[{\"@type\":\"ListItem\",\"position\":1,\"name\":\"Home\",\"item\":\"https:\\\/\\\/news.save.ch\\\/de\\\/\"},{\"@type\":\"ListItem\",\"position\":2,\"name\":\"BFU-Sicherheitsbarometer: mehr Verkehrstote &#8211; mehr Engagement n\u00f6tig\"}]},{\"@type\":\"WebSite\",\"@id\":\"https:\\\/\\\/news.save.ch\\\/de\\\/#website\",\"url\":\"https:\\\/\\\/news.save.ch\\\/de\\\/\",\"name\":\"Save\",\"description\":\"Schweizer Fachzeitschrift f\u00fcr Sicherheit\",\"publisher\":{\"@id\":\"https:\\\/\\\/news.save.ch\\\/de\\\/#organization\"},\"potentialAction\":[{\"@type\":\"SearchAction\",\"target\":{\"@type\":\"EntryPoint\",\"urlTemplate\":\"https:\\\/\\\/news.save.ch\\\/de\\\/?s={search_term_string}\"},\"query-input\":{\"@type\":\"PropertyValueSpecification\",\"valueRequired\":true,\"valueName\":\"search_term_string\"}}],\"inLanguage\":\"de\"},{\"@type\":\"Organization\",\"@id\":\"https:\\\/\\\/news.save.ch\\\/de\\\/#organization\",\"name\":\"Sicherheitsforum\",\"url\":\"https:\\\/\\\/news.save.ch\\\/de\\\/\",\"logo\":{\"@type\":\"ImageObject\",\"inLanguage\":\"de\",\"@id\":\"https:\\\/\\\/news.save.ch\\\/de\\\/#\\\/schema\\\/logo\\\/image\\\/\",\"url\":\"https:\\\/\\\/news.save.ch\\\/wp-content\\\/uploads\\\/2022\\\/06\\\/Logo_SF_2012.png\",\"contentUrl\":\"https:\\\/\\\/news.save.ch\\\/wp-content\\\/uploads\\\/2022\\\/06\\\/Logo_SF_2012.png\",\"width\":1100,\"height\":91,\"caption\":\"Sicherheitsforum\"},\"image\":{\"@id\":\"https:\\\/\\\/news.save.ch\\\/de\\\/#\\\/schema\\\/logo\\\/image\\\/\"}},{\"@type\":\"Person\",\"@id\":\"https:\\\/\\\/news.save.ch\\\/de\\\/#\\\/schema\\\/person\\\/d5022db048e0e2b9785c50e5b24da5aa\",\"name\":\"Roger Str\u00e4ssle\",\"image\":{\"@type\":\"ImageObject\",\"inLanguage\":\"de\",\"@id\":\"https:\\\/\\\/secure.gravatar.com\\\/avatar\\\/862a5569d087de48e5856e32f45d719a03804c891d6deb8d4f71a660e79e4a47?s=96&d=mm&r=g\",\"url\":\"https:\\\/\\\/secure.gravatar.com\\\/avatar\\\/862a5569d087de48e5856e32f45d719a03804c891d6deb8d4f71a660e79e4a47?s=96&d=mm&r=g\",\"contentUrl\":\"https:\\\/\\\/secure.gravatar.com\\\/avatar\\\/862a5569d087de48e5856e32f45d719a03804c891d6deb8d4f71a660e79e4a47?s=96&d=mm&r=g\",\"caption\":\"Roger Str\u00e4ssle\"},\"url\":\"https:\\\/\\\/news.save.ch\\\/de\\\/author\\\/roger-straessle\\\/\"}]}<\/script>\n<!-- \/ Yoast SEO plugin. -->","yoast_head_json":{"title":"BFU-Sicherheitsbarometer: mehr Verkehrstote - mehr Engagement n\u00f6tig - Save","description":"Im letzten Jahr haben auf Schweizer Strassen wieder deutlich mehr Menschen ihr Leben verloren als im Jahr davor.","robots":{"index":"index","follow":"follow","max-snippet":"max-snippet:-1","max-image-preview":"max-image-preview:large","max-video-preview":"max-video-preview:-1"},"canonical":"https:\/\/news.save.ch\/de\/bfu-sicherheitsbarometer-deutlich-mehr-verkehrstote\/","og_locale":"de_DE","og_type":"article","og_title":"BFU-Sicherheitsbarometer: mehr Verkehrstote - mehr Engagement n\u00f6tig - Save","og_description":"Im letzten Jahr haben auf Schweizer Strassen wieder deutlich mehr Menschen ihr Leben verloren als im Jahr davor.","og_url":"https:\/\/news.save.ch\/de\/bfu-sicherheitsbarometer-deutlich-mehr-verkehrstote\/","og_site_name":"Save","article_published_time":"2023-06-13T12:03:01+00:00","article_modified_time":"2023-06-13T12:06:06+00:00","og_image":[{"width":1000,"height":667,"url":"https:\/\/news.save.ch\/wp-content\/uploads\/2023\/06\/Depositphotos_95676866_S.jpg","type":"image\/jpeg"}],"author":"Roger Str\u00e4ssle","twitter_card":"summary_large_image","twitter_misc":{"Geschrieben von":"Roger Str\u00e4ssle","Gesch\u00e4tzte Lesezeit":"3\u00a0Minuten"},"schema":{"@context":"https:\/\/schema.org","@graph":[{"@type":"Article","@id":"https:\/\/news.save.ch\/bfu-sicherheitsbarometer-deutlich-mehr-verkehrstote\/#article","isPartOf":{"@id":"https:\/\/news.save.ch\/bfu-sicherheitsbarometer-deutlich-mehr-verkehrstote\/"},"author":{"name":"Roger Str\u00e4ssle","@id":"https:\/\/news.save.ch\/de\/#\/schema\/person\/d5022db048e0e2b9785c50e5b24da5aa"},"headline":"BFU-Sicherheitsbarometer: mehr Verkehrstote &#8211; mehr Engagement n\u00f6tig","datePublished":"2023-06-13T12:03:01+00:00","dateModified":"2023-06-13T12:06:06+00:00","mainEntityOfPage":{"@id":"https:\/\/news.save.ch\/bfu-sicherheitsbarometer-deutlich-mehr-verkehrstote\/"},"wordCount":471,"publisher":{"@id":"https:\/\/news.save.ch\/de\/#organization"},"image":{"@id":"https:\/\/news.save.ch\/bfu-sicherheitsbarometer-deutlich-mehr-verkehrstote\/#primaryimage"},"thumbnailUrl":"https:\/\/news.save.ch\/wp-content\/uploads\/2023\/06\/Depositphotos_95676866_S.jpg","keywords":["Strassenverkehr","Strassenverkehrsunfallstatistik"],"articleSection":["SICHERHEIT"],"inLanguage":"de"},{"@type":"WebPage","@id":"https:\/\/news.save.ch\/bfu-sicherheitsbarometer-deutlich-mehr-verkehrstote\/","url":"https:\/\/news.save.ch\/bfu-sicherheitsbarometer-deutlich-mehr-verkehrstote\/","name":"BFU-Sicherheitsbarometer: mehr Verkehrstote - mehr Engagement n\u00f6tig - Save","isPartOf":{"@id":"https:\/\/news.save.ch\/de\/#website"},"primaryImageOfPage":{"@id":"https:\/\/news.save.ch\/bfu-sicherheitsbarometer-deutlich-mehr-verkehrstote\/#primaryimage"},"image":{"@id":"https:\/\/news.save.ch\/bfu-sicherheitsbarometer-deutlich-mehr-verkehrstote\/#primaryimage"},"thumbnailUrl":"https:\/\/news.save.ch\/wp-content\/uploads\/2023\/06\/Depositphotos_95676866_S.jpg","datePublished":"2023-06-13T12:03:01+00:00","dateModified":"2023-06-13T12:06:06+00:00","description":"Im letzten Jahr haben auf Schweizer Strassen wieder deutlich mehr Menschen ihr Leben verloren als im Jahr davor.","breadcrumb":{"@id":"https:\/\/news.save.ch\/bfu-sicherheitsbarometer-deutlich-mehr-verkehrstote\/#breadcrumb"},"inLanguage":"de","potentialAction":[{"@type":"ReadAction","target":["https:\/\/news.save.ch\/bfu-sicherheitsbarometer-deutlich-mehr-verkehrstote\/"]}]},{"@type":"ImageObject","inLanguage":"de","@id":"https:\/\/news.save.ch\/bfu-sicherheitsbarometer-deutlich-mehr-verkehrstote\/#primaryimage","url":"https:\/\/news.save.ch\/wp-content\/uploads\/2023\/06\/Depositphotos_95676866_S.jpg","contentUrl":"https:\/\/news.save.ch\/wp-content\/uploads\/2023\/06\/Depositphotos_95676866_S.jpg","width":1000,"height":667,"caption":"Durch eine konsequentere Einf\u00fchrung von Tempo 30 w\u00fcrden sich mindestens ein Drittel der schweren Innerortsunf\u00e4lle auf Tempo-50-Strecken verhindern. (Depositphotos, ginasanders)"},{"@type":"BreadcrumbList","@id":"https:\/\/news.save.ch\/bfu-sicherheitsbarometer-deutlich-mehr-verkehrstote\/#breadcrumb","itemListElement":[{"@type":"ListItem","position":1,"name":"Home","item":"https:\/\/news.save.ch\/de\/"},{"@type":"ListItem","position":2,"name":"BFU-Sicherheitsbarometer: mehr Verkehrstote &#8211; mehr Engagement n\u00f6tig"}]},{"@type":"WebSite","@id":"https:\/\/news.save.ch\/de\/#website","url":"https:\/\/news.save.ch\/de\/","name":"Save","description":"Schweizer Fachzeitschrift f\u00fcr Sicherheit","publisher":{"@id":"https:\/\/news.save.ch\/de\/#organization"},"potentialAction":[{"@type":"SearchAction","target":{"@type":"EntryPoint","urlTemplate":"https:\/\/news.save.ch\/de\/?s={search_term_string}"},"query-input":{"@type":"PropertyValueSpecification","valueRequired":true,"valueName":"search_term_string"}}],"inLanguage":"de"},{"@type":"Organization","@id":"https:\/\/news.save.ch\/de\/#organization","name":"Sicherheitsforum","url":"https:\/\/news.save.ch\/de\/","logo":{"@type":"ImageObject","inLanguage":"de","@id":"https:\/\/news.save.ch\/de\/#\/schema\/logo\/image\/","url":"https:\/\/news.save.ch\/wp-content\/uploads\/2022\/06\/Logo_SF_2012.png","contentUrl":"https:\/\/news.save.ch\/wp-content\/uploads\/2022\/06\/Logo_SF_2012.png","width":1100,"height":91,"caption":"Sicherheitsforum"},"image":{"@id":"https:\/\/news.save.ch\/de\/#\/schema\/logo\/image\/"}},{"@type":"Person","@id":"https:\/\/news.save.ch\/de\/#\/schema\/person\/d5022db048e0e2b9785c50e5b24da5aa","name":"Roger Str\u00e4ssle","image":{"@type":"ImageObject","inLanguage":"de","@id":"https:\/\/secure.gravatar.com\/avatar\/862a5569d087de48e5856e32f45d719a03804c891d6deb8d4f71a660e79e4a47?s=96&d=mm&r=g","url":"https:\/\/secure.gravatar.com\/avatar\/862a5569d087de48e5856e32f45d719a03804c891d6deb8d4f71a660e79e4a47?s=96&d=mm&r=g","contentUrl":"https:\/\/secure.gravatar.com\/avatar\/862a5569d087de48e5856e32f45d719a03804c891d6deb8d4f71a660e79e4a47?s=96&d=mm&r=g","caption":"Roger Str\u00e4ssle"},"url":"https:\/\/news.save.ch\/de\/author\/roger-straessle\/"}]}},"_links":{"self":[{"href":"https:\/\/news.save.ch\/de\/wp-json\/wp\/v2\/posts\/19971","targetHints":{"allow":["GET"]}}],"collection":[{"href":"https:\/\/news.save.ch\/de\/wp-json\/wp\/v2\/posts"}],"about":[{"href":"https:\/\/news.save.ch\/de\/wp-json\/wp\/v2\/types\/post"}],"author":[{"embeddable":true,"href":"https:\/\/news.save.ch\/de\/wp-json\/wp\/v2\/users\/8"}],"replies":[{"embeddable":true,"href":"https:\/\/news.save.ch\/de\/wp-json\/wp\/v2\/comments?post=19971"}],"version-history":[{"count":4,"href":"https:\/\/news.save.ch\/de\/wp-json\/wp\/v2\/posts\/19971\/revisions"}],"predecessor-version":[{"id":19977,"href":"https:\/\/news.save.ch\/de\/wp-json\/wp\/v2\/posts\/19971\/revisions\/19977"}],"wp:featuredmedia":[{"embeddable":true,"href":"https:\/\/news.save.ch\/de\/wp-json\/wp\/v2\/media\/19972"}],"wp:attachment":[{"href":"https:\/\/news.save.ch\/de\/wp-json\/wp\/v2\/media?parent=19971"}],"wp:term":[{"taxonomy":"category","embeddable":true,"href":"https:\/\/news.save.ch\/de\/wp-json\/wp\/v2\/categories?post=19971"},{"taxonomy":"post_tag","embeddable":true,"href":"https:\/\/news.save.ch\/de\/wp-json\/wp\/v2\/tags?post=19971"}],"curies":[{"name":"wp","href":"https:\/\/api.w.org\/{rel}","templated":true}]}}