{"id":19989,"date":"2023-07-16T06:16:10","date_gmt":"2023-07-16T04:16:10","guid":{"rendered":"https:\/\/news.save.ch\/?p=19989"},"modified":"2023-07-04T10:54:07","modified_gmt":"2023-07-04T08:54:07","slug":"schluss-mit-den-backup-mythen","status":null,"type":"post","link":"https:\/\/news.save.ch\/de\/schluss-mit-den-backup-mythen\/","title":{"rendered":"Schluss mit den Backup-Mythen"},"content":{"rendered":"<figure id=\"attachment_19990\" aria-describedby=\"caption-attachment-19990\" style=\"width: 680px\" class=\"wp-caption aligncenter\"><img loading=\"lazy\" decoding=\"async\" class=\"size-medium wp-image-19990\" src=\"https:\/\/news.save.ch\/wp-content\/uploads\/2023\/06\/Depositphotos_132717626_S-680x494.jpg\" alt=\"\" width=\"680\" height=\"494\" srcset=\"https:\/\/news.save.ch\/wp-content\/uploads\/2023\/06\/Depositphotos_132717626_S-680x494.jpg 680w, https:\/\/news.save.ch\/wp-content\/uploads\/2023\/06\/Depositphotos_132717626_S-768x558.jpg 768w, https:\/\/news.save.ch\/wp-content\/uploads\/2023\/06\/Depositphotos_132717626_S-18x12.jpg 18w, https:\/\/news.save.ch\/wp-content\/uploads\/2023\/06\/Depositphotos_132717626_S-375x273.jpg 375w, https:\/\/news.save.ch\/wp-content\/uploads\/2023\/06\/Depositphotos_132717626_S-481x350.jpg 481w, https:\/\/news.save.ch\/wp-content\/uploads\/2023\/06\/Depositphotos_132717626_S.jpg 1000w\" sizes=\"auto, (max-width: 680px) 100vw, 680px\" \/><figcaption id=\"caption-attachment-19990\" class=\"wp-caption-text\">Depoitphotos, Rawpixel<\/figcaption><\/figure>\n<p>Die auf Datenschutz spezialisierte Eperi GmbH r\u00e4umt mit Fehleinsch\u00e4tzungen zum Thema Datensicherung auf. Sechs Backup-Mythen:<\/p>\n<h3><strong>1. Daten m\u00fcssen nur gesichert werden, um sie im Katastrophenfall wiederherstellen zu k\u00f6nnen<\/strong><\/h3>\n<p>Dieser Mythos wird tagt\u00e4glich widerlegt. Der Verlust von Daten geh\u00f6rt inzwischen zum Alltag der Unternehmen und es muss keineswegs zwingend eine Katastrophe, wie etwa ein Hochwasser, ein Feuer oder ein Ransomware-Angriff sein, damit Daten verloren gehen. Viel h\u00e4ufiger werden Daten aus Unachtsamkeit oder aufgrund technischer Probleme besch\u00e4digt oder gel\u00f6scht. Und ein solcher Datenverlust betrifft auch nicht zwingend nur den Server, sondern vielfach auch die Endger\u00e4te der Mitarbeitenden. Grunds\u00e4tzlich jedoch gilt, dass die Ursache f\u00fcr den Datenverlust zweitrangig ist. Wichtig ist ausschlie\u00dflich, dass eine topaktuelle Sicherheitskopie s\u00e4mtlicher Daten vorhanden ist, damit diese wiederhergestellt und m\u00f6glichst unterbrechungsfrei weitergearbeitet werden kann.<\/p>\n<h3><strong>2. Der Cloud-Anbieter ist f\u00fcr die Sicherheit der Daten im Cloud-Backup verantwortlich<\/strong><\/h3>\n<p>Auch dieser Irrglaube ist weitverbreitet und sorgt daf\u00fcr, dass Cyberkriminelle oft ein leichtes Spiel haben. Fakt ist, dass die Verantwortung f\u00fcr die Sicherheit und den Schutz der Daten ausschlie\u00dflich beim Cloud-Nutzer, sprich dem Unternehmen, liegt. Vielfach herrscht Unwissenheit dar\u00fcber, welche Schutzma\u00dfnahmen von Cloud-Anbietern \u00fcberhaupt bereitgestellt werden. Zumeist gehen die Cloud-Nutzer davon aus, dass die Datensicherheit und der Datenschutz ausschlie\u00dflich Sache des Cloud-Anbieters sind, was zu einem falschen Sicherheitsempfinden f\u00fchrt. Denn tats\u00e4chlich ist es einzig und allein die Pflicht des Nutzers sicherzustellen, dass seine Daten ad\u00e4quat gesch\u00fctzt sind. Erschreckend ist, dass bei einer Befragung unter deutschen F\u00fchrungskr\u00e4ften herauskam, dass 58 Prozent davon ausgehen, dass der Cloud-Anbieter die Infrastruktur, Anwendungen und Daten in der Cloud-Umgebung sch\u00fctzt.<\/p>\n<h3><strong>3. Es gibt keinen Unterschied zwischen Datensicherung und -Wiederherstellung\u00a0<\/strong><\/h3>\n<p>Diese Einsch\u00e4tzung ist falsch, denn beide \u2013 sowohl die Datensicherung als auch deren Wiederherstellung &#8211; sind f\u00fcr die Gesch\u00e4ftskontinuit\u00e4t von Bedeutung. Dennoch gibt es Unterschiede: Bei der Datensicherung stehen der Schutz und die sichere Aufbewahrung der Daten im Vordergrund. Im Gegensatz dazu geht es bei der Datenwiederherstellung darum, m\u00f6glichst schnell gesicherte Daten abzurufen und auf Systemen wiederherstellen zu k\u00f6nnen.\u00a0 Folglich ist sowohl eine zuverl\u00e4ssige Datensicherung als auch die schnelle Datenwiederherstellung entscheidend f\u00fcr die Gesch\u00e4ftskontinuit\u00e4t eines Unternehmens.<\/p>\n<h3><strong>4. Ein w\u00f6chentlicher Backup-Rhythmus ist ausreichend<\/strong><\/h3>\n<p>Einen solchen Rhythmus kann man verfolgen, allerdings ist es dann mit der Datensicherheit nicht weit her. Fakt ist, dass in der Zeit zwischen der letzten Erstellung des Backups und dem Verlust der Daten viel passieren kann. Deshalb gilt: Je k\u00fcrzer die Abst\u00e4nde zwischen den Backups sind, desto geringer ist der potenzielle Datenverlust im Ernstfall. Der k\u00fcrzeste Backup-Rhythmus ist das sofortige Backup bei jeder noch so kleinen Datenver\u00e4nderung \u2013 das \u201ekontinuierliche Backup\u201c. Nur durch eine permanente und konsequente Datensicherung in kurzen Intervallen k\u00f6nnen lange Produktionsausf\u00e4lle, gro\u00dfe Imagesch\u00e4den und vieles mehr vermieden werden. Zum Gl\u00fcck scheint sich dieser Gefahr schon ein Grossteil der Unternehmen bewusst zu sein. Laut einer Umfrage unter 3000 IT-Entscheidern planen 57 Prozent bis Ende des Jahres konkrete Massnahmen, um eine moderne Datensicherung zu gew\u00e4hrleisten.<\/p>\n<h3><strong>5. Backup-as-a-Service ist unsicherer als eine on-premise Datensicherung im Rechenzentrum<\/strong><\/h3>\n<p>Das Gegenteil ist der Fall: Mit der Cloud als Ziel f\u00fcr verteilte Datenablagen ist das Risiko eines Datenverlustes geringer als bei einer ausschlie\u00dflichen on-premise Sicherung. Deshalb ist es wichtig, die Cloud in eine skalierbare und agile Backup-Strategie zu integrieren. In einer datengetriebenen Welt bringen wachsende Datenmengen auch neue Anforderung an die Datensicherung mit sich und Backup-as-a-Service ist dabei das f\u00fchrende Zukunftsmodell. Durch die Georedundanz liegt das Backup geographisch an einem anderen Ort, was automatisch das Risiko verringert, dass Daten durch unvorhergesehene Ereignisse wie Naturkatastrophen, technische Defekte oder menschliche Fehler verloren gehen. Ausserdem verf\u00fcgen Back-up-as-a-Service-L\u00f6sungen \u00fcber moderne Verschl\u00fcsselungstechnologien, so dass die Daten auch dann gesch\u00fctzt sind, falls ein Backup in die falschen H\u00e4nde geraten sollte.<\/p>\n<h3><strong>6. Die native Verschl\u00fcsselung eines Cloud-Backup-Anbieters ist ausreichend<\/strong><\/h3>\n<p>Nein, nur mit einer starken Verschl\u00fcsselung, die vor der \u00dcbertragung in die Cloud greift, sind Daten wirklich sicher. Anderenfalls hat der Backup-Anbieter Zugriff auf Klartextdaten und das sollte vermieden werden. Wichtig ist an dieser Stelle zu kl\u00e4ren, unter welchen Umst\u00e4nden \u00f6ffentliche Beh\u00f6rden aus Drittl\u00e4ndern Zugriff auf personenbezogene Daten von EU-Unternehmen erhalten d\u00fcrfen. Um diesen Konflikt zu vermeiden, setzen viele US-Cloud-Anbieter auf EU-Tochterunternehmen, welche die Daten dann in der EU speichern. Aber auch mit diesem Konstrukt l\u00e4sst sich nicht verhindern, dass ein Tochterunternehmen auf Druck einer amerikanischen Muttergesellschaft EU-Daten auch f\u00fcr US-Beh\u00f6rden freigibt. Problematisch ist zudem, dass EU-B\u00fcrger nicht das Recht haben, der Datenverarbeitung zu widersprechen &#8211; sprich es k\u00f6nnen keine Betroffenenrechte wahrgenommen werden, wie bei der DSGVO. Sensible Daten sollten deshalb unbedingt vor dem Transfer in die Cloud verschl\u00fcsselt werden und personenbezogene Daten sollten es auch w\u00e4hrend der Verarbeitung und Speicherung \u00fcber die Landesgrenze hinweg bleiben.<\/p>\n<p>Wie sich zeigt, sind die modernen Backup-M\u00f6glichkeiten nicht nur besser als ihr Ruf, sondern ihre Nutzung ist l\u00e4ngst \u00fcberf\u00e4llig. Umso wichtiger ist es, sich von alten Vorstellungen \u2013 um nicht zu sagen Vorurteilen \u2013 zu trennen und beherzt auf moderne Technologien zu setzen.<\/p>\n<p><em>Pressetext <a href=\"http:\/\/www.eperi.com\">Eperi GmbH<\/a><\/em><\/p>\n","protected":false},"excerpt":{"rendered":"<p>Die auf Datenschutz spezialisierte Eperi GmbH r\u00e4umt mit Fehleinsch\u00e4tzungen zum Thema Datensicherung auf. Sechs Backup-Mythen: 1. Daten m\u00fcssen nur gesichert werden, um sie im Katastrophenfall wiederherstellen zu k\u00f6nnen Dieser Mythos wird tagt\u00e4glich widerlegt. Der Verlust von Daten geh\u00f6rt inzwischen zum Alltag der Unternehmen und es muss keineswegs zwingend eine Katastrophe, wie etwa ein Hochwasser, ein [&hellip;]<\/p>\n","protected":false},"author":8,"featured_media":19990,"comment_status":"closed","ping_status":"closed","sticky":false,"template":"","format":"standard","meta":{"_acf_changed":false,"pgc_sgb_lightbox_settings":"","footnotes":""},"categories":[3313],"tags":[777],"class_list":["post-19989","post","type-post","status-publish","format-standard","has-post-thumbnail","hentry","category-digitalisierung","tag-backup"],"acf":[],"hkrextid":null,"publication":null,"issue":null,"workflow":null,"startPage":null,"spitzmarke":null,"_posts_by_tag_page_fields":null,"_at_widget":null,"_yoast_wpseo_primary_category":"3313","_yoast_wpseo_focuskw_text_input":null,"_yoast_wpseo_opengraph-image":null,"_yoast_wpseo_opengraph-description":null,"_yoast_wpseo_opengraph-title":null,"enclosure":null,"_yoast_wpseo_twitter-title":null,"_yoast_wpseo_twitter-description":null,"_yoast_wpseo_twitter-image":null,"_wp_old_slug":null,"_yoast_wpseo_title":null,"_yoast_wpseo_canonical":null,"yoast_head":"<!-- This site is optimized with the Yoast SEO plugin v27.5 - https:\/\/yoast.com\/product\/yoast-seo-wordpress\/ -->\n<title>Schluss mit den Backup-Mythen - Save<\/title>\n<meta name=\"description\" content=\"Die zuverl\u00e4ssige Datensicherung und -wiederherstellung wird immer wichtiger. Deshalb gilt es mit ein paar weitverbreitete Backup-Mythen aufzur\u00e4umen.\" \/>\n<meta name=\"robots\" content=\"index, follow, max-snippet:-1, max-image-preview:large, max-video-preview:-1\" \/>\n<link rel=\"canonical\" href=\"https:\/\/news.save.ch\/de\/schluss-mit-den-backup-mythen\/\" \/>\n<meta property=\"og:locale\" content=\"de_DE\" \/>\n<meta property=\"og:type\" content=\"article\" \/>\n<meta property=\"og:title\" content=\"Schluss mit den Backup-Mythen - Save\" \/>\n<meta property=\"og:description\" content=\"Die zuverl\u00e4ssige Datensicherung und -wiederherstellung wird immer wichtiger. Deshalb gilt es mit ein paar weitverbreitete Backup-Mythen aufzur\u00e4umen.\" \/>\n<meta property=\"og:url\" content=\"https:\/\/news.save.ch\/de\/schluss-mit-den-backup-mythen\/\" \/>\n<meta property=\"og:site_name\" content=\"Save\" \/>\n<meta property=\"article:published_time\" content=\"2023-07-16T04:16:10+00:00\" \/>\n<meta property=\"og:image\" content=\"https:\/\/news.save.ch\/wp-content\/uploads\/2023\/06\/Depositphotos_132717626_S.jpg\" \/>\n\t<meta property=\"og:image:width\" content=\"1000\" \/>\n\t<meta property=\"og:image:height\" content=\"727\" \/>\n\t<meta property=\"og:image:type\" content=\"image\/jpeg\" \/>\n<meta name=\"author\" content=\"Roger Str\u00e4ssle\" \/>\n<meta name=\"twitter:card\" content=\"summary_large_image\" \/>\n<meta name=\"twitter:label1\" content=\"Geschrieben von\" \/>\n\t<meta name=\"twitter:data1\" content=\"Roger Str\u00e4ssle\" \/>\n\t<meta name=\"twitter:label2\" content=\"Gesch\u00e4tzte Lesezeit\" \/>\n\t<meta name=\"twitter:data2\" content=\"5\u00a0Minuten\" \/>\n<script type=\"application\/ld+json\" class=\"yoast-schema-graph\">{\"@context\":\"https:\\\/\\\/schema.org\",\"@graph\":[{\"@type\":\"Article\",\"@id\":\"https:\\\/\\\/news.save.ch\\\/schluss-mit-den-backup-mythen\\\/#article\",\"isPartOf\":{\"@id\":\"https:\\\/\\\/news.save.ch\\\/schluss-mit-den-backup-mythen\\\/\"},\"author\":{\"name\":\"Roger Str\u00e4ssle\",\"@id\":\"https:\\\/\\\/news.save.ch\\\/de\\\/#\\\/schema\\\/person\\\/d5022db048e0e2b9785c50e5b24da5aa\"},\"headline\":\"Schluss mit den Backup-Mythen\",\"datePublished\":\"2023-07-16T04:16:10+00:00\",\"mainEntityOfPage\":{\"@id\":\"https:\\\/\\\/news.save.ch\\\/schluss-mit-den-backup-mythen\\\/\"},\"wordCount\":868,\"publisher\":{\"@id\":\"https:\\\/\\\/news.save.ch\\\/de\\\/#organization\"},\"image\":{\"@id\":\"https:\\\/\\\/news.save.ch\\\/schluss-mit-den-backup-mythen\\\/#primaryimage\"},\"thumbnailUrl\":\"https:\\\/\\\/news.save.ch\\\/wp-content\\\/uploads\\\/2023\\\/06\\\/Depositphotos_132717626_S.jpg\",\"keywords\":[\"Backup\"],\"articleSection\":[\"DIGITALISIERUNG\"],\"inLanguage\":\"de\"},{\"@type\":\"WebPage\",\"@id\":\"https:\\\/\\\/news.save.ch\\\/schluss-mit-den-backup-mythen\\\/\",\"url\":\"https:\\\/\\\/news.save.ch\\\/schluss-mit-den-backup-mythen\\\/\",\"name\":\"Schluss mit den Backup-Mythen - Save\",\"isPartOf\":{\"@id\":\"https:\\\/\\\/news.save.ch\\\/de\\\/#website\"},\"primaryImageOfPage\":{\"@id\":\"https:\\\/\\\/news.save.ch\\\/schluss-mit-den-backup-mythen\\\/#primaryimage\"},\"image\":{\"@id\":\"https:\\\/\\\/news.save.ch\\\/schluss-mit-den-backup-mythen\\\/#primaryimage\"},\"thumbnailUrl\":\"https:\\\/\\\/news.save.ch\\\/wp-content\\\/uploads\\\/2023\\\/06\\\/Depositphotos_132717626_S.jpg\",\"datePublished\":\"2023-07-16T04:16:10+00:00\",\"description\":\"Die zuverl\u00e4ssige Datensicherung und -wiederherstellung wird immer wichtiger. Deshalb gilt es mit ein paar weitverbreitete Backup-Mythen aufzur\u00e4umen.\",\"breadcrumb\":{\"@id\":\"https:\\\/\\\/news.save.ch\\\/schluss-mit-den-backup-mythen\\\/#breadcrumb\"},\"inLanguage\":\"de\",\"potentialAction\":[{\"@type\":\"ReadAction\",\"target\":[\"https:\\\/\\\/news.save.ch\\\/schluss-mit-den-backup-mythen\\\/\"]}]},{\"@type\":\"ImageObject\",\"inLanguage\":\"de\",\"@id\":\"https:\\\/\\\/news.save.ch\\\/schluss-mit-den-backup-mythen\\\/#primaryimage\",\"url\":\"https:\\\/\\\/news.save.ch\\\/wp-content\\\/uploads\\\/2023\\\/06\\\/Depositphotos_132717626_S.jpg\",\"contentUrl\":\"https:\\\/\\\/news.save.ch\\\/wp-content\\\/uploads\\\/2023\\\/06\\\/Depositphotos_132717626_S.jpg\",\"width\":1000,\"height\":727,\"caption\":\"Depoitphotos, Rawpixel\"},{\"@type\":\"BreadcrumbList\",\"@id\":\"https:\\\/\\\/news.save.ch\\\/schluss-mit-den-backup-mythen\\\/#breadcrumb\",\"itemListElement\":[{\"@type\":\"ListItem\",\"position\":1,\"name\":\"Home\",\"item\":\"https:\\\/\\\/news.save.ch\\\/de\\\/\"},{\"@type\":\"ListItem\",\"position\":2,\"name\":\"Schluss mit den Backup-Mythen\"}]},{\"@type\":\"WebSite\",\"@id\":\"https:\\\/\\\/news.save.ch\\\/de\\\/#website\",\"url\":\"https:\\\/\\\/news.save.ch\\\/de\\\/\",\"name\":\"Save\",\"description\":\"Schweizer Fachzeitschrift f\u00fcr Sicherheit\",\"publisher\":{\"@id\":\"https:\\\/\\\/news.save.ch\\\/de\\\/#organization\"},\"potentialAction\":[{\"@type\":\"SearchAction\",\"target\":{\"@type\":\"EntryPoint\",\"urlTemplate\":\"https:\\\/\\\/news.save.ch\\\/de\\\/?s={search_term_string}\"},\"query-input\":{\"@type\":\"PropertyValueSpecification\",\"valueRequired\":true,\"valueName\":\"search_term_string\"}}],\"inLanguage\":\"de\"},{\"@type\":\"Organization\",\"@id\":\"https:\\\/\\\/news.save.ch\\\/de\\\/#organization\",\"name\":\"Sicherheitsforum\",\"url\":\"https:\\\/\\\/news.save.ch\\\/de\\\/\",\"logo\":{\"@type\":\"ImageObject\",\"inLanguage\":\"de\",\"@id\":\"https:\\\/\\\/news.save.ch\\\/de\\\/#\\\/schema\\\/logo\\\/image\\\/\",\"url\":\"https:\\\/\\\/news.save.ch\\\/wp-content\\\/uploads\\\/2022\\\/06\\\/Logo_SF_2012.png\",\"contentUrl\":\"https:\\\/\\\/news.save.ch\\\/wp-content\\\/uploads\\\/2022\\\/06\\\/Logo_SF_2012.png\",\"width\":1100,\"height\":91,\"caption\":\"Sicherheitsforum\"},\"image\":{\"@id\":\"https:\\\/\\\/news.save.ch\\\/de\\\/#\\\/schema\\\/logo\\\/image\\\/\"}},{\"@type\":\"Person\",\"@id\":\"https:\\\/\\\/news.save.ch\\\/de\\\/#\\\/schema\\\/person\\\/d5022db048e0e2b9785c50e5b24da5aa\",\"name\":\"Roger Str\u00e4ssle\",\"image\":{\"@type\":\"ImageObject\",\"inLanguage\":\"de\",\"@id\":\"https:\\\/\\\/secure.gravatar.com\\\/avatar\\\/862a5569d087de48e5856e32f45d719a03804c891d6deb8d4f71a660e79e4a47?s=96&d=mm&r=g\",\"url\":\"https:\\\/\\\/secure.gravatar.com\\\/avatar\\\/862a5569d087de48e5856e32f45d719a03804c891d6deb8d4f71a660e79e4a47?s=96&d=mm&r=g\",\"contentUrl\":\"https:\\\/\\\/secure.gravatar.com\\\/avatar\\\/862a5569d087de48e5856e32f45d719a03804c891d6deb8d4f71a660e79e4a47?s=96&d=mm&r=g\",\"caption\":\"Roger Str\u00e4ssle\"},\"url\":\"https:\\\/\\\/news.save.ch\\\/de\\\/author\\\/roger-straessle\\\/\"}]}<\/script>\n<!-- \/ Yoast SEO plugin. -->","yoast_head_json":{"title":"Schluss mit den Backup-Mythen - Save","description":"Die zuverl\u00e4ssige Datensicherung und -wiederherstellung wird immer wichtiger. Deshalb gilt es mit ein paar weitverbreitete Backup-Mythen aufzur\u00e4umen.","robots":{"index":"index","follow":"follow","max-snippet":"max-snippet:-1","max-image-preview":"max-image-preview:large","max-video-preview":"max-video-preview:-1"},"canonical":"https:\/\/news.save.ch\/de\/schluss-mit-den-backup-mythen\/","og_locale":"de_DE","og_type":"article","og_title":"Schluss mit den Backup-Mythen - Save","og_description":"Die zuverl\u00e4ssige Datensicherung und -wiederherstellung wird immer wichtiger. Deshalb gilt es mit ein paar weitverbreitete Backup-Mythen aufzur\u00e4umen.","og_url":"https:\/\/news.save.ch\/de\/schluss-mit-den-backup-mythen\/","og_site_name":"Save","article_published_time":"2023-07-16T04:16:10+00:00","og_image":[{"width":1000,"height":727,"url":"https:\/\/news.save.ch\/wp-content\/uploads\/2023\/06\/Depositphotos_132717626_S.jpg","type":"image\/jpeg"}],"author":"Roger Str\u00e4ssle","twitter_card":"summary_large_image","twitter_misc":{"Geschrieben von":"Roger Str\u00e4ssle","Gesch\u00e4tzte Lesezeit":"5\u00a0Minuten"},"schema":{"@context":"https:\/\/schema.org","@graph":[{"@type":"Article","@id":"https:\/\/news.save.ch\/schluss-mit-den-backup-mythen\/#article","isPartOf":{"@id":"https:\/\/news.save.ch\/schluss-mit-den-backup-mythen\/"},"author":{"name":"Roger Str\u00e4ssle","@id":"https:\/\/news.save.ch\/de\/#\/schema\/person\/d5022db048e0e2b9785c50e5b24da5aa"},"headline":"Schluss mit den Backup-Mythen","datePublished":"2023-07-16T04:16:10+00:00","mainEntityOfPage":{"@id":"https:\/\/news.save.ch\/schluss-mit-den-backup-mythen\/"},"wordCount":868,"publisher":{"@id":"https:\/\/news.save.ch\/de\/#organization"},"image":{"@id":"https:\/\/news.save.ch\/schluss-mit-den-backup-mythen\/#primaryimage"},"thumbnailUrl":"https:\/\/news.save.ch\/wp-content\/uploads\/2023\/06\/Depositphotos_132717626_S.jpg","keywords":["Backup"],"articleSection":["DIGITALISIERUNG"],"inLanguage":"de"},{"@type":"WebPage","@id":"https:\/\/news.save.ch\/schluss-mit-den-backup-mythen\/","url":"https:\/\/news.save.ch\/schluss-mit-den-backup-mythen\/","name":"Schluss mit den Backup-Mythen - Save","isPartOf":{"@id":"https:\/\/news.save.ch\/de\/#website"},"primaryImageOfPage":{"@id":"https:\/\/news.save.ch\/schluss-mit-den-backup-mythen\/#primaryimage"},"image":{"@id":"https:\/\/news.save.ch\/schluss-mit-den-backup-mythen\/#primaryimage"},"thumbnailUrl":"https:\/\/news.save.ch\/wp-content\/uploads\/2023\/06\/Depositphotos_132717626_S.jpg","datePublished":"2023-07-16T04:16:10+00:00","description":"Die zuverl\u00e4ssige Datensicherung und -wiederherstellung wird immer wichtiger. Deshalb gilt es mit ein paar weitverbreitete Backup-Mythen aufzur\u00e4umen.","breadcrumb":{"@id":"https:\/\/news.save.ch\/schluss-mit-den-backup-mythen\/#breadcrumb"},"inLanguage":"de","potentialAction":[{"@type":"ReadAction","target":["https:\/\/news.save.ch\/schluss-mit-den-backup-mythen\/"]}]},{"@type":"ImageObject","inLanguage":"de","@id":"https:\/\/news.save.ch\/schluss-mit-den-backup-mythen\/#primaryimage","url":"https:\/\/news.save.ch\/wp-content\/uploads\/2023\/06\/Depositphotos_132717626_S.jpg","contentUrl":"https:\/\/news.save.ch\/wp-content\/uploads\/2023\/06\/Depositphotos_132717626_S.jpg","width":1000,"height":727,"caption":"Depoitphotos, Rawpixel"},{"@type":"BreadcrumbList","@id":"https:\/\/news.save.ch\/schluss-mit-den-backup-mythen\/#breadcrumb","itemListElement":[{"@type":"ListItem","position":1,"name":"Home","item":"https:\/\/news.save.ch\/de\/"},{"@type":"ListItem","position":2,"name":"Schluss mit den Backup-Mythen"}]},{"@type":"WebSite","@id":"https:\/\/news.save.ch\/de\/#website","url":"https:\/\/news.save.ch\/de\/","name":"Save","description":"Schweizer Fachzeitschrift f\u00fcr Sicherheit","publisher":{"@id":"https:\/\/news.save.ch\/de\/#organization"},"potentialAction":[{"@type":"SearchAction","target":{"@type":"EntryPoint","urlTemplate":"https:\/\/news.save.ch\/de\/?s={search_term_string}"},"query-input":{"@type":"PropertyValueSpecification","valueRequired":true,"valueName":"search_term_string"}}],"inLanguage":"de"},{"@type":"Organization","@id":"https:\/\/news.save.ch\/de\/#organization","name":"Sicherheitsforum","url":"https:\/\/news.save.ch\/de\/","logo":{"@type":"ImageObject","inLanguage":"de","@id":"https:\/\/news.save.ch\/de\/#\/schema\/logo\/image\/","url":"https:\/\/news.save.ch\/wp-content\/uploads\/2022\/06\/Logo_SF_2012.png","contentUrl":"https:\/\/news.save.ch\/wp-content\/uploads\/2022\/06\/Logo_SF_2012.png","width":1100,"height":91,"caption":"Sicherheitsforum"},"image":{"@id":"https:\/\/news.save.ch\/de\/#\/schema\/logo\/image\/"}},{"@type":"Person","@id":"https:\/\/news.save.ch\/de\/#\/schema\/person\/d5022db048e0e2b9785c50e5b24da5aa","name":"Roger Str\u00e4ssle","image":{"@type":"ImageObject","inLanguage":"de","@id":"https:\/\/secure.gravatar.com\/avatar\/862a5569d087de48e5856e32f45d719a03804c891d6deb8d4f71a660e79e4a47?s=96&d=mm&r=g","url":"https:\/\/secure.gravatar.com\/avatar\/862a5569d087de48e5856e32f45d719a03804c891d6deb8d4f71a660e79e4a47?s=96&d=mm&r=g","contentUrl":"https:\/\/secure.gravatar.com\/avatar\/862a5569d087de48e5856e32f45d719a03804c891d6deb8d4f71a660e79e4a47?s=96&d=mm&r=g","caption":"Roger Str\u00e4ssle"},"url":"https:\/\/news.save.ch\/de\/author\/roger-straessle\/"}]}},"_links":{"self":[{"href":"https:\/\/news.save.ch\/de\/wp-json\/wp\/v2\/posts\/19989","targetHints":{"allow":["GET"]}}],"collection":[{"href":"https:\/\/news.save.ch\/de\/wp-json\/wp\/v2\/posts"}],"about":[{"href":"https:\/\/news.save.ch\/de\/wp-json\/wp\/v2\/types\/post"}],"author":[{"embeddable":true,"href":"https:\/\/news.save.ch\/de\/wp-json\/wp\/v2\/users\/8"}],"replies":[{"embeddable":true,"href":"https:\/\/news.save.ch\/de\/wp-json\/wp\/v2\/comments?post=19989"}],"version-history":[{"count":3,"href":"https:\/\/news.save.ch\/de\/wp-json\/wp\/v2\/posts\/19989\/revisions"}],"predecessor-version":[{"id":20470,"href":"https:\/\/news.save.ch\/de\/wp-json\/wp\/v2\/posts\/19989\/revisions\/20470"}],"wp:featuredmedia":[{"embeddable":true,"href":"https:\/\/news.save.ch\/de\/wp-json\/wp\/v2\/media\/19990"}],"wp:attachment":[{"href":"https:\/\/news.save.ch\/de\/wp-json\/wp\/v2\/media?parent=19989"}],"wp:term":[{"taxonomy":"category","embeddable":true,"href":"https:\/\/news.save.ch\/de\/wp-json\/wp\/v2\/categories?post=19989"},{"taxonomy":"post_tag","embeddable":true,"href":"https:\/\/news.save.ch\/de\/wp-json\/wp\/v2\/tags?post=19989"}],"curies":[{"name":"wp","href":"https:\/\/api.w.org\/{rel}","templated":true}]}}