{"id":20099,"date":"2023-06-20T16:33:23","date_gmt":"2023-06-20T14:33:23","guid":{"rendered":"https:\/\/news.save.ch\/?p=20099"},"modified":"2023-06-20T16:33:23","modified_gmt":"2023-06-20T14:33:23","slug":"notrufsystem-in-der-schweiz-wird-weiterentwickelt","status":null,"type":"post","link":"https:\/\/news.save.ch\/de\/notrufsystem-in-der-schweiz-wird-weiterentwickelt\/","title":{"rendered":"Notrufsystem in der Schweiz wird weiterentwickelt"},"content":{"rendered":"<figure id=\"attachment_20102\" aria-describedby=\"caption-attachment-20102\" style=\"width: 680px\" class=\"wp-caption aligncenter\"><img loading=\"lazy\" decoding=\"async\" class=\"size-medium wp-image-20102\" src=\"https:\/\/news.save.ch\/wp-content\/uploads\/2023\/06\/Depositphotos_76966231_S-680x454.jpg\" alt=\"\" width=\"680\" height=\"454\" srcset=\"https:\/\/news.save.ch\/wp-content\/uploads\/2023\/06\/Depositphotos_76966231_S-680x454.jpg 680w, https:\/\/news.save.ch\/wp-content\/uploads\/2023\/06\/Depositphotos_76966231_S-768x512.jpg 768w, https:\/\/news.save.ch\/wp-content\/uploads\/2023\/06\/Depositphotos_76966231_S-18x12.jpg 18w, https:\/\/news.save.ch\/wp-content\/uploads\/2023\/06\/Depositphotos_76966231_S-375x250.jpg 375w, https:\/\/news.save.ch\/wp-content\/uploads\/2023\/06\/Depositphotos_76966231_S-525x350.jpg 525w, https:\/\/news.save.ch\/wp-content\/uploads\/2023\/06\/Depositphotos_76966231_S.jpg 1000w\" sizes=\"auto, (max-width: 680px) 100vw, 680px\" \/><figcaption id=\"caption-attachment-20102\" class=\"wp-caption-text\">Depositphotos, georgejmclittle<\/figcaption><\/figure>\n<p>Um das System der Notfallnummern (112, 117, 118, 144 etc.) in der Schweiz zu verbessern, wurde im Auftrag des Eidgen\u00f6ssischen Departements f\u00fcr Umwelt, Verkehr, Energie und Kommunikation (Uvek) und der Konferenz der kantonalen Justiz- und Polizeidirektoren ein Referenzmodell entwickelt. Es soll als Grundlage f\u00fcr die Festlegung der Anforderungen an eine technische Systemf\u00fchrerschaft im Bereich Notrufe dienen, wie das Bundesamt f\u00fcr Kommunikation in einer Medienmitteilung schreibt. Das Referenzmodell habe man in Zusammenarbeit mit Swisscom sowie der Konferenz der Kantonalen Polizeikommandantinnen und -kommandanten der Schweiz, der Feuerwehr Koordination Schweiz und dem Interverband f\u00fcr Rettungswesen bearbeitet. Das Bakom habe das Referenzmodell am 20. Juni 2023 auf seiner Website ver\u00f6ffentlicht.<\/p>\n<h3>Redundanter Anschluss der Notrufzentralen<\/h3>\n<p>Gem\u00e4ss den identifizierten Massnahmen des Referenzmodells sollen Notrufe in erster Priorit\u00e4t \u00fcber ein Mobilfunkger\u00e4t (Handy) abgesetzt werden. Laut Bakom \u00fcbernehmen bei Ausfall eines Mobilfunknetzes verf\u00fcgbare Mobilfunknetze anderer Anbieter die Notruf\u00fcbermittlung, was bei der Festnetztelefonie nicht der Fall ist. Zudem unterst\u00fctzen bei Notrufen \u00fcber Mobilfunknetze die Netzbetreiber die ger\u00e4tebasierte Standortidentifikation und eine korrekte Zustellung an die sachlich und \u00f6rtlich zust\u00e4ndige Notrufzentrale bereits heute, wie es ferner heisst. Eine einzig f\u00fcr Notrufe dedizierte R\u00fcckfallebene bei der Notrufvermittlung sowie ein zus\u00e4tzlicher, redundanter Anschluss der Notrufzentralen durch einen zweiten Anbieter sollen die Verf\u00fcgbarkeit des Notrufsystems weiter erh\u00f6hen, wie das Bakom schreibt.<\/p>\n<p><b>Anpassung der rechtlichen Grundlage<\/b><\/p>\n<p>F\u00fcr die verbindliche Umsetzung des Referenzmodells wird das Bakom eine Anpassung der Verordnung \u00fcber Fernmeldedienste (FDV) vorbereiten.<\/p>\n<p>Im Jahre 2020 kam es bekanntlich zu verschiedenen Ausf\u00e4llen bei den Notrufen. In der Folge beauftragte die Kommission f\u00fcr Verkehr und Fernmeldewesen des St\u00e4nderats den Bundesrat mit einer Motion, die Grundlage f\u00fcr eine technische Systemf\u00fchrerschaft im Bereich Notrufe zu schaffen (Motion KVF-S 21.3000).<\/p>\n<p>In der Revision der FDV werde das Bakom auch Bestimmungen einf\u00fcgen, die Menschen mit einer H\u00f6rbehinderung einen barrierefreien Zugang zu den Notrufen erm\u00f6glichen. Dies fordern verschiedene Motionen zur Weiterentwicklung und Digitalisierung der Schweizer Notrufe, die das Parlament mit deutlicher Mehrheit angenommen hat (Motionen 21.3064 und 21.3068: Digitalisierung und Weiterentwicklung der Schweizer Notrufe), wie es abschliessend in der Bakom-Meldung heisst.<\/p>\n","protected":false},"excerpt":{"rendered":"<p>Um das System der Notfallnummern (112, 117, 118, 144 etc.) in der Schweiz zu verbessern, wurde im Auftrag des Eidgen\u00f6ssischen Departements f\u00fcr Umwelt, Verkehr, Energie und Kommunikation (Uvek) und der Konferenz der kantonalen Justiz- und Polizeidirektoren ein Referenzmodell entwickelt. Es soll als Grundlage f\u00fcr die Festlegung der Anforderungen an eine technische Systemf\u00fchrerschaft im Bereich Notrufe [&hellip;]<\/p>\n","protected":false},"author":8,"featured_media":20102,"comment_status":"closed","ping_status":"closed","sticky":false,"template":"","format":"standard","meta":{"_acf_changed":false,"pgc_sgb_lightbox_settings":"","footnotes":""},"categories":[3312],"tags":[4303],"class_list":["post-20099","post","type-post","status-publish","format-standard","has-post-thumbnail","hentry","category-sicherheit","tag-notrufsyste"],"acf":[],"hkrextid":null,"publication":null,"issue":null,"workflow":null,"startPage":null,"spitzmarke":null,"_posts_by_tag_page_fields":null,"_at_widget":null,"_yoast_wpseo_primary_category":"3312","_yoast_wpseo_focuskw_text_input":null,"_yoast_wpseo_opengraph-image":null,"_yoast_wpseo_opengraph-description":null,"_yoast_wpseo_opengraph-title":null,"enclosure":null,"_yoast_wpseo_twitter-title":null,"_yoast_wpseo_twitter-description":null,"_yoast_wpseo_twitter-image":null,"_wp_old_slug":null,"_yoast_wpseo_title":null,"_yoast_wpseo_canonical":null,"yoast_head":"<!-- This site is optimized with the Yoast SEO plugin v27.5 - https:\/\/yoast.com\/product\/yoast-seo-wordpress\/ -->\n<title>Notrufsystem in der Schweiz wird weiterentwickelt - Save<\/title>\n<meta name=\"description\" content=\"Das Notrufsystem in der Schweiz wird weiterentwickelt, wie das Bundesamt f\u00fcr Kommunikation in einer Meldung schreibt.\" \/>\n<meta name=\"robots\" content=\"index, follow, max-snippet:-1, max-image-preview:large, max-video-preview:-1\" \/>\n<link rel=\"canonical\" href=\"https:\/\/news.save.ch\/de\/notrufsystem-in-der-schweiz-wird-weiterentwickelt\/\" \/>\n<meta property=\"og:locale\" content=\"de_DE\" \/>\n<meta property=\"og:type\" content=\"article\" \/>\n<meta property=\"og:title\" content=\"Notrufsystem in der Schweiz wird weiterentwickelt - Save\" \/>\n<meta property=\"og:description\" content=\"Das Notrufsystem in der Schweiz wird weiterentwickelt, wie das Bundesamt f\u00fcr Kommunikation in einer Meldung schreibt.\" \/>\n<meta property=\"og:url\" content=\"https:\/\/news.save.ch\/de\/notrufsystem-in-der-schweiz-wird-weiterentwickelt\/\" \/>\n<meta property=\"og:site_name\" content=\"Save\" \/>\n<meta property=\"article:published_time\" content=\"2023-06-20T14:33:23+00:00\" \/>\n<meta property=\"og:image\" content=\"https:\/\/news.save.ch\/wp-content\/uploads\/2023\/06\/Depositphotos_76966231_S.jpg\" \/>\n\t<meta property=\"og:image:width\" content=\"1000\" \/>\n\t<meta property=\"og:image:height\" content=\"667\" \/>\n\t<meta property=\"og:image:type\" content=\"image\/jpeg\" \/>\n<meta name=\"author\" content=\"Roger Str\u00e4ssle\" \/>\n<meta name=\"twitter:card\" content=\"summary_large_image\" \/>\n<meta name=\"twitter:label1\" content=\"Geschrieben von\" \/>\n\t<meta name=\"twitter:data1\" content=\"Roger Str\u00e4ssle\" \/>\n\t<meta name=\"twitter:label2\" content=\"Gesch\u00e4tzte Lesezeit\" \/>\n\t<meta name=\"twitter:data2\" content=\"3\u00a0Minuten\" \/>\n<script type=\"application\/ld+json\" class=\"yoast-schema-graph\">{\"@context\":\"https:\\\/\\\/schema.org\",\"@graph\":[{\"@type\":\"Article\",\"@id\":\"https:\\\/\\\/news.save.ch\\\/notrufsystem-in-der-schweiz-wird-weiterentwickelt\\\/#article\",\"isPartOf\":{\"@id\":\"https:\\\/\\\/news.save.ch\\\/notrufsystem-in-der-schweiz-wird-weiterentwickelt\\\/\"},\"author\":{\"name\":\"Roger Str\u00e4ssle\",\"@id\":\"https:\\\/\\\/news.save.ch\\\/de\\\/#\\\/schema\\\/person\\\/d5022db048e0e2b9785c50e5b24da5aa\"},\"headline\":\"Notrufsystem in der Schweiz wird weiterentwickelt\",\"datePublished\":\"2023-06-20T14:33:23+00:00\",\"mainEntityOfPage\":{\"@id\":\"https:\\\/\\\/news.save.ch\\\/notrufsystem-in-der-schweiz-wird-weiterentwickelt\\\/\"},\"wordCount\":364,\"publisher\":{\"@id\":\"https:\\\/\\\/news.save.ch\\\/de\\\/#organization\"},\"image\":{\"@id\":\"https:\\\/\\\/news.save.ch\\\/notrufsystem-in-der-schweiz-wird-weiterentwickelt\\\/#primaryimage\"},\"thumbnailUrl\":\"https:\\\/\\\/news.save.ch\\\/wp-content\\\/uploads\\\/2023\\\/06\\\/Depositphotos_76966231_S.jpg\",\"keywords\":[\"Notrufsyste\"],\"articleSection\":[\"SICHERHEIT\"],\"inLanguage\":\"de\"},{\"@type\":\"WebPage\",\"@id\":\"https:\\\/\\\/news.save.ch\\\/notrufsystem-in-der-schweiz-wird-weiterentwickelt\\\/\",\"url\":\"https:\\\/\\\/news.save.ch\\\/notrufsystem-in-der-schweiz-wird-weiterentwickelt\\\/\",\"name\":\"Notrufsystem in der Schweiz wird weiterentwickelt - Save\",\"isPartOf\":{\"@id\":\"https:\\\/\\\/news.save.ch\\\/de\\\/#website\"},\"primaryImageOfPage\":{\"@id\":\"https:\\\/\\\/news.save.ch\\\/notrufsystem-in-der-schweiz-wird-weiterentwickelt\\\/#primaryimage\"},\"image\":{\"@id\":\"https:\\\/\\\/news.save.ch\\\/notrufsystem-in-der-schweiz-wird-weiterentwickelt\\\/#primaryimage\"},\"thumbnailUrl\":\"https:\\\/\\\/news.save.ch\\\/wp-content\\\/uploads\\\/2023\\\/06\\\/Depositphotos_76966231_S.jpg\",\"datePublished\":\"2023-06-20T14:33:23+00:00\",\"description\":\"Das Notrufsystem in der Schweiz wird weiterentwickelt, wie das Bundesamt f\u00fcr Kommunikation in einer Meldung schreibt.\",\"breadcrumb\":{\"@id\":\"https:\\\/\\\/news.save.ch\\\/notrufsystem-in-der-schweiz-wird-weiterentwickelt\\\/#breadcrumb\"},\"inLanguage\":\"de\",\"potentialAction\":[{\"@type\":\"ReadAction\",\"target\":[\"https:\\\/\\\/news.save.ch\\\/notrufsystem-in-der-schweiz-wird-weiterentwickelt\\\/\"]}]},{\"@type\":\"ImageObject\",\"inLanguage\":\"de\",\"@id\":\"https:\\\/\\\/news.save.ch\\\/notrufsystem-in-der-schweiz-wird-weiterentwickelt\\\/#primaryimage\",\"url\":\"https:\\\/\\\/news.save.ch\\\/wp-content\\\/uploads\\\/2023\\\/06\\\/Depositphotos_76966231_S.jpg\",\"contentUrl\":\"https:\\\/\\\/news.save.ch\\\/wp-content\\\/uploads\\\/2023\\\/06\\\/Depositphotos_76966231_S.jpg\",\"width\":1000,\"height\":667,\"caption\":\"Depositphotos, georgejmclittle\"},{\"@type\":\"BreadcrumbList\",\"@id\":\"https:\\\/\\\/news.save.ch\\\/notrufsystem-in-der-schweiz-wird-weiterentwickelt\\\/#breadcrumb\",\"itemListElement\":[{\"@type\":\"ListItem\",\"position\":1,\"name\":\"Home\",\"item\":\"https:\\\/\\\/news.save.ch\\\/de\\\/\"},{\"@type\":\"ListItem\",\"position\":2,\"name\":\"Notrufsystem in der Schweiz wird weiterentwickelt\"}]},{\"@type\":\"WebSite\",\"@id\":\"https:\\\/\\\/news.save.ch\\\/de\\\/#website\",\"url\":\"https:\\\/\\\/news.save.ch\\\/de\\\/\",\"name\":\"Save\",\"description\":\"Schweizer Fachzeitschrift f\u00fcr Sicherheit\",\"publisher\":{\"@id\":\"https:\\\/\\\/news.save.ch\\\/de\\\/#organization\"},\"potentialAction\":[{\"@type\":\"SearchAction\",\"target\":{\"@type\":\"EntryPoint\",\"urlTemplate\":\"https:\\\/\\\/news.save.ch\\\/de\\\/?s={search_term_string}\"},\"query-input\":{\"@type\":\"PropertyValueSpecification\",\"valueRequired\":true,\"valueName\":\"search_term_string\"}}],\"inLanguage\":\"de\"},{\"@type\":\"Organization\",\"@id\":\"https:\\\/\\\/news.save.ch\\\/de\\\/#organization\",\"name\":\"Sicherheitsforum\",\"url\":\"https:\\\/\\\/news.save.ch\\\/de\\\/\",\"logo\":{\"@type\":\"ImageObject\",\"inLanguage\":\"de\",\"@id\":\"https:\\\/\\\/news.save.ch\\\/de\\\/#\\\/schema\\\/logo\\\/image\\\/\",\"url\":\"https:\\\/\\\/news.save.ch\\\/wp-content\\\/uploads\\\/2022\\\/06\\\/Logo_SF_2012.png\",\"contentUrl\":\"https:\\\/\\\/news.save.ch\\\/wp-content\\\/uploads\\\/2022\\\/06\\\/Logo_SF_2012.png\",\"width\":1100,\"height\":91,\"caption\":\"Sicherheitsforum\"},\"image\":{\"@id\":\"https:\\\/\\\/news.save.ch\\\/de\\\/#\\\/schema\\\/logo\\\/image\\\/\"}},{\"@type\":\"Person\",\"@id\":\"https:\\\/\\\/news.save.ch\\\/de\\\/#\\\/schema\\\/person\\\/d5022db048e0e2b9785c50e5b24da5aa\",\"name\":\"Roger Str\u00e4ssle\",\"image\":{\"@type\":\"ImageObject\",\"inLanguage\":\"de\",\"@id\":\"https:\\\/\\\/secure.gravatar.com\\\/avatar\\\/862a5569d087de48e5856e32f45d719a03804c891d6deb8d4f71a660e79e4a47?s=96&d=mm&r=g\",\"url\":\"https:\\\/\\\/secure.gravatar.com\\\/avatar\\\/862a5569d087de48e5856e32f45d719a03804c891d6deb8d4f71a660e79e4a47?s=96&d=mm&r=g\",\"contentUrl\":\"https:\\\/\\\/secure.gravatar.com\\\/avatar\\\/862a5569d087de48e5856e32f45d719a03804c891d6deb8d4f71a660e79e4a47?s=96&d=mm&r=g\",\"caption\":\"Roger Str\u00e4ssle\"},\"url\":\"https:\\\/\\\/news.save.ch\\\/de\\\/author\\\/roger-straessle\\\/\"}]}<\/script>\n<!-- \/ Yoast SEO plugin. -->","yoast_head_json":{"title":"Notrufsystem in der Schweiz wird weiterentwickelt - Save","description":"Das Notrufsystem in der Schweiz wird weiterentwickelt, wie das Bundesamt f\u00fcr Kommunikation in einer Meldung schreibt.","robots":{"index":"index","follow":"follow","max-snippet":"max-snippet:-1","max-image-preview":"max-image-preview:large","max-video-preview":"max-video-preview:-1"},"canonical":"https:\/\/news.save.ch\/de\/notrufsystem-in-der-schweiz-wird-weiterentwickelt\/","og_locale":"de_DE","og_type":"article","og_title":"Notrufsystem in der Schweiz wird weiterentwickelt - Save","og_description":"Das Notrufsystem in der Schweiz wird weiterentwickelt, wie das Bundesamt f\u00fcr Kommunikation in einer Meldung schreibt.","og_url":"https:\/\/news.save.ch\/de\/notrufsystem-in-der-schweiz-wird-weiterentwickelt\/","og_site_name":"Save","article_published_time":"2023-06-20T14:33:23+00:00","og_image":[{"width":1000,"height":667,"url":"https:\/\/news.save.ch\/wp-content\/uploads\/2023\/06\/Depositphotos_76966231_S.jpg","type":"image\/jpeg"}],"author":"Roger Str\u00e4ssle","twitter_card":"summary_large_image","twitter_misc":{"Geschrieben von":"Roger Str\u00e4ssle","Gesch\u00e4tzte Lesezeit":"3\u00a0Minuten"},"schema":{"@context":"https:\/\/schema.org","@graph":[{"@type":"Article","@id":"https:\/\/news.save.ch\/notrufsystem-in-der-schweiz-wird-weiterentwickelt\/#article","isPartOf":{"@id":"https:\/\/news.save.ch\/notrufsystem-in-der-schweiz-wird-weiterentwickelt\/"},"author":{"name":"Roger Str\u00e4ssle","@id":"https:\/\/news.save.ch\/de\/#\/schema\/person\/d5022db048e0e2b9785c50e5b24da5aa"},"headline":"Notrufsystem in der Schweiz wird weiterentwickelt","datePublished":"2023-06-20T14:33:23+00:00","mainEntityOfPage":{"@id":"https:\/\/news.save.ch\/notrufsystem-in-der-schweiz-wird-weiterentwickelt\/"},"wordCount":364,"publisher":{"@id":"https:\/\/news.save.ch\/de\/#organization"},"image":{"@id":"https:\/\/news.save.ch\/notrufsystem-in-der-schweiz-wird-weiterentwickelt\/#primaryimage"},"thumbnailUrl":"https:\/\/news.save.ch\/wp-content\/uploads\/2023\/06\/Depositphotos_76966231_S.jpg","keywords":["Notrufsyste"],"articleSection":["SICHERHEIT"],"inLanguage":"de"},{"@type":"WebPage","@id":"https:\/\/news.save.ch\/notrufsystem-in-der-schweiz-wird-weiterentwickelt\/","url":"https:\/\/news.save.ch\/notrufsystem-in-der-schweiz-wird-weiterentwickelt\/","name":"Notrufsystem in der Schweiz wird weiterentwickelt - Save","isPartOf":{"@id":"https:\/\/news.save.ch\/de\/#website"},"primaryImageOfPage":{"@id":"https:\/\/news.save.ch\/notrufsystem-in-der-schweiz-wird-weiterentwickelt\/#primaryimage"},"image":{"@id":"https:\/\/news.save.ch\/notrufsystem-in-der-schweiz-wird-weiterentwickelt\/#primaryimage"},"thumbnailUrl":"https:\/\/news.save.ch\/wp-content\/uploads\/2023\/06\/Depositphotos_76966231_S.jpg","datePublished":"2023-06-20T14:33:23+00:00","description":"Das Notrufsystem in der Schweiz wird weiterentwickelt, wie das Bundesamt f\u00fcr Kommunikation in einer Meldung schreibt.","breadcrumb":{"@id":"https:\/\/news.save.ch\/notrufsystem-in-der-schweiz-wird-weiterentwickelt\/#breadcrumb"},"inLanguage":"de","potentialAction":[{"@type":"ReadAction","target":["https:\/\/news.save.ch\/notrufsystem-in-der-schweiz-wird-weiterentwickelt\/"]}]},{"@type":"ImageObject","inLanguage":"de","@id":"https:\/\/news.save.ch\/notrufsystem-in-der-schweiz-wird-weiterentwickelt\/#primaryimage","url":"https:\/\/news.save.ch\/wp-content\/uploads\/2023\/06\/Depositphotos_76966231_S.jpg","contentUrl":"https:\/\/news.save.ch\/wp-content\/uploads\/2023\/06\/Depositphotos_76966231_S.jpg","width":1000,"height":667,"caption":"Depositphotos, georgejmclittle"},{"@type":"BreadcrumbList","@id":"https:\/\/news.save.ch\/notrufsystem-in-der-schweiz-wird-weiterentwickelt\/#breadcrumb","itemListElement":[{"@type":"ListItem","position":1,"name":"Home","item":"https:\/\/news.save.ch\/de\/"},{"@type":"ListItem","position":2,"name":"Notrufsystem in der Schweiz wird weiterentwickelt"}]},{"@type":"WebSite","@id":"https:\/\/news.save.ch\/de\/#website","url":"https:\/\/news.save.ch\/de\/","name":"Save","description":"Schweizer Fachzeitschrift f\u00fcr Sicherheit","publisher":{"@id":"https:\/\/news.save.ch\/de\/#organization"},"potentialAction":[{"@type":"SearchAction","target":{"@type":"EntryPoint","urlTemplate":"https:\/\/news.save.ch\/de\/?s={search_term_string}"},"query-input":{"@type":"PropertyValueSpecification","valueRequired":true,"valueName":"search_term_string"}}],"inLanguage":"de"},{"@type":"Organization","@id":"https:\/\/news.save.ch\/de\/#organization","name":"Sicherheitsforum","url":"https:\/\/news.save.ch\/de\/","logo":{"@type":"ImageObject","inLanguage":"de","@id":"https:\/\/news.save.ch\/de\/#\/schema\/logo\/image\/","url":"https:\/\/news.save.ch\/wp-content\/uploads\/2022\/06\/Logo_SF_2012.png","contentUrl":"https:\/\/news.save.ch\/wp-content\/uploads\/2022\/06\/Logo_SF_2012.png","width":1100,"height":91,"caption":"Sicherheitsforum"},"image":{"@id":"https:\/\/news.save.ch\/de\/#\/schema\/logo\/image\/"}},{"@type":"Person","@id":"https:\/\/news.save.ch\/de\/#\/schema\/person\/d5022db048e0e2b9785c50e5b24da5aa","name":"Roger Str\u00e4ssle","image":{"@type":"ImageObject","inLanguage":"de","@id":"https:\/\/secure.gravatar.com\/avatar\/862a5569d087de48e5856e32f45d719a03804c891d6deb8d4f71a660e79e4a47?s=96&d=mm&r=g","url":"https:\/\/secure.gravatar.com\/avatar\/862a5569d087de48e5856e32f45d719a03804c891d6deb8d4f71a660e79e4a47?s=96&d=mm&r=g","contentUrl":"https:\/\/secure.gravatar.com\/avatar\/862a5569d087de48e5856e32f45d719a03804c891d6deb8d4f71a660e79e4a47?s=96&d=mm&r=g","caption":"Roger Str\u00e4ssle"},"url":"https:\/\/news.save.ch\/de\/author\/roger-straessle\/"}]}},"_links":{"self":[{"href":"https:\/\/news.save.ch\/de\/wp-json\/wp\/v2\/posts\/20099","targetHints":{"allow":["GET"]}}],"collection":[{"href":"https:\/\/news.save.ch\/de\/wp-json\/wp\/v2\/posts"}],"about":[{"href":"https:\/\/news.save.ch\/de\/wp-json\/wp\/v2\/types\/post"}],"author":[{"embeddable":true,"href":"https:\/\/news.save.ch\/de\/wp-json\/wp\/v2\/users\/8"}],"replies":[{"embeddable":true,"href":"https:\/\/news.save.ch\/de\/wp-json\/wp\/v2\/comments?post=20099"}],"version-history":[{"count":1,"href":"https:\/\/news.save.ch\/de\/wp-json\/wp\/v2\/posts\/20099\/revisions"}],"predecessor-version":[{"id":20103,"href":"https:\/\/news.save.ch\/de\/wp-json\/wp\/v2\/posts\/20099\/revisions\/20103"}],"wp:featuredmedia":[{"embeddable":true,"href":"https:\/\/news.save.ch\/de\/wp-json\/wp\/v2\/media\/20102"}],"wp:attachment":[{"href":"https:\/\/news.save.ch\/de\/wp-json\/wp\/v2\/media?parent=20099"}],"wp:term":[{"taxonomy":"category","embeddable":true,"href":"https:\/\/news.save.ch\/de\/wp-json\/wp\/v2\/categories?post=20099"},{"taxonomy":"post_tag","embeddable":true,"href":"https:\/\/news.save.ch\/de\/wp-json\/wp\/v2\/tags?post=20099"}],"curies":[{"name":"wp","href":"https:\/\/api.w.org\/{rel}","templated":true}]}}