{"id":20117,"date":"2023-06-22T06:17:20","date_gmt":"2023-06-22T04:17:20","guid":{"rendered":"https:\/\/news.save.ch\/?p=20117"},"modified":"2023-06-21T15:34:24","modified_gmt":"2023-06-21T13:34:24","slug":"svti-mit-solidem-ergebnis","status":null,"type":"post","link":"https:\/\/news.save.ch\/de\/svti-mit-solidem-ergebnis\/","title":{"rendered":"SVTI mit solidem Ergebnis"},"content":{"rendered":"<figure id=\"attachment_20118\" aria-describedby=\"caption-attachment-20118\" style=\"width: 680px\" class=\"wp-caption aligncenter\"><img loading=\"lazy\" decoding=\"async\" class=\"size-medium wp-image-20118\" src=\"https:\/\/news.save.ch\/wp-content\/uploads\/2023\/06\/4-680x453.jpg\" alt=\"\" width=\"680\" height=\"453\" srcset=\"https:\/\/news.save.ch\/wp-content\/uploads\/2023\/06\/4-680x453.jpg 680w, https:\/\/news.save.ch\/wp-content\/uploads\/2023\/06\/4-1024x683.jpg 1024w, https:\/\/news.save.ch\/wp-content\/uploads\/2023\/06\/4-768x512.jpg 768w, https:\/\/news.save.ch\/wp-content\/uploads\/2023\/06\/4-1536x1024.jpg 1536w, https:\/\/news.save.ch\/wp-content\/uploads\/2023\/06\/4-2048x1365.jpg 2048w, https:\/\/news.save.ch\/wp-content\/uploads\/2023\/06\/4-18x12.jpg 18w, https:\/\/news.save.ch\/wp-content\/uploads\/2023\/06\/4-375x250.jpg 375w, https:\/\/news.save.ch\/wp-content\/uploads\/2023\/06\/4-525x350.jpg 525w, https:\/\/news.save.ch\/wp-content\/uploads\/2023\/06\/4-1000x667.jpg 1000w, https:\/\/news.save.ch\/wp-content\/uploads\/2023\/06\/4-scaled.jpg 1400w\" sizes=\"auto, (max-width: 680px) 100vw, 680px\" \/><figcaption id=\"caption-attachment-20118\" class=\"wp-caption-text\">SVTI-Vorstandspr\u00e4sident Udo M. B\u00e4ckert.<\/figcaption><\/figure>\n<p>Die 154. Vereinsversammlung des SVTI (<a href=\"https:\/\/www.bing.com\/ck\/a?!&amp;&amp;p=9017e6215c7c16b0JmltdHM9MTY4NzMwNTYwMCZpZ3VpZD0xNTNiOGI1ZC01MWNhLTY4ZjEtMzBiZS05OTgxNTA5MTY5NTAmaW5zaWQ9NTQ1NA&amp;ptn=3&amp;hsh=3&amp;fclid=153b8b5d-51ca-68f1-30be-998150916950&amp;u=a1aHR0cHM6Ly93d3cuYmluZy5jb20vYWxpbmsvbGluaz91cmw9aHR0cHMlM2ElMmYlMmZ3d3cuc3Z0aS5jaCUyZmtlc3NlbGluc3Bla3RvcmF0JTJma29udGFrdCZzb3VyY2U9c2VycC1sb2NhbCZoPXF6Zlp0TTRSM0RJUmYyWE4lMmI3WiUyZmh1OHUyJTJickdheHp0eSUyYnZVcFkwQ3czQSUzZCZwPWx3X2didCZpZz04REVBM0M0RDFDQ0Q0RTU3ODE3RTQ2QkQ4NzUwQ0JFOCZ5cGlkPVlOOTAwM3gzMzg5Njcx&amp;ntb=1\">Schweizerischer Verein f\u00fcr technische Inspektionen<\/a>) f\u00fchrte Mitglieder, G\u00f6nner und G\u00e4ste in die Westschweiz nach Neuch\u00e2tel. Der statutarische Teil wurde gewohnt kurz gehalten, sodass das Rahmenprogramm den Teilnehmenden mehr Zeit und Gelegenheit f\u00fcr Information und Networking bot.<\/p>\n<h3><strong>Neues Vorstandsmitglied und Anpassung der Statuten<\/strong><\/h3>\n<p>Nach zw\u00f6lf Jahren im SVTI-Vorstand ist Daniel Rebsamen, seines Zeichens auch Vizepr\u00e4sident, altershalber zur\u00fcckgetreten, wie es in der Medienmitteilung heisst. Als direkter Nachfolger haben die Stimmberechtigten Ren\u00e9 Kian Sarrafian, diplomierter Maschinenbau-Ingenieur und Abteilungsleiter Kernbrennstoff im Kernkraftwerk G\u00f6sgen-D\u00e4niken AG, einstimmig gew\u00e4hlt. Dem SVTI sei es erfreulicherweise in der j\u00fcngeren Vergangenheit wiederholt gelungen, sich an Forschungsvorhaben des Bundes zu beteiligen. Dies machte eine entsprechende punktuelle Erweiterung der Zweckbestimmung in den Statuten notwendig, die auf die Durchf\u00fchrung von Forschungsaktivit\u00e4ten und die Entwicklung von innovativen Technologien und Produkten insbesondere auf den Gebieten technische Sicherheitsaufsicht sowie Herstellung und Betrieb technischer Anlagen aller Art hinweist, wie es ferner heisst.<\/p>\n<h3><strong>R\u00fcckblick, Ausblick, Projekte<\/strong><\/h3>\n<p>Die geopolitische Situation, gest\u00f6rte Lieferketten, explodierende Energiepreise oder der Fachkr\u00e4ftemangel seien nur einige der Herausforderungen, die im Jahr 2022 zu bew\u00e4ltigen waren. Laut SVTI konnte trotzdem das operative Gesch\u00e4ft mit einem sehr soliden Resultat abgeschlossen werden. Die konsolidierte Rechnung \u2013 auch Konzernrechnung genannt \u2013 umfasse neben dem Verein auch die Tochtergesellschaften und stelle das Gesamtgesch\u00e4ft der SVTI-Gruppe dar. Der Gesamtumsatz der SVTI-Gruppe belaufe sich auf 47,5 Millionen Franken. Diese Summe liege knapp unter Vorjahreswert, entspreche aber den Erwartungen. Gem\u00e4ss SVTI haben sich verschiedene Gesch\u00e4ftsbereiche positiv entwickelt und die gesamte Organisation hat sich als robust und gut aufgestellt bewiesen.<\/p>\n<p>Als Highlight mit Strahlkraft in die Zukunft habe im Berichtsjahr die internationale NDT-Konferenz unter Federf\u00fchrung des Nuklearinspektorats in der Schweiz stattgefunden. Der Anlass sei ein grosser Erfolg mit internationaler Ausstrahlung gewesen.<\/p>\n<p>Erfreulich war f\u00fcr die SVTI-Gruppe auch, dass sie aufgrund einer Mitarbeitendenbefragung den renommierten \u00abSwiss Arbeitgeber Award\u00bb in der Kategorie \u00ab100 \u2013 249 Mitarbeitende\u00bb entgegennehmen durfte (<a href=\"https:\/\/swissarbeitgeberaward.ch\/wp-content\/uploads\/Rangliste%202022%20Final%20Pr%C3%A4miert.pdf\">vgl. hier<\/a>) . Der \u00abSwiss Arbeitgeber Award\u00bb ist der f\u00fchrende Preis zur Ermittlung der Arbeitgeberattraktivit\u00e4t und schafft als Auszeichnung einen Vertrauensvorschuss bei der Suche nach zuk\u00fcnftigen Mitarbeitenden, wie der SVTI betont.<\/p>\n<h3><strong>Technologieorientierte Projekte<\/strong><\/h3>\n<p>Im Rahmen des Innovationsfonds hat der SVTI verschiedene technologieorientierte Projekte zur Weiterentwicklung von Dienstleistungen sowie der Pr\u00fcfverfahren initialisiert und weiter vorangetrieben. Dazu geh\u00f6rten beispielsweise der Einsatz von Drohnen f\u00fcr Messungen an Bauteilen, Roboter- bzw. Crawler-gest\u00fctzte Inspektionen oder die Erforschung des sicheren Umgangs mit der Wasserstoff-Technologie.<\/p>\n<p>Diese Aspekte, ein guter Start ins 2023, das Engagement in Forschung und Entwicklung, die Investitionen in gute Fachkr\u00e4fte und Innovationen w\u00fcrden die Marke SVTI st\u00e4rken und zuversichtlich in die Zukunft blicken lassen.<\/p>\n<h3><strong>Keynote \u00abDie Armee, Kaderschmiede der Schweiz\u00bb<\/strong><\/h3>\n<p>Als Keynote-Speaker referierte Oberst i Gst Mathias M\u00fcller zum Thema \u00abDie Armee, Kaderschmiede der Schweiz\u00bb. Mathias M\u00fcller, in einem fr\u00fcheren NZZ-Artikel auch schon als Chefrekrutierer der Schweizer Armee bezeichnet, heute in der Funktion als Projektleiter Top-Events der Schweizer Armee t\u00e4tig, ist auch Verfasser mehrerer B\u00fccher. Mit seinem Referat brachte er den Teilnehmenden praktische F\u00fchrungsfragen und die milit\u00e4rische F\u00fchrungsphilosophie der Gegenwart n\u00e4her. So auch, dass Leadership, mit seiner Vielzahl an Facetten, sowohl im milit\u00e4rischen als auch im zivilen Bereich eine grundlegende Rolle spielt.<\/p>\n<figure id=\"attachment_20119\" aria-describedby=\"caption-attachment-20119\" style=\"width: 680px\" class=\"wp-caption alignnone\"><img loading=\"lazy\" decoding=\"async\" class=\"size-medium wp-image-20119\" src=\"https:\/\/news.save.ch\/wp-content\/uploads\/2023\/06\/Inspektions-Crawler-680x405.png\" alt=\"\" width=\"680\" height=\"405\" srcset=\"https:\/\/news.save.ch\/wp-content\/uploads\/2023\/06\/Inspektions-Crawler-680x405.png 680w, https:\/\/news.save.ch\/wp-content\/uploads\/2023\/06\/Inspektions-Crawler-1024x610.png 1024w, https:\/\/news.save.ch\/wp-content\/uploads\/2023\/06\/Inspektions-Crawler-768x457.png 768w, https:\/\/news.save.ch\/wp-content\/uploads\/2023\/06\/Inspektions-Crawler-18x12.png 18w, https:\/\/news.save.ch\/wp-content\/uploads\/2023\/06\/Inspektions-Crawler-375x223.png 375w, https:\/\/news.save.ch\/wp-content\/uploads\/2023\/06\/Inspektions-Crawler-588x350.png 588w, https:\/\/news.save.ch\/wp-content\/uploads\/2023\/06\/Inspektions-Crawler-1000x595.png 1000w, https:\/\/news.save.ch\/wp-content\/uploads\/2023\/06\/Inspektions-Crawler.png 1200w\" sizes=\"auto, (max-width: 680px) 100vw, 680px\" \/><figcaption id=\"caption-attachment-20119\" class=\"wp-caption-text\">Der SVTI verfolgt auch innovative Projekte wie Roboter- bzw. Crawler-gest\u00fctzte Inspektionen.<br \/>\u00a9 SVTI<\/figcaption><\/figure>\n","protected":false},"excerpt":{"rendered":"<p>Die 154. Vereinsversammlung des SVTI (Schweizerischer Verein f\u00fcr technische Inspektionen) f\u00fchrte Mitglieder, G\u00f6nner und G\u00e4ste in die Westschweiz nach Neuch\u00e2tel. Der statutarische Teil wurde gewohnt kurz gehalten, sodass das Rahmenprogramm den Teilnehmenden mehr Zeit und Gelegenheit f\u00fcr Information und Networking bot. Neues Vorstandsmitglied und Anpassung der Statuten Nach zw\u00f6lf Jahren im SVTI-Vorstand ist Daniel Rebsamen, [&hellip;]<\/p>\n","protected":false},"author":8,"featured_media":20118,"comment_status":"closed","ping_status":"closed","sticky":false,"template":"","format":"standard","meta":{"_acf_changed":false,"pgc_sgb_lightbox_settings":"","footnotes":""},"categories":[1],"tags":[3045],"class_list":["post-20117","post","type-post","status-publish","format-standard","has-post-thumbnail","hentry","category-allgemein","tag-svti-gruppe"],"acf":[],"hkrextid":null,"publication":null,"issue":null,"workflow":null,"startPage":null,"spitzmarke":null,"_posts_by_tag_page_fields":null,"_at_widget":null,"_yoast_wpseo_primary_category":"","_yoast_wpseo_focuskw_text_input":null,"_yoast_wpseo_opengraph-image":null,"_yoast_wpseo_opengraph-description":null,"_yoast_wpseo_opengraph-title":null,"enclosure":null,"_yoast_wpseo_twitter-title":null,"_yoast_wpseo_twitter-description":null,"_yoast_wpseo_twitter-image":null,"_wp_old_slug":null,"_yoast_wpseo_title":null,"_yoast_wpseo_canonical":null,"yoast_head":"<!-- This site is optimized with the Yoast SEO plugin v27.5 - https:\/\/yoast.com\/product\/yoast-seo-wordpress\/ -->\n<title>SVTI mit solidem Ergebnis - Save<\/title>\n<meta name=\"description\" content=\"Der SVTI pr\u00e4sentiert anl\u00e4sslich seiner 154. Jahresversammlung ein solides finanzielles Ergebnis.\" \/>\n<meta name=\"robots\" content=\"index, follow, max-snippet:-1, max-image-preview:large, max-video-preview:-1\" \/>\n<link rel=\"canonical\" href=\"https:\/\/news.save.ch\/de\/svti-mit-solidem-ergebnis\/\" \/>\n<meta property=\"og:locale\" content=\"de_DE\" \/>\n<meta property=\"og:type\" content=\"article\" \/>\n<meta property=\"og:title\" content=\"SVTI mit solidem Ergebnis - Save\" \/>\n<meta property=\"og:description\" content=\"Der SVTI pr\u00e4sentiert anl\u00e4sslich seiner 154. Jahresversammlung ein solides finanzielles Ergebnis.\" \/>\n<meta property=\"og:url\" content=\"https:\/\/news.save.ch\/de\/svti-mit-solidem-ergebnis\/\" \/>\n<meta property=\"og:site_name\" content=\"Save\" \/>\n<meta property=\"article:published_time\" content=\"2023-06-22T04:17:20+00:00\" \/>\n<meta property=\"og:image\" content=\"https:\/\/news.save.ch\/wp-content\/uploads\/2023\/06\/4-scaled.jpg\" \/>\n\t<meta property=\"og:image:width\" content=\"1400\" \/>\n\t<meta property=\"og:image:height\" content=\"933\" \/>\n\t<meta property=\"og:image:type\" content=\"image\/jpeg\" \/>\n<meta name=\"author\" content=\"Roger Str\u00e4ssle\" \/>\n<meta name=\"twitter:card\" content=\"summary_large_image\" \/>\n<meta name=\"twitter:label1\" content=\"Geschrieben von\" \/>\n\t<meta name=\"twitter:data1\" content=\"Roger Str\u00e4ssle\" \/>\n\t<meta name=\"twitter:label2\" content=\"Gesch\u00e4tzte Lesezeit\" \/>\n\t<meta name=\"twitter:data2\" content=\"4\u00a0Minuten\" \/>\n<script type=\"application\/ld+json\" class=\"yoast-schema-graph\">{\"@context\":\"https:\\\/\\\/schema.org\",\"@graph\":[{\"@type\":\"Article\",\"@id\":\"https:\\\/\\\/news.save.ch\\\/svti-mit-solidem-ergebnis\\\/#article\",\"isPartOf\":{\"@id\":\"https:\\\/\\\/news.save.ch\\\/svti-mit-solidem-ergebnis\\\/\"},\"author\":{\"name\":\"Roger Str\u00e4ssle\",\"@id\":\"https:\\\/\\\/news.save.ch\\\/de\\\/#\\\/schema\\\/person\\\/d5022db048e0e2b9785c50e5b24da5aa\"},\"headline\":\"SVTI mit solidem Ergebnis\",\"datePublished\":\"2023-06-22T04:17:20+00:00\",\"mainEntityOfPage\":{\"@id\":\"https:\\\/\\\/news.save.ch\\\/svti-mit-solidem-ergebnis\\\/\"},\"wordCount\":577,\"publisher\":{\"@id\":\"https:\\\/\\\/news.save.ch\\\/de\\\/#organization\"},\"image\":{\"@id\":\"https:\\\/\\\/news.save.ch\\\/svti-mit-solidem-ergebnis\\\/#primaryimage\"},\"thumbnailUrl\":\"https:\\\/\\\/news.save.ch\\\/wp-content\\\/uploads\\\/2023\\\/06\\\/4-scaled.jpg\",\"keywords\":[\"SVTI-Gruppe\"],\"articleSection\":[\"ALLGEMEIN\"],\"inLanguage\":\"de\"},{\"@type\":\"WebPage\",\"@id\":\"https:\\\/\\\/news.save.ch\\\/svti-mit-solidem-ergebnis\\\/\",\"url\":\"https:\\\/\\\/news.save.ch\\\/svti-mit-solidem-ergebnis\\\/\",\"name\":\"SVTI mit solidem Ergebnis - Save\",\"isPartOf\":{\"@id\":\"https:\\\/\\\/news.save.ch\\\/de\\\/#website\"},\"primaryImageOfPage\":{\"@id\":\"https:\\\/\\\/news.save.ch\\\/svti-mit-solidem-ergebnis\\\/#primaryimage\"},\"image\":{\"@id\":\"https:\\\/\\\/news.save.ch\\\/svti-mit-solidem-ergebnis\\\/#primaryimage\"},\"thumbnailUrl\":\"https:\\\/\\\/news.save.ch\\\/wp-content\\\/uploads\\\/2023\\\/06\\\/4-scaled.jpg\",\"datePublished\":\"2023-06-22T04:17:20+00:00\",\"description\":\"Der SVTI pr\u00e4sentiert anl\u00e4sslich seiner 154. Jahresversammlung ein solides finanzielles Ergebnis.\",\"breadcrumb\":{\"@id\":\"https:\\\/\\\/news.save.ch\\\/svti-mit-solidem-ergebnis\\\/#breadcrumb\"},\"inLanguage\":\"de\",\"potentialAction\":[{\"@type\":\"ReadAction\",\"target\":[\"https:\\\/\\\/news.save.ch\\\/svti-mit-solidem-ergebnis\\\/\"]}]},{\"@type\":\"ImageObject\",\"inLanguage\":\"de\",\"@id\":\"https:\\\/\\\/news.save.ch\\\/svti-mit-solidem-ergebnis\\\/#primaryimage\",\"url\":\"https:\\\/\\\/news.save.ch\\\/wp-content\\\/uploads\\\/2023\\\/06\\\/4-scaled.jpg\",\"contentUrl\":\"https:\\\/\\\/news.save.ch\\\/wp-content\\\/uploads\\\/2023\\\/06\\\/4-scaled.jpg\",\"width\":1400,\"height\":933,\"caption\":\"SVTI-Vorstandspr\u00e4sident Udo M. B\u00e4ckert an der 154. Vereinsversammlung.\"},{\"@type\":\"BreadcrumbList\",\"@id\":\"https:\\\/\\\/news.save.ch\\\/svti-mit-solidem-ergebnis\\\/#breadcrumb\",\"itemListElement\":[{\"@type\":\"ListItem\",\"position\":1,\"name\":\"Home\",\"item\":\"https:\\\/\\\/news.save.ch\\\/de\\\/\"},{\"@type\":\"ListItem\",\"position\":2,\"name\":\"SVTI mit solidem Ergebnis\"}]},{\"@type\":\"WebSite\",\"@id\":\"https:\\\/\\\/news.save.ch\\\/de\\\/#website\",\"url\":\"https:\\\/\\\/news.save.ch\\\/de\\\/\",\"name\":\"Save\",\"description\":\"Schweizer Fachzeitschrift f\u00fcr Sicherheit\",\"publisher\":{\"@id\":\"https:\\\/\\\/news.save.ch\\\/de\\\/#organization\"},\"potentialAction\":[{\"@type\":\"SearchAction\",\"target\":{\"@type\":\"EntryPoint\",\"urlTemplate\":\"https:\\\/\\\/news.save.ch\\\/de\\\/?s={search_term_string}\"},\"query-input\":{\"@type\":\"PropertyValueSpecification\",\"valueRequired\":true,\"valueName\":\"search_term_string\"}}],\"inLanguage\":\"de\"},{\"@type\":\"Organization\",\"@id\":\"https:\\\/\\\/news.save.ch\\\/de\\\/#organization\",\"name\":\"Sicherheitsforum\",\"url\":\"https:\\\/\\\/news.save.ch\\\/de\\\/\",\"logo\":{\"@type\":\"ImageObject\",\"inLanguage\":\"de\",\"@id\":\"https:\\\/\\\/news.save.ch\\\/de\\\/#\\\/schema\\\/logo\\\/image\\\/\",\"url\":\"https:\\\/\\\/news.save.ch\\\/wp-content\\\/uploads\\\/2022\\\/06\\\/Logo_SF_2012.png\",\"contentUrl\":\"https:\\\/\\\/news.save.ch\\\/wp-content\\\/uploads\\\/2022\\\/06\\\/Logo_SF_2012.png\",\"width\":1100,\"height\":91,\"caption\":\"Sicherheitsforum\"},\"image\":{\"@id\":\"https:\\\/\\\/news.save.ch\\\/de\\\/#\\\/schema\\\/logo\\\/image\\\/\"}},{\"@type\":\"Person\",\"@id\":\"https:\\\/\\\/news.save.ch\\\/de\\\/#\\\/schema\\\/person\\\/d5022db048e0e2b9785c50e5b24da5aa\",\"name\":\"Roger Str\u00e4ssle\",\"image\":{\"@type\":\"ImageObject\",\"inLanguage\":\"de\",\"@id\":\"https:\\\/\\\/secure.gravatar.com\\\/avatar\\\/862a5569d087de48e5856e32f45d719a03804c891d6deb8d4f71a660e79e4a47?s=96&d=mm&r=g\",\"url\":\"https:\\\/\\\/secure.gravatar.com\\\/avatar\\\/862a5569d087de48e5856e32f45d719a03804c891d6deb8d4f71a660e79e4a47?s=96&d=mm&r=g\",\"contentUrl\":\"https:\\\/\\\/secure.gravatar.com\\\/avatar\\\/862a5569d087de48e5856e32f45d719a03804c891d6deb8d4f71a660e79e4a47?s=96&d=mm&r=g\",\"caption\":\"Roger Str\u00e4ssle\"},\"url\":\"https:\\\/\\\/news.save.ch\\\/de\\\/author\\\/roger-straessle\\\/\"}]}<\/script>\n<!-- \/ Yoast SEO plugin. -->","yoast_head_json":{"title":"SVTI mit solidem Ergebnis - Save","description":"Der SVTI pr\u00e4sentiert anl\u00e4sslich seiner 154. Jahresversammlung ein solides finanzielles Ergebnis.","robots":{"index":"index","follow":"follow","max-snippet":"max-snippet:-1","max-image-preview":"max-image-preview:large","max-video-preview":"max-video-preview:-1"},"canonical":"https:\/\/news.save.ch\/de\/svti-mit-solidem-ergebnis\/","og_locale":"de_DE","og_type":"article","og_title":"SVTI mit solidem Ergebnis - Save","og_description":"Der SVTI pr\u00e4sentiert anl\u00e4sslich seiner 154. Jahresversammlung ein solides finanzielles Ergebnis.","og_url":"https:\/\/news.save.ch\/de\/svti-mit-solidem-ergebnis\/","og_site_name":"Save","article_published_time":"2023-06-22T04:17:20+00:00","og_image":[{"width":1400,"height":933,"url":"https:\/\/news.save.ch\/wp-content\/uploads\/2023\/06\/4-scaled.jpg","type":"image\/jpeg"}],"author":"Roger Str\u00e4ssle","twitter_card":"summary_large_image","twitter_misc":{"Geschrieben von":"Roger Str\u00e4ssle","Gesch\u00e4tzte Lesezeit":"4\u00a0Minuten"},"schema":{"@context":"https:\/\/schema.org","@graph":[{"@type":"Article","@id":"https:\/\/news.save.ch\/svti-mit-solidem-ergebnis\/#article","isPartOf":{"@id":"https:\/\/news.save.ch\/svti-mit-solidem-ergebnis\/"},"author":{"name":"Roger Str\u00e4ssle","@id":"https:\/\/news.save.ch\/de\/#\/schema\/person\/d5022db048e0e2b9785c50e5b24da5aa"},"headline":"SVTI mit solidem Ergebnis","datePublished":"2023-06-22T04:17:20+00:00","mainEntityOfPage":{"@id":"https:\/\/news.save.ch\/svti-mit-solidem-ergebnis\/"},"wordCount":577,"publisher":{"@id":"https:\/\/news.save.ch\/de\/#organization"},"image":{"@id":"https:\/\/news.save.ch\/svti-mit-solidem-ergebnis\/#primaryimage"},"thumbnailUrl":"https:\/\/news.save.ch\/wp-content\/uploads\/2023\/06\/4-scaled.jpg","keywords":["SVTI-Gruppe"],"articleSection":["ALLGEMEIN"],"inLanguage":"de"},{"@type":"WebPage","@id":"https:\/\/news.save.ch\/svti-mit-solidem-ergebnis\/","url":"https:\/\/news.save.ch\/svti-mit-solidem-ergebnis\/","name":"SVTI mit solidem Ergebnis - Save","isPartOf":{"@id":"https:\/\/news.save.ch\/de\/#website"},"primaryImageOfPage":{"@id":"https:\/\/news.save.ch\/svti-mit-solidem-ergebnis\/#primaryimage"},"image":{"@id":"https:\/\/news.save.ch\/svti-mit-solidem-ergebnis\/#primaryimage"},"thumbnailUrl":"https:\/\/news.save.ch\/wp-content\/uploads\/2023\/06\/4-scaled.jpg","datePublished":"2023-06-22T04:17:20+00:00","description":"Der SVTI pr\u00e4sentiert anl\u00e4sslich seiner 154. Jahresversammlung ein solides finanzielles Ergebnis.","breadcrumb":{"@id":"https:\/\/news.save.ch\/svti-mit-solidem-ergebnis\/#breadcrumb"},"inLanguage":"de","potentialAction":[{"@type":"ReadAction","target":["https:\/\/news.save.ch\/svti-mit-solidem-ergebnis\/"]}]},{"@type":"ImageObject","inLanguage":"de","@id":"https:\/\/news.save.ch\/svti-mit-solidem-ergebnis\/#primaryimage","url":"https:\/\/news.save.ch\/wp-content\/uploads\/2023\/06\/4-scaled.jpg","contentUrl":"https:\/\/news.save.ch\/wp-content\/uploads\/2023\/06\/4-scaled.jpg","width":1400,"height":933,"caption":"SVTI-Vorstandspr\u00e4sident Udo M. B\u00e4ckert an der 154. Vereinsversammlung."},{"@type":"BreadcrumbList","@id":"https:\/\/news.save.ch\/svti-mit-solidem-ergebnis\/#breadcrumb","itemListElement":[{"@type":"ListItem","position":1,"name":"Home","item":"https:\/\/news.save.ch\/de\/"},{"@type":"ListItem","position":2,"name":"SVTI mit solidem Ergebnis"}]},{"@type":"WebSite","@id":"https:\/\/news.save.ch\/de\/#website","url":"https:\/\/news.save.ch\/de\/","name":"Save","description":"Schweizer Fachzeitschrift f\u00fcr Sicherheit","publisher":{"@id":"https:\/\/news.save.ch\/de\/#organization"},"potentialAction":[{"@type":"SearchAction","target":{"@type":"EntryPoint","urlTemplate":"https:\/\/news.save.ch\/de\/?s={search_term_string}"},"query-input":{"@type":"PropertyValueSpecification","valueRequired":true,"valueName":"search_term_string"}}],"inLanguage":"de"},{"@type":"Organization","@id":"https:\/\/news.save.ch\/de\/#organization","name":"Sicherheitsforum","url":"https:\/\/news.save.ch\/de\/","logo":{"@type":"ImageObject","inLanguage":"de","@id":"https:\/\/news.save.ch\/de\/#\/schema\/logo\/image\/","url":"https:\/\/news.save.ch\/wp-content\/uploads\/2022\/06\/Logo_SF_2012.png","contentUrl":"https:\/\/news.save.ch\/wp-content\/uploads\/2022\/06\/Logo_SF_2012.png","width":1100,"height":91,"caption":"Sicherheitsforum"},"image":{"@id":"https:\/\/news.save.ch\/de\/#\/schema\/logo\/image\/"}},{"@type":"Person","@id":"https:\/\/news.save.ch\/de\/#\/schema\/person\/d5022db048e0e2b9785c50e5b24da5aa","name":"Roger Str\u00e4ssle","image":{"@type":"ImageObject","inLanguage":"de","@id":"https:\/\/secure.gravatar.com\/avatar\/862a5569d087de48e5856e32f45d719a03804c891d6deb8d4f71a660e79e4a47?s=96&d=mm&r=g","url":"https:\/\/secure.gravatar.com\/avatar\/862a5569d087de48e5856e32f45d719a03804c891d6deb8d4f71a660e79e4a47?s=96&d=mm&r=g","contentUrl":"https:\/\/secure.gravatar.com\/avatar\/862a5569d087de48e5856e32f45d719a03804c891d6deb8d4f71a660e79e4a47?s=96&d=mm&r=g","caption":"Roger Str\u00e4ssle"},"url":"https:\/\/news.save.ch\/de\/author\/roger-straessle\/"}]}},"_links":{"self":[{"href":"https:\/\/news.save.ch\/de\/wp-json\/wp\/v2\/posts\/20117","targetHints":{"allow":["GET"]}}],"collection":[{"href":"https:\/\/news.save.ch\/de\/wp-json\/wp\/v2\/posts"}],"about":[{"href":"https:\/\/news.save.ch\/de\/wp-json\/wp\/v2\/types\/post"}],"author":[{"embeddable":true,"href":"https:\/\/news.save.ch\/de\/wp-json\/wp\/v2\/users\/8"}],"replies":[{"embeddable":true,"href":"https:\/\/news.save.ch\/de\/wp-json\/wp\/v2\/comments?post=20117"}],"version-history":[{"count":2,"href":"https:\/\/news.save.ch\/de\/wp-json\/wp\/v2\/posts\/20117\/revisions"}],"predecessor-version":[{"id":20121,"href":"https:\/\/news.save.ch\/de\/wp-json\/wp\/v2\/posts\/20117\/revisions\/20121"}],"wp:featuredmedia":[{"embeddable":true,"href":"https:\/\/news.save.ch\/de\/wp-json\/wp\/v2\/media\/20118"}],"wp:attachment":[{"href":"https:\/\/news.save.ch\/de\/wp-json\/wp\/v2\/media?parent=20117"}],"wp:term":[{"taxonomy":"category","embeddable":true,"href":"https:\/\/news.save.ch\/de\/wp-json\/wp\/v2\/categories?post=20117"},{"taxonomy":"post_tag","embeddable":true,"href":"https:\/\/news.save.ch\/de\/wp-json\/wp\/v2\/tags?post=20117"}],"curies":[{"name":"wp","href":"https:\/\/api.w.org\/{rel}","templated":true}]}}