{"id":206,"date":"2015-04-28T10:08:44","date_gmt":"2015-04-28T08:08:44","guid":{"rendered":"http:\/\/dev.safety-plus.ch\/?p=206"},"modified":"2023-03-14T09:01:13","modified_gmt":"2023-03-14T08:01:13","slug":"energiewende-schafft-neue-herausforderungen-an-arbeitsschutz","status":null,"type":"post","link":"https:\/\/news.save.ch\/de\/energiewende-schafft-neue-herausforderungen-an-arbeitsschutz\/","title":{"rendered":"Energiewende schafft neue Herausforderungen an Arbeitsschutz"},"content":{"rendered":"<figure id=\"attachment_208\" aria-describedby=\"caption-attachment-208\" style=\"width: 680px\" class=\"wp-caption alignnone\"><img loading=\"lazy\" decoding=\"async\" class=\"wp-image-208 size-medium\" src=\"http:\/\/develop.safety-plus.ch\/wp-content\/uploads\/2016\/12\/Energiewende-schafft-neue-Herausforderungen-an-Arbeitsschutz_safety-plus.jpeg\" alt=\"Reparaturarbeiten an einer Windenergie-Anlage: Die neuen Berufsfelder der erneuerbaren Energie bergen besondere Herausforderungen f\u00fcr die Arbeitssicherheit.\" width=\"680\" height=\"450\" \/><figcaption id=\"caption-attachment-208\" class=\"wp-caption-text\">Reparaturarbeiten an einer Windenergie-Anlage: Die neuen Berufsfelder der erneuerbaren Energie bergen besondere Herausforderungen f\u00fcr die Arbeitssicherheit.<\/figcaption><\/figure>\n<p>&#8222;Gr\u00fcne Arbeitspl\u00e4tze&#8220; schaffen besondere Anforderungen an den Arbeitsschutz und die Arbeitssicherheit. Auf dies machen anl\u00e4sslich des heutigen Welttags zu Sicherheit und\u00a0Gesundheit am Arbeitsplatz die internationale Laberorganisation ILO sowie Berufsgenossenschaften und Deutsche Unfallkassen hin.<\/p>\n<p>Durch die neuen Berufsbilder entstehen neue Risiken. Zum Beispiel muss ein Rettungskonzept f\u00fcr Unfallverletzte in Offshore-Windanlagen erst noch erstellt werden.<\/p>\n<p>Auch der Gesundheitsschutz beim Umgang\u00a0Solarzellen ist eine neue Herausforderungen: Neuartige gef\u00e4hrliche Stoffe wie etwa Cadmiumtellurid werden immer \u00f6fters eingesetzt. Insgesamt enth\u00e4lt eine Photovoltaikanlage rund 15 gef\u00e4hrliche Substanzen. Das ist nicht nur bei Herstellung, Installation und Recycling ein Thema, sondern muss zum Beispiel auch im Brandfall ber\u00fccksichtigt werden: Die Feuerwehrleute m\u00fcssen besonders gesch\u00fctzt werden, wenn sich auf dem Dach eines brennenden Hauses eine Solaranlage befindet.<\/p>\n<p>Weltweit arbeiten laut ILO bereits 4,2 Millionen Menschen im Bereich der erneuerbaren Energien &#8211; Tendenz stark steigend. Die ILO erwartet, dass es bis 2030 gar bereits 30 Millionen Personen sein werden.<\/p>\n<p>Verschiedene <a href=\"http:\/\/www.ilo.org\/global\/topics\/green-jobs\/lang--en\/index.htm\" target=\"_blank\" data-cke-saved-href=\"http:\/\/www.ilo.org\/global\/topics\/green-jobs\/lang--en\/index.htm\" rel=\"noopener\">News und Publikationen<\/a> zum Thema &#8222;Gr\u00fcne Arbeitspl\u00e4tze&#8220; sind auf der Website der ILO zu finden. (in Englisch).<\/p>\n","protected":false},"excerpt":{"rendered":"<p>&#8222;Gr\u00fcne Arbeitspl\u00e4tze&#8220; schaffen besondere Anforderungen an den Arbeitsschutz und die Arbeitssicherheit. Auf dies machen anl\u00e4sslich des heutigen Welttags zu Sicherheit und\u00a0Gesundheit am Arbeitsplatz die internationale Laberorganisation ILO sowie Berufsgenossenschaften und Deutsche Unfallkassen hin. Durch die neuen Berufsbilder entstehen neue Risiken. Zum Beispiel muss ein Rettungskonzept f\u00fcr Unfallverletzte in Offshore-Windanlagen erst noch erstellt werden. Auch der [&hellip;]<\/p>\n","protected":false},"author":1,"featured_media":15983,"comment_status":"open","ping_status":"open","sticky":false,"template":"","format":"standard","meta":{"_acf_changed":false,"pgc_sgb_lightbox_settings":"","footnotes":""},"categories":[3314],"tags":[172],"class_list":["post-206","post","type-post","status-publish","format-standard","has-post-thumbnail","hentry","category-health-safety","tag-arbeitssicherheit"],"acf":[],"hkrextid":null,"publication":null,"issue":null,"workflow":null,"startPage":null,"spitzmarke":null,"_posts_by_tag_page_fields":{"widget_title":"","widget_tags":""},"_at_widget":"1","_yoast_wpseo_primary_category":"5","_yoast_wpseo_focuskw_text_input":"Energiewende","_yoast_wpseo_opengraph-image":null,"_yoast_wpseo_opengraph-description":null,"_yoast_wpseo_opengraph-title":null,"enclosure":null,"_yoast_wpseo_twitter-title":null,"_yoast_wpseo_twitter-description":null,"_yoast_wpseo_twitter-image":null,"_wp_old_slug":null,"_yoast_wpseo_title":null,"_yoast_wpseo_canonical":null,"yoast_head":"<!-- This site is optimized with the Yoast SEO plugin v27.5 - https:\/\/yoast.com\/product\/yoast-seo-wordpress\/ -->\n<title>Energiewende schafft neue Herausforderungen an Arbeitsschutz - Save<\/title>\n<meta name=\"description\" content=\"Energiewende: Die ILO weist auf die wachsenden Herausforderungen hin, die vom Bereich der erneuerbaren Energien ausgehen.\" \/>\n<meta name=\"robots\" content=\"index, follow, max-snippet:-1, max-image-preview:large, max-video-preview:-1\" \/>\n<link rel=\"canonical\" href=\"https:\/\/news.save.ch\/de\/energiewende-schafft-neue-herausforderungen-an-arbeitsschutz\/\" \/>\n<meta property=\"og:locale\" content=\"de_DE\" \/>\n<meta property=\"og:type\" content=\"article\" \/>\n<meta property=\"og:title\" content=\"Energiewende schafft neue Herausforderungen an Arbeitsschutz - Save\" \/>\n<meta property=\"og:description\" content=\"Energiewende: Die ILO weist auf die wachsenden Herausforderungen hin, die vom Bereich der erneuerbaren Energien ausgehen.\" \/>\n<meta property=\"og:url\" content=\"https:\/\/news.save.ch\/de\/energiewende-schafft-neue-herausforderungen-an-arbeitsschutz\/\" \/>\n<meta property=\"og:site_name\" content=\"Save\" \/>\n<meta property=\"article:published_time\" content=\"2015-04-28T08:08:44+00:00\" \/>\n<meta property=\"article:modified_time\" content=\"2023-03-14T08:01:13+00:00\" \/>\n<meta property=\"og:image\" content=\"https:\/\/news.save.ch\/wp-content\/uploads\/2016\/12\/Energiewende-schafft-neue-Herausforderungen-an-Arbeitsschutz_safety-plus-scaled-1.jpeg\" \/>\n\t<meta property=\"og:image:width\" content=\"1200\" \/>\n\t<meta property=\"og:image:height\" content=\"795\" \/>\n\t<meta property=\"og:image:type\" content=\"image\/jpeg\" \/>\n<meta name=\"author\" content=\"admin\" \/>\n<meta name=\"twitter:card\" content=\"summary_large_image\" \/>\n<meta name=\"twitter:label1\" content=\"Geschrieben von\" \/>\n\t<meta name=\"twitter:data1\" content=\"admin\" \/>\n\t<meta name=\"twitter:label2\" content=\"Gesch\u00e4tzte Lesezeit\" \/>\n\t<meta name=\"twitter:data2\" content=\"1\u00a0Minute\" \/>\n<script type=\"application\/ld+json\" class=\"yoast-schema-graph\">{\"@context\":\"https:\\\/\\\/schema.org\",\"@graph\":[{\"@type\":\"Article\",\"@id\":\"https:\\\/\\\/news.save.ch\\\/energiewende-schafft-neue-herausforderungen-an-arbeitsschutz\\\/#article\",\"isPartOf\":{\"@id\":\"https:\\\/\\\/news.save.ch\\\/energiewende-schafft-neue-herausforderungen-an-arbeitsschutz\\\/\"},\"author\":{\"name\":\"admin\",\"@id\":\"https:\\\/\\\/news.save.ch\\\/de\\\/#\\\/schema\\\/person\\\/d49e199490bad7c70d64b9ab51142f2b\"},\"headline\":\"Energiewende schafft neue Herausforderungen an Arbeitsschutz\",\"datePublished\":\"2015-04-28T08:08:44+00:00\",\"dateModified\":\"2023-03-14T08:01:13+00:00\",\"mainEntityOfPage\":{\"@id\":\"https:\\\/\\\/news.save.ch\\\/energiewende-schafft-neue-herausforderungen-an-arbeitsschutz\\\/\"},\"wordCount\":206,\"commentCount\":0,\"publisher\":{\"@id\":\"https:\\\/\\\/news.save.ch\\\/de\\\/#organization\"},\"image\":{\"@id\":\"https:\\\/\\\/news.save.ch\\\/energiewende-schafft-neue-herausforderungen-an-arbeitsschutz\\\/#primaryimage\"},\"thumbnailUrl\":\"https:\\\/\\\/news.save.ch\\\/wp-content\\\/uploads\\\/2016\\\/12\\\/Energiewende-schafft-neue-Herausforderungen-an-Arbeitsschutz_safety-plus-scaled-1.jpeg\",\"keywords\":[\"Arbeitssicherheit\"],\"articleSection\":[\"HEALTH &amp; SAFETY\"],\"inLanguage\":\"de\"},{\"@type\":\"WebPage\",\"@id\":\"https:\\\/\\\/news.save.ch\\\/energiewende-schafft-neue-herausforderungen-an-arbeitsschutz\\\/\",\"url\":\"https:\\\/\\\/news.save.ch\\\/energiewende-schafft-neue-herausforderungen-an-arbeitsschutz\\\/\",\"name\":\"Energiewende schafft neue Herausforderungen an Arbeitsschutz - Save\",\"isPartOf\":{\"@id\":\"https:\\\/\\\/news.save.ch\\\/de\\\/#website\"},\"primaryImageOfPage\":{\"@id\":\"https:\\\/\\\/news.save.ch\\\/energiewende-schafft-neue-herausforderungen-an-arbeitsschutz\\\/#primaryimage\"},\"image\":{\"@id\":\"https:\\\/\\\/news.save.ch\\\/energiewende-schafft-neue-herausforderungen-an-arbeitsschutz\\\/#primaryimage\"},\"thumbnailUrl\":\"https:\\\/\\\/news.save.ch\\\/wp-content\\\/uploads\\\/2016\\\/12\\\/Energiewende-schafft-neue-Herausforderungen-an-Arbeitsschutz_safety-plus-scaled-1.jpeg\",\"datePublished\":\"2015-04-28T08:08:44+00:00\",\"dateModified\":\"2023-03-14T08:01:13+00:00\",\"description\":\"Energiewende: Die ILO weist auf die wachsenden Herausforderungen hin, die vom Bereich der erneuerbaren Energien ausgehen.\",\"breadcrumb\":{\"@id\":\"https:\\\/\\\/news.save.ch\\\/energiewende-schafft-neue-herausforderungen-an-arbeitsschutz\\\/#breadcrumb\"},\"inLanguage\":\"de\",\"potentialAction\":[{\"@type\":\"ReadAction\",\"target\":[\"https:\\\/\\\/news.save.ch\\\/energiewende-schafft-neue-herausforderungen-an-arbeitsschutz\\\/\"]}]},{\"@type\":\"ImageObject\",\"inLanguage\":\"de\",\"@id\":\"https:\\\/\\\/news.save.ch\\\/energiewende-schafft-neue-herausforderungen-an-arbeitsschutz\\\/#primaryimage\",\"url\":\"https:\\\/\\\/news.save.ch\\\/wp-content\\\/uploads\\\/2016\\\/12\\\/Energiewende-schafft-neue-Herausforderungen-an-Arbeitsschutz_safety-plus-scaled-1.jpeg\",\"contentUrl\":\"https:\\\/\\\/news.save.ch\\\/wp-content\\\/uploads\\\/2016\\\/12\\\/Energiewende-schafft-neue-Herausforderungen-an-Arbeitsschutz_safety-plus-scaled-1.jpeg\",\"width\":1200,\"height\":795,\"caption\":\"Reparaturarbeiten an einer Windenergie-Anlage: Die neuen Berufsfelder der erneuerbaren Energie bergen besondere Herausforderungen f\u00fcr die Arbeitssicherheit.\"},{\"@type\":\"BreadcrumbList\",\"@id\":\"https:\\\/\\\/news.save.ch\\\/energiewende-schafft-neue-herausforderungen-an-arbeitsschutz\\\/#breadcrumb\",\"itemListElement\":[{\"@type\":\"ListItem\",\"position\":1,\"name\":\"Home\",\"item\":\"https:\\\/\\\/news.save.ch\\\/de\\\/\"},{\"@type\":\"ListItem\",\"position\":2,\"name\":\"Energiewende schafft neue Herausforderungen an Arbeitsschutz\"}]},{\"@type\":\"WebSite\",\"@id\":\"https:\\\/\\\/news.save.ch\\\/de\\\/#website\",\"url\":\"https:\\\/\\\/news.save.ch\\\/de\\\/\",\"name\":\"Save\",\"description\":\"Schweizer Fachzeitschrift f\u00fcr Sicherheit\",\"publisher\":{\"@id\":\"https:\\\/\\\/news.save.ch\\\/de\\\/#organization\"},\"potentialAction\":[{\"@type\":\"SearchAction\",\"target\":{\"@type\":\"EntryPoint\",\"urlTemplate\":\"https:\\\/\\\/news.save.ch\\\/de\\\/?s={search_term_string}\"},\"query-input\":{\"@type\":\"PropertyValueSpecification\",\"valueRequired\":true,\"valueName\":\"search_term_string\"}}],\"inLanguage\":\"de\"},{\"@type\":\"Organization\",\"@id\":\"https:\\\/\\\/news.save.ch\\\/de\\\/#organization\",\"name\":\"Sicherheitsforum\",\"url\":\"https:\\\/\\\/news.save.ch\\\/de\\\/\",\"logo\":{\"@type\":\"ImageObject\",\"inLanguage\":\"de\",\"@id\":\"https:\\\/\\\/news.save.ch\\\/de\\\/#\\\/schema\\\/logo\\\/image\\\/\",\"url\":\"https:\\\/\\\/news.save.ch\\\/wp-content\\\/uploads\\\/2022\\\/06\\\/Logo_SF_2012.png\",\"contentUrl\":\"https:\\\/\\\/news.save.ch\\\/wp-content\\\/uploads\\\/2022\\\/06\\\/Logo_SF_2012.png\",\"width\":1100,\"height\":91,\"caption\":\"Sicherheitsforum\"},\"image\":{\"@id\":\"https:\\\/\\\/news.save.ch\\\/de\\\/#\\\/schema\\\/logo\\\/image\\\/\"}},{\"@type\":\"Person\",\"@id\":\"https:\\\/\\\/news.save.ch\\\/de\\\/#\\\/schema\\\/person\\\/d49e199490bad7c70d64b9ab51142f2b\",\"name\":\"admin\",\"image\":{\"@type\":\"ImageObject\",\"inLanguage\":\"de\",\"@id\":\"https:\\\/\\\/secure.gravatar.com\\\/avatar\\\/ae2f4d718e6c49043e314ce431e7e645d646302a24a5ef5a8bc8e3f5a032e319?s=96&d=mm&r=g\",\"url\":\"https:\\\/\\\/secure.gravatar.com\\\/avatar\\\/ae2f4d718e6c49043e314ce431e7e645d646302a24a5ef5a8bc8e3f5a032e319?s=96&d=mm&r=g\",\"contentUrl\":\"https:\\\/\\\/secure.gravatar.com\\\/avatar\\\/ae2f4d718e6c49043e314ce431e7e645d646302a24a5ef5a8bc8e3f5a032e319?s=96&d=mm&r=g\",\"caption\":\"admin\"},\"sameAs\":[\"https:\\\/\\\/develop.organisator.galledia.ch\"],\"url\":\"https:\\\/\\\/news.save.ch\\\/de\\\/author\\\/admin\\\/\"}]}<\/script>\n<!-- \/ Yoast SEO plugin. -->","yoast_head_json":{"title":"Energiewende schafft neue Herausforderungen an Arbeitsschutz - Save","description":"Energiewende: Die ILO weist auf die wachsenden Herausforderungen hin, die vom Bereich der erneuerbaren Energien ausgehen.","robots":{"index":"index","follow":"follow","max-snippet":"max-snippet:-1","max-image-preview":"max-image-preview:large","max-video-preview":"max-video-preview:-1"},"canonical":"https:\/\/news.save.ch\/de\/energiewende-schafft-neue-herausforderungen-an-arbeitsschutz\/","og_locale":"de_DE","og_type":"article","og_title":"Energiewende schafft neue Herausforderungen an Arbeitsschutz - Save","og_description":"Energiewende: Die ILO weist auf die wachsenden Herausforderungen hin, die vom Bereich der erneuerbaren Energien ausgehen.","og_url":"https:\/\/news.save.ch\/de\/energiewende-schafft-neue-herausforderungen-an-arbeitsschutz\/","og_site_name":"Save","article_published_time":"2015-04-28T08:08:44+00:00","article_modified_time":"2023-03-14T08:01:13+00:00","og_image":[{"width":1200,"height":795,"url":"https:\/\/news.save.ch\/wp-content\/uploads\/2016\/12\/Energiewende-schafft-neue-Herausforderungen-an-Arbeitsschutz_safety-plus-scaled-1.jpeg","type":"image\/jpeg"}],"author":"admin","twitter_card":"summary_large_image","twitter_misc":{"Geschrieben von":"admin","Gesch\u00e4tzte Lesezeit":"1\u00a0Minute"},"schema":{"@context":"https:\/\/schema.org","@graph":[{"@type":"Article","@id":"https:\/\/news.save.ch\/energiewende-schafft-neue-herausforderungen-an-arbeitsschutz\/#article","isPartOf":{"@id":"https:\/\/news.save.ch\/energiewende-schafft-neue-herausforderungen-an-arbeitsschutz\/"},"author":{"name":"admin","@id":"https:\/\/news.save.ch\/de\/#\/schema\/person\/d49e199490bad7c70d64b9ab51142f2b"},"headline":"Energiewende schafft neue Herausforderungen an Arbeitsschutz","datePublished":"2015-04-28T08:08:44+00:00","dateModified":"2023-03-14T08:01:13+00:00","mainEntityOfPage":{"@id":"https:\/\/news.save.ch\/energiewende-schafft-neue-herausforderungen-an-arbeitsschutz\/"},"wordCount":206,"commentCount":0,"publisher":{"@id":"https:\/\/news.save.ch\/de\/#organization"},"image":{"@id":"https:\/\/news.save.ch\/energiewende-schafft-neue-herausforderungen-an-arbeitsschutz\/#primaryimage"},"thumbnailUrl":"https:\/\/news.save.ch\/wp-content\/uploads\/2016\/12\/Energiewende-schafft-neue-Herausforderungen-an-Arbeitsschutz_safety-plus-scaled-1.jpeg","keywords":["Arbeitssicherheit"],"articleSection":["HEALTH &amp; SAFETY"],"inLanguage":"de"},{"@type":"WebPage","@id":"https:\/\/news.save.ch\/energiewende-schafft-neue-herausforderungen-an-arbeitsschutz\/","url":"https:\/\/news.save.ch\/energiewende-schafft-neue-herausforderungen-an-arbeitsschutz\/","name":"Energiewende schafft neue Herausforderungen an Arbeitsschutz - Save","isPartOf":{"@id":"https:\/\/news.save.ch\/de\/#website"},"primaryImageOfPage":{"@id":"https:\/\/news.save.ch\/energiewende-schafft-neue-herausforderungen-an-arbeitsschutz\/#primaryimage"},"image":{"@id":"https:\/\/news.save.ch\/energiewende-schafft-neue-herausforderungen-an-arbeitsschutz\/#primaryimage"},"thumbnailUrl":"https:\/\/news.save.ch\/wp-content\/uploads\/2016\/12\/Energiewende-schafft-neue-Herausforderungen-an-Arbeitsschutz_safety-plus-scaled-1.jpeg","datePublished":"2015-04-28T08:08:44+00:00","dateModified":"2023-03-14T08:01:13+00:00","description":"Energiewende: Die ILO weist auf die wachsenden Herausforderungen hin, die vom Bereich der erneuerbaren Energien ausgehen.","breadcrumb":{"@id":"https:\/\/news.save.ch\/energiewende-schafft-neue-herausforderungen-an-arbeitsschutz\/#breadcrumb"},"inLanguage":"de","potentialAction":[{"@type":"ReadAction","target":["https:\/\/news.save.ch\/energiewende-schafft-neue-herausforderungen-an-arbeitsschutz\/"]}]},{"@type":"ImageObject","inLanguage":"de","@id":"https:\/\/news.save.ch\/energiewende-schafft-neue-herausforderungen-an-arbeitsschutz\/#primaryimage","url":"https:\/\/news.save.ch\/wp-content\/uploads\/2016\/12\/Energiewende-schafft-neue-Herausforderungen-an-Arbeitsschutz_safety-plus-scaled-1.jpeg","contentUrl":"https:\/\/news.save.ch\/wp-content\/uploads\/2016\/12\/Energiewende-schafft-neue-Herausforderungen-an-Arbeitsschutz_safety-plus-scaled-1.jpeg","width":1200,"height":795,"caption":"Reparaturarbeiten an einer Windenergie-Anlage: Die neuen Berufsfelder der erneuerbaren Energie bergen besondere Herausforderungen f\u00fcr die Arbeitssicherheit."},{"@type":"BreadcrumbList","@id":"https:\/\/news.save.ch\/energiewende-schafft-neue-herausforderungen-an-arbeitsschutz\/#breadcrumb","itemListElement":[{"@type":"ListItem","position":1,"name":"Home","item":"https:\/\/news.save.ch\/de\/"},{"@type":"ListItem","position":2,"name":"Energiewende schafft neue Herausforderungen an Arbeitsschutz"}]},{"@type":"WebSite","@id":"https:\/\/news.save.ch\/de\/#website","url":"https:\/\/news.save.ch\/de\/","name":"Save","description":"Schweizer Fachzeitschrift f\u00fcr Sicherheit","publisher":{"@id":"https:\/\/news.save.ch\/de\/#organization"},"potentialAction":[{"@type":"SearchAction","target":{"@type":"EntryPoint","urlTemplate":"https:\/\/news.save.ch\/de\/?s={search_term_string}"},"query-input":{"@type":"PropertyValueSpecification","valueRequired":true,"valueName":"search_term_string"}}],"inLanguage":"de"},{"@type":"Organization","@id":"https:\/\/news.save.ch\/de\/#organization","name":"Sicherheitsforum","url":"https:\/\/news.save.ch\/de\/","logo":{"@type":"ImageObject","inLanguage":"de","@id":"https:\/\/news.save.ch\/de\/#\/schema\/logo\/image\/","url":"https:\/\/news.save.ch\/wp-content\/uploads\/2022\/06\/Logo_SF_2012.png","contentUrl":"https:\/\/news.save.ch\/wp-content\/uploads\/2022\/06\/Logo_SF_2012.png","width":1100,"height":91,"caption":"Sicherheitsforum"},"image":{"@id":"https:\/\/news.save.ch\/de\/#\/schema\/logo\/image\/"}},{"@type":"Person","@id":"https:\/\/news.save.ch\/de\/#\/schema\/person\/d49e199490bad7c70d64b9ab51142f2b","name":"admin","image":{"@type":"ImageObject","inLanguage":"de","@id":"https:\/\/secure.gravatar.com\/avatar\/ae2f4d718e6c49043e314ce431e7e645d646302a24a5ef5a8bc8e3f5a032e319?s=96&d=mm&r=g","url":"https:\/\/secure.gravatar.com\/avatar\/ae2f4d718e6c49043e314ce431e7e645d646302a24a5ef5a8bc8e3f5a032e319?s=96&d=mm&r=g","contentUrl":"https:\/\/secure.gravatar.com\/avatar\/ae2f4d718e6c49043e314ce431e7e645d646302a24a5ef5a8bc8e3f5a032e319?s=96&d=mm&r=g","caption":"admin"},"sameAs":["https:\/\/develop.organisator.galledia.ch"],"url":"https:\/\/news.save.ch\/de\/author\/admin\/"}]}},"_links":{"self":[{"href":"https:\/\/news.save.ch\/de\/wp-json\/wp\/v2\/posts\/206","targetHints":{"allow":["GET"]}}],"collection":[{"href":"https:\/\/news.save.ch\/de\/wp-json\/wp\/v2\/posts"}],"about":[{"href":"https:\/\/news.save.ch\/de\/wp-json\/wp\/v2\/types\/post"}],"author":[{"embeddable":true,"href":"https:\/\/news.save.ch\/de\/wp-json\/wp\/v2\/users\/1"}],"replies":[{"embeddable":true,"href":"https:\/\/news.save.ch\/de\/wp-json\/wp\/v2\/comments?post=206"}],"version-history":[{"count":1,"href":"https:\/\/news.save.ch\/de\/wp-json\/wp\/v2\/posts\/206\/revisions"}],"predecessor-version":[{"id":18406,"href":"https:\/\/news.save.ch\/de\/wp-json\/wp\/v2\/posts\/206\/revisions\/18406"}],"wp:featuredmedia":[{"embeddable":true,"href":"https:\/\/news.save.ch\/de\/wp-json\/wp\/v2\/media\/15983"}],"wp:attachment":[{"href":"https:\/\/news.save.ch\/de\/wp-json\/wp\/v2\/media?parent=206"}],"wp:term":[{"taxonomy":"category","embeddable":true,"href":"https:\/\/news.save.ch\/de\/wp-json\/wp\/v2\/categories?post=206"},{"taxonomy":"post_tag","embeddable":true,"href":"https:\/\/news.save.ch\/de\/wp-json\/wp\/v2\/tags?post=206"}],"curies":[{"name":"wp","href":"https:\/\/api.w.org\/{rel}","templated":true}]}}