{"id":2060,"date":"2015-12-18T16:02:16","date_gmt":"2015-12-18T15:02:16","guid":{"rendered":"https:\/\/dev.sicherheitsforum.ch\/?p=2060"},"modified":"2015-12-18T16:02:16","modified_gmt":"2015-12-18T15:02:16","slug":"flugzeit-von-drohnen-stark-verlaengert","status":null,"type":"post","link":"https:\/\/news.save.ch\/de\/flugzeit-von-drohnen-stark-verlaengert\/","title":{"rendered":"Flugzeit von Drohnen stark verl\u00e4ngert"},"content":{"rendered":"<figure id=\"attachment_2061\" aria-describedby=\"caption-attachment-2061\" style=\"width: 680px\" class=\"wp-caption alignnone\"><img loading=\"lazy\" decoding=\"async\" class=\"wp-image-2061 size-medium\" src=\"https:\/\/news.save.ch\/wp-content\/uploads\/2016\/12\/Flugzeit-von-Drohnen-stark-verlaengert-sicherheitsforum.jpg\" width=\"680\" height=\"441\" srcset=\"https:\/\/news.save.ch\/wp-content\/uploads\/2016\/12\/Flugzeit-von-Drohnen-stark-verlaengert-sicherheitsforum.jpg 1000w, https:\/\/news.save.ch\/wp-content\/uploads\/2016\/12\/Flugzeit-von-Drohnen-stark-verlaengert-sicherheitsforum-375x243.jpg 375w\" sizes=\"auto, (max-width: 680px) 100vw, 680px\" \/><figcaption id=\"caption-attachment-2061\" class=\"wp-caption-text\">Foto: Intelligent Energy<\/figcaption><\/figure>\n<p>Die Standard-Akkus der Fluggef\u00e4hrte sind nicht gerade berauschend: Nach nur rund 20 Minuten geht ihnen die Luft aus. Doch gerade f\u00fcr eine kommerzielle Nutzung ist eine l\u00e4ngere Flugzeit zwingend.<\/p>\n<p><strong>Zum Beispiel f\u00fcr Such- und Rettungseins\u00e4tze<\/strong><\/p>\n<p>Mit der neuen Wasserstoff-Brennstoffzelle des Anbieters <a href=\"https:\/\/intelligent-energy.com\" target=\"_blank\" data-cke-saved-href=\"https:\/\/intelligent-energy.com\" rel=\"noopener\">Intelligent Energy<\/a> soll das Batterie-Problem der Vergangenheit angeh\u00f6ren, wie die Nachrichtenagentur Pressetext.com auf seinem Portal schreibt. Mithilfe des &#8222;Range Extenders&#8220;, der dank Leichtbauweise auf die Standard-Batterie aufgesteckt wird, soll sich die kurze Flugzeit auf mehrere Stunden verl\u00e4ngern lassen, wie es heisst. Damit w\u00fcrden sich Drohnen f\u00fcr diverse neue Einsatzm\u00f6glichkeiten eignen. Diesbez\u00fcglich verweist die Firma Intelligent Energy auf Inspektions-Drohnen, die Bohrinseln auf Fehler und Schwachstellen \u00fcberpr\u00fcfen. Damit w\u00fcrden sich Drohnen auch f\u00fcr Such- und Rettungseins\u00e4tze eignen.<\/p>\n<p>Drohnen werden nicht nur kommerziell genutzt, vermehrt muss man sich um die Privatsph\u00e4re sorgen. Die Flugk\u00f6rper k\u00f6nnen aber auch f\u00fcr diverse kriminelle Zwecke eingesetzt werden. Nicht umsonst sind bereits sogenannte Drohnenabwehrsysteme auf dem Markt. Mit einer deutlich l\u00e4ngeren Flugzeit wird wohl auch der Missbrauch zunehmen.<\/p>\n<p><strong>Nur zwei Minuten Ladezeit<\/strong><\/p>\n<p>Zur\u00fcck zur Wasserstoff-Brennstoffzelle: Mit dem \u201eRange Extender\u201c wurde gem\u00e4ss Entwicklungsfirma ein umfangreicher Praxistest durchgef\u00fchrt. Dabei habe man verschiedene Versionen von Drohnen gepr\u00fcft: einige waren nur mit einer Wasserstoff-Brennstoffzelle ausgestattet, andere wiederum mit einer Kombination aus Batterie und Brennstoffzelle. Das Ergebnis: Mittels der Kombination beider Energiequellen konnte die Flugzeit von 20 Minuten auf \u00fcber zwei Stunden ausgedehnt werden. Auch die Ladezeit von ein bis zwei Stunden liess sich im Schnitt auf zwei Minuten reduzieren, wie Pressetext.com schreibt.<\/p>\n<p>Wann die neue Brennstoffzelle im Handel erh\u00e4ltlich sein wird, steht bislang noch nicht fest. Eine erste \u00f6ffentliche Demonstration der Technologie soll im Zuge der Consumer Electronics <a href=\"https:\/\/cesweb.org\" target=\"_blank\" data-cke-saved-href=\"https:\/\/cesweb.org\" rel=\"noopener\">Show 2016 <\/a>erfolgen, die von 6. bis 9. Januar 2016 in Las Vegas stattfindet.<\/p>\n<p>&nbsp;<\/p>\n","protected":false},"excerpt":{"rendered":"<p>Die Standard-Akkus der Fluggef\u00e4hrte sind nicht gerade berauschend: Nach nur rund 20 Minuten geht ihnen die Luft aus. Doch gerade f\u00fcr eine kommerzielle Nutzung ist eine l\u00e4ngere Flugzeit zwingend. Zum Beispiel f\u00fcr Such- und Rettungseins\u00e4tze Mit der neuen Wasserstoff-Brennstoffzelle des Anbieters Intelligent Energy soll das Batterie-Problem der Vergangenheit angeh\u00f6ren, wie die Nachrichtenagentur Pressetext.com auf seinem [&hellip;]<\/p>\n","protected":false},"author":1,"featured_media":2061,"comment_status":"open","ping_status":"open","sticky":false,"template":"","format":"standard","meta":{"_acf_changed":false,"pgc_sgb_lightbox_settings":"","footnotes":""},"categories":[1],"tags":[65],"class_list":["post-2060","post","type-post","status-publish","format-standard","has-post-thumbnail","hentry","category-allgemein","tag-unternehmen"],"acf":[],"hkrextid":null,"publication":null,"issue":null,"workflow":null,"startPage":null,"spitzmarke":null,"_posts_by_tag_page_fields":{"widget_title":"","widget_tags":""},"_at_widget":"1","_yoast_wpseo_primary_category":"1","_yoast_wpseo_focuskw_text_input":"Flugzeit von Drohnen stark verl\u00e4ngert","_yoast_wpseo_opengraph-image":"https:\/\/news.save.ch\/wp-content\/uploads\/2016\/12\/Flugzeit-von-Drohnen-stark-verl\u00e4ngert-sicherheitsforum.jpg","_yoast_wpseo_opengraph-description":"Das Unternehmen Intelligent Energy hat eine neue Wasserstoff-Brennstoffzelle entwickelt, welche die Flugzeit von Drohnen stark verl\u00e4ngert.","_yoast_wpseo_opengraph-title":"Flugzeit von Drohnen stark verl\u00e4ngert","enclosure":null,"_yoast_wpseo_twitter-title":null,"_yoast_wpseo_twitter-description":null,"_yoast_wpseo_twitter-image":null,"_wp_old_slug":null,"_yoast_wpseo_title":null,"_yoast_wpseo_canonical":null,"yoast_head":"<!-- This site is optimized with the Yoast SEO plugin v27.5 - https:\/\/yoast.com\/product\/yoast-seo-wordpress\/ -->\n<title>Flugzeit von Drohnen stark verl\u00e4ngert - Save<\/title>\n<meta name=\"description\" content=\"Das Unternehmen Intelligent Energy hat eine neue Wasserstoff-Brennstoffzelle entwickelt, welche die Flugzeit von Drohnen stark verl\u00e4ngert.\" \/>\n<meta name=\"robots\" content=\"index, follow, max-snippet:-1, max-image-preview:large, max-video-preview:-1\" \/>\n<link rel=\"canonical\" href=\"https:\/\/news.save.ch\/de\/flugzeit-von-drohnen-stark-verlaengert\/\" \/>\n<meta property=\"og:locale\" content=\"de_DE\" \/>\n<meta property=\"og:type\" content=\"article\" \/>\n<meta property=\"og:title\" content=\"Flugzeit von Drohnen stark verl\u00e4ngert\" \/>\n<meta property=\"og:description\" content=\"Das Unternehmen Intelligent Energy hat eine neue Wasserstoff-Brennstoffzelle entwickelt, welche die Flugzeit von Drohnen stark verl\u00e4ngert.\" \/>\n<meta property=\"og:url\" content=\"https:\/\/news.save.ch\/de\/flugzeit-von-drohnen-stark-verlaengert\/\" \/>\n<meta property=\"og:site_name\" content=\"Save\" \/>\n<meta property=\"article:published_time\" content=\"2015-12-18T15:02:16+00:00\" \/>\n<meta property=\"og:image\" content=\"https:\/\/news.save.ch\/wp-content\/uploads\/2016\/12\/Flugzeit-von-Drohnen-stark-verl\u00e4ngert-sicherheitsforum.jpg\" \/>\n<meta name=\"author\" content=\"admin\" \/>\n<meta name=\"twitter:card\" content=\"summary_large_image\" \/>\n<meta name=\"twitter:label1\" content=\"Geschrieben von\" \/>\n\t<meta name=\"twitter:data1\" content=\"admin\" \/>\n\t<meta name=\"twitter:label2\" content=\"Gesch\u00e4tzte Lesezeit\" \/>\n\t<meta name=\"twitter:data2\" content=\"2\u00a0Minuten\" \/>\n<script type=\"application\/ld+json\" class=\"yoast-schema-graph\">{\"@context\":\"https:\\\/\\\/schema.org\",\"@graph\":[{\"@type\":\"Article\",\"@id\":\"https:\\\/\\\/news.save.ch\\\/flugzeit-von-drohnen-stark-verlaengert\\\/#article\",\"isPartOf\":{\"@id\":\"https:\\\/\\\/news.save.ch\\\/flugzeit-von-drohnen-stark-verlaengert\\\/\"},\"author\":{\"name\":\"admin\",\"@id\":\"https:\\\/\\\/news.save.ch\\\/de\\\/#\\\/schema\\\/person\\\/d49e199490bad7c70d64b9ab51142f2b\"},\"headline\":\"Flugzeit von Drohnen stark verl\u00e4ngert\",\"datePublished\":\"2015-12-18T15:02:16+00:00\",\"mainEntityOfPage\":{\"@id\":\"https:\\\/\\\/news.save.ch\\\/flugzeit-von-drohnen-stark-verlaengert\\\/\"},\"wordCount\":319,\"commentCount\":0,\"publisher\":{\"@id\":\"https:\\\/\\\/news.save.ch\\\/de\\\/#organization\"},\"image\":{\"@id\":\"https:\\\/\\\/news.save.ch\\\/flugzeit-von-drohnen-stark-verlaengert\\\/#primaryimage\"},\"thumbnailUrl\":\"https:\\\/\\\/news.save.ch\\\/wp-content\\\/uploads\\\/2016\\\/12\\\/Flugzeit-von-Drohnen-stark-verlaengert-sicherheitsforum.jpg\",\"keywords\":[\"Unternehmen\"],\"articleSection\":[\"ALLGEMEIN\"],\"inLanguage\":\"de\"},{\"@type\":\"WebPage\",\"@id\":\"https:\\\/\\\/news.save.ch\\\/flugzeit-von-drohnen-stark-verlaengert\\\/\",\"url\":\"https:\\\/\\\/news.save.ch\\\/flugzeit-von-drohnen-stark-verlaengert\\\/\",\"name\":\"Flugzeit von Drohnen stark verl\u00e4ngert - Save\",\"isPartOf\":{\"@id\":\"https:\\\/\\\/news.save.ch\\\/de\\\/#website\"},\"primaryImageOfPage\":{\"@id\":\"https:\\\/\\\/news.save.ch\\\/flugzeit-von-drohnen-stark-verlaengert\\\/#primaryimage\"},\"image\":{\"@id\":\"https:\\\/\\\/news.save.ch\\\/flugzeit-von-drohnen-stark-verlaengert\\\/#primaryimage\"},\"thumbnailUrl\":\"https:\\\/\\\/news.save.ch\\\/wp-content\\\/uploads\\\/2016\\\/12\\\/Flugzeit-von-Drohnen-stark-verlaengert-sicherheitsforum.jpg\",\"datePublished\":\"2015-12-18T15:02:16+00:00\",\"description\":\"Das Unternehmen Intelligent Energy hat eine neue Wasserstoff-Brennstoffzelle entwickelt, welche die Flugzeit von Drohnen stark verl\u00e4ngert.\",\"breadcrumb\":{\"@id\":\"https:\\\/\\\/news.save.ch\\\/flugzeit-von-drohnen-stark-verlaengert\\\/#breadcrumb\"},\"inLanguage\":\"de\",\"potentialAction\":[{\"@type\":\"ReadAction\",\"target\":[\"https:\\\/\\\/news.save.ch\\\/flugzeit-von-drohnen-stark-verlaengert\\\/\"]}]},{\"@type\":\"ImageObject\",\"inLanguage\":\"de\",\"@id\":\"https:\\\/\\\/news.save.ch\\\/flugzeit-von-drohnen-stark-verlaengert\\\/#primaryimage\",\"url\":\"https:\\\/\\\/news.save.ch\\\/wp-content\\\/uploads\\\/2016\\\/12\\\/Flugzeit-von-Drohnen-stark-verlaengert-sicherheitsforum.jpg\",\"contentUrl\":\"https:\\\/\\\/news.save.ch\\\/wp-content\\\/uploads\\\/2016\\\/12\\\/Flugzeit-von-Drohnen-stark-verlaengert-sicherheitsforum.jpg\",\"width\":1000,\"height\":648,\"caption\":\"Foto: Intelligent Energy\"},{\"@type\":\"BreadcrumbList\",\"@id\":\"https:\\\/\\\/news.save.ch\\\/flugzeit-von-drohnen-stark-verlaengert\\\/#breadcrumb\",\"itemListElement\":[{\"@type\":\"ListItem\",\"position\":1,\"name\":\"Home\",\"item\":\"https:\\\/\\\/news.save.ch\\\/de\\\/\"},{\"@type\":\"ListItem\",\"position\":2,\"name\":\"Flugzeit von Drohnen stark verl\u00e4ngert\"}]},{\"@type\":\"WebSite\",\"@id\":\"https:\\\/\\\/news.save.ch\\\/de\\\/#website\",\"url\":\"https:\\\/\\\/news.save.ch\\\/de\\\/\",\"name\":\"Save\",\"description\":\"Schweizer Fachzeitschrift f\u00fcr Sicherheit\",\"publisher\":{\"@id\":\"https:\\\/\\\/news.save.ch\\\/de\\\/#organization\"},\"potentialAction\":[{\"@type\":\"SearchAction\",\"target\":{\"@type\":\"EntryPoint\",\"urlTemplate\":\"https:\\\/\\\/news.save.ch\\\/de\\\/?s={search_term_string}\"},\"query-input\":{\"@type\":\"PropertyValueSpecification\",\"valueRequired\":true,\"valueName\":\"search_term_string\"}}],\"inLanguage\":\"de\"},{\"@type\":\"Organization\",\"@id\":\"https:\\\/\\\/news.save.ch\\\/de\\\/#organization\",\"name\":\"Sicherheitsforum\",\"url\":\"https:\\\/\\\/news.save.ch\\\/de\\\/\",\"logo\":{\"@type\":\"ImageObject\",\"inLanguage\":\"de\",\"@id\":\"https:\\\/\\\/news.save.ch\\\/de\\\/#\\\/schema\\\/logo\\\/image\\\/\",\"url\":\"https:\\\/\\\/news.save.ch\\\/wp-content\\\/uploads\\\/2022\\\/06\\\/Logo_SF_2012.png\",\"contentUrl\":\"https:\\\/\\\/news.save.ch\\\/wp-content\\\/uploads\\\/2022\\\/06\\\/Logo_SF_2012.png\",\"width\":1100,\"height\":91,\"caption\":\"Sicherheitsforum\"},\"image\":{\"@id\":\"https:\\\/\\\/news.save.ch\\\/de\\\/#\\\/schema\\\/logo\\\/image\\\/\"}},{\"@type\":\"Person\",\"@id\":\"https:\\\/\\\/news.save.ch\\\/de\\\/#\\\/schema\\\/person\\\/d49e199490bad7c70d64b9ab51142f2b\",\"name\":\"admin\",\"image\":{\"@type\":\"ImageObject\",\"inLanguage\":\"de\",\"@id\":\"https:\\\/\\\/secure.gravatar.com\\\/avatar\\\/ae2f4d718e6c49043e314ce431e7e645d646302a24a5ef5a8bc8e3f5a032e319?s=96&d=mm&r=g\",\"url\":\"https:\\\/\\\/secure.gravatar.com\\\/avatar\\\/ae2f4d718e6c49043e314ce431e7e645d646302a24a5ef5a8bc8e3f5a032e319?s=96&d=mm&r=g\",\"contentUrl\":\"https:\\\/\\\/secure.gravatar.com\\\/avatar\\\/ae2f4d718e6c49043e314ce431e7e645d646302a24a5ef5a8bc8e3f5a032e319?s=96&d=mm&r=g\",\"caption\":\"admin\"},\"sameAs\":[\"https:\\\/\\\/develop.organisator.galledia.ch\"],\"url\":\"https:\\\/\\\/news.save.ch\\\/de\\\/author\\\/admin\\\/\"}]}<\/script>\n<!-- \/ Yoast SEO plugin. -->","yoast_head_json":{"title":"Flugzeit von Drohnen stark verl\u00e4ngert - Save","description":"Das Unternehmen Intelligent Energy hat eine neue Wasserstoff-Brennstoffzelle entwickelt, welche die Flugzeit von Drohnen stark verl\u00e4ngert.","robots":{"index":"index","follow":"follow","max-snippet":"max-snippet:-1","max-image-preview":"max-image-preview:large","max-video-preview":"max-video-preview:-1"},"canonical":"https:\/\/news.save.ch\/de\/flugzeit-von-drohnen-stark-verlaengert\/","og_locale":"de_DE","og_type":"article","og_title":"Flugzeit von Drohnen stark verl\u00e4ngert","og_description":"Das Unternehmen Intelligent Energy hat eine neue Wasserstoff-Brennstoffzelle entwickelt, welche die Flugzeit von Drohnen stark verl\u00e4ngert.","og_url":"https:\/\/news.save.ch\/de\/flugzeit-von-drohnen-stark-verlaengert\/","og_site_name":"Save","article_published_time":"2015-12-18T15:02:16+00:00","og_image":[{"url":"https:\/\/news.save.ch\/wp-content\/uploads\/2016\/12\/Flugzeit-von-Drohnen-stark-verl\u00e4ngert-sicherheitsforum.jpg","type":"","width":"","height":""}],"author":"admin","twitter_card":"summary_large_image","twitter_misc":{"Geschrieben von":"admin","Gesch\u00e4tzte Lesezeit":"2\u00a0Minuten"},"schema":{"@context":"https:\/\/schema.org","@graph":[{"@type":"Article","@id":"https:\/\/news.save.ch\/flugzeit-von-drohnen-stark-verlaengert\/#article","isPartOf":{"@id":"https:\/\/news.save.ch\/flugzeit-von-drohnen-stark-verlaengert\/"},"author":{"name":"admin","@id":"https:\/\/news.save.ch\/de\/#\/schema\/person\/d49e199490bad7c70d64b9ab51142f2b"},"headline":"Flugzeit von Drohnen stark verl\u00e4ngert","datePublished":"2015-12-18T15:02:16+00:00","mainEntityOfPage":{"@id":"https:\/\/news.save.ch\/flugzeit-von-drohnen-stark-verlaengert\/"},"wordCount":319,"commentCount":0,"publisher":{"@id":"https:\/\/news.save.ch\/de\/#organization"},"image":{"@id":"https:\/\/news.save.ch\/flugzeit-von-drohnen-stark-verlaengert\/#primaryimage"},"thumbnailUrl":"https:\/\/news.save.ch\/wp-content\/uploads\/2016\/12\/Flugzeit-von-Drohnen-stark-verlaengert-sicherheitsforum.jpg","keywords":["Unternehmen"],"articleSection":["ALLGEMEIN"],"inLanguage":"de"},{"@type":"WebPage","@id":"https:\/\/news.save.ch\/flugzeit-von-drohnen-stark-verlaengert\/","url":"https:\/\/news.save.ch\/flugzeit-von-drohnen-stark-verlaengert\/","name":"Flugzeit von Drohnen stark verl\u00e4ngert - Save","isPartOf":{"@id":"https:\/\/news.save.ch\/de\/#website"},"primaryImageOfPage":{"@id":"https:\/\/news.save.ch\/flugzeit-von-drohnen-stark-verlaengert\/#primaryimage"},"image":{"@id":"https:\/\/news.save.ch\/flugzeit-von-drohnen-stark-verlaengert\/#primaryimage"},"thumbnailUrl":"https:\/\/news.save.ch\/wp-content\/uploads\/2016\/12\/Flugzeit-von-Drohnen-stark-verlaengert-sicherheitsforum.jpg","datePublished":"2015-12-18T15:02:16+00:00","description":"Das Unternehmen Intelligent Energy hat eine neue Wasserstoff-Brennstoffzelle entwickelt, welche die Flugzeit von Drohnen stark verl\u00e4ngert.","breadcrumb":{"@id":"https:\/\/news.save.ch\/flugzeit-von-drohnen-stark-verlaengert\/#breadcrumb"},"inLanguage":"de","potentialAction":[{"@type":"ReadAction","target":["https:\/\/news.save.ch\/flugzeit-von-drohnen-stark-verlaengert\/"]}]},{"@type":"ImageObject","inLanguage":"de","@id":"https:\/\/news.save.ch\/flugzeit-von-drohnen-stark-verlaengert\/#primaryimage","url":"https:\/\/news.save.ch\/wp-content\/uploads\/2016\/12\/Flugzeit-von-Drohnen-stark-verlaengert-sicherheitsforum.jpg","contentUrl":"https:\/\/news.save.ch\/wp-content\/uploads\/2016\/12\/Flugzeit-von-Drohnen-stark-verlaengert-sicherheitsforum.jpg","width":1000,"height":648,"caption":"Foto: Intelligent Energy"},{"@type":"BreadcrumbList","@id":"https:\/\/news.save.ch\/flugzeit-von-drohnen-stark-verlaengert\/#breadcrumb","itemListElement":[{"@type":"ListItem","position":1,"name":"Home","item":"https:\/\/news.save.ch\/de\/"},{"@type":"ListItem","position":2,"name":"Flugzeit von Drohnen stark verl\u00e4ngert"}]},{"@type":"WebSite","@id":"https:\/\/news.save.ch\/de\/#website","url":"https:\/\/news.save.ch\/de\/","name":"Save","description":"Schweizer Fachzeitschrift f\u00fcr Sicherheit","publisher":{"@id":"https:\/\/news.save.ch\/de\/#organization"},"potentialAction":[{"@type":"SearchAction","target":{"@type":"EntryPoint","urlTemplate":"https:\/\/news.save.ch\/de\/?s={search_term_string}"},"query-input":{"@type":"PropertyValueSpecification","valueRequired":true,"valueName":"search_term_string"}}],"inLanguage":"de"},{"@type":"Organization","@id":"https:\/\/news.save.ch\/de\/#organization","name":"Sicherheitsforum","url":"https:\/\/news.save.ch\/de\/","logo":{"@type":"ImageObject","inLanguage":"de","@id":"https:\/\/news.save.ch\/de\/#\/schema\/logo\/image\/","url":"https:\/\/news.save.ch\/wp-content\/uploads\/2022\/06\/Logo_SF_2012.png","contentUrl":"https:\/\/news.save.ch\/wp-content\/uploads\/2022\/06\/Logo_SF_2012.png","width":1100,"height":91,"caption":"Sicherheitsforum"},"image":{"@id":"https:\/\/news.save.ch\/de\/#\/schema\/logo\/image\/"}},{"@type":"Person","@id":"https:\/\/news.save.ch\/de\/#\/schema\/person\/d49e199490bad7c70d64b9ab51142f2b","name":"admin","image":{"@type":"ImageObject","inLanguage":"de","@id":"https:\/\/secure.gravatar.com\/avatar\/ae2f4d718e6c49043e314ce431e7e645d646302a24a5ef5a8bc8e3f5a032e319?s=96&d=mm&r=g","url":"https:\/\/secure.gravatar.com\/avatar\/ae2f4d718e6c49043e314ce431e7e645d646302a24a5ef5a8bc8e3f5a032e319?s=96&d=mm&r=g","contentUrl":"https:\/\/secure.gravatar.com\/avatar\/ae2f4d718e6c49043e314ce431e7e645d646302a24a5ef5a8bc8e3f5a032e319?s=96&d=mm&r=g","caption":"admin"},"sameAs":["https:\/\/develop.organisator.galledia.ch"],"url":"https:\/\/news.save.ch\/de\/author\/admin\/"}]}},"_links":{"self":[{"href":"https:\/\/news.save.ch\/de\/wp-json\/wp\/v2\/posts\/2060","targetHints":{"allow":["GET"]}}],"collection":[{"href":"https:\/\/news.save.ch\/de\/wp-json\/wp\/v2\/posts"}],"about":[{"href":"https:\/\/news.save.ch\/de\/wp-json\/wp\/v2\/types\/post"}],"author":[{"embeddable":true,"href":"https:\/\/news.save.ch\/de\/wp-json\/wp\/v2\/users\/1"}],"replies":[{"embeddable":true,"href":"https:\/\/news.save.ch\/de\/wp-json\/wp\/v2\/comments?post=2060"}],"version-history":[{"count":0,"href":"https:\/\/news.save.ch\/de\/wp-json\/wp\/v2\/posts\/2060\/revisions"}],"wp:featuredmedia":[{"embeddable":true,"href":"https:\/\/news.save.ch\/de\/wp-json\/wp\/v2\/media\/2061"}],"wp:attachment":[{"href":"https:\/\/news.save.ch\/de\/wp-json\/wp\/v2\/media?parent=2060"}],"wp:term":[{"taxonomy":"category","embeddable":true,"href":"https:\/\/news.save.ch\/de\/wp-json\/wp\/v2\/categories?post=2060"},{"taxonomy":"post_tag","embeddable":true,"href":"https:\/\/news.save.ch\/de\/wp-json\/wp\/v2\/tags?post=2060"}],"curies":[{"name":"wp","href":"https:\/\/api.w.org\/{rel}","templated":true}]}}