{"id":2077,"date":"2016-01-06T16:08:39","date_gmt":"2016-01-06T15:08:39","guid":{"rendered":"https:\/\/dev.sicherheitsforum.ch\/?p=2077"},"modified":"2016-01-06T16:08:39","modified_gmt":"2016-01-06T15:08:39","slug":"kooperation-waermebildkamera-fuer-drohnen","status":null,"type":"post","link":"https:\/\/news.save.ch\/de\/kooperation-waermebildkamera-fuer-drohnen\/","title":{"rendered":"Kooperation: W\u00e4rmebildkamera f\u00fcr Drohnen"},"content":{"rendered":"<figure id=\"attachment_2079\" aria-describedby=\"caption-attachment-2079\" style=\"width: 680px\" class=\"wp-caption alignnone\"><img loading=\"lazy\" decoding=\"async\" class=\"wp-image-2079 size-medium\" src=\"https:\/\/news.save.ch\/wp-content\/uploads\/2016\/12\/Kooperation-Waermebildkamera-fuer-Drohnen-sicherheitsforum.jpg\" width=\"680\" height=\"453\" \/><figcaption id=\"caption-attachment-2079\" class=\"wp-caption-text\">Das Flugger\u00e4t Inspire 1, ausger\u00fcstet mit der Zenmuse-XT-W\u00e4rmebildtechnologie.<\/figcaption><\/figure>\n<p>Drohnen bietet die M\u00f6glichkeit, eine Kamera oder einen Sensor im dreidimensionalen Raum einzusetzen. Die zwei Unternehmen <a href=\"https:\/\/www.flir.de\" target=\"_blank\" data-cke-saved-href=\"https:\/\/www.flir.de\" rel=\"noopener\">Flir <\/a>und <a href=\"https:\/\/www.dji.com\" target=\"_blank\" data-cke-saved-href=\"https:\/\/www.dji.com\" rel=\"noopener\">DJI<\/a> wollen mit W\u00e4rmebildtechnik ausger\u00fcstete Kameral\u00f6sungen bereitstellen, und zwar\u00a0f\u00fcr verschiedene Drohnen-Anwendungen wie:<\/p>\n<ul>\n<li>Suche und Rettung<\/li>\n<li>Brandinspektion<\/li>\n<li>3D-Kartografie<\/li>\n<li>Geb\u00e4ude- und Infrastrukturinspektionen<\/li>\n<li>Inspektion von Energieversorgungsinfrastrukturen<\/li>\n<li>usw.<\/li>\n<\/ul>\n<p>Die zwei Kooperationspartner haben k\u00fcrzlich auch ein\u00a0erstes gemeinsames Produkt auf dem Markt lanciert: die DJI Zenmuse XT. Sie werde \u00fcber s\u00e4mtliche Vorz\u00fcge der Kamerabild-Stabilisierungstechnologie von DJI verf\u00fcgen und in die Flir\u00a0Tau 2 W\u00e4rmebildkamera integriert, wird mitgeteilt.<\/p>\n","protected":false},"excerpt":{"rendered":"<p>Drohnen bietet die M\u00f6glichkeit, eine Kamera oder einen Sensor im dreidimensionalen Raum einzusetzen. Die zwei Unternehmen Flir und DJI wollen mit W\u00e4rmebildtechnik ausger\u00fcstete Kameral\u00f6sungen bereitstellen, und zwar\u00a0f\u00fcr verschiedene Drohnen-Anwendungen wie: Suche und Rettung Brandinspektion 3D-Kartografie Geb\u00e4ude- und Infrastrukturinspektionen Inspektion von Energieversorgungsinfrastrukturen usw. Die zwei Kooperationspartner haben k\u00fcrzlich auch ein\u00a0erstes gemeinsames Produkt auf dem Markt lanciert: [&hellip;]<\/p>\n","protected":false},"author":1,"featured_media":2079,"comment_status":"open","ping_status":"open","sticky":false,"template":"","format":"standard","meta":{"_acf_changed":false,"pgc_sgb_lightbox_settings":"","footnotes":""},"categories":[1],"tags":[65],"class_list":["post-2077","post","type-post","status-publish","format-standard","has-post-thumbnail","hentry","category-allgemein","tag-unternehmen"],"acf":[],"hkrextid":null,"publication":null,"issue":null,"workflow":null,"startPage":null,"spitzmarke":null,"_posts_by_tag_page_fields":{"widget_title":"","widget_tags":""},"_at_widget":"1","_yoast_wpseo_primary_category":"1","_yoast_wpseo_focuskw_text_input":"W\u00e4rmebildkamera f\u00fcr Drohnen","_yoast_wpseo_opengraph-image":"https:\/\/news.save.ch\/wp-content\/uploads\/2016\/12\/Kooperation-W\u00e4rmebildkamera-f\u00fcr-Drohnen-sicherheitsforum.jpg","_yoast_wpseo_opengraph-description":"Das im Bereich W\u00e4rmebildtechnik spezialisierte Unternehmen Flir geht eine strategische Kooperation mit dem Drohnen-Hersteller DJI Innovations ein.","_yoast_wpseo_opengraph-title":"Kooperation: W\u00e4rmebildkamera f\u00fcr Drohnen","enclosure":null,"_yoast_wpseo_twitter-title":null,"_yoast_wpseo_twitter-description":null,"_yoast_wpseo_twitter-image":null,"_wp_old_slug":null,"_yoast_wpseo_title":null,"_yoast_wpseo_canonical":null,"yoast_head":"<!-- This site is optimized with the Yoast SEO plugin v27.5 - https:\/\/yoast.com\/product\/yoast-seo-wordpress\/ -->\n<title>Kooperation: W\u00e4rmebildkamera f\u00fcr Drohnen - Save<\/title>\n<meta name=\"description\" content=\"Das im Bereich W\u00e4rmebildtechnik spezialisierte Unternehmen Flir geht eine strategische Kooperation mit dem Drohnen-Hersteller DJI Innovations ein.\" \/>\n<meta name=\"robots\" content=\"index, follow, max-snippet:-1, max-image-preview:large, max-video-preview:-1\" \/>\n<link rel=\"canonical\" href=\"https:\/\/news.save.ch\/de\/kooperation-waermebildkamera-fuer-drohnen\/\" \/>\n<meta property=\"og:locale\" content=\"de_DE\" \/>\n<meta property=\"og:type\" content=\"article\" \/>\n<meta property=\"og:title\" content=\"Kooperation: W\u00e4rmebildkamera f\u00fcr Drohnen\" \/>\n<meta property=\"og:description\" content=\"Das im Bereich W\u00e4rmebildtechnik spezialisierte Unternehmen Flir geht eine strategische Kooperation mit dem Drohnen-Hersteller DJI Innovations ein.\" \/>\n<meta property=\"og:url\" content=\"https:\/\/news.save.ch\/de\/kooperation-waermebildkamera-fuer-drohnen\/\" \/>\n<meta property=\"og:site_name\" content=\"Save\" \/>\n<meta property=\"article:published_time\" content=\"2016-01-06T15:08:39+00:00\" \/>\n<meta property=\"og:image\" content=\"https:\/\/news.save.ch\/wp-content\/uploads\/2016\/12\/Kooperation-W\u00e4rmebildkamera-f\u00fcr-Drohnen-sicherheitsforum.jpg\" \/>\n<meta name=\"author\" content=\"admin\" \/>\n<meta name=\"twitter:card\" content=\"summary_large_image\" \/>\n<meta name=\"twitter:label1\" content=\"Geschrieben von\" \/>\n\t<meta name=\"twitter:data1\" content=\"admin\" \/>\n\t<meta name=\"twitter:label2\" content=\"Gesch\u00e4tzte Lesezeit\" \/>\n\t<meta name=\"twitter:data2\" content=\"1\u00a0Minute\" \/>\n<script type=\"application\/ld+json\" class=\"yoast-schema-graph\">{\"@context\":\"https:\\\/\\\/schema.org\",\"@graph\":[{\"@type\":\"Article\",\"@id\":\"https:\\\/\\\/news.save.ch\\\/kooperation-waermebildkamera-fuer-drohnen\\\/#article\",\"isPartOf\":{\"@id\":\"https:\\\/\\\/news.save.ch\\\/kooperation-waermebildkamera-fuer-drohnen\\\/\"},\"author\":{\"name\":\"admin\",\"@id\":\"https:\\\/\\\/news.save.ch\\\/de\\\/#\\\/schema\\\/person\\\/d49e199490bad7c70d64b9ab51142f2b\"},\"headline\":\"Kooperation: W\u00e4rmebildkamera f\u00fcr Drohnen\",\"datePublished\":\"2016-01-06T15:08:39+00:00\",\"mainEntityOfPage\":{\"@id\":\"https:\\\/\\\/news.save.ch\\\/kooperation-waermebildkamera-fuer-drohnen\\\/\"},\"wordCount\":114,\"commentCount\":0,\"publisher\":{\"@id\":\"https:\\\/\\\/news.save.ch\\\/de\\\/#organization\"},\"image\":{\"@id\":\"https:\\\/\\\/news.save.ch\\\/kooperation-waermebildkamera-fuer-drohnen\\\/#primaryimage\"},\"thumbnailUrl\":\"https:\\\/\\\/news.save.ch\\\/wp-content\\\/uploads\\\/2016\\\/12\\\/Kooperation-Waermebildkamera-fuer-Drohnen-sicherheitsforum-scaled.jpg\",\"keywords\":[\"Unternehmen\"],\"articleSection\":[\"ALLGEMEIN\"],\"inLanguage\":\"de\"},{\"@type\":\"WebPage\",\"@id\":\"https:\\\/\\\/news.save.ch\\\/kooperation-waermebildkamera-fuer-drohnen\\\/\",\"url\":\"https:\\\/\\\/news.save.ch\\\/kooperation-waermebildkamera-fuer-drohnen\\\/\",\"name\":\"Kooperation: W\u00e4rmebildkamera f\u00fcr Drohnen - Save\",\"isPartOf\":{\"@id\":\"https:\\\/\\\/news.save.ch\\\/de\\\/#website\"},\"primaryImageOfPage\":{\"@id\":\"https:\\\/\\\/news.save.ch\\\/kooperation-waermebildkamera-fuer-drohnen\\\/#primaryimage\"},\"image\":{\"@id\":\"https:\\\/\\\/news.save.ch\\\/kooperation-waermebildkamera-fuer-drohnen\\\/#primaryimage\"},\"thumbnailUrl\":\"https:\\\/\\\/news.save.ch\\\/wp-content\\\/uploads\\\/2016\\\/12\\\/Kooperation-Waermebildkamera-fuer-Drohnen-sicherheitsforum-scaled.jpg\",\"datePublished\":\"2016-01-06T15:08:39+00:00\",\"description\":\"Das im Bereich W\u00e4rmebildtechnik spezialisierte Unternehmen Flir geht eine strategische Kooperation mit dem Drohnen-Hersteller DJI Innovations ein.\",\"breadcrumb\":{\"@id\":\"https:\\\/\\\/news.save.ch\\\/kooperation-waermebildkamera-fuer-drohnen\\\/#breadcrumb\"},\"inLanguage\":\"de\",\"potentialAction\":[{\"@type\":\"ReadAction\",\"target\":[\"https:\\\/\\\/news.save.ch\\\/kooperation-waermebildkamera-fuer-drohnen\\\/\"]}]},{\"@type\":\"ImageObject\",\"inLanguage\":\"de\",\"@id\":\"https:\\\/\\\/news.save.ch\\\/kooperation-waermebildkamera-fuer-drohnen\\\/#primaryimage\",\"url\":\"https:\\\/\\\/news.save.ch\\\/wp-content\\\/uploads\\\/2016\\\/12\\\/Kooperation-Waermebildkamera-fuer-Drohnen-sicherheitsforum-scaled.jpg\",\"contentUrl\":\"https:\\\/\\\/news.save.ch\\\/wp-content\\\/uploads\\\/2016\\\/12\\\/Kooperation-Waermebildkamera-fuer-Drohnen-sicherheitsforum-scaled.jpg\",\"width\":1400,\"height\":933,\"caption\":\"Das Flugger\u00e4t Inspire 1, ausger\u00fcstet mit der Zenmuse-XT-W\u00e4rmebildtechnologie.\"},{\"@type\":\"BreadcrumbList\",\"@id\":\"https:\\\/\\\/news.save.ch\\\/kooperation-waermebildkamera-fuer-drohnen\\\/#breadcrumb\",\"itemListElement\":[{\"@type\":\"ListItem\",\"position\":1,\"name\":\"Home\",\"item\":\"https:\\\/\\\/news.save.ch\\\/de\\\/\"},{\"@type\":\"ListItem\",\"position\":2,\"name\":\"Kooperation: W\u00e4rmebildkamera f\u00fcr Drohnen\"}]},{\"@type\":\"WebSite\",\"@id\":\"https:\\\/\\\/news.save.ch\\\/de\\\/#website\",\"url\":\"https:\\\/\\\/news.save.ch\\\/de\\\/\",\"name\":\"Save\",\"description\":\"Schweizer Fachzeitschrift f\u00fcr Sicherheit\",\"publisher\":{\"@id\":\"https:\\\/\\\/news.save.ch\\\/de\\\/#organization\"},\"potentialAction\":[{\"@type\":\"SearchAction\",\"target\":{\"@type\":\"EntryPoint\",\"urlTemplate\":\"https:\\\/\\\/news.save.ch\\\/de\\\/?s={search_term_string}\"},\"query-input\":{\"@type\":\"PropertyValueSpecification\",\"valueRequired\":true,\"valueName\":\"search_term_string\"}}],\"inLanguage\":\"de\"},{\"@type\":\"Organization\",\"@id\":\"https:\\\/\\\/news.save.ch\\\/de\\\/#organization\",\"name\":\"Sicherheitsforum\",\"url\":\"https:\\\/\\\/news.save.ch\\\/de\\\/\",\"logo\":{\"@type\":\"ImageObject\",\"inLanguage\":\"de\",\"@id\":\"https:\\\/\\\/news.save.ch\\\/de\\\/#\\\/schema\\\/logo\\\/image\\\/\",\"url\":\"https:\\\/\\\/news.save.ch\\\/wp-content\\\/uploads\\\/2022\\\/06\\\/Logo_SF_2012.png\",\"contentUrl\":\"https:\\\/\\\/news.save.ch\\\/wp-content\\\/uploads\\\/2022\\\/06\\\/Logo_SF_2012.png\",\"width\":1100,\"height\":91,\"caption\":\"Sicherheitsforum\"},\"image\":{\"@id\":\"https:\\\/\\\/news.save.ch\\\/de\\\/#\\\/schema\\\/logo\\\/image\\\/\"}},{\"@type\":\"Person\",\"@id\":\"https:\\\/\\\/news.save.ch\\\/de\\\/#\\\/schema\\\/person\\\/d49e199490bad7c70d64b9ab51142f2b\",\"name\":\"admin\",\"image\":{\"@type\":\"ImageObject\",\"inLanguage\":\"de\",\"@id\":\"https:\\\/\\\/secure.gravatar.com\\\/avatar\\\/ae2f4d718e6c49043e314ce431e7e645d646302a24a5ef5a8bc8e3f5a032e319?s=96&d=mm&r=g\",\"url\":\"https:\\\/\\\/secure.gravatar.com\\\/avatar\\\/ae2f4d718e6c49043e314ce431e7e645d646302a24a5ef5a8bc8e3f5a032e319?s=96&d=mm&r=g\",\"contentUrl\":\"https:\\\/\\\/secure.gravatar.com\\\/avatar\\\/ae2f4d718e6c49043e314ce431e7e645d646302a24a5ef5a8bc8e3f5a032e319?s=96&d=mm&r=g\",\"caption\":\"admin\"},\"sameAs\":[\"https:\\\/\\\/develop.organisator.galledia.ch\"],\"url\":\"https:\\\/\\\/news.save.ch\\\/de\\\/author\\\/admin\\\/\"}]}<\/script>\n<!-- \/ Yoast SEO plugin. -->","yoast_head_json":{"title":"Kooperation: W\u00e4rmebildkamera f\u00fcr Drohnen - Save","description":"Das im Bereich W\u00e4rmebildtechnik spezialisierte Unternehmen Flir geht eine strategische Kooperation mit dem Drohnen-Hersteller DJI Innovations ein.","robots":{"index":"index","follow":"follow","max-snippet":"max-snippet:-1","max-image-preview":"max-image-preview:large","max-video-preview":"max-video-preview:-1"},"canonical":"https:\/\/news.save.ch\/de\/kooperation-waermebildkamera-fuer-drohnen\/","og_locale":"de_DE","og_type":"article","og_title":"Kooperation: W\u00e4rmebildkamera f\u00fcr Drohnen","og_description":"Das im Bereich W\u00e4rmebildtechnik spezialisierte Unternehmen Flir geht eine strategische Kooperation mit dem Drohnen-Hersteller DJI Innovations ein.","og_url":"https:\/\/news.save.ch\/de\/kooperation-waermebildkamera-fuer-drohnen\/","og_site_name":"Save","article_published_time":"2016-01-06T15:08:39+00:00","og_image":[{"url":"https:\/\/news.save.ch\/wp-content\/uploads\/2016\/12\/Kooperation-W\u00e4rmebildkamera-f\u00fcr-Drohnen-sicherheitsforum.jpg","type":"","width":"","height":""}],"author":"admin","twitter_card":"summary_large_image","twitter_misc":{"Geschrieben von":"admin","Gesch\u00e4tzte Lesezeit":"1\u00a0Minute"},"schema":{"@context":"https:\/\/schema.org","@graph":[{"@type":"Article","@id":"https:\/\/news.save.ch\/kooperation-waermebildkamera-fuer-drohnen\/#article","isPartOf":{"@id":"https:\/\/news.save.ch\/kooperation-waermebildkamera-fuer-drohnen\/"},"author":{"name":"admin","@id":"https:\/\/news.save.ch\/de\/#\/schema\/person\/d49e199490bad7c70d64b9ab51142f2b"},"headline":"Kooperation: W\u00e4rmebildkamera f\u00fcr Drohnen","datePublished":"2016-01-06T15:08:39+00:00","mainEntityOfPage":{"@id":"https:\/\/news.save.ch\/kooperation-waermebildkamera-fuer-drohnen\/"},"wordCount":114,"commentCount":0,"publisher":{"@id":"https:\/\/news.save.ch\/de\/#organization"},"image":{"@id":"https:\/\/news.save.ch\/kooperation-waermebildkamera-fuer-drohnen\/#primaryimage"},"thumbnailUrl":"https:\/\/news.save.ch\/wp-content\/uploads\/2016\/12\/Kooperation-Waermebildkamera-fuer-Drohnen-sicherheitsforum-scaled.jpg","keywords":["Unternehmen"],"articleSection":["ALLGEMEIN"],"inLanguage":"de"},{"@type":"WebPage","@id":"https:\/\/news.save.ch\/kooperation-waermebildkamera-fuer-drohnen\/","url":"https:\/\/news.save.ch\/kooperation-waermebildkamera-fuer-drohnen\/","name":"Kooperation: W\u00e4rmebildkamera f\u00fcr Drohnen - Save","isPartOf":{"@id":"https:\/\/news.save.ch\/de\/#website"},"primaryImageOfPage":{"@id":"https:\/\/news.save.ch\/kooperation-waermebildkamera-fuer-drohnen\/#primaryimage"},"image":{"@id":"https:\/\/news.save.ch\/kooperation-waermebildkamera-fuer-drohnen\/#primaryimage"},"thumbnailUrl":"https:\/\/news.save.ch\/wp-content\/uploads\/2016\/12\/Kooperation-Waermebildkamera-fuer-Drohnen-sicherheitsforum-scaled.jpg","datePublished":"2016-01-06T15:08:39+00:00","description":"Das im Bereich W\u00e4rmebildtechnik spezialisierte Unternehmen Flir geht eine strategische Kooperation mit dem Drohnen-Hersteller DJI Innovations ein.","breadcrumb":{"@id":"https:\/\/news.save.ch\/kooperation-waermebildkamera-fuer-drohnen\/#breadcrumb"},"inLanguage":"de","potentialAction":[{"@type":"ReadAction","target":["https:\/\/news.save.ch\/kooperation-waermebildkamera-fuer-drohnen\/"]}]},{"@type":"ImageObject","inLanguage":"de","@id":"https:\/\/news.save.ch\/kooperation-waermebildkamera-fuer-drohnen\/#primaryimage","url":"https:\/\/news.save.ch\/wp-content\/uploads\/2016\/12\/Kooperation-Waermebildkamera-fuer-Drohnen-sicherheitsforum-scaled.jpg","contentUrl":"https:\/\/news.save.ch\/wp-content\/uploads\/2016\/12\/Kooperation-Waermebildkamera-fuer-Drohnen-sicherheitsforum-scaled.jpg","width":1400,"height":933,"caption":"Das Flugger\u00e4t Inspire 1, ausger\u00fcstet mit der Zenmuse-XT-W\u00e4rmebildtechnologie."},{"@type":"BreadcrumbList","@id":"https:\/\/news.save.ch\/kooperation-waermebildkamera-fuer-drohnen\/#breadcrumb","itemListElement":[{"@type":"ListItem","position":1,"name":"Home","item":"https:\/\/news.save.ch\/de\/"},{"@type":"ListItem","position":2,"name":"Kooperation: W\u00e4rmebildkamera f\u00fcr Drohnen"}]},{"@type":"WebSite","@id":"https:\/\/news.save.ch\/de\/#website","url":"https:\/\/news.save.ch\/de\/","name":"Save","description":"Schweizer Fachzeitschrift f\u00fcr Sicherheit","publisher":{"@id":"https:\/\/news.save.ch\/de\/#organization"},"potentialAction":[{"@type":"SearchAction","target":{"@type":"EntryPoint","urlTemplate":"https:\/\/news.save.ch\/de\/?s={search_term_string}"},"query-input":{"@type":"PropertyValueSpecification","valueRequired":true,"valueName":"search_term_string"}}],"inLanguage":"de"},{"@type":"Organization","@id":"https:\/\/news.save.ch\/de\/#organization","name":"Sicherheitsforum","url":"https:\/\/news.save.ch\/de\/","logo":{"@type":"ImageObject","inLanguage":"de","@id":"https:\/\/news.save.ch\/de\/#\/schema\/logo\/image\/","url":"https:\/\/news.save.ch\/wp-content\/uploads\/2022\/06\/Logo_SF_2012.png","contentUrl":"https:\/\/news.save.ch\/wp-content\/uploads\/2022\/06\/Logo_SF_2012.png","width":1100,"height":91,"caption":"Sicherheitsforum"},"image":{"@id":"https:\/\/news.save.ch\/de\/#\/schema\/logo\/image\/"}},{"@type":"Person","@id":"https:\/\/news.save.ch\/de\/#\/schema\/person\/d49e199490bad7c70d64b9ab51142f2b","name":"admin","image":{"@type":"ImageObject","inLanguage":"de","@id":"https:\/\/secure.gravatar.com\/avatar\/ae2f4d718e6c49043e314ce431e7e645d646302a24a5ef5a8bc8e3f5a032e319?s=96&d=mm&r=g","url":"https:\/\/secure.gravatar.com\/avatar\/ae2f4d718e6c49043e314ce431e7e645d646302a24a5ef5a8bc8e3f5a032e319?s=96&d=mm&r=g","contentUrl":"https:\/\/secure.gravatar.com\/avatar\/ae2f4d718e6c49043e314ce431e7e645d646302a24a5ef5a8bc8e3f5a032e319?s=96&d=mm&r=g","caption":"admin"},"sameAs":["https:\/\/develop.organisator.galledia.ch"],"url":"https:\/\/news.save.ch\/de\/author\/admin\/"}]}},"_links":{"self":[{"href":"https:\/\/news.save.ch\/de\/wp-json\/wp\/v2\/posts\/2077","targetHints":{"allow":["GET"]}}],"collection":[{"href":"https:\/\/news.save.ch\/de\/wp-json\/wp\/v2\/posts"}],"about":[{"href":"https:\/\/news.save.ch\/de\/wp-json\/wp\/v2\/types\/post"}],"author":[{"embeddable":true,"href":"https:\/\/news.save.ch\/de\/wp-json\/wp\/v2\/users\/1"}],"replies":[{"embeddable":true,"href":"https:\/\/news.save.ch\/de\/wp-json\/wp\/v2\/comments?post=2077"}],"version-history":[{"count":0,"href":"https:\/\/news.save.ch\/de\/wp-json\/wp\/v2\/posts\/2077\/revisions"}],"wp:featuredmedia":[{"embeddable":true,"href":"https:\/\/news.save.ch\/de\/wp-json\/wp\/v2\/media\/2079"}],"wp:attachment":[{"href":"https:\/\/news.save.ch\/de\/wp-json\/wp\/v2\/media?parent=2077"}],"wp:term":[{"taxonomy":"category","embeddable":true,"href":"https:\/\/news.save.ch\/de\/wp-json\/wp\/v2\/categories?post=2077"},{"taxonomy":"post_tag","embeddable":true,"href":"https:\/\/news.save.ch\/de\/wp-json\/wp\/v2\/tags?post=2077"}],"curies":[{"name":"wp","href":"https:\/\/api.w.org\/{rel}","templated":true}]}}