{"id":2084,"date":"2017-07-19T11:12:35","date_gmt":"2017-07-19T09:12:35","guid":{"rendered":"https:\/\/news.save.ch\/?p=2084"},"modified":"2023-03-14T09:02:57","modified_gmt":"2023-03-14T08:02:57","slug":"zu-viele-ueberstunden-erhoeht-risiko-von-vorhofflimmern","status":null,"type":"post","link":"https:\/\/news.save.ch\/de\/zu-viele-ueberstunden-erhoeht-risiko-von-vorhofflimmern\/","title":{"rendered":"Zu viele \u00dcberstunden erh\u00f6ht Risiko von Vorhofflimmern"},"content":{"rendered":"<figure id=\"attachment_2085\" aria-describedby=\"caption-attachment-2085\" style=\"width: 680px\" class=\"wp-caption alignnone\"><img loading=\"lazy\" decoding=\"async\" class=\"size-medium wp-image-2085\" src=\"http:\/\/develop.safety-plus.ch\/wp-content\/uploads\/2017\/07\/Depositphotos_42281629_l-2015.jpg\" alt=\"\" width=\"680\" height=\"453\" \/><figcaption id=\"caption-attachment-2085\" class=\"wp-caption-text\">Vorhofflimmern spielt bei zahlreichen schweren Erkrankungen wie Herzinfarkten, Demenz und Schlaganf\u00e4llen eine Rolle.<\/figcaption><\/figure>\n<p class=\"FtxtP\">Menschen mit langen Arbeitszeiten verf\u00fcgen bei einem unregelm\u00e4\u00dfigen Herzrhythmus, also bei Vorhofflimmern, \u00fcber ein erh\u00f6htes Risiko. Zu diesem Ergebnis kommen Forscher des <a href=\"http:\/\/ucl.ac.uk\">University College London<\/a>. Die Auswertung der Daten von fast 85.500 M\u00e4nnern und Frauen hat ergeben, dass jene, die 55 Stunden pro Woche oder mehr arbeiten, \u00fcber ein um 40 Prozent erh\u00f6htes Risiko verf\u00fcgen, in den n\u00e4chsten zehn Jahren an einem Vorhofflimmern zu erkranken.<\/p>\n<p class=\"FtxtP\"><strong><span class=\"FtxtBold\">Mehr Schlaganf\u00e4lle<\/span><\/strong><\/p>\n<p class=\"FtxtP\">Laut Forschungsleiter Mika Kivimaki k\u00f6nnten diese Ergebnisse das bereits bekannte erh\u00f6hte Risiko eines Schlaganfalls bei dieser Personengruppe erkl\u00e4ren. &#8222;Vorhofflimmern tr\u00e4gt nicht nur zu Schlaganf\u00e4llen bei, sondern spielt auch bei Herzinfarkten und einer Demenz nach einem Schlaganfall eine Rolle.&#8220; Die Forscher analysierten die Daten von 85.494 Frauen und M\u00e4nnern aus Gro\u00dfbritannien, D\u00e4nemark, Schweden und Finnland, die an einer von acht Studien in diesen L\u00e4ndern teilgenommen hatten.<\/p>\n<p class=\"FtxtP\">Die Arbeitszeiten wurden zu Beginn der Studie zwischen 1991 und 2004 beurteilt. Sie wurden in verschiedene Gruppen aufgeteilt. Von weniger als 35 Stunden in der Woche, 35 bis 40 Stunden als normaler Standard bis hin zu mehr als 55 Stunden pro Woche. Zu Beginn der Studien litt keiner der Teilnehmer an einem Vorhofflimmern. In den folgenden zehn Jahren kam es zu 1.061 neuen Erkrankungen. Das entspricht einer Inzidenzrate von 12,4 pro 1.000 Personen. Bei den 4.484 Personen, die mehr als 55 Stunden arbeiteten lag dieser Wert jedoch bei 17,6.<\/p>\n<p class=\"FtxtP\">&#8222;Das Risiko erh\u00f6hte sich um das 1,4-Fache, auch als wir Faktoren wie Alter, Geschlecht, sozio\u00f6konomischer Status, Fettleibigkeit, Sport in der Freizeit, Rauchen und Alkoholkonsum ber\u00fccksichtigten&#8220;, sagt Kivimaki. &#8222;Neun von zehn Erkrankungen traten bei Menschen auf, die weder fr\u00fcher noch gleichzeitig an einer Herz-Kreislauf-Erkrankung litten. Damit liegt nahe, dass das erh\u00f6hte Risiko wahrscheinlich die Folge der langen Arbeitszeiten ist.&#8220;<\/p>\n<p class=\"FtxtP\"><strong><span class=\"FtxtBold\">Weitere Studien n\u00f6tig<\/span><\/strong><\/p>\n<p class=\"FtxtP\">Weitere Studien sind laut den Experten erforderlich, um die auszul\u00f6senden Mechanismen zu erforschen. Ein um 40 Prozent erh\u00f6htes Risiko ist laut dem Forscher eine ernste Gefahr f\u00fcr Personen, die bereits aufgrund von anderen Risikofaktoren \u00fcber ein allgemein hohes Risiko einer Herz-Kreislauf-Erkrankung verf\u00fcgen. Dazu geh\u00f6ren ein h\u00f6heres Alter, das m\u00e4nnliche Geschlecht, Diabetes, Bluthochdruck, hohe Cholesterinwerte, \u00dcbergewicht, Rauchen und wenig Bewegung oder eine bereits bestehende Erkrankung des Herzens.<\/p>\n<p class=\"FtxtP\">&#8222;F\u00fcr einen gesunden jungen Menschen mit wenigen oder keinen dieser Risikofaktoren ist das allgemeine Risiko eines Vorhofflimmerns auch bei langen Arbeitszeiten gering&#8220;, verdeutlicht Kivimaki abschlie\u00dfend. Die Forschungsergebnisse wurden im &#8222;European Heart Journal&#8220; ver\u00f6ffentlicht.<\/p>\n<p class=\"FtxtP\">Text: Pressetext<\/p>\n","protected":false},"excerpt":{"rendered":"<p>Menschen mit langen Arbeitszeiten verf\u00fcgen bei einem unregelm\u00e4\u00dfigen Herzrhythmus, also bei Vorhofflimmern, \u00fcber ein erh\u00f6htes Risiko. Zu diesem Ergebnis kommen Forscher des University College London. Die Auswertung der Daten von fast 85.500 M\u00e4nnern und Frauen hat ergeben, dass jene, die 55 Stunden pro Woche oder mehr arbeiten, \u00fcber ein um 40 Prozent erh\u00f6htes Risiko verf\u00fcgen, [&hellip;]<\/p>\n","protected":false},"author":1,"featured_media":16213,"comment_status":"open","ping_status":"open","sticky":false,"template":"","format":"standard","meta":{"_acf_changed":false,"pgc_sgb_lightbox_settings":"","footnotes":""},"categories":[3314],"tags":[1678,149,3123],"class_list":["post-2084","post","type-post","status-publish","format-standard","has-post-thumbnail","hentry","category-health-safety","tag-arbeitszeit","tag-gesundheitsschutz","tag-ueberstunden"],"acf":[],"hkrextid":null,"publication":null,"issue":null,"workflow":null,"startPage":null,"spitzmarke":null,"_posts_by_tag_page_fields":{"widget_title":"","widget_tags":""},"_at_widget":"1","_yoast_wpseo_primary_category":"4","_yoast_wpseo_focuskw_text_input":"Vorhofflimmern","_yoast_wpseo_opengraph-image":null,"_yoast_wpseo_opengraph-description":null,"_yoast_wpseo_opengraph-title":null,"enclosure":null,"_yoast_wpseo_twitter-title":null,"_yoast_wpseo_twitter-description":null,"_yoast_wpseo_twitter-image":null,"_wp_old_slug":null,"_yoast_wpseo_title":null,"_yoast_wpseo_canonical":null,"yoast_head":"<!-- This site is optimized with the Yoast SEO plugin v27.5 - https:\/\/yoast.com\/product\/yoast-seo-wordpress\/ -->\n<title>Zu viele \u00dcberstunden erh\u00f6ht Risiko von Vorhofflimmern - Save<\/title>\n<meta name=\"description\" content=\"\u00dcberstunden schaden der Gesundheit: Wer mehr als 55 Stunden pro Woche arbeitet, weist ein 40% erh\u00f6htes Risiko auf, an Vorhofflimmern zu erkranken.\" \/>\n<meta name=\"robots\" content=\"index, follow, max-snippet:-1, max-image-preview:large, max-video-preview:-1\" \/>\n<link rel=\"canonical\" href=\"https:\/\/news.save.ch\/de\/zu-viele-ueberstunden-erhoeht-risiko-von-vorhofflimmern\/\" \/>\n<meta property=\"og:locale\" content=\"de_DE\" \/>\n<meta property=\"og:type\" content=\"article\" \/>\n<meta property=\"og:title\" content=\"Zu viele \u00dcberstunden erh\u00f6ht Risiko von Vorhofflimmern - Save\" \/>\n<meta property=\"og:description\" content=\"\u00dcberstunden schaden der Gesundheit: Wer mehr als 55 Stunden pro Woche arbeitet, weist ein 40% erh\u00f6htes Risiko auf, an Vorhofflimmern zu erkranken.\" \/>\n<meta property=\"og:url\" content=\"https:\/\/news.save.ch\/de\/zu-viele-ueberstunden-erhoeht-risiko-von-vorhofflimmern\/\" \/>\n<meta property=\"og:site_name\" content=\"Save\" \/>\n<meta property=\"article:published_time\" content=\"2017-07-19T09:12:35+00:00\" \/>\n<meta property=\"article:modified_time\" content=\"2023-03-14T08:02:57+00:00\" \/>\n<meta property=\"og:image\" content=\"https:\/\/news.save.ch\/wp-content\/uploads\/2017\/07\/Depositphotos_42281629_l-2015-scaled-1.jpg\" \/>\n\t<meta property=\"og:image:width\" content=\"1200\" \/>\n\t<meta property=\"og:image:height\" content=\"800\" \/>\n\t<meta property=\"og:image:type\" content=\"image\/jpeg\" \/>\n<meta name=\"author\" content=\"admin\" \/>\n<meta name=\"twitter:card\" content=\"summary_large_image\" \/>\n<meta name=\"twitter:label1\" content=\"Geschrieben von\" \/>\n\t<meta name=\"twitter:data1\" content=\"admin\" \/>\n\t<meta name=\"twitter:label2\" content=\"Gesch\u00e4tzte Lesezeit\" \/>\n\t<meta name=\"twitter:data2\" content=\"2\u00a0Minuten\" \/>\n<script type=\"application\/ld+json\" class=\"yoast-schema-graph\">{\"@context\":\"https:\\\/\\\/schema.org\",\"@graph\":[{\"@type\":\"Article\",\"@id\":\"https:\\\/\\\/news.save.ch\\\/zu-viele-ueberstunden-erhoeht-risiko-von-vorhofflimmern\\\/#article\",\"isPartOf\":{\"@id\":\"https:\\\/\\\/news.save.ch\\\/zu-viele-ueberstunden-erhoeht-risiko-von-vorhofflimmern\\\/\"},\"author\":{\"name\":\"admin\",\"@id\":\"https:\\\/\\\/news.save.ch\\\/de\\\/#\\\/schema\\\/person\\\/d49e199490bad7c70d64b9ab51142f2b\"},\"headline\":\"Zu viele \u00dcberstunden erh\u00f6ht Risiko von Vorhofflimmern\",\"datePublished\":\"2017-07-19T09:12:35+00:00\",\"dateModified\":\"2023-03-14T08:02:57+00:00\",\"mainEntityOfPage\":{\"@id\":\"https:\\\/\\\/news.save.ch\\\/zu-viele-ueberstunden-erhoeht-risiko-von-vorhofflimmern\\\/\"},\"wordCount\":428,\"commentCount\":0,\"publisher\":{\"@id\":\"https:\\\/\\\/news.save.ch\\\/de\\\/#organization\"},\"image\":{\"@id\":\"https:\\\/\\\/news.save.ch\\\/zu-viele-ueberstunden-erhoeht-risiko-von-vorhofflimmern\\\/#primaryimage\"},\"thumbnailUrl\":\"https:\\\/\\\/news.save.ch\\\/wp-content\\\/uploads\\\/2017\\\/07\\\/Depositphotos_42281629_l-2015-scaled-1.jpg\",\"keywords\":[\"Arbeitszeit\",\"Gesundheitsschutz\",\"\u00dcberstunden\"],\"articleSection\":[\"HEALTH &amp; SAFETY\"],\"inLanguage\":\"de\"},{\"@type\":\"WebPage\",\"@id\":\"https:\\\/\\\/news.save.ch\\\/zu-viele-ueberstunden-erhoeht-risiko-von-vorhofflimmern\\\/\",\"url\":\"https:\\\/\\\/news.save.ch\\\/zu-viele-ueberstunden-erhoeht-risiko-von-vorhofflimmern\\\/\",\"name\":\"Zu viele \u00dcberstunden erh\u00f6ht Risiko von Vorhofflimmern - Save\",\"isPartOf\":{\"@id\":\"https:\\\/\\\/news.save.ch\\\/de\\\/#website\"},\"primaryImageOfPage\":{\"@id\":\"https:\\\/\\\/news.save.ch\\\/zu-viele-ueberstunden-erhoeht-risiko-von-vorhofflimmern\\\/#primaryimage\"},\"image\":{\"@id\":\"https:\\\/\\\/news.save.ch\\\/zu-viele-ueberstunden-erhoeht-risiko-von-vorhofflimmern\\\/#primaryimage\"},\"thumbnailUrl\":\"https:\\\/\\\/news.save.ch\\\/wp-content\\\/uploads\\\/2017\\\/07\\\/Depositphotos_42281629_l-2015-scaled-1.jpg\",\"datePublished\":\"2017-07-19T09:12:35+00:00\",\"dateModified\":\"2023-03-14T08:02:57+00:00\",\"description\":\"\u00dcberstunden schaden der Gesundheit: Wer mehr als 55 Stunden pro Woche arbeitet, weist ein 40% erh\u00f6htes Risiko auf, an Vorhofflimmern zu erkranken.\",\"breadcrumb\":{\"@id\":\"https:\\\/\\\/news.save.ch\\\/zu-viele-ueberstunden-erhoeht-risiko-von-vorhofflimmern\\\/#breadcrumb\"},\"inLanguage\":\"de\",\"potentialAction\":[{\"@type\":\"ReadAction\",\"target\":[\"https:\\\/\\\/news.save.ch\\\/zu-viele-ueberstunden-erhoeht-risiko-von-vorhofflimmern\\\/\"]}]},{\"@type\":\"ImageObject\",\"inLanguage\":\"de\",\"@id\":\"https:\\\/\\\/news.save.ch\\\/zu-viele-ueberstunden-erhoeht-risiko-von-vorhofflimmern\\\/#primaryimage\",\"url\":\"https:\\\/\\\/news.save.ch\\\/wp-content\\\/uploads\\\/2017\\\/07\\\/Depositphotos_42281629_l-2015-scaled-1.jpg\",\"contentUrl\":\"https:\\\/\\\/news.save.ch\\\/wp-content\\\/uploads\\\/2017\\\/07\\\/Depositphotos_42281629_l-2015-scaled-1.jpg\",\"width\":1200,\"height\":800,\"caption\":\"Vorhofflimmern spielt bei zahlreichen schweren Erkrankungen wie Herzinfarkten, Demenz und Schlaganf\u00e4llen eine Rolle.\"},{\"@type\":\"BreadcrumbList\",\"@id\":\"https:\\\/\\\/news.save.ch\\\/zu-viele-ueberstunden-erhoeht-risiko-von-vorhofflimmern\\\/#breadcrumb\",\"itemListElement\":[{\"@type\":\"ListItem\",\"position\":1,\"name\":\"Home\",\"item\":\"https:\\\/\\\/news.save.ch\\\/de\\\/\"},{\"@type\":\"ListItem\",\"position\":2,\"name\":\"Zu viele \u00dcberstunden erh\u00f6ht Risiko von Vorhofflimmern\"}]},{\"@type\":\"WebSite\",\"@id\":\"https:\\\/\\\/news.save.ch\\\/de\\\/#website\",\"url\":\"https:\\\/\\\/news.save.ch\\\/de\\\/\",\"name\":\"Save\",\"description\":\"Schweizer Fachzeitschrift f\u00fcr Sicherheit\",\"publisher\":{\"@id\":\"https:\\\/\\\/news.save.ch\\\/de\\\/#organization\"},\"potentialAction\":[{\"@type\":\"SearchAction\",\"target\":{\"@type\":\"EntryPoint\",\"urlTemplate\":\"https:\\\/\\\/news.save.ch\\\/de\\\/?s={search_term_string}\"},\"query-input\":{\"@type\":\"PropertyValueSpecification\",\"valueRequired\":true,\"valueName\":\"search_term_string\"}}],\"inLanguage\":\"de\"},{\"@type\":\"Organization\",\"@id\":\"https:\\\/\\\/news.save.ch\\\/de\\\/#organization\",\"name\":\"Sicherheitsforum\",\"url\":\"https:\\\/\\\/news.save.ch\\\/de\\\/\",\"logo\":{\"@type\":\"ImageObject\",\"inLanguage\":\"de\",\"@id\":\"https:\\\/\\\/news.save.ch\\\/de\\\/#\\\/schema\\\/logo\\\/image\\\/\",\"url\":\"https:\\\/\\\/news.save.ch\\\/wp-content\\\/uploads\\\/2022\\\/06\\\/Logo_SF_2012.png\",\"contentUrl\":\"https:\\\/\\\/news.save.ch\\\/wp-content\\\/uploads\\\/2022\\\/06\\\/Logo_SF_2012.png\",\"width\":1100,\"height\":91,\"caption\":\"Sicherheitsforum\"},\"image\":{\"@id\":\"https:\\\/\\\/news.save.ch\\\/de\\\/#\\\/schema\\\/logo\\\/image\\\/\"}},{\"@type\":\"Person\",\"@id\":\"https:\\\/\\\/news.save.ch\\\/de\\\/#\\\/schema\\\/person\\\/d49e199490bad7c70d64b9ab51142f2b\",\"name\":\"admin\",\"image\":{\"@type\":\"ImageObject\",\"inLanguage\":\"de\",\"@id\":\"https:\\\/\\\/secure.gravatar.com\\\/avatar\\\/ae2f4d718e6c49043e314ce431e7e645d646302a24a5ef5a8bc8e3f5a032e319?s=96&d=mm&r=g\",\"url\":\"https:\\\/\\\/secure.gravatar.com\\\/avatar\\\/ae2f4d718e6c49043e314ce431e7e645d646302a24a5ef5a8bc8e3f5a032e319?s=96&d=mm&r=g\",\"contentUrl\":\"https:\\\/\\\/secure.gravatar.com\\\/avatar\\\/ae2f4d718e6c49043e314ce431e7e645d646302a24a5ef5a8bc8e3f5a032e319?s=96&d=mm&r=g\",\"caption\":\"admin\"},\"sameAs\":[\"https:\\\/\\\/develop.organisator.galledia.ch\"],\"url\":\"https:\\\/\\\/news.save.ch\\\/de\\\/author\\\/admin\\\/\"}]}<\/script>\n<!-- \/ Yoast SEO plugin. -->","yoast_head_json":{"title":"Zu viele \u00dcberstunden erh\u00f6ht Risiko von Vorhofflimmern - Save","description":"\u00dcberstunden schaden der Gesundheit: Wer mehr als 55 Stunden pro Woche arbeitet, weist ein 40% erh\u00f6htes Risiko auf, an Vorhofflimmern zu erkranken.","robots":{"index":"index","follow":"follow","max-snippet":"max-snippet:-1","max-image-preview":"max-image-preview:large","max-video-preview":"max-video-preview:-1"},"canonical":"https:\/\/news.save.ch\/de\/zu-viele-ueberstunden-erhoeht-risiko-von-vorhofflimmern\/","og_locale":"de_DE","og_type":"article","og_title":"Zu viele \u00dcberstunden erh\u00f6ht Risiko von Vorhofflimmern - Save","og_description":"\u00dcberstunden schaden der Gesundheit: Wer mehr als 55 Stunden pro Woche arbeitet, weist ein 40% erh\u00f6htes Risiko auf, an Vorhofflimmern zu erkranken.","og_url":"https:\/\/news.save.ch\/de\/zu-viele-ueberstunden-erhoeht-risiko-von-vorhofflimmern\/","og_site_name":"Save","article_published_time":"2017-07-19T09:12:35+00:00","article_modified_time":"2023-03-14T08:02:57+00:00","og_image":[{"width":1200,"height":800,"url":"https:\/\/news.save.ch\/wp-content\/uploads\/2017\/07\/Depositphotos_42281629_l-2015-scaled-1.jpg","type":"image\/jpeg"}],"author":"admin","twitter_card":"summary_large_image","twitter_misc":{"Geschrieben von":"admin","Gesch\u00e4tzte Lesezeit":"2\u00a0Minuten"},"schema":{"@context":"https:\/\/schema.org","@graph":[{"@type":"Article","@id":"https:\/\/news.save.ch\/zu-viele-ueberstunden-erhoeht-risiko-von-vorhofflimmern\/#article","isPartOf":{"@id":"https:\/\/news.save.ch\/zu-viele-ueberstunden-erhoeht-risiko-von-vorhofflimmern\/"},"author":{"name":"admin","@id":"https:\/\/news.save.ch\/de\/#\/schema\/person\/d49e199490bad7c70d64b9ab51142f2b"},"headline":"Zu viele \u00dcberstunden erh\u00f6ht Risiko von Vorhofflimmern","datePublished":"2017-07-19T09:12:35+00:00","dateModified":"2023-03-14T08:02:57+00:00","mainEntityOfPage":{"@id":"https:\/\/news.save.ch\/zu-viele-ueberstunden-erhoeht-risiko-von-vorhofflimmern\/"},"wordCount":428,"commentCount":0,"publisher":{"@id":"https:\/\/news.save.ch\/de\/#organization"},"image":{"@id":"https:\/\/news.save.ch\/zu-viele-ueberstunden-erhoeht-risiko-von-vorhofflimmern\/#primaryimage"},"thumbnailUrl":"https:\/\/news.save.ch\/wp-content\/uploads\/2017\/07\/Depositphotos_42281629_l-2015-scaled-1.jpg","keywords":["Arbeitszeit","Gesundheitsschutz","\u00dcberstunden"],"articleSection":["HEALTH &amp; SAFETY"],"inLanguage":"de"},{"@type":"WebPage","@id":"https:\/\/news.save.ch\/zu-viele-ueberstunden-erhoeht-risiko-von-vorhofflimmern\/","url":"https:\/\/news.save.ch\/zu-viele-ueberstunden-erhoeht-risiko-von-vorhofflimmern\/","name":"Zu viele \u00dcberstunden erh\u00f6ht Risiko von Vorhofflimmern - Save","isPartOf":{"@id":"https:\/\/news.save.ch\/de\/#website"},"primaryImageOfPage":{"@id":"https:\/\/news.save.ch\/zu-viele-ueberstunden-erhoeht-risiko-von-vorhofflimmern\/#primaryimage"},"image":{"@id":"https:\/\/news.save.ch\/zu-viele-ueberstunden-erhoeht-risiko-von-vorhofflimmern\/#primaryimage"},"thumbnailUrl":"https:\/\/news.save.ch\/wp-content\/uploads\/2017\/07\/Depositphotos_42281629_l-2015-scaled-1.jpg","datePublished":"2017-07-19T09:12:35+00:00","dateModified":"2023-03-14T08:02:57+00:00","description":"\u00dcberstunden schaden der Gesundheit: Wer mehr als 55 Stunden pro Woche arbeitet, weist ein 40% erh\u00f6htes Risiko auf, an Vorhofflimmern zu erkranken.","breadcrumb":{"@id":"https:\/\/news.save.ch\/zu-viele-ueberstunden-erhoeht-risiko-von-vorhofflimmern\/#breadcrumb"},"inLanguage":"de","potentialAction":[{"@type":"ReadAction","target":["https:\/\/news.save.ch\/zu-viele-ueberstunden-erhoeht-risiko-von-vorhofflimmern\/"]}]},{"@type":"ImageObject","inLanguage":"de","@id":"https:\/\/news.save.ch\/zu-viele-ueberstunden-erhoeht-risiko-von-vorhofflimmern\/#primaryimage","url":"https:\/\/news.save.ch\/wp-content\/uploads\/2017\/07\/Depositphotos_42281629_l-2015-scaled-1.jpg","contentUrl":"https:\/\/news.save.ch\/wp-content\/uploads\/2017\/07\/Depositphotos_42281629_l-2015-scaled-1.jpg","width":1200,"height":800,"caption":"Vorhofflimmern spielt bei zahlreichen schweren Erkrankungen wie Herzinfarkten, Demenz und Schlaganf\u00e4llen eine Rolle."},{"@type":"BreadcrumbList","@id":"https:\/\/news.save.ch\/zu-viele-ueberstunden-erhoeht-risiko-von-vorhofflimmern\/#breadcrumb","itemListElement":[{"@type":"ListItem","position":1,"name":"Home","item":"https:\/\/news.save.ch\/de\/"},{"@type":"ListItem","position":2,"name":"Zu viele \u00dcberstunden erh\u00f6ht Risiko von Vorhofflimmern"}]},{"@type":"WebSite","@id":"https:\/\/news.save.ch\/de\/#website","url":"https:\/\/news.save.ch\/de\/","name":"Save","description":"Schweizer Fachzeitschrift f\u00fcr Sicherheit","publisher":{"@id":"https:\/\/news.save.ch\/de\/#organization"},"potentialAction":[{"@type":"SearchAction","target":{"@type":"EntryPoint","urlTemplate":"https:\/\/news.save.ch\/de\/?s={search_term_string}"},"query-input":{"@type":"PropertyValueSpecification","valueRequired":true,"valueName":"search_term_string"}}],"inLanguage":"de"},{"@type":"Organization","@id":"https:\/\/news.save.ch\/de\/#organization","name":"Sicherheitsforum","url":"https:\/\/news.save.ch\/de\/","logo":{"@type":"ImageObject","inLanguage":"de","@id":"https:\/\/news.save.ch\/de\/#\/schema\/logo\/image\/","url":"https:\/\/news.save.ch\/wp-content\/uploads\/2022\/06\/Logo_SF_2012.png","contentUrl":"https:\/\/news.save.ch\/wp-content\/uploads\/2022\/06\/Logo_SF_2012.png","width":1100,"height":91,"caption":"Sicherheitsforum"},"image":{"@id":"https:\/\/news.save.ch\/de\/#\/schema\/logo\/image\/"}},{"@type":"Person","@id":"https:\/\/news.save.ch\/de\/#\/schema\/person\/d49e199490bad7c70d64b9ab51142f2b","name":"admin","image":{"@type":"ImageObject","inLanguage":"de","@id":"https:\/\/secure.gravatar.com\/avatar\/ae2f4d718e6c49043e314ce431e7e645d646302a24a5ef5a8bc8e3f5a032e319?s=96&d=mm&r=g","url":"https:\/\/secure.gravatar.com\/avatar\/ae2f4d718e6c49043e314ce431e7e645d646302a24a5ef5a8bc8e3f5a032e319?s=96&d=mm&r=g","contentUrl":"https:\/\/secure.gravatar.com\/avatar\/ae2f4d718e6c49043e314ce431e7e645d646302a24a5ef5a8bc8e3f5a032e319?s=96&d=mm&r=g","caption":"admin"},"sameAs":["https:\/\/develop.organisator.galledia.ch"],"url":"https:\/\/news.save.ch\/de\/author\/admin\/"}]}},"_links":{"self":[{"href":"https:\/\/news.save.ch\/de\/wp-json\/wp\/v2\/posts\/2084","targetHints":{"allow":["GET"]}}],"collection":[{"href":"https:\/\/news.save.ch\/de\/wp-json\/wp\/v2\/posts"}],"about":[{"href":"https:\/\/news.save.ch\/de\/wp-json\/wp\/v2\/types\/post"}],"author":[{"embeddable":true,"href":"https:\/\/news.save.ch\/de\/wp-json\/wp\/v2\/users\/1"}],"replies":[{"embeddable":true,"href":"https:\/\/news.save.ch\/de\/wp-json\/wp\/v2\/comments?post=2084"}],"version-history":[{"count":1,"href":"https:\/\/news.save.ch\/de\/wp-json\/wp\/v2\/posts\/2084\/revisions"}],"predecessor-version":[{"id":18780,"href":"https:\/\/news.save.ch\/de\/wp-json\/wp\/v2\/posts\/2084\/revisions\/18780"}],"wp:featuredmedia":[{"embeddable":true,"href":"https:\/\/news.save.ch\/de\/wp-json\/wp\/v2\/media\/16213"}],"wp:attachment":[{"href":"https:\/\/news.save.ch\/de\/wp-json\/wp\/v2\/media?parent=2084"}],"wp:term":[{"taxonomy":"category","embeddable":true,"href":"https:\/\/news.save.ch\/de\/wp-json\/wp\/v2\/categories?post=2084"},{"taxonomy":"post_tag","embeddable":true,"href":"https:\/\/news.save.ch\/de\/wp-json\/wp\/v2\/tags?post=2084"}],"curies":[{"name":"wp","href":"https:\/\/api.w.org\/{rel}","templated":true}]}}