{"id":21460,"date":"2023-08-02T08:15:22","date_gmt":"2023-08-02T06:15:22","guid":{"rendered":"https:\/\/news.save.ch\/?p=21460"},"modified":"2023-08-01T14:39:48","modified_gmt":"2023-08-01T12:39:48","slug":"viele-schweizer-unternehmen-verfuegen-nicht-einmal-ueber-basisschutz","status":null,"type":"post","link":"https:\/\/news.save.ch\/de\/viele-schweizer-unternehmen-verfuegen-nicht-einmal-ueber-basisschutz\/","title":{"rendered":"Viele Schweizer Unternehmen verf\u00fcgen nicht einmal \u00fcber Basisschutz"},"content":{"rendered":"<div>\n<div>\n<figure id=\"attachment_21461\" aria-describedby=\"caption-attachment-21461\" style=\"width: 680px\" class=\"wp-caption aligncenter\"><img loading=\"lazy\" decoding=\"async\" class=\"size-medium wp-image-21461\" src=\"https:\/\/news.save.ch\/wp-content\/uploads\/2023\/08\/Depositphotos_182427300_S-680x454.jpg\" alt=\"\" width=\"680\" height=\"454\" srcset=\"https:\/\/news.save.ch\/wp-content\/uploads\/2023\/08\/Depositphotos_182427300_S-680x454.jpg 680w, https:\/\/news.save.ch\/wp-content\/uploads\/2023\/08\/Depositphotos_182427300_S-768x512.jpg 768w, https:\/\/news.save.ch\/wp-content\/uploads\/2023\/08\/Depositphotos_182427300_S-18x12.jpg 18w, https:\/\/news.save.ch\/wp-content\/uploads\/2023\/08\/Depositphotos_182427300_S-375x250.jpg 375w, https:\/\/news.save.ch\/wp-content\/uploads\/2023\/08\/Depositphotos_182427300_S-525x350.jpg 525w, https:\/\/news.save.ch\/wp-content\/uploads\/2023\/08\/Depositphotos_182427300_S.jpg 1000w\" sizes=\"auto, (max-width: 680px) 100vw, 680px\" \/><figcaption id=\"caption-attachment-21461\" class=\"wp-caption-text\">Depositphotos, WrightStudio<\/figcaption><\/figure>\n<p>&nbsp;<\/p>\n<\/div>\n<div>Jedes vierte Unternehmen (24,5%) in der Schweiz war im vergangenen Jahr mit mehr Cyberangriffen konfrontiert. Entscheidungstr\u00e4gern sollte daher klar sein, dass eine pr\u00e4ventive und nachhaltige Cybersicherheitsstrategie ein \u201eMuss\u201c f\u00fcr einen nachhaltigen Cyberschutz ist, wie Kaspersky schreibt.<\/div>\n<h3><strong>Passwort-Richtlinien, Backups, Mitarbeiterschulungen? Nicht n\u00f6tig<\/strong><\/h3>\n<div>Wie die Kaspersky-Umfrage feststellt, fehlt es in vielen Unternehmen an grundlegenden Sicherheitsmassnahmen: Passwort-Richtlinien (66%), Backup-Erstellung (60%) oder Multi-Faktor-Authentifizierung (70%) werden bis dato bei zu wenigen Betrieben eingesetzt. Dabei handle es sich hierbei um grundlegende Massnahmen, die gemeinsam mit einer dedizierten Cybersicherheitsl\u00f6sung den Basisschutz vor Angriffen darstellen w\u00fcrden.<br \/>\nWeiterhin w\u00fcrden 46 Prozent der Unternehmen in der Schweiz ihre Mitarbeitenden nicht regelm\u00e4ssig zu Themen wie Spam oder Phishing schulen \u2013 die klassischen Einfallstore f\u00fcr Cyberkriminelle, um an Zugangsdaten zu gelangen. Die Krux dabei: Die Zeiten schlecht geschriebener Spam- und Phishing-Mails voller Rechtschreibfehler seien l\u00e4ngst vorbei. Heute seien sie kaum noch von echten Nachrichten zu unterscheiden. Jedoch w\u00fcrden auch nur etwa zwei Drittel (62%) der Unternehmen Anti-Phishing-Software einsetzen, um sich dagegen zu sch\u00fctzen. Zudem verf\u00fcge derzeit nur etwa die H\u00e4lfte der Unternehmen (54%) \u00fcber eine Patch-Management-Richtlinie. Dabei geh\u00f6rten Sicherheitsl\u00fccken in Anwendungen und Betriebssystemen zu den h\u00e4ufigsten Angriffsvektoren in Unternehmen.<\/div>\n<h3>Patch-Management<\/h3>\n<div>\u201ePatchen ist immer eine Herausforderung. Zum einen lassen sich zwar Sicherheitsl\u00fccken relativ einfach stopfen, zum anderen ist der Vorgang aber meist etwas komplizierter als man denkt\u201c, sagt Kai Schuricht von Kaspersky, zum fehlenden Patch-Management in Unternehmen. \u201eEntscheiden sich Unternehmen, ihre Systeme zu aktualisieren, dauert dies einige Zeit. Denn diese m\u00fcssen erst getestet, freigegeben und dann verteilt werden. Das dauert und vergr\u00f6ssert nat\u00fcrlich das Zeitfenster, in dem die Systeme verwundbar sind. Auch das Zeitfenster f\u00fcr erfolgreiche Angriffe verl\u00e4ngert sich. Ein entsprechend durchdachtes und damit effizientes Patch-Management kann hier unterst\u00fctzen und die unterschiedlichen Anforderungen von beispielsweise IT-Sicherheit und Produktion gleichzeitig ber\u00fccksichtigen.\u201c<\/div>\n<div><\/div>\n<\/div>\n<div><em>Die vollst\u00e4ndige Kaspersky-Studie \u201eIncident Response zur Pr\u00e4vention \u2013 Warum Unternehmen in der Schweiz schlecht auf Cyberangriffe vorbereitet sind und wie sie dank Incident-Response-Methoden cyberresilienter werden\u201c ist verf\u00fcgbar unter <a href=\"https:\/\/kas.pr\/ir-report_ch\" target=\"_blank\" rel=\"noopener\">https:\/\/kas.pr\/ir-report_ch<\/a><\/em><\/div>\n","protected":false},"excerpt":{"rendered":"<p>&nbsp; Jedes vierte Unternehmen (24,5%) in der Schweiz war im vergangenen Jahr mit mehr Cyberangriffen konfrontiert. Entscheidungstr\u00e4gern sollte daher klar sein, dass eine pr\u00e4ventive und nachhaltige Cybersicherheitsstrategie ein \u201eMuss\u201c f\u00fcr einen nachhaltigen Cyberschutz ist, wie Kaspersky schreibt. Passwort-Richtlinien, Backups, Mitarbeiterschulungen? Nicht n\u00f6tig Wie die Kaspersky-Umfrage feststellt, fehlt es in vielen Unternehmen an grundlegenden Sicherheitsmassnahmen: Passwort-Richtlinien [&hellip;]<\/p>\n","protected":false},"author":8,"featured_media":21461,"comment_status":"closed","ping_status":"closed","sticky":false,"template":"","format":"standard","meta":{"_acf_changed":false,"pgc_sgb_lightbox_settings":"","footnotes":""},"categories":[3313],"tags":[670],"class_list":["post-21460","post","type-post","status-publish","format-standard","has-post-thumbnail","hentry","category-digitalisierung","tag-cybersicherheit"],"acf":[],"hkrextid":null,"publication":null,"issue":null,"workflow":null,"startPage":null,"spitzmarke":null,"_posts_by_tag_page_fields":null,"_at_widget":null,"_yoast_wpseo_primary_category":"3313","_yoast_wpseo_focuskw_text_input":null,"_yoast_wpseo_opengraph-image":null,"_yoast_wpseo_opengraph-description":null,"_yoast_wpseo_opengraph-title":null,"enclosure":null,"_yoast_wpseo_twitter-title":null,"_yoast_wpseo_twitter-description":null,"_yoast_wpseo_twitter-image":null,"_wp_old_slug":null,"_yoast_wpseo_title":null,"_yoast_wpseo_canonical":null,"yoast_head":"<!-- This site is optimized with the Yoast SEO plugin v27.5 - https:\/\/yoast.com\/product\/yoast-seo-wordpress\/ -->\n<title>Viele Schweizer Unternehmen verf\u00fcgen nicht einmal \u00fcber Basisschutz - Save<\/title>\n<meta name=\"description\" content=\"Unternehmen in der Schweiz mangelt es an grundlegenden Cybersicherheitsmassnahmen, so die Kernaussage einer Kaspersky-Studie.\" \/>\n<meta name=\"robots\" content=\"index, follow, max-snippet:-1, max-image-preview:large, max-video-preview:-1\" \/>\n<link rel=\"canonical\" href=\"https:\/\/news.save.ch\/de\/viele-schweizer-unternehmen-verfuegen-nicht-einmal-ueber-basisschutz\/\" \/>\n<meta property=\"og:locale\" content=\"de_DE\" \/>\n<meta property=\"og:type\" content=\"article\" \/>\n<meta property=\"og:title\" content=\"Viele Schweizer Unternehmen verf\u00fcgen nicht einmal \u00fcber Basisschutz - Save\" \/>\n<meta property=\"og:description\" content=\"Unternehmen in der Schweiz mangelt es an grundlegenden Cybersicherheitsmassnahmen, so die Kernaussage einer Kaspersky-Studie.\" \/>\n<meta property=\"og:url\" content=\"https:\/\/news.save.ch\/de\/viele-schweizer-unternehmen-verfuegen-nicht-einmal-ueber-basisschutz\/\" \/>\n<meta property=\"og:site_name\" content=\"Save\" \/>\n<meta property=\"article:published_time\" content=\"2023-08-02T06:15:22+00:00\" \/>\n<meta property=\"og:image\" content=\"https:\/\/news.save.ch\/wp-content\/uploads\/2023\/08\/Depositphotos_182427300_S.jpg\" \/>\n\t<meta property=\"og:image:width\" content=\"1000\" \/>\n\t<meta property=\"og:image:height\" content=\"667\" \/>\n\t<meta property=\"og:image:type\" content=\"image\/jpeg\" \/>\n<meta name=\"author\" content=\"Roger Str\u00e4ssle\" \/>\n<meta name=\"twitter:card\" content=\"summary_large_image\" \/>\n<meta name=\"twitter:label1\" content=\"Geschrieben von\" \/>\n\t<meta name=\"twitter:data1\" content=\"Roger Str\u00e4ssle\" \/>\n\t<meta name=\"twitter:label2\" content=\"Gesch\u00e4tzte Lesezeit\" \/>\n\t<meta name=\"twitter:data2\" content=\"2\u00a0Minuten\" \/>\n<script type=\"application\/ld+json\" class=\"yoast-schema-graph\">{\"@context\":\"https:\\\/\\\/schema.org\",\"@graph\":[{\"@type\":\"Article\",\"@id\":\"https:\\\/\\\/news.save.ch\\\/viele-schweizer-unternehmen-verfuegen-nicht-einmal-ueber-basisschutz\\\/#article\",\"isPartOf\":{\"@id\":\"https:\\\/\\\/news.save.ch\\\/viele-schweizer-unternehmen-verfuegen-nicht-einmal-ueber-basisschutz\\\/\"},\"author\":{\"name\":\"Roger Str\u00e4ssle\",\"@id\":\"https:\\\/\\\/news.save.ch\\\/de\\\/#\\\/schema\\\/person\\\/d5022db048e0e2b9785c50e5b24da5aa\"},\"headline\":\"Viele Schweizer Unternehmen verf\u00fcgen nicht einmal \u00fcber Basisschutz\",\"datePublished\":\"2023-08-02T06:15:22+00:00\",\"mainEntityOfPage\":{\"@id\":\"https:\\\/\\\/news.save.ch\\\/viele-schweizer-unternehmen-verfuegen-nicht-einmal-ueber-basisschutz\\\/\"},\"wordCount\":358,\"publisher\":{\"@id\":\"https:\\\/\\\/news.save.ch\\\/de\\\/#organization\"},\"image\":{\"@id\":\"https:\\\/\\\/news.save.ch\\\/viele-schweizer-unternehmen-verfuegen-nicht-einmal-ueber-basisschutz\\\/#primaryimage\"},\"thumbnailUrl\":\"https:\\\/\\\/news.save.ch\\\/wp-content\\\/uploads\\\/2023\\\/08\\\/Depositphotos_182427300_S.jpg\",\"keywords\":[\"Cybersicherheit\"],\"articleSection\":[\"DIGITALISIERUNG\"],\"inLanguage\":\"de\"},{\"@type\":\"WebPage\",\"@id\":\"https:\\\/\\\/news.save.ch\\\/viele-schweizer-unternehmen-verfuegen-nicht-einmal-ueber-basisschutz\\\/\",\"url\":\"https:\\\/\\\/news.save.ch\\\/viele-schweizer-unternehmen-verfuegen-nicht-einmal-ueber-basisschutz\\\/\",\"name\":\"Viele Schweizer Unternehmen verf\u00fcgen nicht einmal \u00fcber Basisschutz - Save\",\"isPartOf\":{\"@id\":\"https:\\\/\\\/news.save.ch\\\/de\\\/#website\"},\"primaryImageOfPage\":{\"@id\":\"https:\\\/\\\/news.save.ch\\\/viele-schweizer-unternehmen-verfuegen-nicht-einmal-ueber-basisschutz\\\/#primaryimage\"},\"image\":{\"@id\":\"https:\\\/\\\/news.save.ch\\\/viele-schweizer-unternehmen-verfuegen-nicht-einmal-ueber-basisschutz\\\/#primaryimage\"},\"thumbnailUrl\":\"https:\\\/\\\/news.save.ch\\\/wp-content\\\/uploads\\\/2023\\\/08\\\/Depositphotos_182427300_S.jpg\",\"datePublished\":\"2023-08-02T06:15:22+00:00\",\"description\":\"Unternehmen in der Schweiz mangelt es an grundlegenden Cybersicherheitsmassnahmen, so die Kernaussage einer Kaspersky-Studie.\",\"breadcrumb\":{\"@id\":\"https:\\\/\\\/news.save.ch\\\/viele-schweizer-unternehmen-verfuegen-nicht-einmal-ueber-basisschutz\\\/#breadcrumb\"},\"inLanguage\":\"de\",\"potentialAction\":[{\"@type\":\"ReadAction\",\"target\":[\"https:\\\/\\\/news.save.ch\\\/viele-schweizer-unternehmen-verfuegen-nicht-einmal-ueber-basisschutz\\\/\"]}]},{\"@type\":\"ImageObject\",\"inLanguage\":\"de\",\"@id\":\"https:\\\/\\\/news.save.ch\\\/viele-schweizer-unternehmen-verfuegen-nicht-einmal-ueber-basisschutz\\\/#primaryimage\",\"url\":\"https:\\\/\\\/news.save.ch\\\/wp-content\\\/uploads\\\/2023\\\/08\\\/Depositphotos_182427300_S.jpg\",\"contentUrl\":\"https:\\\/\\\/news.save.ch\\\/wp-content\\\/uploads\\\/2023\\\/08\\\/Depositphotos_182427300_S.jpg\",\"width\":1000,\"height\":667,\"caption\":\"Depositphotos, WrightStudio\"},{\"@type\":\"BreadcrumbList\",\"@id\":\"https:\\\/\\\/news.save.ch\\\/viele-schweizer-unternehmen-verfuegen-nicht-einmal-ueber-basisschutz\\\/#breadcrumb\",\"itemListElement\":[{\"@type\":\"ListItem\",\"position\":1,\"name\":\"Home\",\"item\":\"https:\\\/\\\/news.save.ch\\\/de\\\/\"},{\"@type\":\"ListItem\",\"position\":2,\"name\":\"Viele Schweizer Unternehmen verf\u00fcgen nicht einmal \u00fcber Basisschutz\"}]},{\"@type\":\"WebSite\",\"@id\":\"https:\\\/\\\/news.save.ch\\\/de\\\/#website\",\"url\":\"https:\\\/\\\/news.save.ch\\\/de\\\/\",\"name\":\"Save\",\"description\":\"Schweizer Fachzeitschrift f\u00fcr Sicherheit\",\"publisher\":{\"@id\":\"https:\\\/\\\/news.save.ch\\\/de\\\/#organization\"},\"potentialAction\":[{\"@type\":\"SearchAction\",\"target\":{\"@type\":\"EntryPoint\",\"urlTemplate\":\"https:\\\/\\\/news.save.ch\\\/de\\\/?s={search_term_string}\"},\"query-input\":{\"@type\":\"PropertyValueSpecification\",\"valueRequired\":true,\"valueName\":\"search_term_string\"}}],\"inLanguage\":\"de\"},{\"@type\":\"Organization\",\"@id\":\"https:\\\/\\\/news.save.ch\\\/de\\\/#organization\",\"name\":\"Sicherheitsforum\",\"url\":\"https:\\\/\\\/news.save.ch\\\/de\\\/\",\"logo\":{\"@type\":\"ImageObject\",\"inLanguage\":\"de\",\"@id\":\"https:\\\/\\\/news.save.ch\\\/de\\\/#\\\/schema\\\/logo\\\/image\\\/\",\"url\":\"https:\\\/\\\/news.save.ch\\\/wp-content\\\/uploads\\\/2022\\\/06\\\/Logo_SF_2012.png\",\"contentUrl\":\"https:\\\/\\\/news.save.ch\\\/wp-content\\\/uploads\\\/2022\\\/06\\\/Logo_SF_2012.png\",\"width\":1100,\"height\":91,\"caption\":\"Sicherheitsforum\"},\"image\":{\"@id\":\"https:\\\/\\\/news.save.ch\\\/de\\\/#\\\/schema\\\/logo\\\/image\\\/\"}},{\"@type\":\"Person\",\"@id\":\"https:\\\/\\\/news.save.ch\\\/de\\\/#\\\/schema\\\/person\\\/d5022db048e0e2b9785c50e5b24da5aa\",\"name\":\"Roger Str\u00e4ssle\",\"image\":{\"@type\":\"ImageObject\",\"inLanguage\":\"de\",\"@id\":\"https:\\\/\\\/secure.gravatar.com\\\/avatar\\\/862a5569d087de48e5856e32f45d719a03804c891d6deb8d4f71a660e79e4a47?s=96&d=mm&r=g\",\"url\":\"https:\\\/\\\/secure.gravatar.com\\\/avatar\\\/862a5569d087de48e5856e32f45d719a03804c891d6deb8d4f71a660e79e4a47?s=96&d=mm&r=g\",\"contentUrl\":\"https:\\\/\\\/secure.gravatar.com\\\/avatar\\\/862a5569d087de48e5856e32f45d719a03804c891d6deb8d4f71a660e79e4a47?s=96&d=mm&r=g\",\"caption\":\"Roger Str\u00e4ssle\"},\"url\":\"https:\\\/\\\/news.save.ch\\\/de\\\/author\\\/roger-straessle\\\/\"}]}<\/script>\n<!-- \/ Yoast SEO plugin. -->","yoast_head_json":{"title":"Viele Schweizer Unternehmen verf\u00fcgen nicht einmal \u00fcber Basisschutz - Save","description":"Unternehmen in der Schweiz mangelt es an grundlegenden Cybersicherheitsmassnahmen, so die Kernaussage einer Kaspersky-Studie.","robots":{"index":"index","follow":"follow","max-snippet":"max-snippet:-1","max-image-preview":"max-image-preview:large","max-video-preview":"max-video-preview:-1"},"canonical":"https:\/\/news.save.ch\/de\/viele-schweizer-unternehmen-verfuegen-nicht-einmal-ueber-basisschutz\/","og_locale":"de_DE","og_type":"article","og_title":"Viele Schweizer Unternehmen verf\u00fcgen nicht einmal \u00fcber Basisschutz - Save","og_description":"Unternehmen in der Schweiz mangelt es an grundlegenden Cybersicherheitsmassnahmen, so die Kernaussage einer Kaspersky-Studie.","og_url":"https:\/\/news.save.ch\/de\/viele-schweizer-unternehmen-verfuegen-nicht-einmal-ueber-basisschutz\/","og_site_name":"Save","article_published_time":"2023-08-02T06:15:22+00:00","og_image":[{"width":1000,"height":667,"url":"https:\/\/news.save.ch\/wp-content\/uploads\/2023\/08\/Depositphotos_182427300_S.jpg","type":"image\/jpeg"}],"author":"Roger Str\u00e4ssle","twitter_card":"summary_large_image","twitter_misc":{"Geschrieben von":"Roger Str\u00e4ssle","Gesch\u00e4tzte Lesezeit":"2\u00a0Minuten"},"schema":{"@context":"https:\/\/schema.org","@graph":[{"@type":"Article","@id":"https:\/\/news.save.ch\/viele-schweizer-unternehmen-verfuegen-nicht-einmal-ueber-basisschutz\/#article","isPartOf":{"@id":"https:\/\/news.save.ch\/viele-schweizer-unternehmen-verfuegen-nicht-einmal-ueber-basisschutz\/"},"author":{"name":"Roger Str\u00e4ssle","@id":"https:\/\/news.save.ch\/de\/#\/schema\/person\/d5022db048e0e2b9785c50e5b24da5aa"},"headline":"Viele Schweizer Unternehmen verf\u00fcgen nicht einmal \u00fcber Basisschutz","datePublished":"2023-08-02T06:15:22+00:00","mainEntityOfPage":{"@id":"https:\/\/news.save.ch\/viele-schweizer-unternehmen-verfuegen-nicht-einmal-ueber-basisschutz\/"},"wordCount":358,"publisher":{"@id":"https:\/\/news.save.ch\/de\/#organization"},"image":{"@id":"https:\/\/news.save.ch\/viele-schweizer-unternehmen-verfuegen-nicht-einmal-ueber-basisschutz\/#primaryimage"},"thumbnailUrl":"https:\/\/news.save.ch\/wp-content\/uploads\/2023\/08\/Depositphotos_182427300_S.jpg","keywords":["Cybersicherheit"],"articleSection":["DIGITALISIERUNG"],"inLanguage":"de"},{"@type":"WebPage","@id":"https:\/\/news.save.ch\/viele-schweizer-unternehmen-verfuegen-nicht-einmal-ueber-basisschutz\/","url":"https:\/\/news.save.ch\/viele-schweizer-unternehmen-verfuegen-nicht-einmal-ueber-basisschutz\/","name":"Viele Schweizer Unternehmen verf\u00fcgen nicht einmal \u00fcber Basisschutz - Save","isPartOf":{"@id":"https:\/\/news.save.ch\/de\/#website"},"primaryImageOfPage":{"@id":"https:\/\/news.save.ch\/viele-schweizer-unternehmen-verfuegen-nicht-einmal-ueber-basisschutz\/#primaryimage"},"image":{"@id":"https:\/\/news.save.ch\/viele-schweizer-unternehmen-verfuegen-nicht-einmal-ueber-basisschutz\/#primaryimage"},"thumbnailUrl":"https:\/\/news.save.ch\/wp-content\/uploads\/2023\/08\/Depositphotos_182427300_S.jpg","datePublished":"2023-08-02T06:15:22+00:00","description":"Unternehmen in der Schweiz mangelt es an grundlegenden Cybersicherheitsmassnahmen, so die Kernaussage einer Kaspersky-Studie.","breadcrumb":{"@id":"https:\/\/news.save.ch\/viele-schweizer-unternehmen-verfuegen-nicht-einmal-ueber-basisschutz\/#breadcrumb"},"inLanguage":"de","potentialAction":[{"@type":"ReadAction","target":["https:\/\/news.save.ch\/viele-schweizer-unternehmen-verfuegen-nicht-einmal-ueber-basisschutz\/"]}]},{"@type":"ImageObject","inLanguage":"de","@id":"https:\/\/news.save.ch\/viele-schweizer-unternehmen-verfuegen-nicht-einmal-ueber-basisschutz\/#primaryimage","url":"https:\/\/news.save.ch\/wp-content\/uploads\/2023\/08\/Depositphotos_182427300_S.jpg","contentUrl":"https:\/\/news.save.ch\/wp-content\/uploads\/2023\/08\/Depositphotos_182427300_S.jpg","width":1000,"height":667,"caption":"Depositphotos, WrightStudio"},{"@type":"BreadcrumbList","@id":"https:\/\/news.save.ch\/viele-schweizer-unternehmen-verfuegen-nicht-einmal-ueber-basisschutz\/#breadcrumb","itemListElement":[{"@type":"ListItem","position":1,"name":"Home","item":"https:\/\/news.save.ch\/de\/"},{"@type":"ListItem","position":2,"name":"Viele Schweizer Unternehmen verf\u00fcgen nicht einmal \u00fcber Basisschutz"}]},{"@type":"WebSite","@id":"https:\/\/news.save.ch\/de\/#website","url":"https:\/\/news.save.ch\/de\/","name":"Save","description":"Schweizer Fachzeitschrift f\u00fcr Sicherheit","publisher":{"@id":"https:\/\/news.save.ch\/de\/#organization"},"potentialAction":[{"@type":"SearchAction","target":{"@type":"EntryPoint","urlTemplate":"https:\/\/news.save.ch\/de\/?s={search_term_string}"},"query-input":{"@type":"PropertyValueSpecification","valueRequired":true,"valueName":"search_term_string"}}],"inLanguage":"de"},{"@type":"Organization","@id":"https:\/\/news.save.ch\/de\/#organization","name":"Sicherheitsforum","url":"https:\/\/news.save.ch\/de\/","logo":{"@type":"ImageObject","inLanguage":"de","@id":"https:\/\/news.save.ch\/de\/#\/schema\/logo\/image\/","url":"https:\/\/news.save.ch\/wp-content\/uploads\/2022\/06\/Logo_SF_2012.png","contentUrl":"https:\/\/news.save.ch\/wp-content\/uploads\/2022\/06\/Logo_SF_2012.png","width":1100,"height":91,"caption":"Sicherheitsforum"},"image":{"@id":"https:\/\/news.save.ch\/de\/#\/schema\/logo\/image\/"}},{"@type":"Person","@id":"https:\/\/news.save.ch\/de\/#\/schema\/person\/d5022db048e0e2b9785c50e5b24da5aa","name":"Roger Str\u00e4ssle","image":{"@type":"ImageObject","inLanguage":"de","@id":"https:\/\/secure.gravatar.com\/avatar\/862a5569d087de48e5856e32f45d719a03804c891d6deb8d4f71a660e79e4a47?s=96&d=mm&r=g","url":"https:\/\/secure.gravatar.com\/avatar\/862a5569d087de48e5856e32f45d719a03804c891d6deb8d4f71a660e79e4a47?s=96&d=mm&r=g","contentUrl":"https:\/\/secure.gravatar.com\/avatar\/862a5569d087de48e5856e32f45d719a03804c891d6deb8d4f71a660e79e4a47?s=96&d=mm&r=g","caption":"Roger Str\u00e4ssle"},"url":"https:\/\/news.save.ch\/de\/author\/roger-straessle\/"}]}},"_links":{"self":[{"href":"https:\/\/news.save.ch\/de\/wp-json\/wp\/v2\/posts\/21460","targetHints":{"allow":["GET"]}}],"collection":[{"href":"https:\/\/news.save.ch\/de\/wp-json\/wp\/v2\/posts"}],"about":[{"href":"https:\/\/news.save.ch\/de\/wp-json\/wp\/v2\/types\/post"}],"author":[{"embeddable":true,"href":"https:\/\/news.save.ch\/de\/wp-json\/wp\/v2\/users\/8"}],"replies":[{"embeddable":true,"href":"https:\/\/news.save.ch\/de\/wp-json\/wp\/v2\/comments?post=21460"}],"version-history":[{"count":4,"href":"https:\/\/news.save.ch\/de\/wp-json\/wp\/v2\/posts\/21460\/revisions"}],"predecessor-version":[{"id":21463,"href":"https:\/\/news.save.ch\/de\/wp-json\/wp\/v2\/posts\/21460\/revisions\/21463"}],"wp:featuredmedia":[{"embeddable":true,"href":"https:\/\/news.save.ch\/de\/wp-json\/wp\/v2\/media\/21461"}],"wp:attachment":[{"href":"https:\/\/news.save.ch\/de\/wp-json\/wp\/v2\/media?parent=21460"}],"wp:term":[{"taxonomy":"category","embeddable":true,"href":"https:\/\/news.save.ch\/de\/wp-json\/wp\/v2\/categories?post=21460"},{"taxonomy":"post_tag","embeddable":true,"href":"https:\/\/news.save.ch\/de\/wp-json\/wp\/v2\/tags?post=21460"}],"curies":[{"name":"wp","href":"https:\/\/api.w.org\/{rel}","templated":true}]}}