{"id":21469,"date":"2023-08-03T06:04:25","date_gmt":"2023-08-03T04:04:25","guid":{"rendered":"https:\/\/news.save.ch\/?p=21469"},"modified":"2023-08-02T17:42:46","modified_gmt":"2023-08-02T15:42:46","slug":"strafverfolgungsbehoerde-kann-neu-mit-dna-phaenotypisierung-arbeiten","status":null,"type":"post","link":"https:\/\/news.save.ch\/de\/strafverfolgungsbehoerde-kann-neu-mit-dna-phaenotypisierung-arbeiten\/","title":{"rendered":"DNA-Probe: Strafverfolger d\u00fcrfen neu Augen- und Haarfarbe herauslesen"},"content":{"rendered":"<figure id=\"attachment_21470\" aria-describedby=\"caption-attachment-21470\" style=\"width: 680px\" class=\"wp-caption aligncenter\"><img loading=\"lazy\" decoding=\"async\" class=\"size-medium wp-image-21470\" src=\"https:\/\/news.save.ch\/wp-content\/uploads\/2023\/08\/Depositphotos_432967640_S-680x454.jpg\" alt=\"\" width=\"680\" height=\"454\" srcset=\"https:\/\/news.save.ch\/wp-content\/uploads\/2023\/08\/Depositphotos_432967640_S-680x454.jpg 680w, https:\/\/news.save.ch\/wp-content\/uploads\/2023\/08\/Depositphotos_432967640_S-768x512.jpg 768w, https:\/\/news.save.ch\/wp-content\/uploads\/2023\/08\/Depositphotos_432967640_S-18x12.jpg 18w, https:\/\/news.save.ch\/wp-content\/uploads\/2023\/08\/Depositphotos_432967640_S-375x250.jpg 375w, https:\/\/news.save.ch\/wp-content\/uploads\/2023\/08\/Depositphotos_432967640_S-525x350.jpg 525w, https:\/\/news.save.ch\/wp-content\/uploads\/2023\/08\/Depositphotos_432967640_S.jpg 1000w\" sizes=\"auto, (max-width: 680px) 100vw, 680px\" \/><figcaption id=\"caption-attachment-21470\" class=\"wp-caption-text\">Depositphotos, macor<\/figcaption><\/figure>\n<p>Die forensische DNA-Analyse spielt eine zentrale Rolle bei der Aufkl\u00e4rung von Straftaten: Sie kann den Strafverfolgungsbeh\u00f6rden wichtige Hinweise bei der Ermittlung eines mutmasslichen T\u00e4ters liefern, wie das Bundesamt f\u00fcr Polizei (Fedpol) betont. Doch nicht immer liefere der Vergleich der DNA-Spur vom Tatort oder der Tatwaffe mit der DNA-Profil-Datenbank einen Treffer &#8211; n\u00e4mlich dann, wenn das DNA-Profil der gesuchten Person in der Schweizerischen Datenbank nicht enthalten sei. Seit dem 1. August k\u00f6nnen die Strafverfolgungsbeh\u00f6rden bei der Aufkl\u00e4rung schwerer Verbrechen einen entscheidenden Schritt weitergehen, so das Fedpol.<\/p>\n<p>Mit der Inkraftsetzung des revidierten DNA-Profilgesetzes k\u00f6nne unter bestimmten Voraussetzungen neu die DNA-Ph\u00e4ntoypisierung eingesetzt werden. Bislang wurde mit der DNA-Analyse einzig ein DNA-Profil erstellt und damit eine Aussage zum Geschlecht des Spurenlegers oder der Spurelegerin erlangt, wie es in der Medienmitteilung heisst. Nun k\u00f6nne man aus den codierenden DNA-Abschnitten einer Spur mit einer bestimmten Wahrscheinlichkeit folgende \u00e4usserlich sichtbaren Merkmale herausgelesen: Augen-, Haar- und Hautfarbe, biogeografische Herkunft und das Alter einer Spurenlegerin oder eines Spurenlegers.<\/p>\n<h3>Die Spur nimmt \u00abGestalt\u00bb an<\/h3>\n<p>Lassen sich in der Anfangsphase von Ermittlungen mit herk\u00f6mmlichen Mitteln keine oder nur wenig aussagekr\u00e4ftige Hinweise zur T\u00e4terschaft gewinnen, so k\u00f6nne die Ph\u00e4notypisierung neue, wichtige Erkenntnisse f\u00fcr die Strafverfolgungsbeh\u00f6rden liefern: Sie erlaube es der Polizei, den Kreis der Verd\u00e4chtigen n\u00e4her einzugrenzen und die Ermittlungen zu fokussieren. Auch k\u00f6nnten Aussagen von Opfern oder Zeugen besser eingeordnet werden. Dank der Ph\u00e4notypisierung k\u00f6nne die Polizei zum Beispiel im Einzelfall mit einer bestimmten Wahrscheinlichkeit davon ausgehen, dass die Tatortspur von einem ca. 45-j\u00e4hrigen, braunhaarigen Mann westeurop\u00e4ischer Herkunft mit gr\u00fcnen Augen stammen d\u00fcrfte. Erkenntnisse aus der Ph\u00e4notypisierung k\u00f6nnten auch bei der Aufkl\u00e4rung weit zur\u00fcckliegender Straftaten &#8211; sogenannte \u00abCold Cases\u00bb &#8211; helfen und der Suche nach dem T\u00e4ter oder der T\u00e4terin neue Impulse verleihen, wie das Fedpol schreibt.<\/p>\n<h3>Ein wichtiges Element &#8211; aber nicht das einzige<\/h3>\n<p>Mit der DNA-Analyse allein w\u00fcrden sich Verbrechen nicht aufkl\u00e4ren lassen. Direkte \u00abTreffer\u00bb beim Abgleich einer DNA-Spur vom Tatort mit der DNA-Datenbank <a href=\"https:\/\/www.fedpol.admin.ch\/fedpol\/de\/home\/sicherheit\/personenidentifikation-neu\/dna-und-codis\/codis-zahlen.html\" target=\"_blank\" rel=\"noopener\">CODIS<\/a>, das Resultat der Ph\u00e4notypisierung oder des Suchlaufs nach Verwandtschaftsbezug seien keine Beweise daf\u00fcr, dass der Spurenleger oder die Spurenlegerin auch der T\u00e4ter oder die T\u00e4terin sei. Einvernahmen von Opfern, Zeugen und Verd\u00e4chtigen sowie das \u00dcberpr\u00fcfen derer Aussagen seien nebst zahlreichen anderen Massnahmen nach wie vor zentrale Elemente in Strafverfahren f\u00fcr die Ermittlung einer mutmasslichen T\u00e4terschaft. Den entscheidenden Hinweis daf\u00fcr k\u00f6nne aber die erweiterte DNA-Analyse liefern.<\/p>\n","protected":false},"excerpt":{"rendered":"<p>Die forensische DNA-Analyse spielt eine zentrale Rolle bei der Aufkl\u00e4rung von Straftaten: Sie kann den Strafverfolgungsbeh\u00f6rden wichtige Hinweise bei der Ermittlung eines mutmasslichen T\u00e4ters liefern, wie das Bundesamt f\u00fcr Polizei (Fedpol) betont. Doch nicht immer liefere der Vergleich der DNA-Spur vom Tatort oder der Tatwaffe mit der DNA-Profil-Datenbank einen Treffer &#8211; n\u00e4mlich dann, wenn das [&hellip;]<\/p>\n","protected":false},"author":8,"featured_media":21470,"comment_status":"closed","ping_status":"closed","sticky":false,"template":"","format":"standard","meta":{"_acf_changed":false,"pgc_sgb_lightbox_settings":"","footnotes":""},"categories":[1],"tags":[1927],"class_list":["post-21469","post","type-post","status-publish","format-standard","has-post-thumbnail","hentry","category-allgemein","tag-dna"],"acf":[],"hkrextid":null,"publication":null,"issue":null,"workflow":null,"startPage":null,"spitzmarke":null,"_posts_by_tag_page_fields":null,"_at_widget":null,"_yoast_wpseo_primary_category":"1","_yoast_wpseo_focuskw_text_input":null,"_yoast_wpseo_opengraph-image":null,"_yoast_wpseo_opengraph-description":null,"_yoast_wpseo_opengraph-title":null,"enclosure":null,"_yoast_wpseo_twitter-title":null,"_yoast_wpseo_twitter-description":null,"_yoast_wpseo_twitter-image":null,"_wp_old_slug":null,"_yoast_wpseo_title":null,"_yoast_wpseo_canonical":null,"yoast_head":"<!-- This site is optimized with the Yoast SEO plugin v27.4 - https:\/\/yoast.com\/product\/yoast-seo-wordpress\/ -->\n<title>DNA-Probe: Strafverfolger d\u00fcrfen neu Augen- und Haarfarbe herauslesen - Save<\/title>\n<meta name=\"description\" content=\"In der Schweiz gilt ein neues Instrument: Die DNA-Ph\u00e4notypisierung erweitert das Spektrum der forensischen Fahndungsm\u00f6glichkeiten.\" \/>\n<meta name=\"robots\" content=\"index, follow, max-snippet:-1, max-image-preview:large, max-video-preview:-1\" \/>\n<link rel=\"canonical\" href=\"https:\/\/news.save.ch\/de\/strafverfolgungsbehoerde-kann-neu-mit-dna-phaenotypisierung-arbeiten\/\" \/>\n<meta property=\"og:locale\" content=\"de_DE\" \/>\n<meta property=\"og:type\" content=\"article\" \/>\n<meta property=\"og:title\" content=\"DNA-Probe: Strafverfolger d\u00fcrfen neu Augen- und Haarfarbe herauslesen - Save\" \/>\n<meta property=\"og:description\" content=\"In der Schweiz gilt ein neues Instrument: Die DNA-Ph\u00e4notypisierung erweitert das Spektrum der forensischen Fahndungsm\u00f6glichkeiten.\" \/>\n<meta property=\"og:url\" content=\"https:\/\/news.save.ch\/de\/strafverfolgungsbehoerde-kann-neu-mit-dna-phaenotypisierung-arbeiten\/\" \/>\n<meta property=\"og:site_name\" content=\"Save\" \/>\n<meta property=\"article:published_time\" content=\"2023-08-03T04:04:25+00:00\" \/>\n<meta property=\"og:image\" content=\"https:\/\/news.save.ch\/wp-content\/uploads\/2023\/08\/Depositphotos_432967640_S.jpg\" \/>\n\t<meta property=\"og:image:width\" content=\"1000\" \/>\n\t<meta property=\"og:image:height\" content=\"667\" \/>\n\t<meta property=\"og:image:type\" content=\"image\/jpeg\" \/>\n<meta name=\"author\" content=\"Roger Str\u00e4ssle\" \/>\n<meta name=\"twitter:card\" content=\"summary_large_image\" \/>\n<meta name=\"twitter:label1\" content=\"Geschrieben von\" \/>\n\t<meta name=\"twitter:data1\" content=\"Roger Str\u00e4ssle\" \/>\n\t<meta name=\"twitter:label2\" content=\"Gesch\u00e4tzte Lesezeit\" \/>\n\t<meta name=\"twitter:data2\" content=\"3\u00a0Minuten\" \/>\n<script type=\"application\/ld+json\" class=\"yoast-schema-graph\">{\"@context\":\"https:\\\/\\\/schema.org\",\"@graph\":[{\"@type\":\"Article\",\"@id\":\"https:\\\/\\\/news.save.ch\\\/strafverfolgungsbehoerde-kann-neu-mit-dna-phaenotypisierung-arbeiten\\\/#article\",\"isPartOf\":{\"@id\":\"https:\\\/\\\/news.save.ch\\\/strafverfolgungsbehoerde-kann-neu-mit-dna-phaenotypisierung-arbeiten\\\/\"},\"author\":{\"name\":\"Roger Str\u00e4ssle\",\"@id\":\"https:\\\/\\\/news.save.ch\\\/de\\\/#\\\/schema\\\/person\\\/d5022db048e0e2b9785c50e5b24da5aa\"},\"headline\":\"DNA-Probe: Strafverfolger d\u00fcrfen neu Augen- und Haarfarbe herauslesen\",\"datePublished\":\"2023-08-03T04:04:25+00:00\",\"mainEntityOfPage\":{\"@id\":\"https:\\\/\\\/news.save.ch\\\/strafverfolgungsbehoerde-kann-neu-mit-dna-phaenotypisierung-arbeiten\\\/\"},\"wordCount\":443,\"publisher\":{\"@id\":\"https:\\\/\\\/news.save.ch\\\/de\\\/#organization\"},\"image\":{\"@id\":\"https:\\\/\\\/news.save.ch\\\/strafverfolgungsbehoerde-kann-neu-mit-dna-phaenotypisierung-arbeiten\\\/#primaryimage\"},\"thumbnailUrl\":\"https:\\\/\\\/news.save.ch\\\/wp-content\\\/uploads\\\/2023\\\/08\\\/Depositphotos_432967640_S.jpg\",\"keywords\":[\"DNA\"],\"articleSection\":[\"ALLGEMEIN\"],\"inLanguage\":\"de\"},{\"@type\":\"WebPage\",\"@id\":\"https:\\\/\\\/news.save.ch\\\/strafverfolgungsbehoerde-kann-neu-mit-dna-phaenotypisierung-arbeiten\\\/\",\"url\":\"https:\\\/\\\/news.save.ch\\\/strafverfolgungsbehoerde-kann-neu-mit-dna-phaenotypisierung-arbeiten\\\/\",\"name\":\"DNA-Probe: Strafverfolger d\u00fcrfen neu Augen- und Haarfarbe herauslesen - Save\",\"isPartOf\":{\"@id\":\"https:\\\/\\\/news.save.ch\\\/de\\\/#website\"},\"primaryImageOfPage\":{\"@id\":\"https:\\\/\\\/news.save.ch\\\/strafverfolgungsbehoerde-kann-neu-mit-dna-phaenotypisierung-arbeiten\\\/#primaryimage\"},\"image\":{\"@id\":\"https:\\\/\\\/news.save.ch\\\/strafverfolgungsbehoerde-kann-neu-mit-dna-phaenotypisierung-arbeiten\\\/#primaryimage\"},\"thumbnailUrl\":\"https:\\\/\\\/news.save.ch\\\/wp-content\\\/uploads\\\/2023\\\/08\\\/Depositphotos_432967640_S.jpg\",\"datePublished\":\"2023-08-03T04:04:25+00:00\",\"description\":\"In der Schweiz gilt ein neues Instrument: Die DNA-Ph\u00e4notypisierung erweitert das Spektrum der forensischen Fahndungsm\u00f6glichkeiten.\",\"breadcrumb\":{\"@id\":\"https:\\\/\\\/news.save.ch\\\/strafverfolgungsbehoerde-kann-neu-mit-dna-phaenotypisierung-arbeiten\\\/#breadcrumb\"},\"inLanguage\":\"de\",\"potentialAction\":[{\"@type\":\"ReadAction\",\"target\":[\"https:\\\/\\\/news.save.ch\\\/strafverfolgungsbehoerde-kann-neu-mit-dna-phaenotypisierung-arbeiten\\\/\"]}]},{\"@type\":\"ImageObject\",\"inLanguage\":\"de\",\"@id\":\"https:\\\/\\\/news.save.ch\\\/strafverfolgungsbehoerde-kann-neu-mit-dna-phaenotypisierung-arbeiten\\\/#primaryimage\",\"url\":\"https:\\\/\\\/news.save.ch\\\/wp-content\\\/uploads\\\/2023\\\/08\\\/Depositphotos_432967640_S.jpg\",\"contentUrl\":\"https:\\\/\\\/news.save.ch\\\/wp-content\\\/uploads\\\/2023\\\/08\\\/Depositphotos_432967640_S.jpg\",\"width\":1000,\"height\":667,\"caption\":\"Depositphotos, macor\"},{\"@type\":\"BreadcrumbList\",\"@id\":\"https:\\\/\\\/news.save.ch\\\/strafverfolgungsbehoerde-kann-neu-mit-dna-phaenotypisierung-arbeiten\\\/#breadcrumb\",\"itemListElement\":[{\"@type\":\"ListItem\",\"position\":1,\"name\":\"Home\",\"item\":\"https:\\\/\\\/news.save.ch\\\/de\\\/\"},{\"@type\":\"ListItem\",\"position\":2,\"name\":\"DNA-Probe: Strafverfolger d\u00fcrfen neu Augen- und Haarfarbe herauslesen\"}]},{\"@type\":\"WebSite\",\"@id\":\"https:\\\/\\\/news.save.ch\\\/de\\\/#website\",\"url\":\"https:\\\/\\\/news.save.ch\\\/de\\\/\",\"name\":\"Save\",\"description\":\"Schweizer Fachzeitschrift f\u00fcr Sicherheit\",\"publisher\":{\"@id\":\"https:\\\/\\\/news.save.ch\\\/de\\\/#organization\"},\"potentialAction\":[{\"@type\":\"SearchAction\",\"target\":{\"@type\":\"EntryPoint\",\"urlTemplate\":\"https:\\\/\\\/news.save.ch\\\/de\\\/?s={search_term_string}\"},\"query-input\":{\"@type\":\"PropertyValueSpecification\",\"valueRequired\":true,\"valueName\":\"search_term_string\"}}],\"inLanguage\":\"de\"},{\"@type\":\"Organization\",\"@id\":\"https:\\\/\\\/news.save.ch\\\/de\\\/#organization\",\"name\":\"Sicherheitsforum\",\"url\":\"https:\\\/\\\/news.save.ch\\\/de\\\/\",\"logo\":{\"@type\":\"ImageObject\",\"inLanguage\":\"de\",\"@id\":\"https:\\\/\\\/news.save.ch\\\/de\\\/#\\\/schema\\\/logo\\\/image\\\/\",\"url\":\"https:\\\/\\\/news.save.ch\\\/wp-content\\\/uploads\\\/2022\\\/06\\\/Logo_SF_2012.png\",\"contentUrl\":\"https:\\\/\\\/news.save.ch\\\/wp-content\\\/uploads\\\/2022\\\/06\\\/Logo_SF_2012.png\",\"width\":1100,\"height\":91,\"caption\":\"Sicherheitsforum\"},\"image\":{\"@id\":\"https:\\\/\\\/news.save.ch\\\/de\\\/#\\\/schema\\\/logo\\\/image\\\/\"}},{\"@type\":\"Person\",\"@id\":\"https:\\\/\\\/news.save.ch\\\/de\\\/#\\\/schema\\\/person\\\/d5022db048e0e2b9785c50e5b24da5aa\",\"name\":\"Roger Str\u00e4ssle\",\"image\":{\"@type\":\"ImageObject\",\"inLanguage\":\"de\",\"@id\":\"https:\\\/\\\/secure.gravatar.com\\\/avatar\\\/862a5569d087de48e5856e32f45d719a03804c891d6deb8d4f71a660e79e4a47?s=96&d=mm&r=g\",\"url\":\"https:\\\/\\\/secure.gravatar.com\\\/avatar\\\/862a5569d087de48e5856e32f45d719a03804c891d6deb8d4f71a660e79e4a47?s=96&d=mm&r=g\",\"contentUrl\":\"https:\\\/\\\/secure.gravatar.com\\\/avatar\\\/862a5569d087de48e5856e32f45d719a03804c891d6deb8d4f71a660e79e4a47?s=96&d=mm&r=g\",\"caption\":\"Roger Str\u00e4ssle\"},\"url\":\"https:\\\/\\\/news.save.ch\\\/de\\\/author\\\/roger-straessle\\\/\"}]}<\/script>\n<!-- \/ Yoast SEO plugin. -->","yoast_head_json":{"title":"DNA-Probe: Strafverfolger d\u00fcrfen neu Augen- und Haarfarbe herauslesen - Save","description":"In der Schweiz gilt ein neues Instrument: Die DNA-Ph\u00e4notypisierung erweitert das Spektrum der forensischen Fahndungsm\u00f6glichkeiten.","robots":{"index":"index","follow":"follow","max-snippet":"max-snippet:-1","max-image-preview":"max-image-preview:large","max-video-preview":"max-video-preview:-1"},"canonical":"https:\/\/news.save.ch\/de\/strafverfolgungsbehoerde-kann-neu-mit-dna-phaenotypisierung-arbeiten\/","og_locale":"de_DE","og_type":"article","og_title":"DNA-Probe: Strafverfolger d\u00fcrfen neu Augen- und Haarfarbe herauslesen - Save","og_description":"In der Schweiz gilt ein neues Instrument: Die DNA-Ph\u00e4notypisierung erweitert das Spektrum der forensischen Fahndungsm\u00f6glichkeiten.","og_url":"https:\/\/news.save.ch\/de\/strafverfolgungsbehoerde-kann-neu-mit-dna-phaenotypisierung-arbeiten\/","og_site_name":"Save","article_published_time":"2023-08-03T04:04:25+00:00","og_image":[{"width":1000,"height":667,"url":"https:\/\/news.save.ch\/wp-content\/uploads\/2023\/08\/Depositphotos_432967640_S.jpg","type":"image\/jpeg"}],"author":"Roger Str\u00e4ssle","twitter_card":"summary_large_image","twitter_misc":{"Geschrieben von":"Roger Str\u00e4ssle","Gesch\u00e4tzte Lesezeit":"3\u00a0Minuten"},"schema":{"@context":"https:\/\/schema.org","@graph":[{"@type":"Article","@id":"https:\/\/news.save.ch\/strafverfolgungsbehoerde-kann-neu-mit-dna-phaenotypisierung-arbeiten\/#article","isPartOf":{"@id":"https:\/\/news.save.ch\/strafverfolgungsbehoerde-kann-neu-mit-dna-phaenotypisierung-arbeiten\/"},"author":{"name":"Roger Str\u00e4ssle","@id":"https:\/\/news.save.ch\/de\/#\/schema\/person\/d5022db048e0e2b9785c50e5b24da5aa"},"headline":"DNA-Probe: Strafverfolger d\u00fcrfen neu Augen- und Haarfarbe herauslesen","datePublished":"2023-08-03T04:04:25+00:00","mainEntityOfPage":{"@id":"https:\/\/news.save.ch\/strafverfolgungsbehoerde-kann-neu-mit-dna-phaenotypisierung-arbeiten\/"},"wordCount":443,"publisher":{"@id":"https:\/\/news.save.ch\/de\/#organization"},"image":{"@id":"https:\/\/news.save.ch\/strafverfolgungsbehoerde-kann-neu-mit-dna-phaenotypisierung-arbeiten\/#primaryimage"},"thumbnailUrl":"https:\/\/news.save.ch\/wp-content\/uploads\/2023\/08\/Depositphotos_432967640_S.jpg","keywords":["DNA"],"articleSection":["ALLGEMEIN"],"inLanguage":"de"},{"@type":"WebPage","@id":"https:\/\/news.save.ch\/strafverfolgungsbehoerde-kann-neu-mit-dna-phaenotypisierung-arbeiten\/","url":"https:\/\/news.save.ch\/strafverfolgungsbehoerde-kann-neu-mit-dna-phaenotypisierung-arbeiten\/","name":"DNA-Probe: Strafverfolger d\u00fcrfen neu Augen- und Haarfarbe herauslesen - Save","isPartOf":{"@id":"https:\/\/news.save.ch\/de\/#website"},"primaryImageOfPage":{"@id":"https:\/\/news.save.ch\/strafverfolgungsbehoerde-kann-neu-mit-dna-phaenotypisierung-arbeiten\/#primaryimage"},"image":{"@id":"https:\/\/news.save.ch\/strafverfolgungsbehoerde-kann-neu-mit-dna-phaenotypisierung-arbeiten\/#primaryimage"},"thumbnailUrl":"https:\/\/news.save.ch\/wp-content\/uploads\/2023\/08\/Depositphotos_432967640_S.jpg","datePublished":"2023-08-03T04:04:25+00:00","description":"In der Schweiz gilt ein neues Instrument: Die DNA-Ph\u00e4notypisierung erweitert das Spektrum der forensischen Fahndungsm\u00f6glichkeiten.","breadcrumb":{"@id":"https:\/\/news.save.ch\/strafverfolgungsbehoerde-kann-neu-mit-dna-phaenotypisierung-arbeiten\/#breadcrumb"},"inLanguage":"de","potentialAction":[{"@type":"ReadAction","target":["https:\/\/news.save.ch\/strafverfolgungsbehoerde-kann-neu-mit-dna-phaenotypisierung-arbeiten\/"]}]},{"@type":"ImageObject","inLanguage":"de","@id":"https:\/\/news.save.ch\/strafverfolgungsbehoerde-kann-neu-mit-dna-phaenotypisierung-arbeiten\/#primaryimage","url":"https:\/\/news.save.ch\/wp-content\/uploads\/2023\/08\/Depositphotos_432967640_S.jpg","contentUrl":"https:\/\/news.save.ch\/wp-content\/uploads\/2023\/08\/Depositphotos_432967640_S.jpg","width":1000,"height":667,"caption":"Depositphotos, macor"},{"@type":"BreadcrumbList","@id":"https:\/\/news.save.ch\/strafverfolgungsbehoerde-kann-neu-mit-dna-phaenotypisierung-arbeiten\/#breadcrumb","itemListElement":[{"@type":"ListItem","position":1,"name":"Home","item":"https:\/\/news.save.ch\/de\/"},{"@type":"ListItem","position":2,"name":"DNA-Probe: Strafverfolger d\u00fcrfen neu Augen- und Haarfarbe herauslesen"}]},{"@type":"WebSite","@id":"https:\/\/news.save.ch\/de\/#website","url":"https:\/\/news.save.ch\/de\/","name":"Save","description":"Schweizer Fachzeitschrift f\u00fcr Sicherheit","publisher":{"@id":"https:\/\/news.save.ch\/de\/#organization"},"potentialAction":[{"@type":"SearchAction","target":{"@type":"EntryPoint","urlTemplate":"https:\/\/news.save.ch\/de\/?s={search_term_string}"},"query-input":{"@type":"PropertyValueSpecification","valueRequired":true,"valueName":"search_term_string"}}],"inLanguage":"de"},{"@type":"Organization","@id":"https:\/\/news.save.ch\/de\/#organization","name":"Sicherheitsforum","url":"https:\/\/news.save.ch\/de\/","logo":{"@type":"ImageObject","inLanguage":"de","@id":"https:\/\/news.save.ch\/de\/#\/schema\/logo\/image\/","url":"https:\/\/news.save.ch\/wp-content\/uploads\/2022\/06\/Logo_SF_2012.png","contentUrl":"https:\/\/news.save.ch\/wp-content\/uploads\/2022\/06\/Logo_SF_2012.png","width":1100,"height":91,"caption":"Sicherheitsforum"},"image":{"@id":"https:\/\/news.save.ch\/de\/#\/schema\/logo\/image\/"}},{"@type":"Person","@id":"https:\/\/news.save.ch\/de\/#\/schema\/person\/d5022db048e0e2b9785c50e5b24da5aa","name":"Roger Str\u00e4ssle","image":{"@type":"ImageObject","inLanguage":"de","@id":"https:\/\/secure.gravatar.com\/avatar\/862a5569d087de48e5856e32f45d719a03804c891d6deb8d4f71a660e79e4a47?s=96&d=mm&r=g","url":"https:\/\/secure.gravatar.com\/avatar\/862a5569d087de48e5856e32f45d719a03804c891d6deb8d4f71a660e79e4a47?s=96&d=mm&r=g","contentUrl":"https:\/\/secure.gravatar.com\/avatar\/862a5569d087de48e5856e32f45d719a03804c891d6deb8d4f71a660e79e4a47?s=96&d=mm&r=g","caption":"Roger Str\u00e4ssle"},"url":"https:\/\/news.save.ch\/de\/author\/roger-straessle\/"}]}},"_links":{"self":[{"href":"https:\/\/news.save.ch\/de\/wp-json\/wp\/v2\/posts\/21469","targetHints":{"allow":["GET"]}}],"collection":[{"href":"https:\/\/news.save.ch\/de\/wp-json\/wp\/v2\/posts"}],"about":[{"href":"https:\/\/news.save.ch\/de\/wp-json\/wp\/v2\/types\/post"}],"author":[{"embeddable":true,"href":"https:\/\/news.save.ch\/de\/wp-json\/wp\/v2\/users\/8"}],"replies":[{"embeddable":true,"href":"https:\/\/news.save.ch\/de\/wp-json\/wp\/v2\/comments?post=21469"}],"version-history":[{"count":5,"href":"https:\/\/news.save.ch\/de\/wp-json\/wp\/v2\/posts\/21469\/revisions"}],"predecessor-version":[{"id":21475,"href":"https:\/\/news.save.ch\/de\/wp-json\/wp\/v2\/posts\/21469\/revisions\/21475"}],"wp:featuredmedia":[{"embeddable":true,"href":"https:\/\/news.save.ch\/de\/wp-json\/wp\/v2\/media\/21470"}],"wp:attachment":[{"href":"https:\/\/news.save.ch\/de\/wp-json\/wp\/v2\/media?parent=21469"}],"wp:term":[{"taxonomy":"category","embeddable":true,"href":"https:\/\/news.save.ch\/de\/wp-json\/wp\/v2\/categories?post=21469"},{"taxonomy":"post_tag","embeddable":true,"href":"https:\/\/news.save.ch\/de\/wp-json\/wp\/v2\/tags?post=21469"}],"curies":[{"name":"wp","href":"https:\/\/api.w.org\/{rel}","templated":true}]}}