{"id":21708,"date":"2023-08-17T10:00:39","date_gmt":"2023-08-17T08:00:39","guid":{"rendered":"https:\/\/news.save.ch\/?p=21708"},"modified":"2023-08-17T17:11:21","modified_gmt":"2023-08-17T15:11:21","slug":"auch-macs-werden-angegriffen","status":null,"type":"post","link":"https:\/\/news.save.ch\/de\/auch-macs-werden-angegriffen\/","title":{"rendered":"Auch Macs werden angegriffen &#8230;"},"content":{"rendered":"<figure id=\"attachment_21712\" aria-describedby=\"caption-attachment-21712\" style=\"width: 500px\" class=\"wp-caption alignleft\"><img loading=\"lazy\" decoding=\"async\" class=\"size-full wp-image-21712\" src=\"https:\/\/news.save.ch\/wp-content\/uploads\/2023\/08\/Grafik.jpg\" alt=\"macOS\" width=\"500\" height=\"385\" srcset=\"https:\/\/news.save.ch\/wp-content\/uploads\/2023\/08\/Grafik.jpg 500w, https:\/\/news.save.ch\/wp-content\/uploads\/2023\/08\/Grafik-16x12.jpg 16w, https:\/\/news.save.ch\/wp-content\/uploads\/2023\/08\/Grafik-375x289.jpg 375w, https:\/\/news.save.ch\/wp-content\/uploads\/2023\/08\/Grafik-455x350.jpg 455w\" sizes=\"auto, (max-width: 500px) 100vw, 500px\" \/><figcaption id=\"caption-attachment-21712\" class=\"wp-caption-text\">Die Grafik zeigt die Entwicklung von macOS-Bedrohungen im Jahr 2022. \u00a9 Bitdefender<\/figcaption><\/figure>\n<p>Cyberkriminelle greifen Macs nicht so h\u00e4ufig an wie etwa Windows-Rechner. Schliesslich sind letztere immer noch weiter verbreitet. So dominiert Microsoft laut den Zahlen der Experten von Statcounter immer noch den Desktop Markt mit einem Anteil von 63% gegen\u00fcber 18% macOS. Die gr\u00f6ssere Angriffsfl\u00e4che bedingt die gr\u00f6sseren Aktivit\u00e4ten der Hacker im Microsoft-Umfeld.<\/p>\n<p>Dennoch sind macOS-Umgebungen kein blinder Fleck f\u00fcr die Malware-Akteure. Apple sah sich gen\u00f6tigt, Schwachstellen proaktiv zu schliessen, wie Bitdefender schreibt. Hacker w\u00fcrden Social Engineering und automatisierte Spray-and-Pray-Techniken nutzen, um Mac-User anzugreifen. Gleichzeitig w\u00fcrden professionelle Anbieter von Spyware Apple-iOS-Hardware angreifen. Laut Bitdefender teilen iOS- und macOS-Systeme viele Schl\u00fcsselkomponenten miteinander; genannt werden etwa die Web Rendering Engine WebKit. Auch f\u00fcr solche kritische L\u00fccken habe Apple Sicherheitsupdates ver\u00f6ffentlicht. Zugleich w\u00fcrden die Attacken gegen macOS-Hardware effizienter. Nachl\u00e4ssige Updates und mangelhafte Cybersicherheitshygiene der Mac-Nutzer, die anderen Anwendern hier in nichts nachstehen, w\u00fcrden die kriminelle Arbeit erleichtern.<\/p>\n<h3><strong>Risikofaktor Trojaner<\/strong><\/h3>\n<p>Trojaner attackieren nicht aktualisierte Systeme, bei denen Hacker auf nicht gepatchte Schwachstellen treffen. Mangelnde Update-Disziplin sorge f\u00fcr die konkrete Gefahr. Zugleich nutzten Angreifer die \u00fcblichen und bekannten Mechanismen des Social Engineering \u00fcber Spam, Phishing oder Social Media, Malvertising oder manipulierte Dateidownloads \u00fcber Torrent- oder Warez-Webseiten. F\u00fcr Macs entworfene Angriffe erfordern vom Opfer typischerweise den manuellen Start einer ausf\u00fchrbaren Datei. Deswegen legten sie viel Wert darauf, dass ihre Malware wie eine legitime Anwendung erscheint, erkl\u00e4rt Bitdefender.<\/p>\n<h3><strong>Potenziell unerw\u00fcnschte Anwendungen<\/strong><\/h3>\n<p>Jede vierte Bedrohung sei eine PUA (Potentially Unwanted Applications). Die PUA \u2013 sei es nur l\u00e4stig oder gef\u00e4hrlich \u2013 w\u00fcrden Hacker als Freeware verbreiten, neu verpackte Applikationen oder Utilities (Remote Administration, Systembereinigung, vermeintliche Virenscanner, Energiesparapps und Speicherplatzmanagement), die alle \u00fcber verborgene Funktionalit\u00e4ten zum Aufzeichnen von Daten oder Kryptomining verf\u00fcgten. 8% der PUAs seien Kryptominer.<\/p>\n<p>Anwender sollten nicht davon ausgehen, dass ihre macOS-Hardware sicher sei. Sie werde nur seltener angegriffen. Eine dezidierte L\u00f6sung zur Cybersicherheit sei f\u00fcr Apple-Anwender notwendig, genauso wie eine stringente Update-Disziplin sowie Aufmerksamkeit bei verd\u00e4chtigen Inhalten. Der Download von inoffiziellen Download-Kan\u00e4len wie Torrent oder Warez sollte ein Tabu sein, wie Bitdefender betont.<\/p>\n<p><em><a href=\"https:\/\/www.bitdefender.com\/blog\/hotforsecurity\/black-hat-usa-2023-bitdefender-macos-threat-report-reveals-key-dangers-for-mac-users\/\" target=\"_blank\" rel=\"noopener\">Der vollst\u00e4ndigen Report steht hier zum Download<\/a><\/em><\/p>\n<p>&nbsp;<\/p>\n","protected":false},"excerpt":{"rendered":"<p>Cyberkriminelle greifen Macs nicht so h\u00e4ufig an wie etwa Windows-Rechner. Schliesslich sind letztere immer noch weiter verbreitet. So dominiert Microsoft laut den Zahlen der Experten von Statcounter immer noch den Desktop Markt mit einem Anteil von 63% gegen\u00fcber 18% macOS. Die gr\u00f6ssere Angriffsfl\u00e4che bedingt die gr\u00f6sseren Aktivit\u00e4ten der Hacker im Microsoft-Umfeld. Dennoch sind macOS-Umgebungen kein [&hellip;]<\/p>\n","protected":false},"author":8,"featured_media":21710,"comment_status":"closed","ping_status":"closed","sticky":false,"template":"","format":"standard","meta":{"_acf_changed":false,"pgc_sgb_lightbox_settings":"","footnotes":""},"categories":[3313],"tags":[6262],"class_list":["post-21708","post","type-post","status-publish","format-standard","has-post-thumbnail","hentry","category-digitalisierung","tag-macos-systeme"],"acf":[],"hkrextid":null,"publication":null,"issue":null,"workflow":null,"startPage":null,"spitzmarke":null,"_posts_by_tag_page_fields":null,"_at_widget":null,"_yoast_wpseo_primary_category":"3313","_yoast_wpseo_focuskw_text_input":null,"_yoast_wpseo_opengraph-image":null,"_yoast_wpseo_opengraph-description":null,"_yoast_wpseo_opengraph-title":null,"enclosure":null,"_yoast_wpseo_twitter-title":null,"_yoast_wpseo_twitter-description":null,"_yoast_wpseo_twitter-image":null,"_wp_old_slug":null,"_yoast_wpseo_title":null,"_yoast_wpseo_canonical":null,"yoast_head":"<!-- This site is optimized with the Yoast SEO plugin v27.4 - https:\/\/yoast.com\/product\/yoast-seo-wordpress\/ -->\n<title>Auch Macs werden angegriffen ... - Save<\/title>\n<meta name=\"description\" content=\"Eine Auswertung zeigt, dass auch Apple-Hardware im Visier von Cyberkriminellen ist, jedoch in geringerem Mass als Windows-Ger\u00e4te.\" \/>\n<meta name=\"robots\" content=\"index, follow, max-snippet:-1, max-image-preview:large, max-video-preview:-1\" \/>\n<link rel=\"canonical\" href=\"https:\/\/news.save.ch\/de\/auch-macs-werden-angegriffen\/\" \/>\n<meta property=\"og:locale\" content=\"de_DE\" \/>\n<meta property=\"og:type\" content=\"article\" \/>\n<meta property=\"og:title\" content=\"Auch Macs werden angegriffen ... - Save\" \/>\n<meta property=\"og:description\" content=\"Eine Auswertung zeigt, dass auch Apple-Hardware im Visier von Cyberkriminellen ist, jedoch in geringerem Mass als Windows-Ger\u00e4te.\" \/>\n<meta property=\"og:url\" content=\"https:\/\/news.save.ch\/de\/auch-macs-werden-angegriffen\/\" \/>\n<meta property=\"og:site_name\" content=\"Save\" \/>\n<meta property=\"article:published_time\" content=\"2023-08-17T08:00:39+00:00\" \/>\n<meta property=\"article:modified_time\" content=\"2023-08-17T15:11:21+00:00\" \/>\n<meta property=\"og:image\" content=\"https:\/\/news.save.ch\/wp-content\/uploads\/2023\/08\/Depositphotos_273717540_S.jpg\" \/>\n\t<meta property=\"og:image:width\" content=\"1000\" \/>\n\t<meta property=\"og:image:height\" content=\"667\" \/>\n\t<meta property=\"og:image:type\" content=\"image\/jpeg\" \/>\n<meta name=\"author\" content=\"Roger Str\u00e4ssle\" \/>\n<meta name=\"twitter:card\" content=\"summary_large_image\" \/>\n<meta name=\"twitter:label1\" content=\"Geschrieben von\" \/>\n\t<meta name=\"twitter:data1\" content=\"Roger Str\u00e4ssle\" \/>\n\t<meta name=\"twitter:label2\" content=\"Gesch\u00e4tzte Lesezeit\" \/>\n\t<meta name=\"twitter:data2\" content=\"3\u00a0Minuten\" \/>\n<script type=\"application\/ld+json\" class=\"yoast-schema-graph\">{\"@context\":\"https:\\\/\\\/schema.org\",\"@graph\":[{\"@type\":\"Article\",\"@id\":\"https:\\\/\\\/news.save.ch\\\/auch-macs-werden-angegriffen\\\/#article\",\"isPartOf\":{\"@id\":\"https:\\\/\\\/news.save.ch\\\/auch-macs-werden-angegriffen\\\/\"},\"author\":{\"name\":\"Roger Str\u00e4ssle\",\"@id\":\"https:\\\/\\\/news.save.ch\\\/de\\\/#\\\/schema\\\/person\\\/d5022db048e0e2b9785c50e5b24da5aa\"},\"headline\":\"Auch Macs werden angegriffen &#8230;\",\"datePublished\":\"2023-08-17T08:00:39+00:00\",\"dateModified\":\"2023-08-17T15:11:21+00:00\",\"mainEntityOfPage\":{\"@id\":\"https:\\\/\\\/news.save.ch\\\/auch-macs-werden-angegriffen\\\/\"},\"wordCount\":382,\"publisher\":{\"@id\":\"https:\\\/\\\/news.save.ch\\\/de\\\/#organization\"},\"image\":{\"@id\":\"https:\\\/\\\/news.save.ch\\\/auch-macs-werden-angegriffen\\\/#primaryimage\"},\"thumbnailUrl\":\"https:\\\/\\\/news.save.ch\\\/wp-content\\\/uploads\\\/2023\\\/08\\\/Depositphotos_273717540_S.jpg\",\"keywords\":[\"macOS-Systeme\"],\"articleSection\":[\"DIGITALISIERUNG\"],\"inLanguage\":\"de\"},{\"@type\":\"WebPage\",\"@id\":\"https:\\\/\\\/news.save.ch\\\/auch-macs-werden-angegriffen\\\/\",\"url\":\"https:\\\/\\\/news.save.ch\\\/auch-macs-werden-angegriffen\\\/\",\"name\":\"Auch Macs werden angegriffen ... - Save\",\"isPartOf\":{\"@id\":\"https:\\\/\\\/news.save.ch\\\/de\\\/#website\"},\"primaryImageOfPage\":{\"@id\":\"https:\\\/\\\/news.save.ch\\\/auch-macs-werden-angegriffen\\\/#primaryimage\"},\"image\":{\"@id\":\"https:\\\/\\\/news.save.ch\\\/auch-macs-werden-angegriffen\\\/#primaryimage\"},\"thumbnailUrl\":\"https:\\\/\\\/news.save.ch\\\/wp-content\\\/uploads\\\/2023\\\/08\\\/Depositphotos_273717540_S.jpg\",\"datePublished\":\"2023-08-17T08:00:39+00:00\",\"dateModified\":\"2023-08-17T15:11:21+00:00\",\"description\":\"Eine Auswertung zeigt, dass auch Apple-Hardware im Visier von Cyberkriminellen ist, jedoch in geringerem Mass als Windows-Ger\u00e4te.\",\"breadcrumb\":{\"@id\":\"https:\\\/\\\/news.save.ch\\\/auch-macs-werden-angegriffen\\\/#breadcrumb\"},\"inLanguage\":\"de\",\"potentialAction\":[{\"@type\":\"ReadAction\",\"target\":[\"https:\\\/\\\/news.save.ch\\\/auch-macs-werden-angegriffen\\\/\"]}]},{\"@type\":\"ImageObject\",\"inLanguage\":\"de\",\"@id\":\"https:\\\/\\\/news.save.ch\\\/auch-macs-werden-angegriffen\\\/#primaryimage\",\"url\":\"https:\\\/\\\/news.save.ch\\\/wp-content\\\/uploads\\\/2023\\\/08\\\/Depositphotos_273717540_S.jpg\",\"contentUrl\":\"https:\\\/\\\/news.save.ch\\\/wp-content\\\/uploads\\\/2023\\\/08\\\/Depositphotos_273717540_S.jpg\",\"width\":1000,\"height\":667,\"caption\":\"Depositphotos, ifeelstock\"},{\"@type\":\"BreadcrumbList\",\"@id\":\"https:\\\/\\\/news.save.ch\\\/auch-macs-werden-angegriffen\\\/#breadcrumb\",\"itemListElement\":[{\"@type\":\"ListItem\",\"position\":1,\"name\":\"Home\",\"item\":\"https:\\\/\\\/news.save.ch\\\/de\\\/\"},{\"@type\":\"ListItem\",\"position\":2,\"name\":\"Auch Macs werden angegriffen &#8230;\"}]},{\"@type\":\"WebSite\",\"@id\":\"https:\\\/\\\/news.save.ch\\\/de\\\/#website\",\"url\":\"https:\\\/\\\/news.save.ch\\\/de\\\/\",\"name\":\"Save\",\"description\":\"Schweizer Fachzeitschrift f\u00fcr Sicherheit\",\"publisher\":{\"@id\":\"https:\\\/\\\/news.save.ch\\\/de\\\/#organization\"},\"potentialAction\":[{\"@type\":\"SearchAction\",\"target\":{\"@type\":\"EntryPoint\",\"urlTemplate\":\"https:\\\/\\\/news.save.ch\\\/de\\\/?s={search_term_string}\"},\"query-input\":{\"@type\":\"PropertyValueSpecification\",\"valueRequired\":true,\"valueName\":\"search_term_string\"}}],\"inLanguage\":\"de\"},{\"@type\":\"Organization\",\"@id\":\"https:\\\/\\\/news.save.ch\\\/de\\\/#organization\",\"name\":\"Sicherheitsforum\",\"url\":\"https:\\\/\\\/news.save.ch\\\/de\\\/\",\"logo\":{\"@type\":\"ImageObject\",\"inLanguage\":\"de\",\"@id\":\"https:\\\/\\\/news.save.ch\\\/de\\\/#\\\/schema\\\/logo\\\/image\\\/\",\"url\":\"https:\\\/\\\/news.save.ch\\\/wp-content\\\/uploads\\\/2022\\\/06\\\/Logo_SF_2012.png\",\"contentUrl\":\"https:\\\/\\\/news.save.ch\\\/wp-content\\\/uploads\\\/2022\\\/06\\\/Logo_SF_2012.png\",\"width\":1100,\"height\":91,\"caption\":\"Sicherheitsforum\"},\"image\":{\"@id\":\"https:\\\/\\\/news.save.ch\\\/de\\\/#\\\/schema\\\/logo\\\/image\\\/\"}},{\"@type\":\"Person\",\"@id\":\"https:\\\/\\\/news.save.ch\\\/de\\\/#\\\/schema\\\/person\\\/d5022db048e0e2b9785c50e5b24da5aa\",\"name\":\"Roger Str\u00e4ssle\",\"image\":{\"@type\":\"ImageObject\",\"inLanguage\":\"de\",\"@id\":\"https:\\\/\\\/secure.gravatar.com\\\/avatar\\\/862a5569d087de48e5856e32f45d719a03804c891d6deb8d4f71a660e79e4a47?s=96&d=mm&r=g\",\"url\":\"https:\\\/\\\/secure.gravatar.com\\\/avatar\\\/862a5569d087de48e5856e32f45d719a03804c891d6deb8d4f71a660e79e4a47?s=96&d=mm&r=g\",\"contentUrl\":\"https:\\\/\\\/secure.gravatar.com\\\/avatar\\\/862a5569d087de48e5856e32f45d719a03804c891d6deb8d4f71a660e79e4a47?s=96&d=mm&r=g\",\"caption\":\"Roger Str\u00e4ssle\"},\"url\":\"https:\\\/\\\/news.save.ch\\\/de\\\/author\\\/roger-straessle\\\/\"}]}<\/script>\n<!-- \/ Yoast SEO plugin. -->","yoast_head_json":{"title":"Auch Macs werden angegriffen ... - Save","description":"Eine Auswertung zeigt, dass auch Apple-Hardware im Visier von Cyberkriminellen ist, jedoch in geringerem Mass als Windows-Ger\u00e4te.","robots":{"index":"index","follow":"follow","max-snippet":"max-snippet:-1","max-image-preview":"max-image-preview:large","max-video-preview":"max-video-preview:-1"},"canonical":"https:\/\/news.save.ch\/de\/auch-macs-werden-angegriffen\/","og_locale":"de_DE","og_type":"article","og_title":"Auch Macs werden angegriffen ... - Save","og_description":"Eine Auswertung zeigt, dass auch Apple-Hardware im Visier von Cyberkriminellen ist, jedoch in geringerem Mass als Windows-Ger\u00e4te.","og_url":"https:\/\/news.save.ch\/de\/auch-macs-werden-angegriffen\/","og_site_name":"Save","article_published_time":"2023-08-17T08:00:39+00:00","article_modified_time":"2023-08-17T15:11:21+00:00","og_image":[{"width":1000,"height":667,"url":"https:\/\/news.save.ch\/wp-content\/uploads\/2023\/08\/Depositphotos_273717540_S.jpg","type":"image\/jpeg"}],"author":"Roger Str\u00e4ssle","twitter_card":"summary_large_image","twitter_misc":{"Geschrieben von":"Roger Str\u00e4ssle","Gesch\u00e4tzte Lesezeit":"3\u00a0Minuten"},"schema":{"@context":"https:\/\/schema.org","@graph":[{"@type":"Article","@id":"https:\/\/news.save.ch\/auch-macs-werden-angegriffen\/#article","isPartOf":{"@id":"https:\/\/news.save.ch\/auch-macs-werden-angegriffen\/"},"author":{"name":"Roger Str\u00e4ssle","@id":"https:\/\/news.save.ch\/de\/#\/schema\/person\/d5022db048e0e2b9785c50e5b24da5aa"},"headline":"Auch Macs werden angegriffen &#8230;","datePublished":"2023-08-17T08:00:39+00:00","dateModified":"2023-08-17T15:11:21+00:00","mainEntityOfPage":{"@id":"https:\/\/news.save.ch\/auch-macs-werden-angegriffen\/"},"wordCount":382,"publisher":{"@id":"https:\/\/news.save.ch\/de\/#organization"},"image":{"@id":"https:\/\/news.save.ch\/auch-macs-werden-angegriffen\/#primaryimage"},"thumbnailUrl":"https:\/\/news.save.ch\/wp-content\/uploads\/2023\/08\/Depositphotos_273717540_S.jpg","keywords":["macOS-Systeme"],"articleSection":["DIGITALISIERUNG"],"inLanguage":"de"},{"@type":"WebPage","@id":"https:\/\/news.save.ch\/auch-macs-werden-angegriffen\/","url":"https:\/\/news.save.ch\/auch-macs-werden-angegriffen\/","name":"Auch Macs werden angegriffen ... - Save","isPartOf":{"@id":"https:\/\/news.save.ch\/de\/#website"},"primaryImageOfPage":{"@id":"https:\/\/news.save.ch\/auch-macs-werden-angegriffen\/#primaryimage"},"image":{"@id":"https:\/\/news.save.ch\/auch-macs-werden-angegriffen\/#primaryimage"},"thumbnailUrl":"https:\/\/news.save.ch\/wp-content\/uploads\/2023\/08\/Depositphotos_273717540_S.jpg","datePublished":"2023-08-17T08:00:39+00:00","dateModified":"2023-08-17T15:11:21+00:00","description":"Eine Auswertung zeigt, dass auch Apple-Hardware im Visier von Cyberkriminellen ist, jedoch in geringerem Mass als Windows-Ger\u00e4te.","breadcrumb":{"@id":"https:\/\/news.save.ch\/auch-macs-werden-angegriffen\/#breadcrumb"},"inLanguage":"de","potentialAction":[{"@type":"ReadAction","target":["https:\/\/news.save.ch\/auch-macs-werden-angegriffen\/"]}]},{"@type":"ImageObject","inLanguage":"de","@id":"https:\/\/news.save.ch\/auch-macs-werden-angegriffen\/#primaryimage","url":"https:\/\/news.save.ch\/wp-content\/uploads\/2023\/08\/Depositphotos_273717540_S.jpg","contentUrl":"https:\/\/news.save.ch\/wp-content\/uploads\/2023\/08\/Depositphotos_273717540_S.jpg","width":1000,"height":667,"caption":"Depositphotos, ifeelstock"},{"@type":"BreadcrumbList","@id":"https:\/\/news.save.ch\/auch-macs-werden-angegriffen\/#breadcrumb","itemListElement":[{"@type":"ListItem","position":1,"name":"Home","item":"https:\/\/news.save.ch\/de\/"},{"@type":"ListItem","position":2,"name":"Auch Macs werden angegriffen &#8230;"}]},{"@type":"WebSite","@id":"https:\/\/news.save.ch\/de\/#website","url":"https:\/\/news.save.ch\/de\/","name":"Save","description":"Schweizer Fachzeitschrift f\u00fcr Sicherheit","publisher":{"@id":"https:\/\/news.save.ch\/de\/#organization"},"potentialAction":[{"@type":"SearchAction","target":{"@type":"EntryPoint","urlTemplate":"https:\/\/news.save.ch\/de\/?s={search_term_string}"},"query-input":{"@type":"PropertyValueSpecification","valueRequired":true,"valueName":"search_term_string"}}],"inLanguage":"de"},{"@type":"Organization","@id":"https:\/\/news.save.ch\/de\/#organization","name":"Sicherheitsforum","url":"https:\/\/news.save.ch\/de\/","logo":{"@type":"ImageObject","inLanguage":"de","@id":"https:\/\/news.save.ch\/de\/#\/schema\/logo\/image\/","url":"https:\/\/news.save.ch\/wp-content\/uploads\/2022\/06\/Logo_SF_2012.png","contentUrl":"https:\/\/news.save.ch\/wp-content\/uploads\/2022\/06\/Logo_SF_2012.png","width":1100,"height":91,"caption":"Sicherheitsforum"},"image":{"@id":"https:\/\/news.save.ch\/de\/#\/schema\/logo\/image\/"}},{"@type":"Person","@id":"https:\/\/news.save.ch\/de\/#\/schema\/person\/d5022db048e0e2b9785c50e5b24da5aa","name":"Roger Str\u00e4ssle","image":{"@type":"ImageObject","inLanguage":"de","@id":"https:\/\/secure.gravatar.com\/avatar\/862a5569d087de48e5856e32f45d719a03804c891d6deb8d4f71a660e79e4a47?s=96&d=mm&r=g","url":"https:\/\/secure.gravatar.com\/avatar\/862a5569d087de48e5856e32f45d719a03804c891d6deb8d4f71a660e79e4a47?s=96&d=mm&r=g","contentUrl":"https:\/\/secure.gravatar.com\/avatar\/862a5569d087de48e5856e32f45d719a03804c891d6deb8d4f71a660e79e4a47?s=96&d=mm&r=g","caption":"Roger Str\u00e4ssle"},"url":"https:\/\/news.save.ch\/de\/author\/roger-straessle\/"}]}},"_links":{"self":[{"href":"https:\/\/news.save.ch\/de\/wp-json\/wp\/v2\/posts\/21708","targetHints":{"allow":["GET"]}}],"collection":[{"href":"https:\/\/news.save.ch\/de\/wp-json\/wp\/v2\/posts"}],"about":[{"href":"https:\/\/news.save.ch\/de\/wp-json\/wp\/v2\/types\/post"}],"author":[{"embeddable":true,"href":"https:\/\/news.save.ch\/de\/wp-json\/wp\/v2\/users\/8"}],"replies":[{"embeddable":true,"href":"https:\/\/news.save.ch\/de\/wp-json\/wp\/v2\/comments?post=21708"}],"version-history":[{"count":4,"href":"https:\/\/news.save.ch\/de\/wp-json\/wp\/v2\/posts\/21708\/revisions"}],"predecessor-version":[{"id":21912,"href":"https:\/\/news.save.ch\/de\/wp-json\/wp\/v2\/posts\/21708\/revisions\/21912"}],"wp:featuredmedia":[{"embeddable":true,"href":"https:\/\/news.save.ch\/de\/wp-json\/wp\/v2\/media\/21710"}],"wp:attachment":[{"href":"https:\/\/news.save.ch\/de\/wp-json\/wp\/v2\/media?parent=21708"}],"wp:term":[{"taxonomy":"category","embeddable":true,"href":"https:\/\/news.save.ch\/de\/wp-json\/wp\/v2\/categories?post=21708"},{"taxonomy":"post_tag","embeddable":true,"href":"https:\/\/news.save.ch\/de\/wp-json\/wp\/v2\/tags?post=21708"}],"curies":[{"name":"wp","href":"https:\/\/api.w.org\/{rel}","templated":true}]}}