{"id":2178,"date":"2016-01-26T16:40:28","date_gmt":"2016-01-26T15:40:28","guid":{"rendered":"https:\/\/dev.sicherheitsforum.ch\/?p=2178"},"modified":"2016-01-26T16:40:28","modified_gmt":"2016-01-26T15:40:28","slug":"bestechung-im-bafu-anklage","status":null,"type":"post","link":"https:\/\/news.save.ch\/de\/bestechung-im-bafu-anklage\/","title":{"rendered":"Bestechung im BAFU: Anklage"},"content":{"rendered":"<p><img loading=\"lazy\" decoding=\"async\" class=\"alignnone wp-image-2179 size-full\" src=\"https:\/\/news.save.ch\/wp-content\/uploads\/2016\/12\/Bestechung-im-BAFU-Anklage-sicherheitsforum.jpg\" width=\"403\" height=\"417\" srcset=\"https:\/\/news.save.ch\/wp-content\/uploads\/2016\/12\/Bestechung-im-BAFU-Anklage-sicherheitsforum.jpg 403w, https:\/\/news.save.ch\/wp-content\/uploads\/2016\/12\/Bestechung-im-BAFU-Anklage-sicherheitsforum-290x300.jpg 290w\" sizes=\"auto, (max-width: 403px) 100vw, 403px\" \/><\/p>\n<p>Im Zentrum der Untersuchung standen unter anderem Vergaben von zahlreichen Dienstleistungsvertr\u00e4gen im Bundesamt f\u00fcr Umwelt (Bafu)\u00a0an externe IT-Firmen in den Jahren 2007 bis 2010. Einem der Hauptangeklagten, einem ehemaligen externen IT-Projektleiter, legt die Bundesanwaltschaft (BA) mehrfache ungetreue Amtsf\u00fchrung (Art. 314 StGB), mehrfaches Bestechen (Art. 322ter StGB), mehrfaches Sich bestechen lassen (Art. 322quater StGB) sowie Urkundenf\u00e4lschung (Art. 251 Ziff. 1 Abs. 2 StGB) zur Last. Ein ehemaliger Bafu-Sektionschef\u00a0muss sich wegen mehrfacher ungetreuer Amtsf\u00fchrung und mehrfachen Sich bestechen lassens verantworten. Zwei weitere Personen werden entweder wegen mehrfachen Bestechens (Art. 322ter StGB) und\/oder Gehilfenschaft zur ungetreuen Amtsf\u00fchrung (Art. 314 i.V.m. Art. 25 StGB) angeklagt. F\u00fcr die zwei \u00fcbrigen Personen lautet die Anklage auf Gehilfenschaft zur ungetreuen Amtsf\u00fchrung.<\/p>\n<p><strong>Unrechtsm\u00e4ssige Provisionszahlungen<\/strong><\/p>\n<p>Dem damaligen IT-Projektleiter des Projekts &#8222;Datenzugang&#8220; (DaZu) wird vorgeworfen, w\u00e4hrend seines Mandats im Bafu\u00a0von IT-Anbieterfirmen unrechtm\u00e4ssige Provisionszahlungen in der H\u00f6he von insgesamt rund\u00a0118\u2018000 Franken, verlangt, vereinbart und von ihnen erhalten zu haben. Im Gegenzug sorgte er daf\u00fcr, dass das Bafu\u00a0mit diesen Unternehmen Dienstleistungsvertr\u00e4ge abschloss. Weiter wird ihm vorgeworfen, zusammen mit dem damaligen Leiter Informatik, Logistik und Organisation (ILO) unter Umgehung des \u00f6ffentlichen Beschaffungsrechts f\u00fcr das Bafu\u00a0Softwarelizenzen und Informatikdienstleistungen im Wert von ca. 0,5 Millionen Fr. \u00fcber eine von ihm kontrollierte Firma, und nicht direkt beim Anbieterunternehmen beschafft und im Gegenzug dem erw\u00e4hnten ILO-Chef nicht geb\u00fchrende geldwerte Vorteile von mehreren 10\u2018000 Fr.\u00a0in Form von Bargeld, Reisen und Ger\u00e4ten zukommen lassen zu haben. Den Schaden zu Lasten des Bafu\u00a0aus besagten Vertr\u00e4gen beziffert die BA auf \u00fcber eine halbe Million Fr.<\/p>\n<p>Dem erw\u00e4hnten vormaligen Sektionschef ILO wird seinerseits vorgeworfen, im Zusammenhang mit seiner amtlichen T\u00e4tigkeit vom Projektleiter DaZu ihm nicht geb\u00fchrende Vorteile in der H\u00f6he von insgesamt rund\u00a0ca. 50\u2018000 Fr. im Gegenzug zu den erw\u00e4hnten Softwarelizenzen und Informatikdienstleistungen sowie weiteren IT-Vergaben an vom Projektleiter kontrollierte Firmen angenommen zu haben. Sodann wird ihm zur Last gelegt, als Beamter von einer weiteren IT-Anbieterfirma Ger\u00e4te der Unterhaltungselektronik im Namen und auf Rechnung des Bafu\u00a0beschafft, jedoch f\u00fcr private Zwecke verwendet zu haben. Der Schaden zulasten des Bafu\u00a0betr\u00e4gt diesbez\u00fcglich \u00fcber 50\u2018000 Fr.<\/p>\n<p>Zwei weiteren Mitangeklagten wird vorgeworfen, mit dem ehemaligen IT-Projektleiter im Bafu\u00a0unrechtm\u00e4ssige Provisionszahlungen in der H\u00f6he von insgesamt ca. 100\u2018000 Fr. vereinbart und diesem bezahlt zu haben. Sodann wird zwei weiteren Mitangeklagten zur Last gelegt, den ehemaligen ILO-Chef und den IT-Projektleiter bei der Beschaffung von Softwarelizenzen bzw. IT-Dienstleistungen zum Schaden des Bundes unterst\u00fctzt zu haben.<\/p>\n<p>Bereits im Juli 2015 wurde ein weiterer Beschuldigter mittels Strafbefehl rechtskr\u00e4ftig verurteilt.<\/p>\n<p>Die Strafuntersuchung wurde in enger Zusammenarbeit mit der Bundeskriminalpolizei gef\u00fchrt.<\/p>\n<p>Das Bafu\u00a0wird die Schweizerische Eidgenossenschaft im Strafprozess als Privatkl\u00e4gerin vertreten. Die Strafantr\u00e4ge gibt die BA wie \u00fcblich anl\u00e4sslich der Hauptverhandlung vor dem Bundesstrafgericht bekannt.<\/p>\n<p><em>Pressemitteilung Bundesanwaltschaft<\/em><\/p>\n","protected":false},"excerpt":{"rendered":"<p>Im Zentrum der Untersuchung standen unter anderem Vergaben von zahlreichen Dienstleistungsvertr\u00e4gen im Bundesamt f\u00fcr Umwelt (Bafu)\u00a0an externe IT-Firmen in den Jahren 2007 bis 2010. Einem der Hauptangeklagten, einem ehemaligen externen IT-Projektleiter, legt die Bundesanwaltschaft (BA) mehrfache ungetreue Amtsf\u00fchrung (Art. 314 StGB), mehrfaches Bestechen (Art. 322ter StGB), mehrfaches Sich bestechen lassen (Art. 322quater StGB) sowie Urkundenf\u00e4lschung [&hellip;]<\/p>\n","protected":false},"author":1,"featured_media":2179,"comment_status":"open","ping_status":"open","sticky":false,"template":"","format":"standard","meta":{"_acf_changed":false,"pgc_sgb_lightbox_settings":"","footnotes":""},"categories":[1],"tags":[69,122,113,124],"class_list":["post-2178","post","type-post","status-publish","format-standard","has-post-thumbnail","hentry","category-allgemein","tag-justiz-polizei","tag-korruption","tag-kriminalitaet","tag-whistleblowing"],"acf":[],"hkrextid":null,"publication":null,"issue":null,"workflow":null,"startPage":null,"spitzmarke":null,"_posts_by_tag_page_fields":{"widget_title":"","widget_tags":""},"_at_widget":"1","_yoast_wpseo_primary_category":"1","_yoast_wpseo_focuskw_text_input":"Bestechung im BAFU","_yoast_wpseo_opengraph-image":"https:\/\/news.save.ch\/wp-content\/uploads\/2016\/12\/Bestechung-im-BAFU-Anklage-sicherheitsforum.jpg","_yoast_wpseo_opengraph-description":"Die Bundesanwaltschaft hat die Strafuntersuchung in Zusammenhang mit Vergaben im Bereich von IT-Projekten im Bundesamt f\u00fcr Umwelt (BAFU) abgeschlossen und klagt sechs Personen beim Bundesstrafgericht in Bellinzona an.","_yoast_wpseo_opengraph-title":"Bestechung im BAFU: Anklage","enclosure":null,"_yoast_wpseo_twitter-title":null,"_yoast_wpseo_twitter-description":null,"_yoast_wpseo_twitter-image":null,"_wp_old_slug":null,"_yoast_wpseo_title":null,"_yoast_wpseo_canonical":null,"yoast_head":"<!-- This site is optimized with the Yoast SEO plugin v27.5 - https:\/\/yoast.com\/product\/yoast-seo-wordpress\/ -->\n<title>Bestechung im BAFU: Anklage - Save<\/title>\n<meta name=\"description\" content=\"Die Bundesanwaltschaft hat die Strafuntersuchung in Zusammenhang mit Vergaben von IT-Projekten im Bundesamt f\u00fcr Umwelt abgeschlossen und klagt 6 Personen an\" \/>\n<meta name=\"robots\" content=\"index, follow, max-snippet:-1, max-image-preview:large, max-video-preview:-1\" \/>\n<link rel=\"canonical\" href=\"https:\/\/news.save.ch\/de\/bestechung-im-bafu-anklage\/\" \/>\n<meta property=\"og:locale\" content=\"de_DE\" \/>\n<meta property=\"og:type\" content=\"article\" \/>\n<meta property=\"og:title\" content=\"Bestechung im BAFU: Anklage\" \/>\n<meta property=\"og:description\" content=\"Die Bundesanwaltschaft hat die Strafuntersuchung in Zusammenhang mit Vergaben im Bereich von IT-Projekten im Bundesamt f\u00fcr Umwelt (BAFU) abgeschlossen und klagt sechs Personen beim Bundesstrafgericht in Bellinzona an.\" \/>\n<meta property=\"og:url\" content=\"https:\/\/news.save.ch\/de\/bestechung-im-bafu-anklage\/\" \/>\n<meta property=\"og:site_name\" content=\"Save\" \/>\n<meta property=\"article:published_time\" content=\"2016-01-26T15:40:28+00:00\" \/>\n<meta property=\"og:image\" content=\"https:\/\/news.save.ch\/wp-content\/uploads\/2016\/12\/Bestechung-im-BAFU-Anklage-sicherheitsforum.jpg\" \/>\n<meta name=\"author\" content=\"admin\" \/>\n<meta name=\"twitter:card\" content=\"summary_large_image\" \/>\n<meta name=\"twitter:label1\" content=\"Geschrieben von\" \/>\n\t<meta name=\"twitter:data1\" content=\"admin\" \/>\n\t<meta name=\"twitter:label2\" content=\"Gesch\u00e4tzte Lesezeit\" \/>\n\t<meta name=\"twitter:data2\" content=\"2\u00a0Minuten\" \/>\n<script type=\"application\/ld+json\" class=\"yoast-schema-graph\">{\"@context\":\"https:\\\/\\\/schema.org\",\"@graph\":[{\"@type\":\"Article\",\"@id\":\"https:\\\/\\\/news.save.ch\\\/bestechung-im-bafu-anklage\\\/#article\",\"isPartOf\":{\"@id\":\"https:\\\/\\\/news.save.ch\\\/bestechung-im-bafu-anklage\\\/\"},\"author\":{\"name\":\"admin\",\"@id\":\"https:\\\/\\\/news.save.ch\\\/de\\\/#\\\/schema\\\/person\\\/d49e199490bad7c70d64b9ab51142f2b\"},\"headline\":\"Bestechung im BAFU: Anklage\",\"datePublished\":\"2016-01-26T15:40:28+00:00\",\"mainEntityOfPage\":{\"@id\":\"https:\\\/\\\/news.save.ch\\\/bestechung-im-bafu-anklage\\\/\"},\"wordCount\":473,\"commentCount\":0,\"publisher\":{\"@id\":\"https:\\\/\\\/news.save.ch\\\/de\\\/#organization\"},\"image\":{\"@id\":\"https:\\\/\\\/news.save.ch\\\/bestechung-im-bafu-anklage\\\/#primaryimage\"},\"thumbnailUrl\":\"https:\\\/\\\/news.save.ch\\\/wp-content\\\/uploads\\\/2016\\\/12\\\/Bestechung-im-BAFU-Anklage-sicherheitsforum.jpg\",\"keywords\":[\"Justiz &amp; Polizei\",\"Korruption\",\"Kriminalit\u00e4t\",\"Whistleblowing\"],\"articleSection\":[\"ALLGEMEIN\"],\"inLanguage\":\"de\"},{\"@type\":\"WebPage\",\"@id\":\"https:\\\/\\\/news.save.ch\\\/bestechung-im-bafu-anklage\\\/\",\"url\":\"https:\\\/\\\/news.save.ch\\\/bestechung-im-bafu-anklage\\\/\",\"name\":\"Bestechung im BAFU: Anklage - Save\",\"isPartOf\":{\"@id\":\"https:\\\/\\\/news.save.ch\\\/de\\\/#website\"},\"primaryImageOfPage\":{\"@id\":\"https:\\\/\\\/news.save.ch\\\/bestechung-im-bafu-anklage\\\/#primaryimage\"},\"image\":{\"@id\":\"https:\\\/\\\/news.save.ch\\\/bestechung-im-bafu-anklage\\\/#primaryimage\"},\"thumbnailUrl\":\"https:\\\/\\\/news.save.ch\\\/wp-content\\\/uploads\\\/2016\\\/12\\\/Bestechung-im-BAFU-Anklage-sicherheitsforum.jpg\",\"datePublished\":\"2016-01-26T15:40:28+00:00\",\"description\":\"Die Bundesanwaltschaft hat die Strafuntersuchung in Zusammenhang mit Vergaben von IT-Projekten im Bundesamt f\u00fcr Umwelt abgeschlossen und klagt 6 Personen an\",\"breadcrumb\":{\"@id\":\"https:\\\/\\\/news.save.ch\\\/bestechung-im-bafu-anklage\\\/#breadcrumb\"},\"inLanguage\":\"de\",\"potentialAction\":[{\"@type\":\"ReadAction\",\"target\":[\"https:\\\/\\\/news.save.ch\\\/bestechung-im-bafu-anklage\\\/\"]}]},{\"@type\":\"ImageObject\",\"inLanguage\":\"de\",\"@id\":\"https:\\\/\\\/news.save.ch\\\/bestechung-im-bafu-anklage\\\/#primaryimage\",\"url\":\"https:\\\/\\\/news.save.ch\\\/wp-content\\\/uploads\\\/2016\\\/12\\\/Bestechung-im-BAFU-Anklage-sicherheitsforum.jpg\",\"contentUrl\":\"https:\\\/\\\/news.save.ch\\\/wp-content\\\/uploads\\\/2016\\\/12\\\/Bestechung-im-BAFU-Anklage-sicherheitsforum.jpg\",\"width\":403,\"height\":417},{\"@type\":\"BreadcrumbList\",\"@id\":\"https:\\\/\\\/news.save.ch\\\/bestechung-im-bafu-anklage\\\/#breadcrumb\",\"itemListElement\":[{\"@type\":\"ListItem\",\"position\":1,\"name\":\"Home\",\"item\":\"https:\\\/\\\/news.save.ch\\\/de\\\/\"},{\"@type\":\"ListItem\",\"position\":2,\"name\":\"Bestechung im BAFU: Anklage\"}]},{\"@type\":\"WebSite\",\"@id\":\"https:\\\/\\\/news.save.ch\\\/de\\\/#website\",\"url\":\"https:\\\/\\\/news.save.ch\\\/de\\\/\",\"name\":\"Save\",\"description\":\"Schweizer Fachzeitschrift f\u00fcr Sicherheit\",\"publisher\":{\"@id\":\"https:\\\/\\\/news.save.ch\\\/de\\\/#organization\"},\"potentialAction\":[{\"@type\":\"SearchAction\",\"target\":{\"@type\":\"EntryPoint\",\"urlTemplate\":\"https:\\\/\\\/news.save.ch\\\/de\\\/?s={search_term_string}\"},\"query-input\":{\"@type\":\"PropertyValueSpecification\",\"valueRequired\":true,\"valueName\":\"search_term_string\"}}],\"inLanguage\":\"de\"},{\"@type\":\"Organization\",\"@id\":\"https:\\\/\\\/news.save.ch\\\/de\\\/#organization\",\"name\":\"Sicherheitsforum\",\"url\":\"https:\\\/\\\/news.save.ch\\\/de\\\/\",\"logo\":{\"@type\":\"ImageObject\",\"inLanguage\":\"de\",\"@id\":\"https:\\\/\\\/news.save.ch\\\/de\\\/#\\\/schema\\\/logo\\\/image\\\/\",\"url\":\"https:\\\/\\\/news.save.ch\\\/wp-content\\\/uploads\\\/2022\\\/06\\\/Logo_SF_2012.png\",\"contentUrl\":\"https:\\\/\\\/news.save.ch\\\/wp-content\\\/uploads\\\/2022\\\/06\\\/Logo_SF_2012.png\",\"width\":1100,\"height\":91,\"caption\":\"Sicherheitsforum\"},\"image\":{\"@id\":\"https:\\\/\\\/news.save.ch\\\/de\\\/#\\\/schema\\\/logo\\\/image\\\/\"}},{\"@type\":\"Person\",\"@id\":\"https:\\\/\\\/news.save.ch\\\/de\\\/#\\\/schema\\\/person\\\/d49e199490bad7c70d64b9ab51142f2b\",\"name\":\"admin\",\"image\":{\"@type\":\"ImageObject\",\"inLanguage\":\"de\",\"@id\":\"https:\\\/\\\/secure.gravatar.com\\\/avatar\\\/ae2f4d718e6c49043e314ce431e7e645d646302a24a5ef5a8bc8e3f5a032e319?s=96&d=mm&r=g\",\"url\":\"https:\\\/\\\/secure.gravatar.com\\\/avatar\\\/ae2f4d718e6c49043e314ce431e7e645d646302a24a5ef5a8bc8e3f5a032e319?s=96&d=mm&r=g\",\"contentUrl\":\"https:\\\/\\\/secure.gravatar.com\\\/avatar\\\/ae2f4d718e6c49043e314ce431e7e645d646302a24a5ef5a8bc8e3f5a032e319?s=96&d=mm&r=g\",\"caption\":\"admin\"},\"sameAs\":[\"https:\\\/\\\/develop.organisator.galledia.ch\"],\"url\":\"https:\\\/\\\/news.save.ch\\\/de\\\/author\\\/admin\\\/\"}]}<\/script>\n<!-- \/ Yoast SEO plugin. -->","yoast_head_json":{"title":"Bestechung im BAFU: Anklage - Save","description":"Die Bundesanwaltschaft hat die Strafuntersuchung in Zusammenhang mit Vergaben von IT-Projekten im Bundesamt f\u00fcr Umwelt abgeschlossen und klagt 6 Personen an","robots":{"index":"index","follow":"follow","max-snippet":"max-snippet:-1","max-image-preview":"max-image-preview:large","max-video-preview":"max-video-preview:-1"},"canonical":"https:\/\/news.save.ch\/de\/bestechung-im-bafu-anklage\/","og_locale":"de_DE","og_type":"article","og_title":"Bestechung im BAFU: Anklage","og_description":"Die Bundesanwaltschaft hat die Strafuntersuchung in Zusammenhang mit Vergaben im Bereich von IT-Projekten im Bundesamt f\u00fcr Umwelt (BAFU) abgeschlossen und klagt sechs Personen beim Bundesstrafgericht in Bellinzona an.","og_url":"https:\/\/news.save.ch\/de\/bestechung-im-bafu-anklage\/","og_site_name":"Save","article_published_time":"2016-01-26T15:40:28+00:00","og_image":[{"url":"https:\/\/news.save.ch\/wp-content\/uploads\/2016\/12\/Bestechung-im-BAFU-Anklage-sicherheitsforum.jpg","type":"","width":"","height":""}],"author":"admin","twitter_card":"summary_large_image","twitter_misc":{"Geschrieben von":"admin","Gesch\u00e4tzte Lesezeit":"2\u00a0Minuten"},"schema":{"@context":"https:\/\/schema.org","@graph":[{"@type":"Article","@id":"https:\/\/news.save.ch\/bestechung-im-bafu-anklage\/#article","isPartOf":{"@id":"https:\/\/news.save.ch\/bestechung-im-bafu-anklage\/"},"author":{"name":"admin","@id":"https:\/\/news.save.ch\/de\/#\/schema\/person\/d49e199490bad7c70d64b9ab51142f2b"},"headline":"Bestechung im BAFU: Anklage","datePublished":"2016-01-26T15:40:28+00:00","mainEntityOfPage":{"@id":"https:\/\/news.save.ch\/bestechung-im-bafu-anklage\/"},"wordCount":473,"commentCount":0,"publisher":{"@id":"https:\/\/news.save.ch\/de\/#organization"},"image":{"@id":"https:\/\/news.save.ch\/bestechung-im-bafu-anklage\/#primaryimage"},"thumbnailUrl":"https:\/\/news.save.ch\/wp-content\/uploads\/2016\/12\/Bestechung-im-BAFU-Anklage-sicherheitsforum.jpg","keywords":["Justiz &amp; Polizei","Korruption","Kriminalit\u00e4t","Whistleblowing"],"articleSection":["ALLGEMEIN"],"inLanguage":"de"},{"@type":"WebPage","@id":"https:\/\/news.save.ch\/bestechung-im-bafu-anklage\/","url":"https:\/\/news.save.ch\/bestechung-im-bafu-anklage\/","name":"Bestechung im BAFU: Anklage - Save","isPartOf":{"@id":"https:\/\/news.save.ch\/de\/#website"},"primaryImageOfPage":{"@id":"https:\/\/news.save.ch\/bestechung-im-bafu-anklage\/#primaryimage"},"image":{"@id":"https:\/\/news.save.ch\/bestechung-im-bafu-anklage\/#primaryimage"},"thumbnailUrl":"https:\/\/news.save.ch\/wp-content\/uploads\/2016\/12\/Bestechung-im-BAFU-Anklage-sicherheitsforum.jpg","datePublished":"2016-01-26T15:40:28+00:00","description":"Die Bundesanwaltschaft hat die Strafuntersuchung in Zusammenhang mit Vergaben von IT-Projekten im Bundesamt f\u00fcr Umwelt abgeschlossen und klagt 6 Personen an","breadcrumb":{"@id":"https:\/\/news.save.ch\/bestechung-im-bafu-anklage\/#breadcrumb"},"inLanguage":"de","potentialAction":[{"@type":"ReadAction","target":["https:\/\/news.save.ch\/bestechung-im-bafu-anklage\/"]}]},{"@type":"ImageObject","inLanguage":"de","@id":"https:\/\/news.save.ch\/bestechung-im-bafu-anklage\/#primaryimage","url":"https:\/\/news.save.ch\/wp-content\/uploads\/2016\/12\/Bestechung-im-BAFU-Anklage-sicherheitsforum.jpg","contentUrl":"https:\/\/news.save.ch\/wp-content\/uploads\/2016\/12\/Bestechung-im-BAFU-Anklage-sicherheitsforum.jpg","width":403,"height":417},{"@type":"BreadcrumbList","@id":"https:\/\/news.save.ch\/bestechung-im-bafu-anklage\/#breadcrumb","itemListElement":[{"@type":"ListItem","position":1,"name":"Home","item":"https:\/\/news.save.ch\/de\/"},{"@type":"ListItem","position":2,"name":"Bestechung im BAFU: Anklage"}]},{"@type":"WebSite","@id":"https:\/\/news.save.ch\/de\/#website","url":"https:\/\/news.save.ch\/de\/","name":"Save","description":"Schweizer Fachzeitschrift f\u00fcr Sicherheit","publisher":{"@id":"https:\/\/news.save.ch\/de\/#organization"},"potentialAction":[{"@type":"SearchAction","target":{"@type":"EntryPoint","urlTemplate":"https:\/\/news.save.ch\/de\/?s={search_term_string}"},"query-input":{"@type":"PropertyValueSpecification","valueRequired":true,"valueName":"search_term_string"}}],"inLanguage":"de"},{"@type":"Organization","@id":"https:\/\/news.save.ch\/de\/#organization","name":"Sicherheitsforum","url":"https:\/\/news.save.ch\/de\/","logo":{"@type":"ImageObject","inLanguage":"de","@id":"https:\/\/news.save.ch\/de\/#\/schema\/logo\/image\/","url":"https:\/\/news.save.ch\/wp-content\/uploads\/2022\/06\/Logo_SF_2012.png","contentUrl":"https:\/\/news.save.ch\/wp-content\/uploads\/2022\/06\/Logo_SF_2012.png","width":1100,"height":91,"caption":"Sicherheitsforum"},"image":{"@id":"https:\/\/news.save.ch\/de\/#\/schema\/logo\/image\/"}},{"@type":"Person","@id":"https:\/\/news.save.ch\/de\/#\/schema\/person\/d49e199490bad7c70d64b9ab51142f2b","name":"admin","image":{"@type":"ImageObject","inLanguage":"de","@id":"https:\/\/secure.gravatar.com\/avatar\/ae2f4d718e6c49043e314ce431e7e645d646302a24a5ef5a8bc8e3f5a032e319?s=96&d=mm&r=g","url":"https:\/\/secure.gravatar.com\/avatar\/ae2f4d718e6c49043e314ce431e7e645d646302a24a5ef5a8bc8e3f5a032e319?s=96&d=mm&r=g","contentUrl":"https:\/\/secure.gravatar.com\/avatar\/ae2f4d718e6c49043e314ce431e7e645d646302a24a5ef5a8bc8e3f5a032e319?s=96&d=mm&r=g","caption":"admin"},"sameAs":["https:\/\/develop.organisator.galledia.ch"],"url":"https:\/\/news.save.ch\/de\/author\/admin\/"}]}},"_links":{"self":[{"href":"https:\/\/news.save.ch\/de\/wp-json\/wp\/v2\/posts\/2178","targetHints":{"allow":["GET"]}}],"collection":[{"href":"https:\/\/news.save.ch\/de\/wp-json\/wp\/v2\/posts"}],"about":[{"href":"https:\/\/news.save.ch\/de\/wp-json\/wp\/v2\/types\/post"}],"author":[{"embeddable":true,"href":"https:\/\/news.save.ch\/de\/wp-json\/wp\/v2\/users\/1"}],"replies":[{"embeddable":true,"href":"https:\/\/news.save.ch\/de\/wp-json\/wp\/v2\/comments?post=2178"}],"version-history":[{"count":0,"href":"https:\/\/news.save.ch\/de\/wp-json\/wp\/v2\/posts\/2178\/revisions"}],"wp:featuredmedia":[{"embeddable":true,"href":"https:\/\/news.save.ch\/de\/wp-json\/wp\/v2\/media\/2179"}],"wp:attachment":[{"href":"https:\/\/news.save.ch\/de\/wp-json\/wp\/v2\/media?parent=2178"}],"wp:term":[{"taxonomy":"category","embeddable":true,"href":"https:\/\/news.save.ch\/de\/wp-json\/wp\/v2\/categories?post=2178"},{"taxonomy":"post_tag","embeddable":true,"href":"https:\/\/news.save.ch\/de\/wp-json\/wp\/v2\/tags?post=2178"}],"curies":[{"name":"wp","href":"https:\/\/api.w.org\/{rel}","templated":true}]}}