{"id":21901,"date":"2023-08-17T06:00:07","date_gmt":"2023-08-17T04:00:07","guid":{"rendered":"https:\/\/news.save.ch\/?p=21901"},"modified":"2023-08-16T20:52:23","modified_gmt":"2023-08-16T18:52:23","slug":"revision-des-strassenverkehrsgesetzes-erste-massnahmen-bald-in-kraft","status":null,"type":"post","link":"https:\/\/news.save.ch\/de\/revision-des-strassenverkehrsgesetzes-erste-massnahmen-bald-in-kraft\/","title":{"rendered":"Bessere Bedingungen f\u00fcr sehr schnelle Blaulicht-Fahrer"},"content":{"rendered":"<figure id=\"attachment_21902\" aria-describedby=\"caption-attachment-21902\" style=\"width: 680px\" class=\"wp-caption aligncenter\"><img loading=\"lazy\" decoding=\"async\" class=\"size-medium wp-image-21902\" src=\"https:\/\/news.save.ch\/wp-content\/uploads\/2023\/08\/Feuerwehr_Screenshot-2023-08-16-151807-680x546.jpg\" alt=\"\" width=\"680\" height=\"546\" srcset=\"https:\/\/news.save.ch\/wp-content\/uploads\/2023\/08\/Feuerwehr_Screenshot-2023-08-16-151807-680x546.jpg 680w, https:\/\/news.save.ch\/wp-content\/uploads\/2023\/08\/Feuerwehr_Screenshot-2023-08-16-151807-1024x823.jpg 1024w, https:\/\/news.save.ch\/wp-content\/uploads\/2023\/08\/Feuerwehr_Screenshot-2023-08-16-151807-768x617.jpg 768w, https:\/\/news.save.ch\/wp-content\/uploads\/2023\/08\/Feuerwehr_Screenshot-2023-08-16-151807-15x12.jpg 15w, https:\/\/news.save.ch\/wp-content\/uploads\/2023\/08\/Feuerwehr_Screenshot-2023-08-16-151807-373x300.jpg 373w, https:\/\/news.save.ch\/wp-content\/uploads\/2023\/08\/Feuerwehr_Screenshot-2023-08-16-151807-436x350.jpg 436w, https:\/\/news.save.ch\/wp-content\/uploads\/2023\/08\/Feuerwehr_Screenshot-2023-08-16-151807-996x800.jpg 996w, https:\/\/news.save.ch\/wp-content\/uploads\/2023\/08\/Feuerwehr_Screenshot-2023-08-16-151807.jpg 1171w\" sizes=\"auto, (max-width: 680px) 100vw, 680px\" \/><figcaption id=\"caption-attachment-21902\" class=\"wp-caption-text\">Bild: R. Str\u00e4ssle<\/figcaption><\/figure>\n<p>In der Fr\u00fchjahrssession 2023 hat das Parlament SVG-Anpassungen beschlossen, welche nun gestaffelt in Kraft treten. Im ersten vom Bundesrat nun in Kraft gesetzten Paket geht es um Massnahmen, welche keine weitere Konkretisierung auf Verordnungsstufe ben\u00f6tigen und ohne gr\u00f6sseren Aufwand vollzogen werden k\u00f6nnen, wie es in der Mitteilung heisst.\u00a0Am 1. Oktober 2023 treten unter anderem folgende \u00c4nderungen in Kraft:<\/p>\n<ul>\n<li><b>Erleichterungen f\u00fcr Blaulichtorganisationen:\u00a0<\/b>Neu m\u00fcssen die Strafbeh\u00f6rden die Strafe bei unverh\u00e4ltnism\u00e4ssigen Verkehrsregelverletzungen von Lenkenden eines Polizei-, Feuerwehr-, Sanit\u00e4ts- oder Zollfahrzeugs auf dringlichen oder taktisch notwendigen Dienstfahrten zwingend mildern. Neu wird zudem lediglich die Differenz zur Geschwindigkeit, die f\u00fcr den Einsatz angemessen gewesen w\u00e4re und nicht mehr jene zur signalisierten H\u00f6chstgeschwindigkeit beurteilt. Die gesetzliche Mindestdauer des F\u00fchrerausweisentzugs kann weiterhin immer unterschritten werden.<\/li>\n<li><b>Sanktionierung von Raserdelikten:\u00a0<\/b>Raserdelikte werden auch k\u00fcnftig mit einer Mindestfreiheitsstrafe von einem Jahr und einem F\u00fchrerausweisentzug von zwei Jahren sanktioniert. Die Gerichte erhalten aber neu mehr Ermessensspielraum, um die Umst\u00e4nde des Einzelfalls zu ber\u00fccksichtigen und unn\u00f6tige H\u00e4rten zu vermeiden. Ist die T\u00e4terin oder der T\u00e4ter beispielsweise noch unbescholten, kann das Gericht eine Strafe von weniger als einem Jahr Freiheitsstrafe verh\u00e4ngen. Bei einer Freiheitsstrafe von unter einem Jahr kann die Dauer des Entzugs neu auf ein Jahr reduziert werden.<\/li>\n<li><b>Widerhandlungen mit dem F\u00fchrerausweis auf Probe:\u00a0<\/b>Begeht eine Inhaberin oder ein Inhaber eines F\u00fchrerausweises auf Probe eine leichte Widerhandlung, wird neu weder die Probezeit verl\u00e4ngert noch der F\u00fchrerausweis annulliert. Die Probezeit wird nur dann um ein Jahr verl\u00e4ngert, wenn der F\u00fchrerausweis auf Probe wegen Begehung einer mittelschweren oder schweren Widerhandlung entzogen wird. Der F\u00fchrerausweis auf Probe verf\u00e4llt, wenn w\u00e4hrend der Probezeit eine weitere mittelschwere oder schwere Widerhandlung begangen wird.<\/li>\n<li><b>Halterhaftung f\u00fcr Ordnungsbussen auch bei juristischen Personen:\u00a0<\/b>Die Halterhaftung gilt neu nicht nur f\u00fcr nat\u00fcrliche, sondern auch f\u00fcr juristische Personen. Somit kann die Polizei die Ordnungsbusse auch einem Unternehmen in Rechnung stellen, wenn dieses der Polizei nicht mitteilt, wer zu einem bestimmten Zeitpunkt das unternehmenseigene Fahrzeug gelenkt hat.<\/li>\n<\/ul>\n<p><em>Quelle: Bundesamt f\u00fcr Strassen (ASTRA)<\/em><\/p>\n","protected":false},"excerpt":{"rendered":"<p>In der Fr\u00fchjahrssession 2023 hat das Parlament SVG-Anpassungen beschlossen, welche nun gestaffelt in Kraft treten. Im ersten vom Bundesrat nun in Kraft gesetzten Paket geht es um Massnahmen, welche keine weitere Konkretisierung auf Verordnungsstufe ben\u00f6tigen und ohne gr\u00f6sseren Aufwand vollzogen werden k\u00f6nnen, wie es in der Mitteilung heisst.\u00a0Am 1. Oktober 2023 treten unter anderem folgende [&hellip;]<\/p>\n","protected":false},"author":8,"featured_media":21902,"comment_status":"closed","ping_status":"closed","sticky":false,"template":"","format":"standard","meta":{"_acf_changed":false,"pgc_sgb_lightbox_settings":"","footnotes":""},"categories":[1],"tags":[351,5105],"class_list":["post-21901","post","type-post","status-publish","format-standard","has-post-thumbnail","hentry","category-allgemein","tag-blaulichtorganisation","tag-strassenverkehrsgesetz-svg"],"acf":[],"hkrextid":null,"publication":null,"issue":null,"workflow":null,"startPage":null,"spitzmarke":null,"_posts_by_tag_page_fields":null,"_at_widget":null,"_yoast_wpseo_primary_category":"","_yoast_wpseo_focuskw_text_input":null,"_yoast_wpseo_opengraph-image":null,"_yoast_wpseo_opengraph-description":null,"_yoast_wpseo_opengraph-title":null,"enclosure":null,"_yoast_wpseo_twitter-title":null,"_yoast_wpseo_twitter-description":null,"_yoast_wpseo_twitter-image":null,"_wp_old_slug":null,"_yoast_wpseo_title":null,"_yoast_wpseo_canonical":null,"yoast_head":"<!-- This site is optimized with the Yoast SEO plugin v27.5 - https:\/\/yoast.com\/product\/yoast-seo-wordpress\/ -->\n<title>Bessere Bedingungen f\u00fcr sehr schnelle Blaulicht-Fahrer - Save<\/title>\n<meta name=\"description\" content=\"Der Bundesrat hat das erste Paket der Anpassungen des Strassenverkehrsgesetzes (SVG) in Kraft gesetzt.\" \/>\n<meta name=\"robots\" content=\"index, follow, max-snippet:-1, max-image-preview:large, max-video-preview:-1\" \/>\n<link rel=\"canonical\" href=\"https:\/\/news.save.ch\/de\/revision-des-strassenverkehrsgesetzes-erste-massnahmen-bald-in-kraft\/\" \/>\n<meta property=\"og:locale\" content=\"de_DE\" \/>\n<meta property=\"og:type\" content=\"article\" \/>\n<meta property=\"og:title\" content=\"Bessere Bedingungen f\u00fcr sehr schnelle Blaulicht-Fahrer - Save\" \/>\n<meta property=\"og:description\" content=\"Der Bundesrat hat das erste Paket der Anpassungen des Strassenverkehrsgesetzes (SVG) in Kraft gesetzt.\" \/>\n<meta property=\"og:url\" content=\"https:\/\/news.save.ch\/de\/revision-des-strassenverkehrsgesetzes-erste-massnahmen-bald-in-kraft\/\" \/>\n<meta property=\"og:site_name\" content=\"Save\" \/>\n<meta property=\"article:published_time\" content=\"2023-08-17T04:00:07+00:00\" \/>\n<meta property=\"og:image\" content=\"https:\/\/news.save.ch\/wp-content\/uploads\/2023\/08\/Feuerwehr_Screenshot-2023-08-16-151807.jpg\" \/>\n\t<meta property=\"og:image:width\" content=\"1171\" \/>\n\t<meta property=\"og:image:height\" content=\"941\" \/>\n\t<meta property=\"og:image:type\" content=\"image\/jpeg\" \/>\n<meta name=\"author\" content=\"Roger Str\u00e4ssle\" \/>\n<meta name=\"twitter:card\" content=\"summary_large_image\" \/>\n<meta name=\"twitter:label1\" content=\"Geschrieben von\" \/>\n\t<meta name=\"twitter:data1\" content=\"Roger Str\u00e4ssle\" \/>\n\t<meta name=\"twitter:label2\" content=\"Gesch\u00e4tzte Lesezeit\" \/>\n\t<meta name=\"twitter:data2\" content=\"3\u00a0Minuten\" \/>\n<script type=\"application\/ld+json\" class=\"yoast-schema-graph\">{\"@context\":\"https:\\\/\\\/schema.org\",\"@graph\":[{\"@type\":\"Article\",\"@id\":\"https:\\\/\\\/news.save.ch\\\/revision-des-strassenverkehrsgesetzes-erste-massnahmen-bald-in-kraft\\\/#article\",\"isPartOf\":{\"@id\":\"https:\\\/\\\/news.save.ch\\\/revision-des-strassenverkehrsgesetzes-erste-massnahmen-bald-in-kraft\\\/\"},\"author\":{\"name\":\"Roger Str\u00e4ssle\",\"@id\":\"https:\\\/\\\/news.save.ch\\\/de\\\/#\\\/schema\\\/person\\\/d5022db048e0e2b9785c50e5b24da5aa\"},\"headline\":\"Bessere Bedingungen f\u00fcr sehr schnelle Blaulicht-Fahrer\",\"datePublished\":\"2023-08-17T04:00:07+00:00\",\"mainEntityOfPage\":{\"@id\":\"https:\\\/\\\/news.save.ch\\\/revision-des-strassenverkehrsgesetzes-erste-massnahmen-bald-in-kraft\\\/\"},\"wordCount\":372,\"publisher\":{\"@id\":\"https:\\\/\\\/news.save.ch\\\/de\\\/#organization\"},\"image\":{\"@id\":\"https:\\\/\\\/news.save.ch\\\/revision-des-strassenverkehrsgesetzes-erste-massnahmen-bald-in-kraft\\\/#primaryimage\"},\"thumbnailUrl\":\"https:\\\/\\\/news.save.ch\\\/wp-content\\\/uploads\\\/2023\\\/08\\\/Feuerwehr_Screenshot-2023-08-16-151807.jpg\",\"keywords\":[\"Blaulichtorganisation\",\"Strassenverkehrsgesetz (SVG)\"],\"articleSection\":[\"ALLGEMEIN\"],\"inLanguage\":\"de\"},{\"@type\":\"WebPage\",\"@id\":\"https:\\\/\\\/news.save.ch\\\/revision-des-strassenverkehrsgesetzes-erste-massnahmen-bald-in-kraft\\\/\",\"url\":\"https:\\\/\\\/news.save.ch\\\/revision-des-strassenverkehrsgesetzes-erste-massnahmen-bald-in-kraft\\\/\",\"name\":\"Bessere Bedingungen f\u00fcr sehr schnelle Blaulicht-Fahrer - Save\",\"isPartOf\":{\"@id\":\"https:\\\/\\\/news.save.ch\\\/de\\\/#website\"},\"primaryImageOfPage\":{\"@id\":\"https:\\\/\\\/news.save.ch\\\/revision-des-strassenverkehrsgesetzes-erste-massnahmen-bald-in-kraft\\\/#primaryimage\"},\"image\":{\"@id\":\"https:\\\/\\\/news.save.ch\\\/revision-des-strassenverkehrsgesetzes-erste-massnahmen-bald-in-kraft\\\/#primaryimage\"},\"thumbnailUrl\":\"https:\\\/\\\/news.save.ch\\\/wp-content\\\/uploads\\\/2023\\\/08\\\/Feuerwehr_Screenshot-2023-08-16-151807.jpg\",\"datePublished\":\"2023-08-17T04:00:07+00:00\",\"description\":\"Der Bundesrat hat das erste Paket der Anpassungen des Strassenverkehrsgesetzes (SVG) in Kraft gesetzt.\",\"breadcrumb\":{\"@id\":\"https:\\\/\\\/news.save.ch\\\/revision-des-strassenverkehrsgesetzes-erste-massnahmen-bald-in-kraft\\\/#breadcrumb\"},\"inLanguage\":\"de\",\"potentialAction\":[{\"@type\":\"ReadAction\",\"target\":[\"https:\\\/\\\/news.save.ch\\\/revision-des-strassenverkehrsgesetzes-erste-massnahmen-bald-in-kraft\\\/\"]}]},{\"@type\":\"ImageObject\",\"inLanguage\":\"de\",\"@id\":\"https:\\\/\\\/news.save.ch\\\/revision-des-strassenverkehrsgesetzes-erste-massnahmen-bald-in-kraft\\\/#primaryimage\",\"url\":\"https:\\\/\\\/news.save.ch\\\/wp-content\\\/uploads\\\/2023\\\/08\\\/Feuerwehr_Screenshot-2023-08-16-151807.jpg\",\"contentUrl\":\"https:\\\/\\\/news.save.ch\\\/wp-content\\\/uploads\\\/2023\\\/08\\\/Feuerwehr_Screenshot-2023-08-16-151807.jpg\",\"width\":1171,\"height\":941,\"caption\":\"Bild: R. Str\u00e4ssle\"},{\"@type\":\"BreadcrumbList\",\"@id\":\"https:\\\/\\\/news.save.ch\\\/revision-des-strassenverkehrsgesetzes-erste-massnahmen-bald-in-kraft\\\/#breadcrumb\",\"itemListElement\":[{\"@type\":\"ListItem\",\"position\":1,\"name\":\"Home\",\"item\":\"https:\\\/\\\/news.save.ch\\\/de\\\/\"},{\"@type\":\"ListItem\",\"position\":2,\"name\":\"Bessere Bedingungen f\u00fcr sehr schnelle Blaulicht-Fahrer\"}]},{\"@type\":\"WebSite\",\"@id\":\"https:\\\/\\\/news.save.ch\\\/de\\\/#website\",\"url\":\"https:\\\/\\\/news.save.ch\\\/de\\\/\",\"name\":\"Save\",\"description\":\"Schweizer Fachzeitschrift f\u00fcr Sicherheit\",\"publisher\":{\"@id\":\"https:\\\/\\\/news.save.ch\\\/de\\\/#organization\"},\"potentialAction\":[{\"@type\":\"SearchAction\",\"target\":{\"@type\":\"EntryPoint\",\"urlTemplate\":\"https:\\\/\\\/news.save.ch\\\/de\\\/?s={search_term_string}\"},\"query-input\":{\"@type\":\"PropertyValueSpecification\",\"valueRequired\":true,\"valueName\":\"search_term_string\"}}],\"inLanguage\":\"de\"},{\"@type\":\"Organization\",\"@id\":\"https:\\\/\\\/news.save.ch\\\/de\\\/#organization\",\"name\":\"Sicherheitsforum\",\"url\":\"https:\\\/\\\/news.save.ch\\\/de\\\/\",\"logo\":{\"@type\":\"ImageObject\",\"inLanguage\":\"de\",\"@id\":\"https:\\\/\\\/news.save.ch\\\/de\\\/#\\\/schema\\\/logo\\\/image\\\/\",\"url\":\"https:\\\/\\\/news.save.ch\\\/wp-content\\\/uploads\\\/2022\\\/06\\\/Logo_SF_2012.png\",\"contentUrl\":\"https:\\\/\\\/news.save.ch\\\/wp-content\\\/uploads\\\/2022\\\/06\\\/Logo_SF_2012.png\",\"width\":1100,\"height\":91,\"caption\":\"Sicherheitsforum\"},\"image\":{\"@id\":\"https:\\\/\\\/news.save.ch\\\/de\\\/#\\\/schema\\\/logo\\\/image\\\/\"}},{\"@type\":\"Person\",\"@id\":\"https:\\\/\\\/news.save.ch\\\/de\\\/#\\\/schema\\\/person\\\/d5022db048e0e2b9785c50e5b24da5aa\",\"name\":\"Roger Str\u00e4ssle\",\"image\":{\"@type\":\"ImageObject\",\"inLanguage\":\"de\",\"@id\":\"https:\\\/\\\/secure.gravatar.com\\\/avatar\\\/862a5569d087de48e5856e32f45d719a03804c891d6deb8d4f71a660e79e4a47?s=96&d=mm&r=g\",\"url\":\"https:\\\/\\\/secure.gravatar.com\\\/avatar\\\/862a5569d087de48e5856e32f45d719a03804c891d6deb8d4f71a660e79e4a47?s=96&d=mm&r=g\",\"contentUrl\":\"https:\\\/\\\/secure.gravatar.com\\\/avatar\\\/862a5569d087de48e5856e32f45d719a03804c891d6deb8d4f71a660e79e4a47?s=96&d=mm&r=g\",\"caption\":\"Roger Str\u00e4ssle\"},\"url\":\"https:\\\/\\\/news.save.ch\\\/de\\\/author\\\/roger-straessle\\\/\"}]}<\/script>\n<!-- \/ Yoast SEO plugin. -->","yoast_head_json":{"title":"Bessere Bedingungen f\u00fcr sehr schnelle Blaulicht-Fahrer - Save","description":"Der Bundesrat hat das erste Paket der Anpassungen des Strassenverkehrsgesetzes (SVG) in Kraft gesetzt.","robots":{"index":"index","follow":"follow","max-snippet":"max-snippet:-1","max-image-preview":"max-image-preview:large","max-video-preview":"max-video-preview:-1"},"canonical":"https:\/\/news.save.ch\/de\/revision-des-strassenverkehrsgesetzes-erste-massnahmen-bald-in-kraft\/","og_locale":"de_DE","og_type":"article","og_title":"Bessere Bedingungen f\u00fcr sehr schnelle Blaulicht-Fahrer - Save","og_description":"Der Bundesrat hat das erste Paket der Anpassungen des Strassenverkehrsgesetzes (SVG) in Kraft gesetzt.","og_url":"https:\/\/news.save.ch\/de\/revision-des-strassenverkehrsgesetzes-erste-massnahmen-bald-in-kraft\/","og_site_name":"Save","article_published_time":"2023-08-17T04:00:07+00:00","og_image":[{"width":1171,"height":941,"url":"https:\/\/news.save.ch\/wp-content\/uploads\/2023\/08\/Feuerwehr_Screenshot-2023-08-16-151807.jpg","type":"image\/jpeg"}],"author":"Roger Str\u00e4ssle","twitter_card":"summary_large_image","twitter_misc":{"Geschrieben von":"Roger Str\u00e4ssle","Gesch\u00e4tzte Lesezeit":"3\u00a0Minuten"},"schema":{"@context":"https:\/\/schema.org","@graph":[{"@type":"Article","@id":"https:\/\/news.save.ch\/revision-des-strassenverkehrsgesetzes-erste-massnahmen-bald-in-kraft\/#article","isPartOf":{"@id":"https:\/\/news.save.ch\/revision-des-strassenverkehrsgesetzes-erste-massnahmen-bald-in-kraft\/"},"author":{"name":"Roger Str\u00e4ssle","@id":"https:\/\/news.save.ch\/de\/#\/schema\/person\/d5022db048e0e2b9785c50e5b24da5aa"},"headline":"Bessere Bedingungen f\u00fcr sehr schnelle Blaulicht-Fahrer","datePublished":"2023-08-17T04:00:07+00:00","mainEntityOfPage":{"@id":"https:\/\/news.save.ch\/revision-des-strassenverkehrsgesetzes-erste-massnahmen-bald-in-kraft\/"},"wordCount":372,"publisher":{"@id":"https:\/\/news.save.ch\/de\/#organization"},"image":{"@id":"https:\/\/news.save.ch\/revision-des-strassenverkehrsgesetzes-erste-massnahmen-bald-in-kraft\/#primaryimage"},"thumbnailUrl":"https:\/\/news.save.ch\/wp-content\/uploads\/2023\/08\/Feuerwehr_Screenshot-2023-08-16-151807.jpg","keywords":["Blaulichtorganisation","Strassenverkehrsgesetz (SVG)"],"articleSection":["ALLGEMEIN"],"inLanguage":"de"},{"@type":"WebPage","@id":"https:\/\/news.save.ch\/revision-des-strassenverkehrsgesetzes-erste-massnahmen-bald-in-kraft\/","url":"https:\/\/news.save.ch\/revision-des-strassenverkehrsgesetzes-erste-massnahmen-bald-in-kraft\/","name":"Bessere Bedingungen f\u00fcr sehr schnelle Blaulicht-Fahrer - Save","isPartOf":{"@id":"https:\/\/news.save.ch\/de\/#website"},"primaryImageOfPage":{"@id":"https:\/\/news.save.ch\/revision-des-strassenverkehrsgesetzes-erste-massnahmen-bald-in-kraft\/#primaryimage"},"image":{"@id":"https:\/\/news.save.ch\/revision-des-strassenverkehrsgesetzes-erste-massnahmen-bald-in-kraft\/#primaryimage"},"thumbnailUrl":"https:\/\/news.save.ch\/wp-content\/uploads\/2023\/08\/Feuerwehr_Screenshot-2023-08-16-151807.jpg","datePublished":"2023-08-17T04:00:07+00:00","description":"Der Bundesrat hat das erste Paket der Anpassungen des Strassenverkehrsgesetzes (SVG) in Kraft gesetzt.","breadcrumb":{"@id":"https:\/\/news.save.ch\/revision-des-strassenverkehrsgesetzes-erste-massnahmen-bald-in-kraft\/#breadcrumb"},"inLanguage":"de","potentialAction":[{"@type":"ReadAction","target":["https:\/\/news.save.ch\/revision-des-strassenverkehrsgesetzes-erste-massnahmen-bald-in-kraft\/"]}]},{"@type":"ImageObject","inLanguage":"de","@id":"https:\/\/news.save.ch\/revision-des-strassenverkehrsgesetzes-erste-massnahmen-bald-in-kraft\/#primaryimage","url":"https:\/\/news.save.ch\/wp-content\/uploads\/2023\/08\/Feuerwehr_Screenshot-2023-08-16-151807.jpg","contentUrl":"https:\/\/news.save.ch\/wp-content\/uploads\/2023\/08\/Feuerwehr_Screenshot-2023-08-16-151807.jpg","width":1171,"height":941,"caption":"Bild: R. Str\u00e4ssle"},{"@type":"BreadcrumbList","@id":"https:\/\/news.save.ch\/revision-des-strassenverkehrsgesetzes-erste-massnahmen-bald-in-kraft\/#breadcrumb","itemListElement":[{"@type":"ListItem","position":1,"name":"Home","item":"https:\/\/news.save.ch\/de\/"},{"@type":"ListItem","position":2,"name":"Bessere Bedingungen f\u00fcr sehr schnelle Blaulicht-Fahrer"}]},{"@type":"WebSite","@id":"https:\/\/news.save.ch\/de\/#website","url":"https:\/\/news.save.ch\/de\/","name":"Save","description":"Schweizer Fachzeitschrift f\u00fcr Sicherheit","publisher":{"@id":"https:\/\/news.save.ch\/de\/#organization"},"potentialAction":[{"@type":"SearchAction","target":{"@type":"EntryPoint","urlTemplate":"https:\/\/news.save.ch\/de\/?s={search_term_string}"},"query-input":{"@type":"PropertyValueSpecification","valueRequired":true,"valueName":"search_term_string"}}],"inLanguage":"de"},{"@type":"Organization","@id":"https:\/\/news.save.ch\/de\/#organization","name":"Sicherheitsforum","url":"https:\/\/news.save.ch\/de\/","logo":{"@type":"ImageObject","inLanguage":"de","@id":"https:\/\/news.save.ch\/de\/#\/schema\/logo\/image\/","url":"https:\/\/news.save.ch\/wp-content\/uploads\/2022\/06\/Logo_SF_2012.png","contentUrl":"https:\/\/news.save.ch\/wp-content\/uploads\/2022\/06\/Logo_SF_2012.png","width":1100,"height":91,"caption":"Sicherheitsforum"},"image":{"@id":"https:\/\/news.save.ch\/de\/#\/schema\/logo\/image\/"}},{"@type":"Person","@id":"https:\/\/news.save.ch\/de\/#\/schema\/person\/d5022db048e0e2b9785c50e5b24da5aa","name":"Roger Str\u00e4ssle","image":{"@type":"ImageObject","inLanguage":"de","@id":"https:\/\/secure.gravatar.com\/avatar\/862a5569d087de48e5856e32f45d719a03804c891d6deb8d4f71a660e79e4a47?s=96&d=mm&r=g","url":"https:\/\/secure.gravatar.com\/avatar\/862a5569d087de48e5856e32f45d719a03804c891d6deb8d4f71a660e79e4a47?s=96&d=mm&r=g","contentUrl":"https:\/\/secure.gravatar.com\/avatar\/862a5569d087de48e5856e32f45d719a03804c891d6deb8d4f71a660e79e4a47?s=96&d=mm&r=g","caption":"Roger Str\u00e4ssle"},"url":"https:\/\/news.save.ch\/de\/author\/roger-straessle\/"}]}},"_links":{"self":[{"href":"https:\/\/news.save.ch\/de\/wp-json\/wp\/v2\/posts\/21901","targetHints":{"allow":["GET"]}}],"collection":[{"href":"https:\/\/news.save.ch\/de\/wp-json\/wp\/v2\/posts"}],"about":[{"href":"https:\/\/news.save.ch\/de\/wp-json\/wp\/v2\/types\/post"}],"author":[{"embeddable":true,"href":"https:\/\/news.save.ch\/de\/wp-json\/wp\/v2\/users\/8"}],"replies":[{"embeddable":true,"href":"https:\/\/news.save.ch\/de\/wp-json\/wp\/v2\/comments?post=21901"}],"version-history":[{"count":4,"href":"https:\/\/news.save.ch\/de\/wp-json\/wp\/v2\/posts\/21901\/revisions"}],"predecessor-version":[{"id":21906,"href":"https:\/\/news.save.ch\/de\/wp-json\/wp\/v2\/posts\/21901\/revisions\/21906"}],"wp:featuredmedia":[{"embeddable":true,"href":"https:\/\/news.save.ch\/de\/wp-json\/wp\/v2\/media\/21902"}],"wp:attachment":[{"href":"https:\/\/news.save.ch\/de\/wp-json\/wp\/v2\/media?parent=21901"}],"wp:term":[{"taxonomy":"category","embeddable":true,"href":"https:\/\/news.save.ch\/de\/wp-json\/wp\/v2\/categories?post=21901"},{"taxonomy":"post_tag","embeddable":true,"href":"https:\/\/news.save.ch\/de\/wp-json\/wp\/v2\/tags?post=21901"}],"curies":[{"name":"wp","href":"https:\/\/api.w.org\/{rel}","templated":true}]}}