{"id":21955,"date":"2023-08-31T12:21:26","date_gmt":"2023-08-31T10:21:26","guid":{"rendered":"https:\/\/news.save.ch\/?p=21955"},"modified":"2023-08-31T13:32:14","modified_gmt":"2023-08-31T11:32:14","slug":"datensicherung-sicherheitsbehoerden-rufen-zu-backups-auf","status":null,"type":"post","link":"https:\/\/news.save.ch\/de\/datensicherung-sicherheitsbehoerden-rufen-zu-backups-auf\/","title":{"rendered":"Sicherheitsbeh\u00f6rden rufen zu Backups auf"},"content":{"rendered":"<figure id=\"attachment_21956\" aria-describedby=\"caption-attachment-21956\" style=\"width: 680px\" class=\"wp-caption aligncenter\"><img loading=\"lazy\" decoding=\"async\" class=\"size-medium wp-image-21956\" src=\"https:\/\/news.save.ch\/wp-content\/uploads\/2023\/08\/Depositphotos_35938921_S-680x510.jpg\" alt=\"Backup\" width=\"680\" height=\"510\" srcset=\"https:\/\/news.save.ch\/wp-content\/uploads\/2023\/08\/Depositphotos_35938921_S-680x510.jpg 680w, https:\/\/news.save.ch\/wp-content\/uploads\/2023\/08\/Depositphotos_35938921_S-768x576.jpg 768w, https:\/\/news.save.ch\/wp-content\/uploads\/2023\/08\/Depositphotos_35938921_S-16x12.jpg 16w, https:\/\/news.save.ch\/wp-content\/uploads\/2023\/08\/Depositphotos_35938921_S-375x281.jpg 375w, https:\/\/news.save.ch\/wp-content\/uploads\/2023\/08\/Depositphotos_35938921_S-467x350.jpg 467w, https:\/\/news.save.ch\/wp-content\/uploads\/2023\/08\/Depositphotos_35938921_S.jpg 1000w\" sizes=\"auto, (max-width: 680px) 100vw, 680px\" \/><figcaption id=\"caption-attachment-21956\" class=\"wp-caption-text\">Depositphotos, maxkabakov<\/figcaption><\/figure>\n<p>Ob Privatpersonen oder KMU &#8211; wenn wichtige Daten verloren gehen, wird vielen erst klar, wie bedeutend Datensicherungen &#8211; sprich Backups &#8211; sind. Doch dann ist es leider zu sp\u00e4t. Deshalb legt die <a href=\"http:\/\/S-U-P-E-R.ch\" target=\"_blank\" rel=\"noopener\">Sensibilisierungskampagne<\/a> <a href=\"http:\/\/S-U-P-E-R.ch\" target=\"_blank\" rel=\"noopener\">S-U-P-E-R.ch<\/a> den aktuellen Fokus auf das \u00abS\u00bb wie \u00abSichern\u00bb. Backups sch\u00fctzen die Daten nicht nur vor Verlust durch defekte Ger\u00e4te oder Diebstahl, sie sind auch ein wichtiger R\u00fcckhalt bei Cyberattacken und Erpressungsversuchen, wie das Nationale Zentrum f\u00fcr Cybersicherheit (NCSC), die Schweizerische Kriminalpr\u00e4vention (SKP) und die kantonalen und st\u00e4dtischen Polizeikorps betonen, die die Kampagne lancieren. Wer auf seine gesicherten Daten zur\u00fcckgreifen k\u00f6nne, sei bei einer Datenverschl\u00fcsselung durch Cyberkriminelle weniger erpressbar. Datensicherungen seien daher ein wichtiger Schritt f\u00fcr mehr Cybersicherheit. Die Backups sollten zudem vom Netz getrennt und sicher aufbewahrt werden, damit Angreifer nicht zus\u00e4tzlich die Backups verschl\u00fcsseln k\u00f6nnten, so der Ratschlag. Datensicherungen sollten regelm\u00e4ssig vorgenommen und in den Alltag eingebunden werden. Dies gelte f\u00fcr Unternehmen, Organisationen wie auch f\u00fcr Privatpersonen. Nachfolgend ein paar wichtige Backup-Tipps:<\/p>\n<ul>\n<li>Sichern Sie Ihre Daten\u00a0regelm\u00e4ssig\u00a0auf einer externen Festplatte oder in einer Cloud.<\/li>\n<li>Machen Sie\u00a0mehrere Backups\u00a0(z.B. eines auf einer externen Festplatte und ein weiteres in der Cloud).<\/li>\n<li>Pr\u00fcfen Sie, ob die Daten im Backup enthalten sind und Sie sie\u00a0wiederherstellen\u00a0k\u00f6nnen.<\/li>\n<li>Schliessen\u00a0Sie eine\u00a0externe\u00a0Festplatte\u00a0nur bei Gebrauch\u00a0an und nicht permanent, damit allf\u00e4llige Schadsoftware nicht \u00fcbertragen werden kann.<\/li>\n<\/ul>\n<p><em>Mehr Informationen erhalten Interessierte auf der Kampagnenwebsite <a href=\"http:\/\/S-U-P-E-R.ch\">S-U-P-E-R.ch<\/a>. Lernvideos vermitteln die wichtigsten Informationen. Die Kampagne dauert bis am 30. September 2023.<\/em><\/p>\n","protected":false},"excerpt":{"rendered":"<p>Ob Privatpersonen oder KMU &#8211; wenn wichtige Daten verloren gehen, wird vielen erst klar, wie bedeutend Datensicherungen &#8211; sprich Backups &#8211; sind. Doch dann ist es leider zu sp\u00e4t. Deshalb legt die Sensibilisierungskampagne S-U-P-E-R.ch den aktuellen Fokus auf das \u00abS\u00bb wie \u00abSichern\u00bb. Backups sch\u00fctzen die Daten nicht nur vor Verlust durch defekte Ger\u00e4te oder Diebstahl, [&hellip;]<\/p>\n","protected":false},"author":8,"featured_media":21956,"comment_status":"closed","ping_status":"closed","sticky":false,"template":"","format":"standard","meta":{"_acf_changed":false,"pgc_sgb_lightbox_settings":"","footnotes":""},"categories":[3313],"tags":[777],"class_list":["post-21955","post","type-post","status-publish","format-standard","has-post-thumbnail","hentry","category-digitalisierung","tag-backup"],"acf":[],"hkrextid":null,"publication":null,"issue":null,"workflow":null,"startPage":null,"spitzmarke":null,"_posts_by_tag_page_fields":null,"_at_widget":null,"_yoast_wpseo_primary_category":"3313","_yoast_wpseo_focuskw_text_input":null,"_yoast_wpseo_opengraph-image":null,"_yoast_wpseo_opengraph-description":null,"_yoast_wpseo_opengraph-title":null,"enclosure":null,"_yoast_wpseo_twitter-title":null,"_yoast_wpseo_twitter-description":null,"_yoast_wpseo_twitter-image":null,"_wp_old_slug":null,"_yoast_wpseo_title":null,"_yoast_wpseo_canonical":null,"yoast_head":"<!-- This site is optimized with the Yoast SEO plugin v27.5 - https:\/\/yoast.com\/product\/yoast-seo-wordpress\/ -->\n<title>Sicherheitsbeh\u00f6rden rufen zu Backups auf - Save<\/title>\n<meta name=\"description\" content=\"Das regelm\u00e4ssige Sichern (Backups) von Daten ist sehr wichtig und tr\u00e4gt massgeblich zur Cybersicherheit bei.\" \/>\n<meta name=\"robots\" content=\"index, follow, max-snippet:-1, max-image-preview:large, max-video-preview:-1\" \/>\n<link rel=\"canonical\" href=\"https:\/\/news.save.ch\/de\/datensicherung-sicherheitsbehoerden-rufen-zu-backups-auf\/\" \/>\n<meta property=\"og:locale\" content=\"de_DE\" \/>\n<meta property=\"og:type\" content=\"article\" \/>\n<meta property=\"og:title\" content=\"Sicherheitsbeh\u00f6rden rufen zu Backups auf - Save\" \/>\n<meta property=\"og:description\" content=\"Das regelm\u00e4ssige Sichern (Backups) von Daten ist sehr wichtig und tr\u00e4gt massgeblich zur Cybersicherheit bei.\" \/>\n<meta property=\"og:url\" content=\"https:\/\/news.save.ch\/de\/datensicherung-sicherheitsbehoerden-rufen-zu-backups-auf\/\" \/>\n<meta property=\"og:site_name\" content=\"Save\" \/>\n<meta property=\"article:published_time\" content=\"2023-08-31T10:21:26+00:00\" \/>\n<meta property=\"article:modified_time\" content=\"2023-08-31T11:32:14+00:00\" \/>\n<meta property=\"og:image\" content=\"https:\/\/news.save.ch\/wp-content\/uploads\/2023\/08\/Depositphotos_35938921_S.jpg\" \/>\n\t<meta property=\"og:image:width\" content=\"1000\" \/>\n\t<meta property=\"og:image:height\" content=\"750\" \/>\n\t<meta property=\"og:image:type\" content=\"image\/jpeg\" \/>\n<meta name=\"author\" content=\"Roger Str\u00e4ssle\" \/>\n<meta name=\"twitter:card\" content=\"summary_large_image\" \/>\n<meta name=\"twitter:label1\" content=\"Geschrieben von\" \/>\n\t<meta name=\"twitter:data1\" content=\"Roger Str\u00e4ssle\" \/>\n\t<meta name=\"twitter:label2\" content=\"Gesch\u00e4tzte Lesezeit\" \/>\n\t<meta name=\"twitter:data2\" content=\"2\u00a0Minuten\" \/>\n<script type=\"application\/ld+json\" class=\"yoast-schema-graph\">{\"@context\":\"https:\\\/\\\/schema.org\",\"@graph\":[{\"@type\":\"Article\",\"@id\":\"https:\\\/\\\/news.save.ch\\\/datensicherung-sicherheitsbehoerden-rufen-zu-backups-auf\\\/#article\",\"isPartOf\":{\"@id\":\"https:\\\/\\\/news.save.ch\\\/datensicherung-sicherheitsbehoerden-rufen-zu-backups-auf\\\/\"},\"author\":{\"name\":\"Roger Str\u00e4ssle\",\"@id\":\"https:\\\/\\\/news.save.ch\\\/de\\\/#\\\/schema\\\/person\\\/d5022db048e0e2b9785c50e5b24da5aa\"},\"headline\":\"Sicherheitsbeh\u00f6rden rufen zu Backups auf\",\"datePublished\":\"2023-08-31T10:21:26+00:00\",\"dateModified\":\"2023-08-31T11:32:14+00:00\",\"mainEntityOfPage\":{\"@id\":\"https:\\\/\\\/news.save.ch\\\/datensicherung-sicherheitsbehoerden-rufen-zu-backups-auf\\\/\"},\"wordCount\":277,\"publisher\":{\"@id\":\"https:\\\/\\\/news.save.ch\\\/de\\\/#organization\"},\"image\":{\"@id\":\"https:\\\/\\\/news.save.ch\\\/datensicherung-sicherheitsbehoerden-rufen-zu-backups-auf\\\/#primaryimage\"},\"thumbnailUrl\":\"https:\\\/\\\/news.save.ch\\\/wp-content\\\/uploads\\\/2023\\\/08\\\/Depositphotos_35938921_S.jpg\",\"keywords\":[\"Backup\"],\"articleSection\":[\"DIGITALISIERUNG\"],\"inLanguage\":\"de\"},{\"@type\":\"WebPage\",\"@id\":\"https:\\\/\\\/news.save.ch\\\/datensicherung-sicherheitsbehoerden-rufen-zu-backups-auf\\\/\",\"url\":\"https:\\\/\\\/news.save.ch\\\/datensicherung-sicherheitsbehoerden-rufen-zu-backups-auf\\\/\",\"name\":\"Sicherheitsbeh\u00f6rden rufen zu Backups auf - Save\",\"isPartOf\":{\"@id\":\"https:\\\/\\\/news.save.ch\\\/de\\\/#website\"},\"primaryImageOfPage\":{\"@id\":\"https:\\\/\\\/news.save.ch\\\/datensicherung-sicherheitsbehoerden-rufen-zu-backups-auf\\\/#primaryimage\"},\"image\":{\"@id\":\"https:\\\/\\\/news.save.ch\\\/datensicherung-sicherheitsbehoerden-rufen-zu-backups-auf\\\/#primaryimage\"},\"thumbnailUrl\":\"https:\\\/\\\/news.save.ch\\\/wp-content\\\/uploads\\\/2023\\\/08\\\/Depositphotos_35938921_S.jpg\",\"datePublished\":\"2023-08-31T10:21:26+00:00\",\"dateModified\":\"2023-08-31T11:32:14+00:00\",\"description\":\"Das regelm\u00e4ssige Sichern (Backups) von Daten ist sehr wichtig und tr\u00e4gt massgeblich zur Cybersicherheit bei.\",\"breadcrumb\":{\"@id\":\"https:\\\/\\\/news.save.ch\\\/datensicherung-sicherheitsbehoerden-rufen-zu-backups-auf\\\/#breadcrumb\"},\"inLanguage\":\"de\",\"potentialAction\":[{\"@type\":\"ReadAction\",\"target\":[\"https:\\\/\\\/news.save.ch\\\/datensicherung-sicherheitsbehoerden-rufen-zu-backups-auf\\\/\"]}]},{\"@type\":\"ImageObject\",\"inLanguage\":\"de\",\"@id\":\"https:\\\/\\\/news.save.ch\\\/datensicherung-sicherheitsbehoerden-rufen-zu-backups-auf\\\/#primaryimage\",\"url\":\"https:\\\/\\\/news.save.ch\\\/wp-content\\\/uploads\\\/2023\\\/08\\\/Depositphotos_35938921_S.jpg\",\"contentUrl\":\"https:\\\/\\\/news.save.ch\\\/wp-content\\\/uploads\\\/2023\\\/08\\\/Depositphotos_35938921_S.jpg\",\"width\":1000,\"height\":750,\"caption\":\"Depositphotos, maxkabakov\"},{\"@type\":\"BreadcrumbList\",\"@id\":\"https:\\\/\\\/news.save.ch\\\/datensicherung-sicherheitsbehoerden-rufen-zu-backups-auf\\\/#breadcrumb\",\"itemListElement\":[{\"@type\":\"ListItem\",\"position\":1,\"name\":\"Home\",\"item\":\"https:\\\/\\\/news.save.ch\\\/de\\\/\"},{\"@type\":\"ListItem\",\"position\":2,\"name\":\"Sicherheitsbeh\u00f6rden rufen zu Backups auf\"}]},{\"@type\":\"WebSite\",\"@id\":\"https:\\\/\\\/news.save.ch\\\/de\\\/#website\",\"url\":\"https:\\\/\\\/news.save.ch\\\/de\\\/\",\"name\":\"Save\",\"description\":\"Schweizer Fachzeitschrift f\u00fcr Sicherheit\",\"publisher\":{\"@id\":\"https:\\\/\\\/news.save.ch\\\/de\\\/#organization\"},\"potentialAction\":[{\"@type\":\"SearchAction\",\"target\":{\"@type\":\"EntryPoint\",\"urlTemplate\":\"https:\\\/\\\/news.save.ch\\\/de\\\/?s={search_term_string}\"},\"query-input\":{\"@type\":\"PropertyValueSpecification\",\"valueRequired\":true,\"valueName\":\"search_term_string\"}}],\"inLanguage\":\"de\"},{\"@type\":\"Organization\",\"@id\":\"https:\\\/\\\/news.save.ch\\\/de\\\/#organization\",\"name\":\"Sicherheitsforum\",\"url\":\"https:\\\/\\\/news.save.ch\\\/de\\\/\",\"logo\":{\"@type\":\"ImageObject\",\"inLanguage\":\"de\",\"@id\":\"https:\\\/\\\/news.save.ch\\\/de\\\/#\\\/schema\\\/logo\\\/image\\\/\",\"url\":\"https:\\\/\\\/news.save.ch\\\/wp-content\\\/uploads\\\/2022\\\/06\\\/Logo_SF_2012.png\",\"contentUrl\":\"https:\\\/\\\/news.save.ch\\\/wp-content\\\/uploads\\\/2022\\\/06\\\/Logo_SF_2012.png\",\"width\":1100,\"height\":91,\"caption\":\"Sicherheitsforum\"},\"image\":{\"@id\":\"https:\\\/\\\/news.save.ch\\\/de\\\/#\\\/schema\\\/logo\\\/image\\\/\"}},{\"@type\":\"Person\",\"@id\":\"https:\\\/\\\/news.save.ch\\\/de\\\/#\\\/schema\\\/person\\\/d5022db048e0e2b9785c50e5b24da5aa\",\"name\":\"Roger Str\u00e4ssle\",\"image\":{\"@type\":\"ImageObject\",\"inLanguage\":\"de\",\"@id\":\"https:\\\/\\\/secure.gravatar.com\\\/avatar\\\/862a5569d087de48e5856e32f45d719a03804c891d6deb8d4f71a660e79e4a47?s=96&d=mm&r=g\",\"url\":\"https:\\\/\\\/secure.gravatar.com\\\/avatar\\\/862a5569d087de48e5856e32f45d719a03804c891d6deb8d4f71a660e79e4a47?s=96&d=mm&r=g\",\"contentUrl\":\"https:\\\/\\\/secure.gravatar.com\\\/avatar\\\/862a5569d087de48e5856e32f45d719a03804c891d6deb8d4f71a660e79e4a47?s=96&d=mm&r=g\",\"caption\":\"Roger Str\u00e4ssle\"},\"url\":\"https:\\\/\\\/news.save.ch\\\/de\\\/author\\\/roger-straessle\\\/\"}]}<\/script>\n<!-- \/ Yoast SEO plugin. -->","yoast_head_json":{"title":"Sicherheitsbeh\u00f6rden rufen zu Backups auf - Save","description":"Das regelm\u00e4ssige Sichern (Backups) von Daten ist sehr wichtig und tr\u00e4gt massgeblich zur Cybersicherheit bei.","robots":{"index":"index","follow":"follow","max-snippet":"max-snippet:-1","max-image-preview":"max-image-preview:large","max-video-preview":"max-video-preview:-1"},"canonical":"https:\/\/news.save.ch\/de\/datensicherung-sicherheitsbehoerden-rufen-zu-backups-auf\/","og_locale":"de_DE","og_type":"article","og_title":"Sicherheitsbeh\u00f6rden rufen zu Backups auf - Save","og_description":"Das regelm\u00e4ssige Sichern (Backups) von Daten ist sehr wichtig und tr\u00e4gt massgeblich zur Cybersicherheit bei.","og_url":"https:\/\/news.save.ch\/de\/datensicherung-sicherheitsbehoerden-rufen-zu-backups-auf\/","og_site_name":"Save","article_published_time":"2023-08-31T10:21:26+00:00","article_modified_time":"2023-08-31T11:32:14+00:00","og_image":[{"width":1000,"height":750,"url":"https:\/\/news.save.ch\/wp-content\/uploads\/2023\/08\/Depositphotos_35938921_S.jpg","type":"image\/jpeg"}],"author":"Roger Str\u00e4ssle","twitter_card":"summary_large_image","twitter_misc":{"Geschrieben von":"Roger Str\u00e4ssle","Gesch\u00e4tzte Lesezeit":"2\u00a0Minuten"},"schema":{"@context":"https:\/\/schema.org","@graph":[{"@type":"Article","@id":"https:\/\/news.save.ch\/datensicherung-sicherheitsbehoerden-rufen-zu-backups-auf\/#article","isPartOf":{"@id":"https:\/\/news.save.ch\/datensicherung-sicherheitsbehoerden-rufen-zu-backups-auf\/"},"author":{"name":"Roger Str\u00e4ssle","@id":"https:\/\/news.save.ch\/de\/#\/schema\/person\/d5022db048e0e2b9785c50e5b24da5aa"},"headline":"Sicherheitsbeh\u00f6rden rufen zu Backups auf","datePublished":"2023-08-31T10:21:26+00:00","dateModified":"2023-08-31T11:32:14+00:00","mainEntityOfPage":{"@id":"https:\/\/news.save.ch\/datensicherung-sicherheitsbehoerden-rufen-zu-backups-auf\/"},"wordCount":277,"publisher":{"@id":"https:\/\/news.save.ch\/de\/#organization"},"image":{"@id":"https:\/\/news.save.ch\/datensicherung-sicherheitsbehoerden-rufen-zu-backups-auf\/#primaryimage"},"thumbnailUrl":"https:\/\/news.save.ch\/wp-content\/uploads\/2023\/08\/Depositphotos_35938921_S.jpg","keywords":["Backup"],"articleSection":["DIGITALISIERUNG"],"inLanguage":"de"},{"@type":"WebPage","@id":"https:\/\/news.save.ch\/datensicherung-sicherheitsbehoerden-rufen-zu-backups-auf\/","url":"https:\/\/news.save.ch\/datensicherung-sicherheitsbehoerden-rufen-zu-backups-auf\/","name":"Sicherheitsbeh\u00f6rden rufen zu Backups auf - Save","isPartOf":{"@id":"https:\/\/news.save.ch\/de\/#website"},"primaryImageOfPage":{"@id":"https:\/\/news.save.ch\/datensicherung-sicherheitsbehoerden-rufen-zu-backups-auf\/#primaryimage"},"image":{"@id":"https:\/\/news.save.ch\/datensicherung-sicherheitsbehoerden-rufen-zu-backups-auf\/#primaryimage"},"thumbnailUrl":"https:\/\/news.save.ch\/wp-content\/uploads\/2023\/08\/Depositphotos_35938921_S.jpg","datePublished":"2023-08-31T10:21:26+00:00","dateModified":"2023-08-31T11:32:14+00:00","description":"Das regelm\u00e4ssige Sichern (Backups) von Daten ist sehr wichtig und tr\u00e4gt massgeblich zur Cybersicherheit bei.","breadcrumb":{"@id":"https:\/\/news.save.ch\/datensicherung-sicherheitsbehoerden-rufen-zu-backups-auf\/#breadcrumb"},"inLanguage":"de","potentialAction":[{"@type":"ReadAction","target":["https:\/\/news.save.ch\/datensicherung-sicherheitsbehoerden-rufen-zu-backups-auf\/"]}]},{"@type":"ImageObject","inLanguage":"de","@id":"https:\/\/news.save.ch\/datensicherung-sicherheitsbehoerden-rufen-zu-backups-auf\/#primaryimage","url":"https:\/\/news.save.ch\/wp-content\/uploads\/2023\/08\/Depositphotos_35938921_S.jpg","contentUrl":"https:\/\/news.save.ch\/wp-content\/uploads\/2023\/08\/Depositphotos_35938921_S.jpg","width":1000,"height":750,"caption":"Depositphotos, maxkabakov"},{"@type":"BreadcrumbList","@id":"https:\/\/news.save.ch\/datensicherung-sicherheitsbehoerden-rufen-zu-backups-auf\/#breadcrumb","itemListElement":[{"@type":"ListItem","position":1,"name":"Home","item":"https:\/\/news.save.ch\/de\/"},{"@type":"ListItem","position":2,"name":"Sicherheitsbeh\u00f6rden rufen zu Backups auf"}]},{"@type":"WebSite","@id":"https:\/\/news.save.ch\/de\/#website","url":"https:\/\/news.save.ch\/de\/","name":"Save","description":"Schweizer Fachzeitschrift f\u00fcr Sicherheit","publisher":{"@id":"https:\/\/news.save.ch\/de\/#organization"},"potentialAction":[{"@type":"SearchAction","target":{"@type":"EntryPoint","urlTemplate":"https:\/\/news.save.ch\/de\/?s={search_term_string}"},"query-input":{"@type":"PropertyValueSpecification","valueRequired":true,"valueName":"search_term_string"}}],"inLanguage":"de"},{"@type":"Organization","@id":"https:\/\/news.save.ch\/de\/#organization","name":"Sicherheitsforum","url":"https:\/\/news.save.ch\/de\/","logo":{"@type":"ImageObject","inLanguage":"de","@id":"https:\/\/news.save.ch\/de\/#\/schema\/logo\/image\/","url":"https:\/\/news.save.ch\/wp-content\/uploads\/2022\/06\/Logo_SF_2012.png","contentUrl":"https:\/\/news.save.ch\/wp-content\/uploads\/2022\/06\/Logo_SF_2012.png","width":1100,"height":91,"caption":"Sicherheitsforum"},"image":{"@id":"https:\/\/news.save.ch\/de\/#\/schema\/logo\/image\/"}},{"@type":"Person","@id":"https:\/\/news.save.ch\/de\/#\/schema\/person\/d5022db048e0e2b9785c50e5b24da5aa","name":"Roger Str\u00e4ssle","image":{"@type":"ImageObject","inLanguage":"de","@id":"https:\/\/secure.gravatar.com\/avatar\/862a5569d087de48e5856e32f45d719a03804c891d6deb8d4f71a660e79e4a47?s=96&d=mm&r=g","url":"https:\/\/secure.gravatar.com\/avatar\/862a5569d087de48e5856e32f45d719a03804c891d6deb8d4f71a660e79e4a47?s=96&d=mm&r=g","contentUrl":"https:\/\/secure.gravatar.com\/avatar\/862a5569d087de48e5856e32f45d719a03804c891d6deb8d4f71a660e79e4a47?s=96&d=mm&r=g","caption":"Roger Str\u00e4ssle"},"url":"https:\/\/news.save.ch\/de\/author\/roger-straessle\/"}]}},"_links":{"self":[{"href":"https:\/\/news.save.ch\/de\/wp-json\/wp\/v2\/posts\/21955","targetHints":{"allow":["GET"]}}],"collection":[{"href":"https:\/\/news.save.ch\/de\/wp-json\/wp\/v2\/posts"}],"about":[{"href":"https:\/\/news.save.ch\/de\/wp-json\/wp\/v2\/types\/post"}],"author":[{"embeddable":true,"href":"https:\/\/news.save.ch\/de\/wp-json\/wp\/v2\/users\/8"}],"replies":[{"embeddable":true,"href":"https:\/\/news.save.ch\/de\/wp-json\/wp\/v2\/comments?post=21955"}],"version-history":[{"count":2,"href":"https:\/\/news.save.ch\/de\/wp-json\/wp\/v2\/posts\/21955\/revisions"}],"predecessor-version":[{"id":21958,"href":"https:\/\/news.save.ch\/de\/wp-json\/wp\/v2\/posts\/21955\/revisions\/21958"}],"wp:featuredmedia":[{"embeddable":true,"href":"https:\/\/news.save.ch\/de\/wp-json\/wp\/v2\/media\/21956"}],"wp:attachment":[{"href":"https:\/\/news.save.ch\/de\/wp-json\/wp\/v2\/media?parent=21955"}],"wp:term":[{"taxonomy":"category","embeddable":true,"href":"https:\/\/news.save.ch\/de\/wp-json\/wp\/v2\/categories?post=21955"},{"taxonomy":"post_tag","embeddable":true,"href":"https:\/\/news.save.ch\/de\/wp-json\/wp\/v2\/tags?post=21955"}],"curies":[{"name":"wp","href":"https:\/\/api.w.org\/{rel}","templated":true}]}}