{"id":21964,"date":"2023-09-04T09:38:16","date_gmt":"2023-09-04T07:38:16","guid":{"rendered":"https:\/\/news.save.ch\/?p=21964"},"modified":"2023-09-04T09:38:16","modified_gmt":"2023-09-04T07:38:16","slug":"cyber-angriffe-verwaltungsraete-sehen-risiken-doch-es-hapert-bei-krisenvorsorge","status":null,"type":"post","link":"https:\/\/news.save.ch\/de\/cyber-angriffe-verwaltungsraete-sehen-risiken-doch-es-hapert-bei-krisenvorsorge\/","title":{"rendered":"Cyber-Angriffe: Verwaltungsr\u00e4te sehen Risiken, doch es hapert bei Krisenvorsorge"},"content":{"rendered":"<p>&nbsp;<\/p>\n<p>&nbsp;<\/p>\n<p><img loading=\"lazy\" decoding=\"async\" class=\"alignnone size-medium wp-image-21965\" src=\"https:\/\/news.save.ch\/wp-content\/uploads\/2023\/09\/Grafik-1-Screenshot-2023-09-04-092707-680x296.jpg\" alt=\"\" width=\"680\" height=\"296\" srcset=\"https:\/\/news.save.ch\/wp-content\/uploads\/2023\/09\/Grafik-1-Screenshot-2023-09-04-092707-680x296.jpg 680w, https:\/\/news.save.ch\/wp-content\/uploads\/2023\/09\/Grafik-1-Screenshot-2023-09-04-092707-1024x446.jpg 1024w, https:\/\/news.save.ch\/wp-content\/uploads\/2023\/09\/Grafik-1-Screenshot-2023-09-04-092707-768x334.jpg 768w, https:\/\/news.save.ch\/wp-content\/uploads\/2023\/09\/Grafik-1-Screenshot-2023-09-04-092707-18x8.jpg 18w, https:\/\/news.save.ch\/wp-content\/uploads\/2023\/09\/Grafik-1-Screenshot-2023-09-04-092707-375x163.jpg 375w, https:\/\/news.save.ch\/wp-content\/uploads\/2023\/09\/Grafik-1-Screenshot-2023-09-04-092707-760x331.jpg 760w, https:\/\/news.save.ch\/wp-content\/uploads\/2023\/09\/Grafik-1-Screenshot-2023-09-04-092707-1000x435.jpg 1000w, https:\/\/news.save.ch\/wp-content\/uploads\/2023\/09\/Grafik-1-Screenshot-2023-09-04-092707.jpg 1101w\" sizes=\"auto, (max-width: 680px) 100vw, 680px\" \/><\/p>\n<p class=\"Default\"><span style=\"font-family: 'Arial',sans-serif;\">Die Bedrohung durch Cyber-Angriffe w\u00e4chst. Betroffen sind insbesondere Grossunternehmen: 45 Prozent der Firmen mit \u00fcber 250 Mitarbeitenden wurden bereits mind<\/span><span style=\"font-family: Arial, sans-serif;\">estens einmal Opfer einer Cyber-Attacke. Dies zeigt der j\u00fcngste swissVR Monitor.<\/span><\/p>\n<p class=\"Default\"><span style=\"font-family: 'Arial',sans-serif; color: #1b1b1a;\">Im Gegensatz zu Grossunternehmen scheinen KMU deutlich weniger betroffen: Nur 18 Prozent der Firmen mit unter 50 Mitarbeitenden geben einen schwerwiegenden Angriff an, wie es in der Medienmitteilung heisst. <\/span><span style=\"font-family: 'Arial',sans-serif;\">Der Zusammenhang zwischen der Unternehmensgr\u00f6sse und der H\u00e4ufigkeit der Angriffe liege auf der Hand: Grossunternehmen seien global st\u00e4rker exponiert und b\u00f6ten Cyber-Kriminellen gr\u00f6ssere Angriffsfl\u00e4chen. Eine weitere Erkl\u00e4rung f\u00fcr die vermeintlich geringere Betroffenheit bei kleineren Unternehmen sei das teilweise fehlende Reporting \u00fcber solche Vorf\u00e4lle gegen\u00fcber dem Verwaltungsrat. <\/span><\/p>\n<h3 class=\"Default\"><b><span style=\"font-family: 'Arial',sans-serif;\">Betriebsunterbruch ist die h\u00e4ufigste Folge <\/span><\/b><\/h3>\n<p class=\"Default\"><span style=\"font-family: 'Arial',sans-serif; color: #1b1b1a;\">Cyber-Angriffe haben oftmals gravierende Folgen f\u00fcr das operative Gesch\u00e4ft. Die mit Abstand h\u00e4ufigste Konsequenz ist gem\u00e4ss dem <\/span><span style=\"font-family: 'Arial',sans-serif;\">Pr\u00fcfungs- und Beratungsunternehmen Deloitte Schweiz<\/span><span style=\"font-family: 'Arial',sans-serif; color: #1b1b1a;\"> ein Betriebsunterbruch. Dies sei bei 42 Prozent der von einem Cyber-Angriff betroffenen Unternehmen der Fall <i>(siehe Grafik 1)<\/i>. Besonders gef\u00e4hrdet seien die operativen Prozesse von Unternehmen im Bereich Informations- und Kommunikationstechnik. In dieser Branche k\u00e4me es bei 69 Prozent der Betroffenen zu einem Betriebsunterbruch. <\/span><\/p>\n<p class=\"Default\"><span style=\"font-family: 'Arial',sans-serif; color: #1b1b1a;\">Auch Datenlecks und Fehlfunktionen von Produkten oder Dienstleistungen seien h\u00e4ufige Folgen. Teilweise w\u00fcrden Cyber-Angriffe sogar Konsequenzen ausserhalb des eigenen Unternehmens haben: So beklagen 11 Prozent der Befragten Folgeangriffe auf Kunden. Obwohl der Abfluss von Verm\u00f6genswerten nur selten vork\u00e4me, seien auch die finanziellen Folgen nicht zu untersch\u00e4tzen. Neben Umsatzeinbussen durch Betriebsunterbr\u00fcche w\u00fcrden hohe Folgekosten drohen, etwa f\u00fcr die Wiederherstellung von Daten. <\/span><\/p>\n<h3 class=\"Default\"><b><span style=\"font-family: 'Arial',sans-serif;\">Resilienz gewinnt stark an Bedeutung <\/span><\/b><\/h3>\n<p class=\"Default\"><span style=\"font-family: 'Arial',sans-serif;\">Die weitreichenden Folgen w\u00fcrden es deutlich machen: Jedes KMU m\u00fcsse sich mit Cyber-Risiken auseinandersetzen. \u00abDas Thema ist heute fester Bestandteil einer guten Corporate Governance. Erfreulicherweise haben das bereits viele Unternehmen erkannt. Aber es besteht durchaus noch Potenzial. Unsere Umfrage zeigt, dass Cyber-Resilienz \u00fcber alle Branchen hinweg stark an Bedeutung gewinnt. Dies muss sich auch im Risikomanagement und im Strategieprozess jedes Unternehmens widerspiegeln\u00bb, sagt Mirjam Durrer, Dozentin der Hochschule Luzern am Institut f\u00fcr Finanzdienstleistungen Zug IFZ. 95 Prozent der befragten Verwaltungsratsmitglieder seien der Meinung, dass die Bedeutung der Cyber-Resilienz f\u00fcr ihr Unternehmen in den letzten drei Jahren gestiegen sei. Die Mehrheit beobachte sogar eine starke Zunahme, wobei die Bewertung wesentlich von der Unternehmensgr\u00f6sse abh\u00e4nge. Auch hier spiegle sich die Korrelation von Gr\u00f6sse und Bedrohungslage. <\/span><\/p>\n<h3 class=\"Default\"><b><span style=\"font-family: 'Arial',sans-serif;\">Noch nicht \u00fcberall Chefsache <\/span><\/b><\/h3>\n<p class=\"Default\"><span style=\"font-family: 'Arial',sans-serif;\">Laut Pr\u00fcfungs- und Beratungsunternehmen ist positiv zu werten: Verwaltungsr\u00e4te nehmen laut eigener Aussage ihre Aufgaben mit Blick auf die Cyberresilienz gr\u00f6sstenteils wahr. 85 Prozent der Befragten bejahen, dass ihr VR-Gremium Trends und aktuelle Entwicklungen im Bereich Cyber-Resilienz verfolgt <i>(siehe Grafik 2)<\/i>. Auch verf\u00fcgen acht von zehn Gremien \u00fcber eine Risikopolitik, die Cyber-Gefahren adressiert. Trotzdem bestehe Handlungsbedarf, betont Klaus Julisch, Leiter Risk Advisory bei Deloitte Schweiz: \u00abDas Bewusstsein f\u00fcr die Risiken nimmt zu, was positiv zu bewerten ist. Davon abgesehen ist das Thema noch nicht \u00fcberall in den Verwaltungsratsgremien angekommen. Auch fehlt fast der H\u00e4lfte der Unternehmen eine klare Cyber-Strategie. Schweizer Unternehmen und ihre Verwaltungsr\u00e4te m\u00fcssen daher mit Blick auf die Cyber-Resilienz noch mehr Verantwortung \u00fcbernehmen.\u00bb<\/span><\/p>\n<p><img loading=\"lazy\" decoding=\"async\" class=\"alignnone size-medium wp-image-21966\" src=\"https:\/\/news.save.ch\/wp-content\/uploads\/2023\/09\/Grafik-2-Screenshot-2023-09-04-092744-680x233.jpg\" alt=\"\" width=\"680\" height=\"233\" srcset=\"https:\/\/news.save.ch\/wp-content\/uploads\/2023\/09\/Grafik-2-Screenshot-2023-09-04-092744-680x233.jpg 680w, https:\/\/news.save.ch\/wp-content\/uploads\/2023\/09\/Grafik-2-Screenshot-2023-09-04-092744-1024x351.jpg 1024w, https:\/\/news.save.ch\/wp-content\/uploads\/2023\/09\/Grafik-2-Screenshot-2023-09-04-092744-768x263.jpg 768w, https:\/\/news.save.ch\/wp-content\/uploads\/2023\/09\/Grafik-2-Screenshot-2023-09-04-092744-18x6.jpg 18w, https:\/\/news.save.ch\/wp-content\/uploads\/2023\/09\/Grafik-2-Screenshot-2023-09-04-092744-375x129.jpg 375w, https:\/\/news.save.ch\/wp-content\/uploads\/2023\/09\/Grafik-2-Screenshot-2023-09-04-092744-760x261.jpg 760w, https:\/\/news.save.ch\/wp-content\/uploads\/2023\/09\/Grafik-2-Screenshot-2023-09-04-092744-1000x343.jpg 1000w, https:\/\/news.save.ch\/wp-content\/uploads\/2023\/09\/Grafik-2-Screenshot-2023-09-04-092744.jpg 1111w\" sizes=\"auto, (max-width: 680px) 100vw, 680px\" \/><\/p>\n<h3 class=\"Default\"><b><span style=\"font-family: 'Arial',sans-serif;\">Nur ein Drittel probt den Ernstfall <\/span><\/b><\/h3>\n<p class=\"Default\"><span style=\"font-family: 'Arial',sans-serif;\">Auch bei der Vorbereitung auf den Ernstfall gibt es laut Deloitte Schweiz Luft nach oben. Lediglich jedes dritte Verwaltungsratsmitglied best\u00e4tige, das VR-Gremium probe das Krisenmanagement zumindest teilweise. Etwas besser sei das Bild in der Finanzindustrie: Rund jedes zweite Unternehmen dieser Branche f\u00fchre regelm\u00e4ssige Krisentrainings durch. Zudem verzeichne die Finanzindustrie mit 58 Prozent den h\u00f6chsten Anteil abgeschlossener Cyber-Versicherungen. <\/span><\/p>\n<p class=\"Default\"><span style=\"font-family: 'Arial',sans-serif;\">Verbesserungspotenzial gebe es auch bei der Berichterstattung an den Verwaltungsrat: Nur etwa ein Drittel der Befragten werde regelm\u00e4ssig durch die Gesch\u00e4ftsleitung \u00fcber die Top-Cyberrisiken oder die eigene Cyberstrategie informiert. Gut die H\u00e4lfte der VR-Gremien erhalte immerhin ein Reporting zur allgemeinen Bedrohungslage, zu aktuellen Cyber-Angriffen im Unternehmen oder zum Handlungs- und Investitionsbedarf zur St\u00e4rkung der Cyber-Resilienz. <\/span><\/p>\n<p class=\"Default\"><span style=\"font-family: 'Arial',sans-serif;\">\u00a0<\/span><\/p>\n<blockquote>\n<h3 class=\"Default\"><b><span style=\"font-family: 'Arial',sans-serif;\">swissVR Monitor<\/span><\/b><\/h3>\n<p class=\"Default\"><span style=\"font-family: 'Arial',sans-serif;\">Der swissVR Monitor ist eine von der Verwaltungsratsvereinigung swissVR in Kooperation mit dem Pr\u00fcfungs- und Beratungsunternehmen Deloitte Schweiz und der Hochschule Luzern durchgef\u00fchrte Umfrage.<\/span><\/p>\n<p class=\"Default\"><span style=\"font-family: 'Arial',sans-serif; color: #00a2df;\"><a href=\"https:\/\/www2.deloitte.com\/ch\/de\/pages\/cxo\/executives-and-board-programme\/boardroom-programme\/board-survey.html\" target=\"_blank\" rel=\"noopener\">Die halbj\u00e4hrliche Umfrage swissVR Monitor<\/a> <\/span><span style=\"font-family: 'Arial',sans-serif;\">zielt darauf ab, die Einsch\u00e4tzungen von Verwaltungsratsmitgliedern zu Gesch\u00e4ftsaussichten, Strategien und strukturellen Themen \u2013 sowie in dieser Ausgabe zum Fokusthema \u00abCyber-Resilienz\u00bb \u2013 zu erfassen. Die 14. Umfrage wurde von swissVR in Zusammenarbeit mit Deloitte und der Hochschule Luzern im Zeitraum vom 22. Mai bis 8. Juli 2023 durchgef\u00fchrt. Die 400 teilnehmenden Personen repr\u00e4sentieren Verwaltungsr\u00e4te von b\u00f6rsenkotierten Unternehmen wie auch von KMU und stammen aus allen relevanten Branchen. <\/span><\/p>\n<\/blockquote>\n","protected":false},"excerpt":{"rendered":"<p>&nbsp; &nbsp; Die Bedrohung durch Cyber-Angriffe w\u00e4chst. Betroffen sind insbesondere Grossunternehmen: 45 Prozent der Firmen mit \u00fcber 250 Mitarbeitenden wurden bereits mindestens einmal Opfer einer Cyber-Attacke. Dies zeigt der j\u00fcngste swissVR Monitor. Im Gegensatz zu Grossunternehmen scheinen KMU deutlich weniger betroffen: Nur 18 Prozent der Firmen mit unter 50 Mitarbeitenden geben einen schwerwiegenden Angriff an, [&hellip;]<\/p>\n","protected":false},"author":8,"featured_media":21965,"comment_status":"closed","ping_status":"closed","sticky":false,"template":"","format":"standard","meta":{"_acf_changed":false,"pgc_sgb_lightbox_settings":"","footnotes":""},"categories":[3313],"tags":[5956],"class_list":["post-21964","post","type-post","status-publish","format-standard","has-post-thumbnail","hentry","category-digitalisierung","tag-cyber-angriff"],"acf":[],"hkrextid":null,"publication":null,"issue":null,"workflow":null,"startPage":null,"spitzmarke":null,"_posts_by_tag_page_fields":null,"_at_widget":null,"_yoast_wpseo_primary_category":"3313","_yoast_wpseo_focuskw_text_input":null,"_yoast_wpseo_opengraph-image":null,"_yoast_wpseo_opengraph-description":null,"_yoast_wpseo_opengraph-title":null,"enclosure":null,"_yoast_wpseo_twitter-title":null,"_yoast_wpseo_twitter-description":null,"_yoast_wpseo_twitter-image":null,"_wp_old_slug":null,"_yoast_wpseo_title":null,"_yoast_wpseo_canonical":null,"yoast_head":"<!-- This site is optimized with the Yoast SEO plugin v27.5 - https:\/\/yoast.com\/product\/yoast-seo-wordpress\/ -->\n<title>Cyber-Angriffe: Verwaltungsr\u00e4te sehen Risiken, doch es hapert bei Krisenvorsorge - Save<\/title>\n<meta name=\"description\" content=\"Cyber-Angriffe: Verwaltungsr\u00e4te sehen Risiken, doch bei Krisenvorsorge und Reporting besteht Handlungsbedarf. So der j\u00fcngste swissVR Monitor.\" \/>\n<meta name=\"robots\" content=\"index, follow, max-snippet:-1, max-image-preview:large, max-video-preview:-1\" \/>\n<link rel=\"canonical\" href=\"https:\/\/news.save.ch\/de\/cyber-angriffe-verwaltungsraete-sehen-risiken-doch-es-hapert-bei-krisenvorsorge\/\" \/>\n<meta property=\"og:locale\" content=\"de_DE\" \/>\n<meta property=\"og:type\" content=\"article\" \/>\n<meta property=\"og:title\" content=\"Cyber-Angriffe: Verwaltungsr\u00e4te sehen Risiken, doch es hapert bei Krisenvorsorge - Save\" \/>\n<meta property=\"og:description\" content=\"Cyber-Angriffe: Verwaltungsr\u00e4te sehen Risiken, doch bei Krisenvorsorge und Reporting besteht Handlungsbedarf. So der j\u00fcngste swissVR Monitor.\" \/>\n<meta property=\"og:url\" content=\"https:\/\/news.save.ch\/de\/cyber-angriffe-verwaltungsraete-sehen-risiken-doch-es-hapert-bei-krisenvorsorge\/\" \/>\n<meta property=\"og:site_name\" content=\"Save\" \/>\n<meta property=\"article:published_time\" content=\"2023-09-04T07:38:16+00:00\" \/>\n<meta property=\"og:image\" content=\"https:\/\/news.save.ch\/wp-content\/uploads\/2023\/09\/Grafik-1-Screenshot-2023-09-04-092707.jpg\" \/>\n\t<meta property=\"og:image:width\" content=\"1101\" \/>\n\t<meta property=\"og:image:height\" content=\"479\" \/>\n\t<meta property=\"og:image:type\" content=\"image\/jpeg\" \/>\n<meta name=\"author\" content=\"Roger Str\u00e4ssle\" \/>\n<meta name=\"twitter:card\" content=\"summary_large_image\" \/>\n<meta name=\"twitter:label1\" content=\"Geschrieben von\" \/>\n\t<meta name=\"twitter:data1\" content=\"Roger Str\u00e4ssle\" \/>\n\t<meta name=\"twitter:label2\" content=\"Gesch\u00e4tzte Lesezeit\" \/>\n\t<meta name=\"twitter:data2\" content=\"5\u00a0Minuten\" \/>\n<script type=\"application\/ld+json\" class=\"yoast-schema-graph\">{\"@context\":\"https:\\\/\\\/schema.org\",\"@graph\":[{\"@type\":\"Article\",\"@id\":\"https:\\\/\\\/news.save.ch\\\/cyber-angriffe-verwaltungsraete-sehen-risiken-doch-es-hapert-bei-krisenvorsorge\\\/#article\",\"isPartOf\":{\"@id\":\"https:\\\/\\\/news.save.ch\\\/cyber-angriffe-verwaltungsraete-sehen-risiken-doch-es-hapert-bei-krisenvorsorge\\\/\"},\"author\":{\"name\":\"Roger Str\u00e4ssle\",\"@id\":\"https:\\\/\\\/news.save.ch\\\/de\\\/#\\\/schema\\\/person\\\/d5022db048e0e2b9785c50e5b24da5aa\"},\"headline\":\"Cyber-Angriffe: Verwaltungsr\u00e4te sehen Risiken, doch es hapert bei Krisenvorsorge\",\"datePublished\":\"2023-09-04T07:38:16+00:00\",\"mainEntityOfPage\":{\"@id\":\"https:\\\/\\\/news.save.ch\\\/cyber-angriffe-verwaltungsraete-sehen-risiken-doch-es-hapert-bei-krisenvorsorge\\\/\"},\"wordCount\":753,\"publisher\":{\"@id\":\"https:\\\/\\\/news.save.ch\\\/de\\\/#organization\"},\"image\":{\"@id\":\"https:\\\/\\\/news.save.ch\\\/cyber-angriffe-verwaltungsraete-sehen-risiken-doch-es-hapert-bei-krisenvorsorge\\\/#primaryimage\"},\"thumbnailUrl\":\"https:\\\/\\\/news.save.ch\\\/wp-content\\\/uploads\\\/2023\\\/09\\\/Grafik-1-Screenshot-2023-09-04-092707.jpg\",\"keywords\":[\"Cyber-Angriff\"],\"articleSection\":[\"DIGITALISIERUNG\"],\"inLanguage\":\"de\"},{\"@type\":\"WebPage\",\"@id\":\"https:\\\/\\\/news.save.ch\\\/cyber-angriffe-verwaltungsraete-sehen-risiken-doch-es-hapert-bei-krisenvorsorge\\\/\",\"url\":\"https:\\\/\\\/news.save.ch\\\/cyber-angriffe-verwaltungsraete-sehen-risiken-doch-es-hapert-bei-krisenvorsorge\\\/\",\"name\":\"Cyber-Angriffe: Verwaltungsr\u00e4te sehen Risiken, doch es hapert bei Krisenvorsorge - Save\",\"isPartOf\":{\"@id\":\"https:\\\/\\\/news.save.ch\\\/de\\\/#website\"},\"primaryImageOfPage\":{\"@id\":\"https:\\\/\\\/news.save.ch\\\/cyber-angriffe-verwaltungsraete-sehen-risiken-doch-es-hapert-bei-krisenvorsorge\\\/#primaryimage\"},\"image\":{\"@id\":\"https:\\\/\\\/news.save.ch\\\/cyber-angriffe-verwaltungsraete-sehen-risiken-doch-es-hapert-bei-krisenvorsorge\\\/#primaryimage\"},\"thumbnailUrl\":\"https:\\\/\\\/news.save.ch\\\/wp-content\\\/uploads\\\/2023\\\/09\\\/Grafik-1-Screenshot-2023-09-04-092707.jpg\",\"datePublished\":\"2023-09-04T07:38:16+00:00\",\"description\":\"Cyber-Angriffe: Verwaltungsr\u00e4te sehen Risiken, doch bei Krisenvorsorge und Reporting besteht Handlungsbedarf. So der j\u00fcngste swissVR Monitor.\",\"breadcrumb\":{\"@id\":\"https:\\\/\\\/news.save.ch\\\/cyber-angriffe-verwaltungsraete-sehen-risiken-doch-es-hapert-bei-krisenvorsorge\\\/#breadcrumb\"},\"inLanguage\":\"de\",\"potentialAction\":[{\"@type\":\"ReadAction\",\"target\":[\"https:\\\/\\\/news.save.ch\\\/cyber-angriffe-verwaltungsraete-sehen-risiken-doch-es-hapert-bei-krisenvorsorge\\\/\"]}]},{\"@type\":\"ImageObject\",\"inLanguage\":\"de\",\"@id\":\"https:\\\/\\\/news.save.ch\\\/cyber-angriffe-verwaltungsraete-sehen-risiken-doch-es-hapert-bei-krisenvorsorge\\\/#primaryimage\",\"url\":\"https:\\\/\\\/news.save.ch\\\/wp-content\\\/uploads\\\/2023\\\/09\\\/Grafik-1-Screenshot-2023-09-04-092707.jpg\",\"contentUrl\":\"https:\\\/\\\/news.save.ch\\\/wp-content\\\/uploads\\\/2023\\\/09\\\/Grafik-1-Screenshot-2023-09-04-092707.jpg\",\"width\":1101,\"height\":479},{\"@type\":\"BreadcrumbList\",\"@id\":\"https:\\\/\\\/news.save.ch\\\/cyber-angriffe-verwaltungsraete-sehen-risiken-doch-es-hapert-bei-krisenvorsorge\\\/#breadcrumb\",\"itemListElement\":[{\"@type\":\"ListItem\",\"position\":1,\"name\":\"Home\",\"item\":\"https:\\\/\\\/news.save.ch\\\/de\\\/\"},{\"@type\":\"ListItem\",\"position\":2,\"name\":\"Cyber-Angriffe: Verwaltungsr\u00e4te sehen Risiken, doch es hapert bei Krisenvorsorge\"}]},{\"@type\":\"WebSite\",\"@id\":\"https:\\\/\\\/news.save.ch\\\/de\\\/#website\",\"url\":\"https:\\\/\\\/news.save.ch\\\/de\\\/\",\"name\":\"Save\",\"description\":\"Schweizer Fachzeitschrift f\u00fcr Sicherheit\",\"publisher\":{\"@id\":\"https:\\\/\\\/news.save.ch\\\/de\\\/#organization\"},\"potentialAction\":[{\"@type\":\"SearchAction\",\"target\":{\"@type\":\"EntryPoint\",\"urlTemplate\":\"https:\\\/\\\/news.save.ch\\\/de\\\/?s={search_term_string}\"},\"query-input\":{\"@type\":\"PropertyValueSpecification\",\"valueRequired\":true,\"valueName\":\"search_term_string\"}}],\"inLanguage\":\"de\"},{\"@type\":\"Organization\",\"@id\":\"https:\\\/\\\/news.save.ch\\\/de\\\/#organization\",\"name\":\"Sicherheitsforum\",\"url\":\"https:\\\/\\\/news.save.ch\\\/de\\\/\",\"logo\":{\"@type\":\"ImageObject\",\"inLanguage\":\"de\",\"@id\":\"https:\\\/\\\/news.save.ch\\\/de\\\/#\\\/schema\\\/logo\\\/image\\\/\",\"url\":\"https:\\\/\\\/news.save.ch\\\/wp-content\\\/uploads\\\/2022\\\/06\\\/Logo_SF_2012.png\",\"contentUrl\":\"https:\\\/\\\/news.save.ch\\\/wp-content\\\/uploads\\\/2022\\\/06\\\/Logo_SF_2012.png\",\"width\":1100,\"height\":91,\"caption\":\"Sicherheitsforum\"},\"image\":{\"@id\":\"https:\\\/\\\/news.save.ch\\\/de\\\/#\\\/schema\\\/logo\\\/image\\\/\"}},{\"@type\":\"Person\",\"@id\":\"https:\\\/\\\/news.save.ch\\\/de\\\/#\\\/schema\\\/person\\\/d5022db048e0e2b9785c50e5b24da5aa\",\"name\":\"Roger Str\u00e4ssle\",\"image\":{\"@type\":\"ImageObject\",\"inLanguage\":\"de\",\"@id\":\"https:\\\/\\\/secure.gravatar.com\\\/avatar\\\/862a5569d087de48e5856e32f45d719a03804c891d6deb8d4f71a660e79e4a47?s=96&d=mm&r=g\",\"url\":\"https:\\\/\\\/secure.gravatar.com\\\/avatar\\\/862a5569d087de48e5856e32f45d719a03804c891d6deb8d4f71a660e79e4a47?s=96&d=mm&r=g\",\"contentUrl\":\"https:\\\/\\\/secure.gravatar.com\\\/avatar\\\/862a5569d087de48e5856e32f45d719a03804c891d6deb8d4f71a660e79e4a47?s=96&d=mm&r=g\",\"caption\":\"Roger Str\u00e4ssle\"},\"url\":\"https:\\\/\\\/news.save.ch\\\/de\\\/author\\\/roger-straessle\\\/\"}]}<\/script>\n<!-- \/ Yoast SEO plugin. -->","yoast_head_json":{"title":"Cyber-Angriffe: Verwaltungsr\u00e4te sehen Risiken, doch es hapert bei Krisenvorsorge - Save","description":"Cyber-Angriffe: Verwaltungsr\u00e4te sehen Risiken, doch bei Krisenvorsorge und Reporting besteht Handlungsbedarf. So der j\u00fcngste swissVR Monitor.","robots":{"index":"index","follow":"follow","max-snippet":"max-snippet:-1","max-image-preview":"max-image-preview:large","max-video-preview":"max-video-preview:-1"},"canonical":"https:\/\/news.save.ch\/de\/cyber-angriffe-verwaltungsraete-sehen-risiken-doch-es-hapert-bei-krisenvorsorge\/","og_locale":"de_DE","og_type":"article","og_title":"Cyber-Angriffe: Verwaltungsr\u00e4te sehen Risiken, doch es hapert bei Krisenvorsorge - Save","og_description":"Cyber-Angriffe: Verwaltungsr\u00e4te sehen Risiken, doch bei Krisenvorsorge und Reporting besteht Handlungsbedarf. So der j\u00fcngste swissVR Monitor.","og_url":"https:\/\/news.save.ch\/de\/cyber-angriffe-verwaltungsraete-sehen-risiken-doch-es-hapert-bei-krisenvorsorge\/","og_site_name":"Save","article_published_time":"2023-09-04T07:38:16+00:00","og_image":[{"width":1101,"height":479,"url":"https:\/\/news.save.ch\/wp-content\/uploads\/2023\/09\/Grafik-1-Screenshot-2023-09-04-092707.jpg","type":"image\/jpeg"}],"author":"Roger Str\u00e4ssle","twitter_card":"summary_large_image","twitter_misc":{"Geschrieben von":"Roger Str\u00e4ssle","Gesch\u00e4tzte Lesezeit":"5\u00a0Minuten"},"schema":{"@context":"https:\/\/schema.org","@graph":[{"@type":"Article","@id":"https:\/\/news.save.ch\/cyber-angriffe-verwaltungsraete-sehen-risiken-doch-es-hapert-bei-krisenvorsorge\/#article","isPartOf":{"@id":"https:\/\/news.save.ch\/cyber-angriffe-verwaltungsraete-sehen-risiken-doch-es-hapert-bei-krisenvorsorge\/"},"author":{"name":"Roger Str\u00e4ssle","@id":"https:\/\/news.save.ch\/de\/#\/schema\/person\/d5022db048e0e2b9785c50e5b24da5aa"},"headline":"Cyber-Angriffe: Verwaltungsr\u00e4te sehen Risiken, doch es hapert bei Krisenvorsorge","datePublished":"2023-09-04T07:38:16+00:00","mainEntityOfPage":{"@id":"https:\/\/news.save.ch\/cyber-angriffe-verwaltungsraete-sehen-risiken-doch-es-hapert-bei-krisenvorsorge\/"},"wordCount":753,"publisher":{"@id":"https:\/\/news.save.ch\/de\/#organization"},"image":{"@id":"https:\/\/news.save.ch\/cyber-angriffe-verwaltungsraete-sehen-risiken-doch-es-hapert-bei-krisenvorsorge\/#primaryimage"},"thumbnailUrl":"https:\/\/news.save.ch\/wp-content\/uploads\/2023\/09\/Grafik-1-Screenshot-2023-09-04-092707.jpg","keywords":["Cyber-Angriff"],"articleSection":["DIGITALISIERUNG"],"inLanguage":"de"},{"@type":"WebPage","@id":"https:\/\/news.save.ch\/cyber-angriffe-verwaltungsraete-sehen-risiken-doch-es-hapert-bei-krisenvorsorge\/","url":"https:\/\/news.save.ch\/cyber-angriffe-verwaltungsraete-sehen-risiken-doch-es-hapert-bei-krisenvorsorge\/","name":"Cyber-Angriffe: Verwaltungsr\u00e4te sehen Risiken, doch es hapert bei Krisenvorsorge - Save","isPartOf":{"@id":"https:\/\/news.save.ch\/de\/#website"},"primaryImageOfPage":{"@id":"https:\/\/news.save.ch\/cyber-angriffe-verwaltungsraete-sehen-risiken-doch-es-hapert-bei-krisenvorsorge\/#primaryimage"},"image":{"@id":"https:\/\/news.save.ch\/cyber-angriffe-verwaltungsraete-sehen-risiken-doch-es-hapert-bei-krisenvorsorge\/#primaryimage"},"thumbnailUrl":"https:\/\/news.save.ch\/wp-content\/uploads\/2023\/09\/Grafik-1-Screenshot-2023-09-04-092707.jpg","datePublished":"2023-09-04T07:38:16+00:00","description":"Cyber-Angriffe: Verwaltungsr\u00e4te sehen Risiken, doch bei Krisenvorsorge und Reporting besteht Handlungsbedarf. So der j\u00fcngste swissVR Monitor.","breadcrumb":{"@id":"https:\/\/news.save.ch\/cyber-angriffe-verwaltungsraete-sehen-risiken-doch-es-hapert-bei-krisenvorsorge\/#breadcrumb"},"inLanguage":"de","potentialAction":[{"@type":"ReadAction","target":["https:\/\/news.save.ch\/cyber-angriffe-verwaltungsraete-sehen-risiken-doch-es-hapert-bei-krisenvorsorge\/"]}]},{"@type":"ImageObject","inLanguage":"de","@id":"https:\/\/news.save.ch\/cyber-angriffe-verwaltungsraete-sehen-risiken-doch-es-hapert-bei-krisenvorsorge\/#primaryimage","url":"https:\/\/news.save.ch\/wp-content\/uploads\/2023\/09\/Grafik-1-Screenshot-2023-09-04-092707.jpg","contentUrl":"https:\/\/news.save.ch\/wp-content\/uploads\/2023\/09\/Grafik-1-Screenshot-2023-09-04-092707.jpg","width":1101,"height":479},{"@type":"BreadcrumbList","@id":"https:\/\/news.save.ch\/cyber-angriffe-verwaltungsraete-sehen-risiken-doch-es-hapert-bei-krisenvorsorge\/#breadcrumb","itemListElement":[{"@type":"ListItem","position":1,"name":"Home","item":"https:\/\/news.save.ch\/de\/"},{"@type":"ListItem","position":2,"name":"Cyber-Angriffe: Verwaltungsr\u00e4te sehen Risiken, doch es hapert bei Krisenvorsorge"}]},{"@type":"WebSite","@id":"https:\/\/news.save.ch\/de\/#website","url":"https:\/\/news.save.ch\/de\/","name":"Save","description":"Schweizer Fachzeitschrift f\u00fcr Sicherheit","publisher":{"@id":"https:\/\/news.save.ch\/de\/#organization"},"potentialAction":[{"@type":"SearchAction","target":{"@type":"EntryPoint","urlTemplate":"https:\/\/news.save.ch\/de\/?s={search_term_string}"},"query-input":{"@type":"PropertyValueSpecification","valueRequired":true,"valueName":"search_term_string"}}],"inLanguage":"de"},{"@type":"Organization","@id":"https:\/\/news.save.ch\/de\/#organization","name":"Sicherheitsforum","url":"https:\/\/news.save.ch\/de\/","logo":{"@type":"ImageObject","inLanguage":"de","@id":"https:\/\/news.save.ch\/de\/#\/schema\/logo\/image\/","url":"https:\/\/news.save.ch\/wp-content\/uploads\/2022\/06\/Logo_SF_2012.png","contentUrl":"https:\/\/news.save.ch\/wp-content\/uploads\/2022\/06\/Logo_SF_2012.png","width":1100,"height":91,"caption":"Sicherheitsforum"},"image":{"@id":"https:\/\/news.save.ch\/de\/#\/schema\/logo\/image\/"}},{"@type":"Person","@id":"https:\/\/news.save.ch\/de\/#\/schema\/person\/d5022db048e0e2b9785c50e5b24da5aa","name":"Roger Str\u00e4ssle","image":{"@type":"ImageObject","inLanguage":"de","@id":"https:\/\/secure.gravatar.com\/avatar\/862a5569d087de48e5856e32f45d719a03804c891d6deb8d4f71a660e79e4a47?s=96&d=mm&r=g","url":"https:\/\/secure.gravatar.com\/avatar\/862a5569d087de48e5856e32f45d719a03804c891d6deb8d4f71a660e79e4a47?s=96&d=mm&r=g","contentUrl":"https:\/\/secure.gravatar.com\/avatar\/862a5569d087de48e5856e32f45d719a03804c891d6deb8d4f71a660e79e4a47?s=96&d=mm&r=g","caption":"Roger Str\u00e4ssle"},"url":"https:\/\/news.save.ch\/de\/author\/roger-straessle\/"}]}},"_links":{"self":[{"href":"https:\/\/news.save.ch\/de\/wp-json\/wp\/v2\/posts\/21964","targetHints":{"allow":["GET"]}}],"collection":[{"href":"https:\/\/news.save.ch\/de\/wp-json\/wp\/v2\/posts"}],"about":[{"href":"https:\/\/news.save.ch\/de\/wp-json\/wp\/v2\/types\/post"}],"author":[{"embeddable":true,"href":"https:\/\/news.save.ch\/de\/wp-json\/wp\/v2\/users\/8"}],"replies":[{"embeddable":true,"href":"https:\/\/news.save.ch\/de\/wp-json\/wp\/v2\/comments?post=21964"}],"version-history":[{"count":2,"href":"https:\/\/news.save.ch\/de\/wp-json\/wp\/v2\/posts\/21964\/revisions"}],"predecessor-version":[{"id":21968,"href":"https:\/\/news.save.ch\/de\/wp-json\/wp\/v2\/posts\/21964\/revisions\/21968"}],"wp:featuredmedia":[{"embeddable":true,"href":"https:\/\/news.save.ch\/de\/wp-json\/wp\/v2\/media\/21965"}],"wp:attachment":[{"href":"https:\/\/news.save.ch\/de\/wp-json\/wp\/v2\/media?parent=21964"}],"wp:term":[{"taxonomy":"category","embeddable":true,"href":"https:\/\/news.save.ch\/de\/wp-json\/wp\/v2\/categories?post=21964"},{"taxonomy":"post_tag","embeddable":true,"href":"https:\/\/news.save.ch\/de\/wp-json\/wp\/v2\/tags?post=21964"}],"curies":[{"name":"wp","href":"https:\/\/api.w.org\/{rel}","templated":true}]}}