{"id":21984,"date":"2023-09-07T05:00:28","date_gmt":"2023-09-07T03:00:28","guid":{"rendered":"https:\/\/news.save.ch\/?p=21984"},"modified":"2023-09-06T10:48:26","modified_gmt":"2023-09-06T08:48:26","slug":"elektronisches-patientendossier-einen-schritt-weiter","status":null,"type":"post","link":"https:\/\/news.save.ch\/de\/elektronisches-patientendossier-einen-schritt-weiter\/","title":{"rendered":"Digitale Krankenakte: \u00dcbergangsfinanzierung aufgegleist"},"content":{"rendered":"<figure id=\"attachment_21985\" aria-describedby=\"caption-attachment-21985\" style=\"width: 680px\" class=\"wp-caption aligncenter\"><img loading=\"lazy\" decoding=\"async\" class=\"size-medium wp-image-21985\" src=\"https:\/\/news.save.ch\/wp-content\/uploads\/2023\/09\/Patientendossier-680x532.jpg\" alt=\"EPD\" width=\"680\" height=\"532\" srcset=\"https:\/\/news.save.ch\/wp-content\/uploads\/2023\/09\/Patientendossier-680x532.jpg 680w, https:\/\/news.save.ch\/wp-content\/uploads\/2023\/09\/Patientendossier-15x12.jpg 15w, https:\/\/news.save.ch\/wp-content\/uploads\/2023\/09\/Patientendossier-375x293.jpg 375w, https:\/\/news.save.ch\/wp-content\/uploads\/2023\/09\/Patientendossier-448x350.jpg 448w, https:\/\/news.save.ch\/wp-content\/uploads\/2023\/09\/Patientendossier.jpg 702w\" sizes=\"auto, (max-width: 680px) 100vw, 680px\" \/><figcaption id=\"caption-attachment-21985\" class=\"wp-caption-text\">Quelle: www.patientendossier.ch<\/figcaption><\/figure>\n<p>Das <a href=\"http:\/\/www.patientendossier.ch\" target=\"_blank\" rel=\"noopener\">elektronische Patientendossier<\/a> (EPD) ist ein wichtiges Instrument der Gesundheitsversorgung. Gem\u00e4ss Bundesamt f\u00fcr Gesundheit (BAG) besteht mit dem EPD in der Schweiz erstmals eine einheitliche, vertrauensw\u00fcrdige Plattform f\u00fcr den Austausch wichtiger Gesundheitsinformationen. Alle behandlungsrelevanten Informationen k\u00f6nnen an einem Ort digital abgelegt und jederzeit von Zugriffsberechtigten abgerufen werden, so das BAG. Das verbessere die Qualit\u00e4t und die Sicherheit der medizinischen Behandlung. Um den Nutzen f\u00fcr die Patientinnen und Patienten und f\u00fcr die Gesundheitsfachpersonen weiter zu erh\u00f6hen, will der Bundesrat das EPD schrittweise weiterentwickeln sowie verbessern und hat dazu Ende Juni 2023 die Vernehmlassung f\u00fcr eine umfassende Revision der gesetzlichen Grundlage des EPD er\u00f6ffnet. Diese umfassende Gesetzesrevision wird mehrere Jahre in Anspruch nehmen, wie es heisst. Um die EPD-Verbreitung aber schon vorher voranzutreiben, sieht der Bundesrat mit einer separaten Vorlage eine \u00dcbergangsfinanzierung f\u00fcr die Stammgemeinschaften, also die EPD-Anbieter, vor.<\/p>\n<h3><b>\u00dcbergangsfinanzierung: voraussichtlich Ende 2024 in Kraft<\/b><\/h3>\n<p>Gem\u00e4ss BAG ist f\u00fcr die Stammgemeinschaften die Zeit bis zur Umsetzung der umfassenden Revision finanziell eine kritische Phase. Der Bundesrat will sie daher mit befristeten Finanzhilfen vom Bund unterst\u00fctzen und so die Verbreitung des EPD f\u00f6rdern. Der Bund kann pro er\u00f6ffnetes EPD einen Betrag von maximal 30 Franken sprechen, wie es in der Medienmitteilung heisst. Diese Finanzhilfen seien an eine Beteiligung in mindestens gleichem Umfang durch die Kantone gebunden. Um f\u00fcr die Stammgemeinschaften einen Anreiz f\u00fcr eine rasche Verbreitung des EPD zu schaffen, richte sich der Unterst\u00fctzungsbeitrag durch den Bund nach der Anzahl er\u00f6ffneter elektronischer Patientendossiers. Laut Medienmitteilung k\u00f6nnen die Stammgemeinschaften diese Finanzhilfen r\u00fcckwirkend f\u00fcr alle seit ihrer Inbetriebnahme er\u00f6ffneten EPD beantragen. F\u00fcr die Finanzhilfen des Bundes sei ein Zahlungsrahmen von 30 Millionen Franken vorgesehenen, unter Vorbehalt der Finanzsituation des Bundes. Die Vorlage gehe nun zur Beratung ins Parlament, sodass sie voraussichtlich Ende 2024 in Kraft treten k\u00f6nne.<\/p>\n<h3><b>Sicherheit hat oberste Priorit\u00e4t<\/b><\/h3>\n<p>Datenschutz und Datensicherheit m\u00fcssen beim EPD gew\u00e4hrleistet sein. Bereits heute gelten f\u00fcr das EPD die h\u00f6chsten Sicherheitsstandards, wie das BAG betont. Diese seien gesetzlich verankert und k\u00f6nnen daher auch rechtlich durchgesetzt werden. Der strenge Datenschutz und die Datensicherheit bleibe mit der Gesetzesrevision auf dem hohen Sicherheitsniveau garantiert.<\/p>\n<h3><b>Umfassende Revision in einem zweiten Schritt<\/b><\/h3>\n<p>Mit der im Juni 2023 in die Vernehmlassung geschickten umfassenden Revision des Gesetzes sollen u.a. die Aufgabenverteilung zwischen Bund und Kantonen und die Finanzierung des EPD gekl\u00e4rt werden. K\u00fcnftig solle der Bund die Weiterentwicklung des EPD inhaltlich koordinieren und finanzieren. Gem\u00e4ss BAG sollen die Kantone den Bestand mindestens einer Stammgemeinschaft auf ihrem Hoheitsgebiet sicherstellen und die Finanzierungsverantwortung f\u00fcr den Betrieb dieser Stammgemeinschaften \u00fcbernehmen.<\/p>\n<p>Der Entwurf zur umfassenden Gesetzesrevision sieht gem\u00e4ss Angaben vor, dass f\u00fcr alle Personen, die in der Schweiz wohnen und obligatorisch kranken- oder milit\u00e4rversichert sind, automatisch und kostenlos ein EPD er\u00f6ffnet wird. Jede und jeder entscheide anschliessend selbst, welche Gesundheitsfachpersonen auf das Dossier Zugriff h\u00e4tten. Wer kein EPD will, kann beim Kanton Widerspruch gegen die Er\u00f6ffnung einlegen, wie es abschliessend heisst.<\/p>\n<p><a href=\"http:\/\/www.bag.admin.ch\/bag\/de\/home\/strategie-und-politik\/nationale-gesundheitsstrategien\/strategie-ehealth-schweiz\/umsetzung-vollzug\/weiterentwicklung-epd.html\"><em>Weitere Informationen zum EPD hier<\/em><\/a><\/p>\n","protected":false},"excerpt":{"rendered":"<p>Das elektronische Patientendossier (EPD) ist ein wichtiges Instrument der Gesundheitsversorgung. Gem\u00e4ss Bundesamt f\u00fcr Gesundheit (BAG) besteht mit dem EPD in der Schweiz erstmals eine einheitliche, vertrauensw\u00fcrdige Plattform f\u00fcr den Austausch wichtiger Gesundheitsinformationen. Alle behandlungsrelevanten Informationen k\u00f6nnen an einem Ort digital abgelegt und jederzeit von Zugriffsberechtigten abgerufen werden, so das BAG. Das verbessere die Qualit\u00e4t und [&hellip;]<\/p>\n","protected":false},"author":8,"featured_media":21985,"comment_status":"closed","ping_status":"closed","sticky":false,"template":"","format":"standard","meta":{"_acf_changed":false,"pgc_sgb_lightbox_settings":"","footnotes":""},"categories":[1],"tags":[1964],"class_list":["post-21984","post","type-post","status-publish","format-standard","has-post-thumbnail","hentry","category-allgemein","tag-elektronisches-patientendossier"],"acf":[],"hkrextid":null,"publication":null,"issue":null,"workflow":null,"startPage":null,"spitzmarke":null,"_posts_by_tag_page_fields":null,"_at_widget":null,"_yoast_wpseo_primary_category":"","_yoast_wpseo_focuskw_text_input":null,"_yoast_wpseo_opengraph-image":null,"_yoast_wpseo_opengraph-description":null,"_yoast_wpseo_opengraph-title":null,"enclosure":null,"_yoast_wpseo_twitter-title":null,"_yoast_wpseo_twitter-description":null,"_yoast_wpseo_twitter-image":null,"_wp_old_slug":null,"_yoast_wpseo_title":null,"_yoast_wpseo_canonical":null,"yoast_head":"<!-- This site is optimized with the Yoast SEO plugin v27.5 - https:\/\/yoast.com\/product\/yoast-seo-wordpress\/ -->\n<title>Digitale Krankenakte: \u00dcbergangsfinanzierung aufgegleist - Save<\/title>\n<meta name=\"description\" content=\"Der Bundesrat will das E-Patientendossier weiterentwickeln und die Verbreitung vorantreiben. Das erfordert eine umfassende Gesetzesrevision.\" \/>\n<meta name=\"robots\" content=\"index, follow, max-snippet:-1, max-image-preview:large, max-video-preview:-1\" \/>\n<link rel=\"canonical\" href=\"https:\/\/news.save.ch\/de\/elektronisches-patientendossier-einen-schritt-weiter\/\" \/>\n<meta property=\"og:locale\" content=\"de_DE\" \/>\n<meta property=\"og:type\" content=\"article\" \/>\n<meta property=\"og:title\" content=\"Digitale Krankenakte: \u00dcbergangsfinanzierung aufgegleist - Save\" \/>\n<meta property=\"og:description\" content=\"Der Bundesrat will das E-Patientendossier weiterentwickeln und die Verbreitung vorantreiben. Das erfordert eine umfassende Gesetzesrevision.\" \/>\n<meta property=\"og:url\" content=\"https:\/\/news.save.ch\/de\/elektronisches-patientendossier-einen-schritt-weiter\/\" \/>\n<meta property=\"og:site_name\" content=\"Save\" \/>\n<meta property=\"article:published_time\" content=\"2023-09-07T03:00:28+00:00\" \/>\n<meta property=\"og:image\" content=\"https:\/\/news.save.ch\/wp-content\/uploads\/2023\/09\/Patientendossier.jpg\" \/>\n\t<meta property=\"og:image:width\" content=\"702\" \/>\n\t<meta property=\"og:image:height\" content=\"549\" \/>\n\t<meta property=\"og:image:type\" content=\"image\/jpeg\" \/>\n<meta name=\"author\" content=\"Roger Str\u00e4ssle\" \/>\n<meta name=\"twitter:card\" content=\"summary_large_image\" \/>\n<meta name=\"twitter:label1\" content=\"Geschrieben von\" \/>\n\t<meta name=\"twitter:data1\" content=\"Roger Str\u00e4ssle\" \/>\n\t<meta name=\"twitter:label2\" content=\"Gesch\u00e4tzte Lesezeit\" \/>\n\t<meta name=\"twitter:data2\" content=\"3\u00a0Minuten\" \/>\n<script type=\"application\/ld+json\" class=\"yoast-schema-graph\">{\"@context\":\"https:\\\/\\\/schema.org\",\"@graph\":[{\"@type\":\"Article\",\"@id\":\"https:\\\/\\\/news.save.ch\\\/elektronisches-patientendossier-einen-schritt-weiter\\\/#article\",\"isPartOf\":{\"@id\":\"https:\\\/\\\/news.save.ch\\\/elektronisches-patientendossier-einen-schritt-weiter\\\/\"},\"author\":{\"name\":\"Roger Str\u00e4ssle\",\"@id\":\"https:\\\/\\\/news.save.ch\\\/de\\\/#\\\/schema\\\/person\\\/d5022db048e0e2b9785c50e5b24da5aa\"},\"headline\":\"Digitale Krankenakte: \u00dcbergangsfinanzierung aufgegleist\",\"datePublished\":\"2023-09-07T03:00:28+00:00\",\"mainEntityOfPage\":{\"@id\":\"https:\\\/\\\/news.save.ch\\\/elektronisches-patientendossier-einen-schritt-weiter\\\/\"},\"wordCount\":529,\"publisher\":{\"@id\":\"https:\\\/\\\/news.save.ch\\\/de\\\/#organization\"},\"image\":{\"@id\":\"https:\\\/\\\/news.save.ch\\\/elektronisches-patientendossier-einen-schritt-weiter\\\/#primaryimage\"},\"thumbnailUrl\":\"https:\\\/\\\/news.save.ch\\\/wp-content\\\/uploads\\\/2023\\\/09\\\/Patientendossier.jpg\",\"keywords\":[\"Elektronisches Patientendossier\"],\"articleSection\":[\"ALLGEMEIN\"],\"inLanguage\":\"de\"},{\"@type\":\"WebPage\",\"@id\":\"https:\\\/\\\/news.save.ch\\\/elektronisches-patientendossier-einen-schritt-weiter\\\/\",\"url\":\"https:\\\/\\\/news.save.ch\\\/elektronisches-patientendossier-einen-schritt-weiter\\\/\",\"name\":\"Digitale Krankenakte: \u00dcbergangsfinanzierung aufgegleist - Save\",\"isPartOf\":{\"@id\":\"https:\\\/\\\/news.save.ch\\\/de\\\/#website\"},\"primaryImageOfPage\":{\"@id\":\"https:\\\/\\\/news.save.ch\\\/elektronisches-patientendossier-einen-schritt-weiter\\\/#primaryimage\"},\"image\":{\"@id\":\"https:\\\/\\\/news.save.ch\\\/elektronisches-patientendossier-einen-schritt-weiter\\\/#primaryimage\"},\"thumbnailUrl\":\"https:\\\/\\\/news.save.ch\\\/wp-content\\\/uploads\\\/2023\\\/09\\\/Patientendossier.jpg\",\"datePublished\":\"2023-09-07T03:00:28+00:00\",\"description\":\"Der Bundesrat will das E-Patientendossier weiterentwickeln und die Verbreitung vorantreiben. Das erfordert eine umfassende Gesetzesrevision.\",\"breadcrumb\":{\"@id\":\"https:\\\/\\\/news.save.ch\\\/elektronisches-patientendossier-einen-schritt-weiter\\\/#breadcrumb\"},\"inLanguage\":\"de\",\"potentialAction\":[{\"@type\":\"ReadAction\",\"target\":[\"https:\\\/\\\/news.save.ch\\\/elektronisches-patientendossier-einen-schritt-weiter\\\/\"]}]},{\"@type\":\"ImageObject\",\"inLanguage\":\"de\",\"@id\":\"https:\\\/\\\/news.save.ch\\\/elektronisches-patientendossier-einen-schritt-weiter\\\/#primaryimage\",\"url\":\"https:\\\/\\\/news.save.ch\\\/wp-content\\\/uploads\\\/2023\\\/09\\\/Patientendossier.jpg\",\"contentUrl\":\"https:\\\/\\\/news.save.ch\\\/wp-content\\\/uploads\\\/2023\\\/09\\\/Patientendossier.jpg\",\"width\":702,\"height\":549,\"caption\":\"Quelle: www.patientendossier.ch\"},{\"@type\":\"BreadcrumbList\",\"@id\":\"https:\\\/\\\/news.save.ch\\\/elektronisches-patientendossier-einen-schritt-weiter\\\/#breadcrumb\",\"itemListElement\":[{\"@type\":\"ListItem\",\"position\":1,\"name\":\"Home\",\"item\":\"https:\\\/\\\/news.save.ch\\\/de\\\/\"},{\"@type\":\"ListItem\",\"position\":2,\"name\":\"Digitale Krankenakte: \u00dcbergangsfinanzierung aufgegleist\"}]},{\"@type\":\"WebSite\",\"@id\":\"https:\\\/\\\/news.save.ch\\\/de\\\/#website\",\"url\":\"https:\\\/\\\/news.save.ch\\\/de\\\/\",\"name\":\"Save\",\"description\":\"Schweizer Fachzeitschrift f\u00fcr Sicherheit\",\"publisher\":{\"@id\":\"https:\\\/\\\/news.save.ch\\\/de\\\/#organization\"},\"potentialAction\":[{\"@type\":\"SearchAction\",\"target\":{\"@type\":\"EntryPoint\",\"urlTemplate\":\"https:\\\/\\\/news.save.ch\\\/de\\\/?s={search_term_string}\"},\"query-input\":{\"@type\":\"PropertyValueSpecification\",\"valueRequired\":true,\"valueName\":\"search_term_string\"}}],\"inLanguage\":\"de\"},{\"@type\":\"Organization\",\"@id\":\"https:\\\/\\\/news.save.ch\\\/de\\\/#organization\",\"name\":\"Sicherheitsforum\",\"url\":\"https:\\\/\\\/news.save.ch\\\/de\\\/\",\"logo\":{\"@type\":\"ImageObject\",\"inLanguage\":\"de\",\"@id\":\"https:\\\/\\\/news.save.ch\\\/de\\\/#\\\/schema\\\/logo\\\/image\\\/\",\"url\":\"https:\\\/\\\/news.save.ch\\\/wp-content\\\/uploads\\\/2022\\\/06\\\/Logo_SF_2012.png\",\"contentUrl\":\"https:\\\/\\\/news.save.ch\\\/wp-content\\\/uploads\\\/2022\\\/06\\\/Logo_SF_2012.png\",\"width\":1100,\"height\":91,\"caption\":\"Sicherheitsforum\"},\"image\":{\"@id\":\"https:\\\/\\\/news.save.ch\\\/de\\\/#\\\/schema\\\/logo\\\/image\\\/\"}},{\"@type\":\"Person\",\"@id\":\"https:\\\/\\\/news.save.ch\\\/de\\\/#\\\/schema\\\/person\\\/d5022db048e0e2b9785c50e5b24da5aa\",\"name\":\"Roger Str\u00e4ssle\",\"image\":{\"@type\":\"ImageObject\",\"inLanguage\":\"de\",\"@id\":\"https:\\\/\\\/secure.gravatar.com\\\/avatar\\\/862a5569d087de48e5856e32f45d719a03804c891d6deb8d4f71a660e79e4a47?s=96&d=mm&r=g\",\"url\":\"https:\\\/\\\/secure.gravatar.com\\\/avatar\\\/862a5569d087de48e5856e32f45d719a03804c891d6deb8d4f71a660e79e4a47?s=96&d=mm&r=g\",\"contentUrl\":\"https:\\\/\\\/secure.gravatar.com\\\/avatar\\\/862a5569d087de48e5856e32f45d719a03804c891d6deb8d4f71a660e79e4a47?s=96&d=mm&r=g\",\"caption\":\"Roger Str\u00e4ssle\"},\"url\":\"https:\\\/\\\/news.save.ch\\\/de\\\/author\\\/roger-straessle\\\/\"}]}<\/script>\n<!-- \/ Yoast SEO plugin. -->","yoast_head_json":{"title":"Digitale Krankenakte: \u00dcbergangsfinanzierung aufgegleist - Save","description":"Der Bundesrat will das E-Patientendossier weiterentwickeln und die Verbreitung vorantreiben. Das erfordert eine umfassende Gesetzesrevision.","robots":{"index":"index","follow":"follow","max-snippet":"max-snippet:-1","max-image-preview":"max-image-preview:large","max-video-preview":"max-video-preview:-1"},"canonical":"https:\/\/news.save.ch\/de\/elektronisches-patientendossier-einen-schritt-weiter\/","og_locale":"de_DE","og_type":"article","og_title":"Digitale Krankenakte: \u00dcbergangsfinanzierung aufgegleist - Save","og_description":"Der Bundesrat will das E-Patientendossier weiterentwickeln und die Verbreitung vorantreiben. Das erfordert eine umfassende Gesetzesrevision.","og_url":"https:\/\/news.save.ch\/de\/elektronisches-patientendossier-einen-schritt-weiter\/","og_site_name":"Save","article_published_time":"2023-09-07T03:00:28+00:00","og_image":[{"width":702,"height":549,"url":"https:\/\/news.save.ch\/wp-content\/uploads\/2023\/09\/Patientendossier.jpg","type":"image\/jpeg"}],"author":"Roger Str\u00e4ssle","twitter_card":"summary_large_image","twitter_misc":{"Geschrieben von":"Roger Str\u00e4ssle","Gesch\u00e4tzte Lesezeit":"3\u00a0Minuten"},"schema":{"@context":"https:\/\/schema.org","@graph":[{"@type":"Article","@id":"https:\/\/news.save.ch\/elektronisches-patientendossier-einen-schritt-weiter\/#article","isPartOf":{"@id":"https:\/\/news.save.ch\/elektronisches-patientendossier-einen-schritt-weiter\/"},"author":{"name":"Roger Str\u00e4ssle","@id":"https:\/\/news.save.ch\/de\/#\/schema\/person\/d5022db048e0e2b9785c50e5b24da5aa"},"headline":"Digitale Krankenakte: \u00dcbergangsfinanzierung aufgegleist","datePublished":"2023-09-07T03:00:28+00:00","mainEntityOfPage":{"@id":"https:\/\/news.save.ch\/elektronisches-patientendossier-einen-schritt-weiter\/"},"wordCount":529,"publisher":{"@id":"https:\/\/news.save.ch\/de\/#organization"},"image":{"@id":"https:\/\/news.save.ch\/elektronisches-patientendossier-einen-schritt-weiter\/#primaryimage"},"thumbnailUrl":"https:\/\/news.save.ch\/wp-content\/uploads\/2023\/09\/Patientendossier.jpg","keywords":["Elektronisches Patientendossier"],"articleSection":["ALLGEMEIN"],"inLanguage":"de"},{"@type":"WebPage","@id":"https:\/\/news.save.ch\/elektronisches-patientendossier-einen-schritt-weiter\/","url":"https:\/\/news.save.ch\/elektronisches-patientendossier-einen-schritt-weiter\/","name":"Digitale Krankenakte: \u00dcbergangsfinanzierung aufgegleist - Save","isPartOf":{"@id":"https:\/\/news.save.ch\/de\/#website"},"primaryImageOfPage":{"@id":"https:\/\/news.save.ch\/elektronisches-patientendossier-einen-schritt-weiter\/#primaryimage"},"image":{"@id":"https:\/\/news.save.ch\/elektronisches-patientendossier-einen-schritt-weiter\/#primaryimage"},"thumbnailUrl":"https:\/\/news.save.ch\/wp-content\/uploads\/2023\/09\/Patientendossier.jpg","datePublished":"2023-09-07T03:00:28+00:00","description":"Der Bundesrat will das E-Patientendossier weiterentwickeln und die Verbreitung vorantreiben. Das erfordert eine umfassende Gesetzesrevision.","breadcrumb":{"@id":"https:\/\/news.save.ch\/elektronisches-patientendossier-einen-schritt-weiter\/#breadcrumb"},"inLanguage":"de","potentialAction":[{"@type":"ReadAction","target":["https:\/\/news.save.ch\/elektronisches-patientendossier-einen-schritt-weiter\/"]}]},{"@type":"ImageObject","inLanguage":"de","@id":"https:\/\/news.save.ch\/elektronisches-patientendossier-einen-schritt-weiter\/#primaryimage","url":"https:\/\/news.save.ch\/wp-content\/uploads\/2023\/09\/Patientendossier.jpg","contentUrl":"https:\/\/news.save.ch\/wp-content\/uploads\/2023\/09\/Patientendossier.jpg","width":702,"height":549,"caption":"Quelle: www.patientendossier.ch"},{"@type":"BreadcrumbList","@id":"https:\/\/news.save.ch\/elektronisches-patientendossier-einen-schritt-weiter\/#breadcrumb","itemListElement":[{"@type":"ListItem","position":1,"name":"Home","item":"https:\/\/news.save.ch\/de\/"},{"@type":"ListItem","position":2,"name":"Digitale Krankenakte: \u00dcbergangsfinanzierung aufgegleist"}]},{"@type":"WebSite","@id":"https:\/\/news.save.ch\/de\/#website","url":"https:\/\/news.save.ch\/de\/","name":"Save","description":"Schweizer Fachzeitschrift f\u00fcr Sicherheit","publisher":{"@id":"https:\/\/news.save.ch\/de\/#organization"},"potentialAction":[{"@type":"SearchAction","target":{"@type":"EntryPoint","urlTemplate":"https:\/\/news.save.ch\/de\/?s={search_term_string}"},"query-input":{"@type":"PropertyValueSpecification","valueRequired":true,"valueName":"search_term_string"}}],"inLanguage":"de"},{"@type":"Organization","@id":"https:\/\/news.save.ch\/de\/#organization","name":"Sicherheitsforum","url":"https:\/\/news.save.ch\/de\/","logo":{"@type":"ImageObject","inLanguage":"de","@id":"https:\/\/news.save.ch\/de\/#\/schema\/logo\/image\/","url":"https:\/\/news.save.ch\/wp-content\/uploads\/2022\/06\/Logo_SF_2012.png","contentUrl":"https:\/\/news.save.ch\/wp-content\/uploads\/2022\/06\/Logo_SF_2012.png","width":1100,"height":91,"caption":"Sicherheitsforum"},"image":{"@id":"https:\/\/news.save.ch\/de\/#\/schema\/logo\/image\/"}},{"@type":"Person","@id":"https:\/\/news.save.ch\/de\/#\/schema\/person\/d5022db048e0e2b9785c50e5b24da5aa","name":"Roger Str\u00e4ssle","image":{"@type":"ImageObject","inLanguage":"de","@id":"https:\/\/secure.gravatar.com\/avatar\/862a5569d087de48e5856e32f45d719a03804c891d6deb8d4f71a660e79e4a47?s=96&d=mm&r=g","url":"https:\/\/secure.gravatar.com\/avatar\/862a5569d087de48e5856e32f45d719a03804c891d6deb8d4f71a660e79e4a47?s=96&d=mm&r=g","contentUrl":"https:\/\/secure.gravatar.com\/avatar\/862a5569d087de48e5856e32f45d719a03804c891d6deb8d4f71a660e79e4a47?s=96&d=mm&r=g","caption":"Roger Str\u00e4ssle"},"url":"https:\/\/news.save.ch\/de\/author\/roger-straessle\/"}]}},"_links":{"self":[{"href":"https:\/\/news.save.ch\/de\/wp-json\/wp\/v2\/posts\/21984","targetHints":{"allow":["GET"]}}],"collection":[{"href":"https:\/\/news.save.ch\/de\/wp-json\/wp\/v2\/posts"}],"about":[{"href":"https:\/\/news.save.ch\/de\/wp-json\/wp\/v2\/types\/post"}],"author":[{"embeddable":true,"href":"https:\/\/news.save.ch\/de\/wp-json\/wp\/v2\/users\/8"}],"replies":[{"embeddable":true,"href":"https:\/\/news.save.ch\/de\/wp-json\/wp\/v2\/comments?post=21984"}],"version-history":[{"count":4,"href":"https:\/\/news.save.ch\/de\/wp-json\/wp\/v2\/posts\/21984\/revisions"}],"predecessor-version":[{"id":21987,"href":"https:\/\/news.save.ch\/de\/wp-json\/wp\/v2\/posts\/21984\/revisions\/21987"}],"wp:featuredmedia":[{"embeddable":true,"href":"https:\/\/news.save.ch\/de\/wp-json\/wp\/v2\/media\/21985"}],"wp:attachment":[{"href":"https:\/\/news.save.ch\/de\/wp-json\/wp\/v2\/media?parent=21984"}],"wp:term":[{"taxonomy":"category","embeddable":true,"href":"https:\/\/news.save.ch\/de\/wp-json\/wp\/v2\/categories?post=21984"},{"taxonomy":"post_tag","embeddable":true,"href":"https:\/\/news.save.ch\/de\/wp-json\/wp\/v2\/tags?post=21984"}],"curies":[{"name":"wp","href":"https:\/\/api.w.org\/{rel}","templated":true}]}}